{"id":412438,"date":"2026-03-16T15:46:00","date_gmt":"2026-03-16T18:46:00","guid":{"rendered":"https:\/\/portaltela.pt\/noticias\/2026\/03\/16\/enfermeira-agredida-por-grupo-familiar-nas-urgencias-relata-terror-em-tribunal\/"},"modified":"2026-03-16T15:46:00","modified_gmt":"2026-03-16T18:46:00","slug":"enfermeira-agredida-por-grupo-familiar-nas-urgencias-relata-terror-em-tribunal","status":"publish","type":"post","link":"https:\/\/portaltela.pt\/justica\/2026\/03\/16\/enfermeira-agredida-por-grupo-familiar-nas-urgencias-relata-terror-em-tribunal\/","title":{"rendered":"Enfermeira agredida por grupo familiar nas urg\u00eancias relata terror em tribunal"},"content":{"rendered":"<p>O incidente ocorreu na madrugada de 22 de fevereiro de 2022, nas urg\u00eancias do hospital de S. Martinho de Famalic\u00e3o. Uma enfermeira foi alvo de agress\u00f5es enquanto estava na triagem, com bofetadas, pux\u00f5es de cabelo e investidas com uma barra de ferro de suportar o soro. O ataque levou \u00e0 interven\u00e7\u00e3o de outros profissionais de sa\u00fade presentes na altura.<\/p>\n<p>Maria Virg\u00ednia, a enfermeira agredida, descreveu o momento como de extremo medo, durante a audi\u00eancia realizada no Tribunal de Famalic\u00e3o. O caso envolve doze arguidos, divididos entre tr\u00eas mulheres e nove homens, acusados de agress\u00f5es a Virg\u00ednia, a outro enfermeiro e ao vigilante de servi\u00e7o naquela noite.<\/p>\n<h3>Detalhes do caso<\/h3>\n<p>O julgamento coloca em tribunal os intervenientes da invas\u00e3o ao servi\u00e7o de urg\u00eancia, ocorrida na citada madrugada. Al\u00e9m das agress\u00f5es, as autoridades investigam poss\u00edveis danos ocorridos durante o incidente e a conduta dos intervenientes naquela noite de servi\u00e7o no hospital. As acusa\u00e7\u00f5es s\u00e3o tratadas com base em investiga\u00e7\u00f5es em curso pelas autoridades competentes.<\/p>\n","protected":false},"excerpt":{"rendered":"<ul>\n<li>Na madrugada de 22 de fevereiro de 2022, uma enfermeira foi agredida na triagem das urg\u00eancias do hospital de Famalic\u00e3o.<\/li>\n<li>Maria Virg\u00ednia, enfermeira, sofreu bofetadas, pux\u00f5es de cabelo e chegou a ter o cabelo arrancado durante as agress\u00f5es.<\/li>\n<li>As agress\u00f5es envolveram ainda a barra de ferro de suportar o soro, usadas contra a enfermeira e contra outros profissionais de sa\u00fade.<\/li>\n<li>O ataque ocorreu num grupo familiar que ficou no local, e o incidente integrou o in\u00edcio do julgamento no Tribunal de Famalic\u00e3o.<\/li>\n<li>Doze indiv\u00edduos est\u00e3o acusados pelas agress\u00f5es a Virg\u00ednia, a outro enfermeiro e ao vigilante de servi\u00e7o nessa noite (tr\u00eas mulheres e nove homens).<\/li>\n<\/ul>\n","protected":false},"author":2,"featured_media":412442,"comment_status":"closed","ping_status":"closed","sticky":false,"template":"","format":"standard","meta":{"footnotes":""},"categories":[6907,6815],"tags":[2079,4662,4308,52,1899,939],"class_list":["post-412438","post","type-post","status-publish","format-standard","has-post-thumbnail","hentry","category-crime","category-justica","tag-agressoes","tag-audiencias","tag-enfermeiros","tag-tribunal","tag-urgencias","tag-violencia"],"yoast_head":"<!-- This site is optimized with the Yoast SEO plugin v27.2 - https:\/\/yoast.com\/product\/yoast-seo-wordpress\/ -->\n<title>Enfermeira agredida por grupo familiar nas urg\u00eancias relata terror em tribunal - Portal Tela Portugal<\/title>\n<meta name=\"robots\" content=\"index, follow, max-snippet:-1, max-image-preview:large, max-video-preview:-1\" \/>\n<meta property=\"og:locale\" content=\"pt_PT\" \/>\n<meta property=\"og:type\" content=\"article\" \/>\n<meta property=\"og:title\" content=\"Enfermeira agredida por grupo familiar nas urg\u00eancias relata terror em tribunal - Portal Tela Portugal\" \/>\n<meta property=\"og:description\" content=\"Na madrugada de 22 de fevereiro de 2022, uma enfermeira foi agredida na triagem das urg\u00eancias do hospital de Famalic\u00e3o. Maria Virg\u00ednia, enfermeira, sofreu bofetadas, pux\u00f5es de cabelo e chegou a ter o cabelo arrancado durante as agress\u00f5es. As agress\u00f5es envolveram ainda a barra de ferro de suportar o soro, usadas contra a enfermeira e contra outros profissionais de sa\u00fade. O ataque ocorreu num grupo familiar que ficou no local, e o incidente integrou o in\u00edcio do julgamento no Tribunal de Famalic\u00e3o. Doze indiv\u00edduos est\u00e3o acusados pelas agress\u00f5es a Virg\u00ednia, a outro enfermeiro e ao vigilante de servi\u00e7o nessa noite (tr\u00eas mulheres e nove homens).\" \/>\n<meta property=\"og:url\" content=\"https:\/\/portaltela.pt\/noticias\/2026\/03\/16\/enfermeira-agredida-por-grupo-familiar-nas-urgencias-relata-terror-em-tribunal\/\" \/>\n<meta property=\"og:site_name\" content=\"Portal Tela Portugal\" \/>\n<meta property=\"article:published_time\" content=\"2026-03-16T18:46:00+00:00\" \/>\n<meta name=\"author\" content=\"Telinha\" \/>\n<meta name=\"twitter:card\" content=\"summary_large_image\" \/>\n<meta name=\"twitter:label1\" content=\"Escrito por\" \/>\n\t<meta name=\"twitter:data1\" content=\"Telinha\" \/>\n\t<meta name=\"twitter:label2\" content=\"Tempo estimado de leitura\" \/>\n\t<meta name=\"twitter:data2\" content=\"1 minuto\" \/>\n<script type=\"application\/ld+json\" class=\"yoast-schema-graph\">{\"@context\":\"https:\/\/schema.org\",\"@graph\":[{\"@type\":\"Article\",\"@id\":\"https:\/\/portaltela.pt\/noticias\/2026\/03\/16\/enfermeira-agredida-por-grupo-familiar-nas-urgencias-relata-terror-em-tribunal\/#article\",\"isPartOf\":{\"@id\":\"https:\/\/portaltela.pt\/noticias\/2026\/03\/16\/enfermeira-agredida-por-grupo-familiar-nas-urgencias-relata-terror-em-tribunal\/\"},\"author\":{\"name\":\"Telinha\",\"@id\":\"https:\/\/portaltela.pt\/#\/schema\/person\/c4278d4a6028830caff9ee44b42d32ed\"},\"headline\":\"Enfermeira agredida por grupo familiar nas urg\u00eancias relata terror em tribunal\",\"datePublished\":\"2026-03-16T18:46:00+00:00\",\"mainEntityOfPage\":{\"@id\":\"https:\/\/portaltela.pt\/noticias\/2026\/03\/16\/enfermeira-agredida-por-grupo-familiar-nas-urgencias-relata-terror-em-tribunal\/\"},\"wordCount\":194,\"image\":{\"@id\":\"https:\/\/portaltela.pt\/noticias\/2026\/03\/16\/enfermeira-agredida-por-grupo-familiar-nas-urgencias-relata-terror-em-tribunal\/#primaryimage\"},\"thumbnailUrl\":\"https:\/\/portaltela.pt\/s.01k8rhncp4jt1\/2026\/03\/image-1077.jpg\",\"keywords\":[\"agress\u00f5es\",\"audi\u00eancias\",\"enfermeiros\",\"tribunal\",\"urg\u00eancias\",\"viol\u00eancia\"],\"articleSection\":[\"Crime\",\"Justi\u00e7a\"],\"inLanguage\":\"pt-PT\"},{\"@type\":\"WebPage\",\"@id\":\"https:\/\/portaltela.pt\/noticias\/2026\/03\/16\/enfermeira-agredida-por-grupo-familiar-nas-urgencias-relata-terror-em-tribunal\/\",\"url\":\"https:\/\/portaltela.pt\/noticias\/2026\/03\/16\/enfermeira-agredida-por-grupo-familiar-nas-urgencias-relata-terror-em-tribunal\/\",\"name\":\"Enfermeira agredida por grupo familiar nas urg\u00eancias relata terror em tribunal - Portal Tela Portugal\",\"isPartOf\":{\"@id\":\"https:\/\/portaltela.pt\/#website\"},\"primaryImageOfPage\":{\"@id\":\"https:\/\/portaltela.pt\/noticias\/2026\/03\/16\/enfermeira-agredida-por-grupo-familiar-nas-urgencias-relata-terror-em-tribunal\/#primaryimage\"},\"image\":{\"@id\":\"https:\/\/portaltela.pt\/noticias\/2026\/03\/16\/enfermeira-agredida-por-grupo-familiar-nas-urgencias-relata-terror-em-tribunal\/#primaryimage\"},\"thumbnailUrl\":\"https:\/\/portaltela.pt\/s.01k8rhncp4jt1\/2026\/03\/image-1077.jpg\",\"datePublished\":\"2026-03-16T18:46:00+00:00\",\"author\":{\"@id\":\"https:\/\/portaltela.pt\/#\/schema\/person\/c4278d4a6028830caff9ee44b42d32ed\"},\"breadcrumb\":{\"@id\":\"https:\/\/portaltela.pt\/noticias\/2026\/03\/16\/enfermeira-agredida-por-grupo-familiar-nas-urgencias-relata-terror-em-tribunal\/#breadcrumb\"},\"inLanguage\":\"pt-PT\",\"potentialAction\":[{\"@type\":\"ReadAction\",\"target\":[\"https:\/\/portaltela.pt\/noticias\/2026\/03\/16\/enfermeira-agredida-por-grupo-familiar-nas-urgencias-relata-terror-em-tribunal\/\"]}]},{\"@type\":\"ImageObject\",\"inLanguage\":\"pt-PT\",\"@id\":\"https:\/\/portaltela.pt\/noticias\/2026\/03\/16\/enfermeira-agredida-por-grupo-familiar-nas-urgencias-relata-terror-em-tribunal\/#primaryimage\",\"url\":\"https:\/\/portaltela.pt\/s.01k8rhncp4jt1\/2026\/03\/image-1077.jpg\",\"contentUrl\":\"https:\/\/portaltela.pt\/s.01k8rhncp4jt1\/2026\/03\/image-1077.jpg\",\"width\":796,\"height\":448,\"caption\":\"Arguidos est\u00e3o a ser julgados no Tribunal de Famalic\u00e3o Foto: Gon\u00e7alo Delgado\/Arquivo\"},{\"@type\":\"BreadcrumbList\",\"@id\":\"https:\/\/portaltela.pt\/noticias\/2026\/03\/16\/enfermeira-agredida-por-grupo-familiar-nas-urgencias-relata-terror-em-tribunal\/#breadcrumb\",\"itemListElement\":[{\"@type\":\"ListItem\",\"position\":1,\"name\":\"In\u00edcio\",\"item\":\"https:\/\/portaltela.pt\/\"},{\"@type\":\"ListItem\",\"position\":2,\"name\":\"Enfermeira agredida por grupo familiar nas urg\u00eancias relata terror em tribunal\"}]},{\"@type\":\"WebSite\",\"@id\":\"https:\/\/portaltela.pt\/#website\",\"url\":\"https:\/\/portaltela.pt\/\",\"name\":\"Portal Tela Portugal\",\"description\":\"\",\"potentialAction\":[{\"@type\":\"SearchAction\",\"target\":{\"@type\":\"EntryPoint\",\"urlTemplate\":\"https:\/\/portaltela.pt\/?s={search_term_string}\"},\"query-input\":{\"@type\":\"PropertyValueSpecification\",\"valueRequired\":true,\"valueName\":\"search_term_string\"}}],\"inLanguage\":\"pt-PT\"},{\"@type\":\"Person\",\"@id\":\"https:\/\/portaltela.pt\/#\/schema\/person\/c4278d4a6028830caff9ee44b42d32ed\",\"name\":\"Telinha\",\"image\":{\"@type\":\"ImageObject\",\"inLanguage\":\"pt-PT\",\"@id\":\"https:\/\/portaltela.pt\/s.01k8rhncp4jt1\/2025\/11\/talking-bot-125x125.png\",\"url\":\"https:\/\/portaltela.pt\/s.01k8rhncp4jt1\/2025\/11\/talking-bot-125x125.png\",\"contentUrl\":\"https:\/\/portaltela.pt\/s.01k8rhncp4jt1\/2025\/11\/talking-bot-125x125.png\",\"caption\":\"Telinha\"},\"sameAs\":[\"https:\/\/portaltela.pt\/\"],\"url\":\"https:\/\/portaltela.pt\/por\/367410592786\/\"}]}<\/script>\n<!-- \/ Yoast SEO plugin. -->","yoast_head_json":{"title":"Enfermeira agredida por grupo familiar nas urg\u00eancias relata terror em tribunal - Portal Tela Portugal","robots":{"index":"index","follow":"follow","max-snippet":"max-snippet:-1","max-image-preview":"max-image-preview:large","max-video-preview":"max-video-preview:-1"},"og_locale":"pt_PT","og_type":"article","og_title":"Enfermeira agredida por grupo familiar nas urg\u00eancias relata terror em tribunal - Portal Tela Portugal","og_description":"Na madrugada de 22 de fevereiro de 2022, uma enfermeira foi agredida na triagem das urg\u00eancias do hospital de Famalic\u00e3o. Maria Virg\u00ednia, enfermeira, sofreu bofetadas, pux\u00f5es de cabelo e chegou a ter o cabelo arrancado durante as agress\u00f5es. As agress\u00f5es envolveram ainda a barra de ferro de suportar o soro, usadas contra a enfermeira e contra outros profissionais de sa\u00fade. O ataque ocorreu num grupo familiar que ficou no local, e o incidente integrou o in\u00edcio do julgamento no Tribunal de Famalic\u00e3o. Doze indiv\u00edduos est\u00e3o acusados pelas agress\u00f5es a Virg\u00ednia, a outro enfermeiro e ao vigilante de servi\u00e7o nessa noite (tr\u00eas mulheres e nove homens).","og_url":"https:\/\/portaltela.pt\/noticias\/2026\/03\/16\/enfermeira-agredida-por-grupo-familiar-nas-urgencias-relata-terror-em-tribunal\/","og_site_name":"Portal Tela Portugal","article_published_time":"2026-03-16T18:46:00+00:00","author":"Telinha","twitter_card":"summary_large_image","twitter_misc":{"Escrito por":"Telinha","Tempo estimado de leitura":"1 minuto"},"schema":{"@context":"https:\/\/schema.org","@graph":[{"@type":"Article","@id":"https:\/\/portaltela.pt\/noticias\/2026\/03\/16\/enfermeira-agredida-por-grupo-familiar-nas-urgencias-relata-terror-em-tribunal\/#article","isPartOf":{"@id":"https:\/\/portaltela.pt\/noticias\/2026\/03\/16\/enfermeira-agredida-por-grupo-familiar-nas-urgencias-relata-terror-em-tribunal\/"},"author":{"name":"Telinha","@id":"https:\/\/portaltela.pt\/#\/schema\/person\/c4278d4a6028830caff9ee44b42d32ed"},"headline":"Enfermeira agredida por grupo familiar nas urg\u00eancias relata terror em tribunal","datePublished":"2026-03-16T18:46:00+00:00","mainEntityOfPage":{"@id":"https:\/\/portaltela.pt\/noticias\/2026\/03\/16\/enfermeira-agredida-por-grupo-familiar-nas-urgencias-relata-terror-em-tribunal\/"},"wordCount":194,"image":{"@id":"https:\/\/portaltela.pt\/noticias\/2026\/03\/16\/enfermeira-agredida-por-grupo-familiar-nas-urgencias-relata-terror-em-tribunal\/#primaryimage"},"thumbnailUrl":"https:\/\/portaltela.pt\/s.01k8rhncp4jt1\/2026\/03\/image-1077.jpg","keywords":["agress\u00f5es","audi\u00eancias","enfermeiros","tribunal","urg\u00eancias","viol\u00eancia"],"articleSection":["Crime","Justi\u00e7a"],"inLanguage":"pt-PT"},{"@type":"WebPage","@id":"https:\/\/portaltela.pt\/noticias\/2026\/03\/16\/enfermeira-agredida-por-grupo-familiar-nas-urgencias-relata-terror-em-tribunal\/","url":"https:\/\/portaltela.pt\/noticias\/2026\/03\/16\/enfermeira-agredida-por-grupo-familiar-nas-urgencias-relata-terror-em-tribunal\/","name":"Enfermeira agredida por grupo familiar nas urg\u00eancias relata terror em tribunal - Portal Tela Portugal","isPartOf":{"@id":"https:\/\/portaltela.pt\/#website"},"primaryImageOfPage":{"@id":"https:\/\/portaltela.pt\/noticias\/2026\/03\/16\/enfermeira-agredida-por-grupo-familiar-nas-urgencias-relata-terror-em-tribunal\/#primaryimage"},"image":{"@id":"https:\/\/portaltela.pt\/noticias\/2026\/03\/16\/enfermeira-agredida-por-grupo-familiar-nas-urgencias-relata-terror-em-tribunal\/#primaryimage"},"thumbnailUrl":"https:\/\/portaltela.pt\/s.01k8rhncp4jt1\/2026\/03\/image-1077.jpg","datePublished":"2026-03-16T18:46:00+00:00","author":{"@id":"https:\/\/portaltela.pt\/#\/schema\/person\/c4278d4a6028830caff9ee44b42d32ed"},"breadcrumb":{"@id":"https:\/\/portaltela.pt\/noticias\/2026\/03\/16\/enfermeira-agredida-por-grupo-familiar-nas-urgencias-relata-terror-em-tribunal\/#breadcrumb"},"inLanguage":"pt-PT","potentialAction":[{"@type":"ReadAction","target":["https:\/\/portaltela.pt\/noticias\/2026\/03\/16\/enfermeira-agredida-por-grupo-familiar-nas-urgencias-relata-terror-em-tribunal\/"]}]},{"@type":"ImageObject","inLanguage":"pt-PT","@id":"https:\/\/portaltela.pt\/noticias\/2026\/03\/16\/enfermeira-agredida-por-grupo-familiar-nas-urgencias-relata-terror-em-tribunal\/#primaryimage","url":"https:\/\/portaltela.pt\/s.01k8rhncp4jt1\/2026\/03\/image-1077.jpg","contentUrl":"https:\/\/portaltela.pt\/s.01k8rhncp4jt1\/2026\/03\/image-1077.jpg","width":796,"height":448,"caption":"Arguidos est\u00e3o a ser julgados no Tribunal de Famalic\u00e3o Foto: Gon\u00e7alo Delgado\/Arquivo"},{"@type":"BreadcrumbList","@id":"https:\/\/portaltela.pt\/noticias\/2026\/03\/16\/enfermeira-agredida-por-grupo-familiar-nas-urgencias-relata-terror-em-tribunal\/#breadcrumb","itemListElement":[{"@type":"ListItem","position":1,"name":"In\u00edcio","item":"https:\/\/portaltela.pt\/"},{"@type":"ListItem","position":2,"name":"Enfermeira agredida por grupo familiar nas urg\u00eancias relata terror em tribunal"}]},{"@type":"WebSite","@id":"https:\/\/portaltela.pt\/#website","url":"https:\/\/portaltela.pt\/","name":"Portal Tela Portugal","description":"","potentialAction":[{"@type":"SearchAction","target":{"@type":"EntryPoint","urlTemplate":"https:\/\/portaltela.pt\/?s={search_term_string}"},"query-input":{"@type":"PropertyValueSpecification","valueRequired":true,"valueName":"search_term_string"}}],"inLanguage":"pt-PT"},{"@type":"Person","@id":"https:\/\/portaltela.pt\/#\/schema\/person\/c4278d4a6028830caff9ee44b42d32ed","name":"Telinha","image":{"@type":"ImageObject","inLanguage":"pt-PT","@id":"https:\/\/portaltela.pt\/s.01k8rhncp4jt1\/2025\/11\/talking-bot-125x125.png","url":"https:\/\/portaltela.pt\/s.01k8rhncp4jt1\/2025\/11\/talking-bot-125x125.png","contentUrl":"https:\/\/portaltela.pt\/s.01k8rhncp4jt1\/2025\/11\/talking-bot-125x125.png","caption":"Telinha"},"sameAs":["https:\/\/portaltela.pt\/"],"url":"https:\/\/portaltela.pt\/por\/367410592786\/"}]}},"_links":{"self":[{"href":"https:\/\/portaltela.pt\/api\/wp\/v2\/posts\/412438","targetHints":{"allow":["GET"]}}],"collection":[{"href":"https:\/\/portaltela.pt\/api\/wp\/v2\/posts"}],"about":[{"href":"https:\/\/portaltela.pt\/api\/wp\/v2\/types\/post"}],"author":[{"embeddable":true,"href":"https:\/\/portaltela.pt\/api\/wp\/v2\/users\/2"}],"replies":[{"embeddable":true,"href":"https:\/\/portaltela.pt\/api\/wp\/v2\/comments?post=412438"}],"version-history":[{"count":0,"href":"https:\/\/portaltela.pt\/api\/wp\/v2\/posts\/412438\/revisions"}],"wp:featuredmedia":[{"embeddable":true,"href":"https:\/\/portaltela.pt\/api\/wp\/v2\/media\/412442"}],"wp:attachment":[{"href":"https:\/\/portaltela.pt\/api\/wp\/v2\/media?parent=412438"}],"wp:term":[{"taxonomy":"category","embeddable":true,"href":"https:\/\/portaltela.pt\/api\/wp\/v2\/categories?post=412438"},{"taxonomy":"post_tag","embeddable":true,"href":"https:\/\/portaltela.pt\/api\/wp\/v2\/tags?post=412438"}],"curies":[{"name":"wp","href":"https:\/\/api.w.org\/{rel}","templated":true}]}}