{"id":412414,"date":"2026-03-16T15:33:19","date_gmt":"2026-03-16T18:33:19","guid":{"rendered":"https:\/\/portaltela.pt\/noticias\/2026\/03\/16\/besiktas-e-fenerbahce-disputam-lewandowski-na-turquia\/"},"modified":"2026-03-16T15:33:19","modified_gmt":"2026-03-16T18:33:19","slug":"besiktas-e-fenerbahce-disputam-lewandowski-na-turquia","status":"publish","type":"post","link":"https:\/\/portaltela.pt\/desporto\/futebol\/2026\/03\/16\/besiktas-e-fenerbahce-disputam-lewandowski-na-turquia\/","title":{"rendered":"Be\u015fikta\u015f e Fenerbah\u00e7e disputam Lewandowski na Turquia"},"content":{"rendered":"<p>O avan\u00e7ado polaco Robert Lewandowski, jogador do Barcelona, est\u00e1 no centro de uma disputa entre dois clubes turcos. Besiktas e Fenerbah\u00e7e devem avan\u00e7ar com negocia\u00e7\u00f5es que, segundo a imprensa na Turquia, podem atingir valores sem precedentes. A situa\u00e7\u00e3o envolve a conclus\u00e3o do v\u00ednculo com o Bar\u00e7a no ver\u00e3o.<\/p>\n<p>Besiktas apresenta uma oferta com pr\u00e9mio de assinatura de <strong>10 milh\u00f5es de euros<\/strong> e um contrato de dois anos, com sal\u00e1rio anual de <strong>20 milh\u00f5es de euros<\/strong>. O Fenerbah\u00e7e ainda n\u00e3o indicou n\u00fameros, mas as estimativas apontam para montantes semelhantes aos do rival.<\/p>\n<p>Lewandowski j\u00e1 revelou que n\u00e3o v\u00ea a Ar\u00e1bia Saudita como op\u00e7\u00e3o. Este movimento abre a possibilidade de explorar a MLS, onde o Chicago Fire j\u00e1 ter\u00e1 um lugar reservado para o internacional polaco, caso haja disponibilidade.<\/p>\n<p>A acompanhar ficam os desdobramentos sobre a disponibilidade do jogador, o interesse de cada emblema turco e as respostas do Barcelona, que tem a palavra final na eventual sa\u00edda. A not\u00edcia continua a desenvolver-se.<\/p>\n","protected":false},"excerpt":{"rendered":"<ul>\n<li>O avan\u00e7ado polaco Robert Lewandowski, de 37 anos, termina contrato com o Barcelona no ver\u00e3o, atraindo interesse de grandes clubes.<\/li>\n<li>O Besiktas apresenta uma proposta com pr\u00e9mio de assinatura de 10 milh\u00f5es de euros e contrato de dois anos, com sal\u00e1rio de 20 milh\u00f5es de euros por temporada.<\/li>\n<li>O Fenerbah\u00e7e tamb\u00e9m \u00e9 apontado como pretendente, com valores que se presumem semelhantes aos do Besiktas, embora n\u00e3o tenham sido tornados p\u00fablicos.<\/li>\n<li>Lewandowski j\u00e1 afirmou que a Ar\u00e1bia Saudita n\u00e3o \u00e9 op\u00e7\u00e3o; resta saber se considerar\u00e1 a MLS, com o Chicago Fire j\u00e1 a indicar ter um lugar reservado.<\/li>\n<li>A imprensa turca destaca que a luta entre Besiktas e Fenerbah\u00e7e pelos servi\u00e7os do jogador pode ultrapassar patamares anteriores.<\/li>\n<\/ul>\n","protected":false},"author":2,"featured_media":412420,"comment_status":"closed","ping_status":"closed","sticky":false,"template":"","format":"standard","meta":{"footnotes":""},"categories":[21,24],"tags":[2587,32,3338,6206,2126],"class_list":["post-412414","post","type-post","status-publish","format-standard","has-post-thumbnail","hentry","category-desporto","category-futebol","tag-barcelona","tag-futebol","tag-futebol-internacional","tag-lewandowski","tag-turquia"],"yoast_head":"<!-- This site is optimized with the Yoast SEO plugin v27.2 - https:\/\/yoast.com\/product\/yoast-seo-wordpress\/ -->\n<title>Be\u015fikta\u015f e Fenerbah\u00e7e disputam Lewandowski na Turquia - Portal Tela Portugal<\/title>\n<meta name=\"robots\" content=\"index, follow, max-snippet:-1, max-image-preview:large, max-video-preview:-1\" \/>\n<meta property=\"og:locale\" content=\"pt_PT\" \/>\n<meta property=\"og:type\" content=\"article\" \/>\n<meta property=\"og:title\" content=\"Be\u015fikta\u015f e Fenerbah\u00e7e disputam Lewandowski na Turquia - Portal Tela Portugal\" \/>\n<meta property=\"og:description\" content=\"O avan\u00e7ado polaco Robert Lewandowski, de 37 anos, termina contrato com o Barcelona no ver\u00e3o, atraindo interesse de grandes clubes. O Besiktas apresenta uma proposta com pr\u00e9mio de assinatura de 10 milh\u00f5es de euros e contrato de dois anos, com sal\u00e1rio de 20 milh\u00f5es de euros por temporada. O Fenerbah\u00e7e tamb\u00e9m \u00e9 apontado como pretendente, com valores que se presumem semelhantes aos do Besiktas, embora n\u00e3o tenham sido tornados p\u00fablicos. Lewandowski j\u00e1 afirmou que a Ar\u00e1bia Saudita n\u00e3o \u00e9 op\u00e7\u00e3o; resta saber se considerar\u00e1 a MLS, com o Chicago Fire j\u00e1 a indicar ter um lugar reservado. A imprensa turca destaca que a luta entre Besiktas e Fenerbah\u00e7e pelos servi\u00e7os do jogador pode ultrapassar patamares anteriores.\" \/>\n<meta property=\"og:url\" content=\"https:\/\/portaltela.pt\/noticias\/2026\/03\/16\/besiktas-e-fenerbahce-disputam-lewandowski-na-turquia\/\" \/>\n<meta property=\"og:site_name\" content=\"Portal Tela Portugal\" \/>\n<meta property=\"article:published_time\" content=\"2026-03-16T18:33:19+00:00\" \/>\n<meta name=\"author\" content=\"Telinha\" \/>\n<meta name=\"twitter:card\" content=\"summary_large_image\" \/>\n<meta name=\"twitter:label1\" content=\"Escrito por\" \/>\n\t<meta name=\"twitter:data1\" content=\"Telinha\" \/>\n\t<meta name=\"twitter:label2\" content=\"Tempo estimado de leitura\" \/>\n\t<meta name=\"twitter:data2\" content=\"1 minuto\" \/>\n<script type=\"application\/ld+json\" class=\"yoast-schema-graph\">{\"@context\":\"https:\/\/schema.org\",\"@graph\":[{\"@type\":\"Article\",\"@id\":\"https:\/\/portaltela.pt\/noticias\/2026\/03\/16\/besiktas-e-fenerbahce-disputam-lewandowski-na-turquia\/#article\",\"isPartOf\":{\"@id\":\"https:\/\/portaltela.pt\/noticias\/2026\/03\/16\/besiktas-e-fenerbahce-disputam-lewandowski-na-turquia\/\"},\"author\":{\"name\":\"Telinha\",\"@id\":\"https:\/\/portaltela.pt\/#\/schema\/person\/c4278d4a6028830caff9ee44b42d32ed\"},\"headline\":\"Be\u015fikta\u015f e Fenerbah\u00e7e disputam Lewandowski na Turquia\",\"datePublished\":\"2026-03-16T18:33:19+00:00\",\"mainEntityOfPage\":{\"@id\":\"https:\/\/portaltela.pt\/noticias\/2026\/03\/16\/besiktas-e-fenerbahce-disputam-lewandowski-na-turquia\/\"},\"wordCount\":189,\"image\":{\"@id\":\"https:\/\/portaltela.pt\/noticias\/2026\/03\/16\/besiktas-e-fenerbahce-disputam-lewandowski-na-turquia\/#primaryimage\"},\"thumbnailUrl\":\"https:\/\/portaltela.pt\/s.01k8rhncp4jt1\/2026\/03\/img_920x518uu2026-03-16-18-32-38-2427443.jpg\",\"keywords\":[\"Barcelona\",\"futebol\",\"futebol internacional\",\"Lewandowski\",\"Turquia\"],\"articleSection\":[\"Desporto\",\"Futebol\"],\"inLanguage\":\"pt-PT\"},{\"@type\":\"WebPage\",\"@id\":\"https:\/\/portaltela.pt\/noticias\/2026\/03\/16\/besiktas-e-fenerbahce-disputam-lewandowski-na-turquia\/\",\"url\":\"https:\/\/portaltela.pt\/noticias\/2026\/03\/16\/besiktas-e-fenerbahce-disputam-lewandowski-na-turquia\/\",\"name\":\"Be\u015fikta\u015f e Fenerbah\u00e7e disputam Lewandowski na Turquia - Portal Tela Portugal\",\"isPartOf\":{\"@id\":\"https:\/\/portaltela.pt\/#website\"},\"primaryImageOfPage\":{\"@id\":\"https:\/\/portaltela.pt\/noticias\/2026\/03\/16\/besiktas-e-fenerbahce-disputam-lewandowski-na-turquia\/#primaryimage\"},\"image\":{\"@id\":\"https:\/\/portaltela.pt\/noticias\/2026\/03\/16\/besiktas-e-fenerbahce-disputam-lewandowski-na-turquia\/#primaryimage\"},\"thumbnailUrl\":\"https:\/\/portaltela.pt\/s.01k8rhncp4jt1\/2026\/03\/img_920x518uu2026-03-16-18-32-38-2427443.jpg\",\"datePublished\":\"2026-03-16T18:33:19+00:00\",\"author\":{\"@id\":\"https:\/\/portaltela.pt\/#\/schema\/person\/c4278d4a6028830caff9ee44b42d32ed\"},\"breadcrumb\":{\"@id\":\"https:\/\/portaltela.pt\/noticias\/2026\/03\/16\/besiktas-e-fenerbahce-disputam-lewandowski-na-turquia\/#breadcrumb\"},\"inLanguage\":\"pt-PT\",\"potentialAction\":[{\"@type\":\"ReadAction\",\"target\":[\"https:\/\/portaltela.pt\/noticias\/2026\/03\/16\/besiktas-e-fenerbahce-disputam-lewandowski-na-turquia\/\"]}]},{\"@type\":\"ImageObject\",\"inLanguage\":\"pt-PT\",\"@id\":\"https:\/\/portaltela.pt\/noticias\/2026\/03\/16\/besiktas-e-fenerbahce-disputam-lewandowski-na-turquia\/#primaryimage\",\"url\":\"https:\/\/portaltela.pt\/s.01k8rhncp4jt1\/2026\/03\/img_920x518uu2026-03-16-18-32-38-2427443.jpg\",\"contentUrl\":\"https:\/\/portaltela.pt\/s.01k8rhncp4jt1\/2026\/03\/img_920x518uu2026-03-16-18-32-38-2427443.jpg\",\"width\":796,\"height\":448,\"caption\":\"Besiktas e Fenerbah\u00e7e lutam por Lewandowski\"},{\"@type\":\"BreadcrumbList\",\"@id\":\"https:\/\/portaltela.pt\/noticias\/2026\/03\/16\/besiktas-e-fenerbahce-disputam-lewandowski-na-turquia\/#breadcrumb\",\"itemListElement\":[{\"@type\":\"ListItem\",\"position\":1,\"name\":\"In\u00edcio\",\"item\":\"https:\/\/portaltela.pt\/\"},{\"@type\":\"ListItem\",\"position\":2,\"name\":\"Be\u015fikta\u015f e Fenerbah\u00e7e disputam Lewandowski na Turquia\"}]},{\"@type\":\"WebSite\",\"@id\":\"https:\/\/portaltela.pt\/#website\",\"url\":\"https:\/\/portaltela.pt\/\",\"name\":\"Portal Tela Portugal\",\"description\":\"\",\"potentialAction\":[{\"@type\":\"SearchAction\",\"target\":{\"@type\":\"EntryPoint\",\"urlTemplate\":\"https:\/\/portaltela.pt\/?s={search_term_string}\"},\"query-input\":{\"@type\":\"PropertyValueSpecification\",\"valueRequired\":true,\"valueName\":\"search_term_string\"}}],\"inLanguage\":\"pt-PT\"},{\"@type\":\"Person\",\"@id\":\"https:\/\/portaltela.pt\/#\/schema\/person\/c4278d4a6028830caff9ee44b42d32ed\",\"name\":\"Telinha\",\"image\":{\"@type\":\"ImageObject\",\"inLanguage\":\"pt-PT\",\"@id\":\"https:\/\/portaltela.pt\/s.01k8rhncp4jt1\/2025\/11\/talking-bot-125x125.png\",\"url\":\"https:\/\/portaltela.pt\/s.01k8rhncp4jt1\/2025\/11\/talking-bot-125x125.png\",\"contentUrl\":\"https:\/\/portaltela.pt\/s.01k8rhncp4jt1\/2025\/11\/talking-bot-125x125.png\",\"caption\":\"Telinha\"},\"sameAs\":[\"https:\/\/portaltela.pt\/\"],\"url\":\"https:\/\/portaltela.pt\/por\/367410592786\/\"}]}<\/script>\n<!-- \/ Yoast SEO plugin. -->","yoast_head_json":{"title":"Be\u015fikta\u015f e Fenerbah\u00e7e disputam Lewandowski na Turquia - Portal Tela Portugal","robots":{"index":"index","follow":"follow","max-snippet":"max-snippet:-1","max-image-preview":"max-image-preview:large","max-video-preview":"max-video-preview:-1"},"og_locale":"pt_PT","og_type":"article","og_title":"Be\u015fikta\u015f e Fenerbah\u00e7e disputam Lewandowski na Turquia - Portal Tela Portugal","og_description":"O avan\u00e7ado polaco Robert Lewandowski, de 37 anos, termina contrato com o Barcelona no ver\u00e3o, atraindo interesse de grandes clubes. O Besiktas apresenta uma proposta com pr\u00e9mio de assinatura de 10 milh\u00f5es de euros e contrato de dois anos, com sal\u00e1rio de 20 milh\u00f5es de euros por temporada. O Fenerbah\u00e7e tamb\u00e9m \u00e9 apontado como pretendente, com valores que se presumem semelhantes aos do Besiktas, embora n\u00e3o tenham sido tornados p\u00fablicos. Lewandowski j\u00e1 afirmou que a Ar\u00e1bia Saudita n\u00e3o \u00e9 op\u00e7\u00e3o; resta saber se considerar\u00e1 a MLS, com o Chicago Fire j\u00e1 a indicar ter um lugar reservado. A imprensa turca destaca que a luta entre Besiktas e Fenerbah\u00e7e pelos servi\u00e7os do jogador pode ultrapassar patamares anteriores.","og_url":"https:\/\/portaltela.pt\/noticias\/2026\/03\/16\/besiktas-e-fenerbahce-disputam-lewandowski-na-turquia\/","og_site_name":"Portal Tela Portugal","article_published_time":"2026-03-16T18:33:19+00:00","author":"Telinha","twitter_card":"summary_large_image","twitter_misc":{"Escrito por":"Telinha","Tempo estimado de leitura":"1 minuto"},"schema":{"@context":"https:\/\/schema.org","@graph":[{"@type":"Article","@id":"https:\/\/portaltela.pt\/noticias\/2026\/03\/16\/besiktas-e-fenerbahce-disputam-lewandowski-na-turquia\/#article","isPartOf":{"@id":"https:\/\/portaltela.pt\/noticias\/2026\/03\/16\/besiktas-e-fenerbahce-disputam-lewandowski-na-turquia\/"},"author":{"name":"Telinha","@id":"https:\/\/portaltela.pt\/#\/schema\/person\/c4278d4a6028830caff9ee44b42d32ed"},"headline":"Be\u015fikta\u015f e Fenerbah\u00e7e disputam Lewandowski na Turquia","datePublished":"2026-03-16T18:33:19+00:00","mainEntityOfPage":{"@id":"https:\/\/portaltela.pt\/noticias\/2026\/03\/16\/besiktas-e-fenerbahce-disputam-lewandowski-na-turquia\/"},"wordCount":189,"image":{"@id":"https:\/\/portaltela.pt\/noticias\/2026\/03\/16\/besiktas-e-fenerbahce-disputam-lewandowski-na-turquia\/#primaryimage"},"thumbnailUrl":"https:\/\/portaltela.pt\/s.01k8rhncp4jt1\/2026\/03\/img_920x518uu2026-03-16-18-32-38-2427443.jpg","keywords":["Barcelona","futebol","futebol internacional","Lewandowski","Turquia"],"articleSection":["Desporto","Futebol"],"inLanguage":"pt-PT"},{"@type":"WebPage","@id":"https:\/\/portaltela.pt\/noticias\/2026\/03\/16\/besiktas-e-fenerbahce-disputam-lewandowski-na-turquia\/","url":"https:\/\/portaltela.pt\/noticias\/2026\/03\/16\/besiktas-e-fenerbahce-disputam-lewandowski-na-turquia\/","name":"Be\u015fikta\u015f e Fenerbah\u00e7e disputam Lewandowski na Turquia - Portal Tela Portugal","isPartOf":{"@id":"https:\/\/portaltela.pt\/#website"},"primaryImageOfPage":{"@id":"https:\/\/portaltela.pt\/noticias\/2026\/03\/16\/besiktas-e-fenerbahce-disputam-lewandowski-na-turquia\/#primaryimage"},"image":{"@id":"https:\/\/portaltela.pt\/noticias\/2026\/03\/16\/besiktas-e-fenerbahce-disputam-lewandowski-na-turquia\/#primaryimage"},"thumbnailUrl":"https:\/\/portaltela.pt\/s.01k8rhncp4jt1\/2026\/03\/img_920x518uu2026-03-16-18-32-38-2427443.jpg","datePublished":"2026-03-16T18:33:19+00:00","author":{"@id":"https:\/\/portaltela.pt\/#\/schema\/person\/c4278d4a6028830caff9ee44b42d32ed"},"breadcrumb":{"@id":"https:\/\/portaltela.pt\/noticias\/2026\/03\/16\/besiktas-e-fenerbahce-disputam-lewandowski-na-turquia\/#breadcrumb"},"inLanguage":"pt-PT","potentialAction":[{"@type":"ReadAction","target":["https:\/\/portaltela.pt\/noticias\/2026\/03\/16\/besiktas-e-fenerbahce-disputam-lewandowski-na-turquia\/"]}]},{"@type":"ImageObject","inLanguage":"pt-PT","@id":"https:\/\/portaltela.pt\/noticias\/2026\/03\/16\/besiktas-e-fenerbahce-disputam-lewandowski-na-turquia\/#primaryimage","url":"https:\/\/portaltela.pt\/s.01k8rhncp4jt1\/2026\/03\/img_920x518uu2026-03-16-18-32-38-2427443.jpg","contentUrl":"https:\/\/portaltela.pt\/s.01k8rhncp4jt1\/2026\/03\/img_920x518uu2026-03-16-18-32-38-2427443.jpg","width":796,"height":448,"caption":"Besiktas e Fenerbah\u00e7e lutam por Lewandowski"},{"@type":"BreadcrumbList","@id":"https:\/\/portaltela.pt\/noticias\/2026\/03\/16\/besiktas-e-fenerbahce-disputam-lewandowski-na-turquia\/#breadcrumb","itemListElement":[{"@type":"ListItem","position":1,"name":"In\u00edcio","item":"https:\/\/portaltela.pt\/"},{"@type":"ListItem","position":2,"name":"Be\u015fikta\u015f e Fenerbah\u00e7e disputam Lewandowski na Turquia"}]},{"@type":"WebSite","@id":"https:\/\/portaltela.pt\/#website","url":"https:\/\/portaltela.pt\/","name":"Portal Tela Portugal","description":"","potentialAction":[{"@type":"SearchAction","target":{"@type":"EntryPoint","urlTemplate":"https:\/\/portaltela.pt\/?s={search_term_string}"},"query-input":{"@type":"PropertyValueSpecification","valueRequired":true,"valueName":"search_term_string"}}],"inLanguage":"pt-PT"},{"@type":"Person","@id":"https:\/\/portaltela.pt\/#\/schema\/person\/c4278d4a6028830caff9ee44b42d32ed","name":"Telinha","image":{"@type":"ImageObject","inLanguage":"pt-PT","@id":"https:\/\/portaltela.pt\/s.01k8rhncp4jt1\/2025\/11\/talking-bot-125x125.png","url":"https:\/\/portaltela.pt\/s.01k8rhncp4jt1\/2025\/11\/talking-bot-125x125.png","contentUrl":"https:\/\/portaltela.pt\/s.01k8rhncp4jt1\/2025\/11\/talking-bot-125x125.png","caption":"Telinha"},"sameAs":["https:\/\/portaltela.pt\/"],"url":"https:\/\/portaltela.pt\/por\/367410592786\/"}]}},"_links":{"self":[{"href":"https:\/\/portaltela.pt\/api\/wp\/v2\/posts\/412414","targetHints":{"allow":["GET"]}}],"collection":[{"href":"https:\/\/portaltela.pt\/api\/wp\/v2\/posts"}],"about":[{"href":"https:\/\/portaltela.pt\/api\/wp\/v2\/types\/post"}],"author":[{"embeddable":true,"href":"https:\/\/portaltela.pt\/api\/wp\/v2\/users\/2"}],"replies":[{"embeddable":true,"href":"https:\/\/portaltela.pt\/api\/wp\/v2\/comments?post=412414"}],"version-history":[{"count":0,"href":"https:\/\/portaltela.pt\/api\/wp\/v2\/posts\/412414\/revisions"}],"wp:featuredmedia":[{"embeddable":true,"href":"https:\/\/portaltela.pt\/api\/wp\/v2\/media\/412420"}],"wp:attachment":[{"href":"https:\/\/portaltela.pt\/api\/wp\/v2\/media?parent=412414"}],"wp:term":[{"taxonomy":"category","embeddable":true,"href":"https:\/\/portaltela.pt\/api\/wp\/v2\/categories?post=412414"},{"taxonomy":"post_tag","embeddable":true,"href":"https:\/\/portaltela.pt\/api\/wp\/v2\/tags?post=412414"}],"curies":[{"name":"wp","href":"https:\/\/api.w.org\/{rel}","templated":true}]}}