{"id":412399,"date":"2026-03-16T15:24:00","date_gmt":"2026-03-16T18:24:00","guid":{"rendered":"https:\/\/portaltela.pt\/noticias\/2026\/03\/16\/comissao-de-protecao-de-dados-recomenda-numeros-nas-fardas-com-bodycams\/"},"modified":"2026-03-16T15:24:00","modified_gmt":"2026-03-16T18:24:00","slug":"comissao-de-protecao-de-dados-recomenda-numeros-nas-fardas-com-bodycams","status":"publish","type":"post","link":"https:\/\/portaltela.pt\/policia\/2026\/03\/16\/comissao-de-protecao-de-dados-recomenda-numeros-nas-fardas-com-bodycams\/","title":{"rendered":"Comiss\u00e3o de Prote\u00e7\u00e3o de Dados recomenda n\u00fameros nas fardas com bodycams"},"content":{"rendered":"<p>A Comiss\u00e3o Nacional de Prote\u00e7\u00e3o de Dados (CNPD) pediu ao parlamento que os agentes que utilizem bodycams sejam identific\u00e1veis, com n\u00fameros vis\u00edveis nas fardas e capacetes. A an\u00e1lise surgiu no \u00e2mbito de um projeto do PSD sobre uso de armas de fogo pelas for\u00e7as de seguran\u00e7a e a ado\u00e7\u00e3o de bodycams nesses casos.<\/p>\n<p>O parecer da CNPD sustenta que ainda falta defini\u00e7\u00e3o clara de como identificar o agente quando h\u00e1 arma de fogo em causa. A comiss\u00e3o destaca que as imagens podem ser \u00fateis para apurar poss\u00edveis abusos no uso da arma ou no funcionamento das c\u00e2maras port\u00e1teis.<\/p>\n<p>Para resolver a identifica\u00e7\u00e3o, a CNPD admite a atribui\u00e7\u00e3o de um n\u00famero individual vis\u00edvel no uniforme, incluindo no capacete de prote\u00e7\u00e3o. O objetivo \u00e9 aumentar a transpar\u00eancia e facilitar a responsabiliza\u00e7\u00e3o.<\/p>\n<h3>Defini\u00e7\u00e3o de arma de fogo e impacto regulat\u00f3rio<\/h3>\n<p>A CNPD questiona o que passa a ser entendido como arma de fogo, incluindo dispositivos de propuls\u00e3o, proj\u00e9teis e poss\u00edveis inv\u00f3lucros de pl\u00e1stico, bem como lan\u00e7a-gases lacrimog\u00e9neos. A indefini\u00e7\u00e3o afeta o regime de uso de bodycams.<\/p>\n<p>A comiss\u00e3o alerta que a incerteza sobre a defini\u00e7\u00e3o legal compromete o \u00e2mbito de aplica\u00e7\u00e3o das c\u00e2maras port\u00e1teis de uso individual. Assim, recomenda-se clarificar o enquadramento antes da aprova\u00e7\u00e3o do projeto.<\/p>\n<h3>Estudo de impacto<\/h3>\n<p>Foi tamb\u00e9m recomendado um estudo de impacto sobre prote\u00e7\u00e3o de dados pessoais antes do avan\u00e7o do projeto de lei. A CNPD entende que \u00e9 essencial medir efeitos sobre a privacidade e a finalidade da grava\u00e7\u00e3o.<\/p>\n<h3>Contexto parlamentar<\/h3>\n<p>Em fevereiro, o parlamento discutiu dois projetos de lei para ampliar o uso de armas de fogo por for\u00e7as de seguran\u00e7a. A iniciativa do Chega foi rejeitada, enquanto a do PSD passou \u00e0 fase de especialidade, com discuss\u00e3o prevista na Comiss\u00e3o de Assuntos Constitucionais, Direitos, Liberdades e Garantias.<\/p>\n<p>A lei atual autoriza armas de fogo para capturar ou impedir a fuga de suspeitos de crimes com pena superior a tr\u00eas anos, ou quando h\u00e1 arma branca, explosivos ou gases t\u00f3xicos envolvidos. A proposta do PSD visa permitir o uso de armas de fogo contra pessoas portadoras de armas com capacidade letal, acompanhada de maior prote\u00e7\u00e3o jur\u00eddica \u00e0s for\u00e7as e maior transpar\u00eancia nas intera\u00e7\u00f5es com o p\u00fablico.<\/p>\n","protected":false},"excerpt":{"rendered":"<ul>\n<li>A CNPD recomenda identifica\u00e7\u00e3o dos pol\u00edcias com n\u00fameros vis\u00edveis nas fardas e capacetes quando usam bodycams, para facilitar a identifica\u00e7\u00e3o em situa\u00e7\u00f5es com uso de arma de fogo.<\/li>\n<li>A comiss\u00e3o questiona a defini\u00e7\u00e3o legal de arma de fogo, levantando d\u00favida se abrange apenas proj\u00e9teis mec\u00e2nicos ou tamb\u00e9m inv\u00f3lucros de pl\u00e1stico, l\u00e1mipes gas\u00f3genos ou outros dispositivos de controlo de dist\u00farbios; a ambiguidade pode afetar a regulamenta\u00e7\u00e3o das bodycams.<\/li>\n<li>Prop\u00f5e ainda a realiza\u00e7\u00e3o de um estudo de impacto sobre a prote\u00e7\u00e3o de dados pessoais antes da aprova\u00e7\u00e3o do projeto de lei.<\/li>\n<li>Em fevereiro, o parlamento discutiu dois projetos de lei para alargar o uso de armas de fogo: o Chega foi chumbado; o PSD baixou \u00e0 especialidade, com discuss\u00e3o prevista na Comiss\u00e3o de Assuntos Constitucionais, Direitos, Liberdades e Garantias.<\/li>\n<li>O PSD afirma que a proposta visa oferecer maior prote\u00e7\u00e3o jur\u00eddica \u00e0s for\u00e7as de seguran\u00e7a e maior transpar\u00eancia nas intera\u00e7\u00f5es com o p\u00fablico.<\/li>\n<\/ul>\n","protected":false},"author":2,"featured_media":412406,"comment_status":"closed","ping_status":"closed","sticky":false,"template":"","format":"standard","meta":{"footnotes":""},"categories":[1,6781],"tags":[1533,5161,3562,6641,250,332],"class_list":["post-412399","post","type-post","status-publish","format-standard","has-post-thumbnail","hentry","category-noticias","category-policia","tag-armas-de-fogo","tag-cnpd","tag-privacidade","tag-protecao-de-dados","tag-seguranca-publica","tag-transparencia"],"yoast_head":"<!-- This site is optimized with the Yoast SEO plugin v27.2 - https:\/\/yoast.com\/product\/yoast-seo-wordpress\/ -->\n<title>Comiss\u00e3o de Prote\u00e7\u00e3o de Dados recomenda n\u00fameros nas fardas com bodycams - Portal Tela Portugal<\/title>\n<meta name=\"robots\" content=\"index, follow, max-snippet:-1, max-image-preview:large, max-video-preview:-1\" \/>\n<meta property=\"og:locale\" content=\"pt_PT\" \/>\n<meta property=\"og:type\" content=\"article\" \/>\n<meta property=\"og:title\" content=\"Comiss\u00e3o de Prote\u00e7\u00e3o de Dados recomenda n\u00fameros nas fardas com bodycams - Portal Tela Portugal\" \/>\n<meta property=\"og:description\" content=\"A CNPD recomenda identifica\u00e7\u00e3o dos pol\u00edcias com n\u00fameros vis\u00edveis nas fardas e capacetes quando usam bodycams, para facilitar a identifica\u00e7\u00e3o em situa\u00e7\u00f5es com uso de arma de fogo. A comiss\u00e3o questiona a defini\u00e7\u00e3o legal de arma de fogo, levantando d\u00favida se abrange apenas proj\u00e9teis mec\u00e2nicos ou tamb\u00e9m inv\u00f3lucros de pl\u00e1stico, l\u00e1mipes gas\u00f3genos ou outros dispositivos de controlo de dist\u00farbios; a ambiguidade pode afetar a regulamenta\u00e7\u00e3o das bodycams. Prop\u00f5e ainda a realiza\u00e7\u00e3o de um estudo de impacto sobre a prote\u00e7\u00e3o de dados pessoais antes da aprova\u00e7\u00e3o do projeto de lei. Em fevereiro, o parlamento discutiu dois projetos de lei para alargar o uso de armas de fogo: o Chega foi chumbado; o PSD baixou \u00e0 especialidade, com discuss\u00e3o prevista na Comiss\u00e3o de Assuntos Constitucionais, Direitos, Liberdades e Garantias. O PSD afirma que a proposta visa oferecer maior prote\u00e7\u00e3o jur\u00eddica \u00e0s for\u00e7as de seguran\u00e7a e maior transpar\u00eancia nas intera\u00e7\u00f5es com o p\u00fablico.\" \/>\n<meta property=\"og:url\" content=\"https:\/\/portaltela.pt\/noticias\/2026\/03\/16\/comissao-de-protecao-de-dados-recomenda-numeros-nas-fardas-com-bodycams\/\" \/>\n<meta property=\"og:site_name\" content=\"Portal Tela Portugal\" \/>\n<meta property=\"article:published_time\" content=\"2026-03-16T18:24:00+00:00\" \/>\n<meta name=\"author\" content=\"Telinha\" \/>\n<meta name=\"twitter:card\" content=\"summary_large_image\" \/>\n<meta name=\"twitter:label1\" content=\"Escrito por\" \/>\n\t<meta name=\"twitter:data1\" content=\"Telinha\" \/>\n\t<meta name=\"twitter:label2\" content=\"Tempo estimado de leitura\" \/>\n\t<meta name=\"twitter:data2\" content=\"2 minutos\" \/>\n<script type=\"application\/ld+json\" class=\"yoast-schema-graph\">{\"@context\":\"https:\/\/schema.org\",\"@graph\":[{\"@type\":\"Article\",\"@id\":\"https:\/\/portaltela.pt\/noticias\/2026\/03\/16\/comissao-de-protecao-de-dados-recomenda-numeros-nas-fardas-com-bodycams\/#article\",\"isPartOf\":{\"@id\":\"https:\/\/portaltela.pt\/noticias\/2026\/03\/16\/comissao-de-protecao-de-dados-recomenda-numeros-nas-fardas-com-bodycams\/\"},\"author\":{\"name\":\"Telinha\",\"@id\":\"https:\/\/portaltela.pt\/#\/schema\/person\/c4278d4a6028830caff9ee44b42d32ed\"},\"headline\":\"Comiss\u00e3o de Prote\u00e7\u00e3o de Dados recomenda n\u00fameros nas fardas com bodycams\",\"datePublished\":\"2026-03-16T18:24:00+00:00\",\"mainEntityOfPage\":{\"@id\":\"https:\/\/portaltela.pt\/noticias\/2026\/03\/16\/comissao-de-protecao-de-dados-recomenda-numeros-nas-fardas-com-bodycams\/\"},\"wordCount\":424,\"image\":{\"@id\":\"https:\/\/portaltela.pt\/noticias\/2026\/03\/16\/comissao-de-protecao-de-dados-recomenda-numeros-nas-fardas-com-bodycams\/#primaryimage\"},\"thumbnailUrl\":\"https:\/\/portaltela.pt\/s.01k8rhncp4jt1\/2026\/03\/img_1280x721uu2024-11-12-12-45-35-2176869.jpg\",\"keywords\":[\"armas de fogo\",\"CNPD\",\"privacidade\",\"prote\u00e7\u00e3o de dados\",\"seguran\u00e7a p\u00fablica\",\"transpar\u00eancia\"],\"articleSection\":[\"Not\u00edcias\",\"Pol\u00edcia\"],\"inLanguage\":\"pt-PT\"},{\"@type\":\"WebPage\",\"@id\":\"https:\/\/portaltela.pt\/noticias\/2026\/03\/16\/comissao-de-protecao-de-dados-recomenda-numeros-nas-fardas-com-bodycams\/\",\"url\":\"https:\/\/portaltela.pt\/noticias\/2026\/03\/16\/comissao-de-protecao-de-dados-recomenda-numeros-nas-fardas-com-bodycams\/\",\"name\":\"Comiss\u00e3o de Prote\u00e7\u00e3o de Dados recomenda n\u00fameros nas fardas com bodycams - Portal Tela Portugal\",\"isPartOf\":{\"@id\":\"https:\/\/portaltela.pt\/#website\"},\"primaryImageOfPage\":{\"@id\":\"https:\/\/portaltela.pt\/noticias\/2026\/03\/16\/comissao-de-protecao-de-dados-recomenda-numeros-nas-fardas-com-bodycams\/#primaryimage\"},\"image\":{\"@id\":\"https:\/\/portaltela.pt\/noticias\/2026\/03\/16\/comissao-de-protecao-de-dados-recomenda-numeros-nas-fardas-com-bodycams\/#primaryimage\"},\"thumbnailUrl\":\"https:\/\/portaltela.pt\/s.01k8rhncp4jt1\/2026\/03\/img_1280x721uu2024-11-12-12-45-35-2176869.jpg\",\"datePublished\":\"2026-03-16T18:24:00+00:00\",\"author\":{\"@id\":\"https:\/\/portaltela.pt\/#\/schema\/person\/c4278d4a6028830caff9ee44b42d32ed\"},\"breadcrumb\":{\"@id\":\"https:\/\/portaltela.pt\/noticias\/2026\/03\/16\/comissao-de-protecao-de-dados-recomenda-numeros-nas-fardas-com-bodycams\/#breadcrumb\"},\"inLanguage\":\"pt-PT\",\"potentialAction\":[{\"@type\":\"ReadAction\",\"target\":[\"https:\/\/portaltela.pt\/noticias\/2026\/03\/16\/comissao-de-protecao-de-dados-recomenda-numeros-nas-fardas-com-bodycams\/\"]}]},{\"@type\":\"ImageObject\",\"inLanguage\":\"pt-PT\",\"@id\":\"https:\/\/portaltela.pt\/noticias\/2026\/03\/16\/comissao-de-protecao-de-dados-recomenda-numeros-nas-fardas-com-bodycams\/#primaryimage\",\"url\":\"https:\/\/portaltela.pt\/s.01k8rhncp4jt1\/2026\/03\/img_1280x721uu2024-11-12-12-45-35-2176869.jpg\",\"contentUrl\":\"https:\/\/portaltela.pt\/s.01k8rhncp4jt1\/2026\/03\/img_1280x721uu2024-11-12-12-45-35-2176869.jpg\",\"width\":796,\"height\":448,\"caption\":\"Comiss\u00e3o de Prote\u00e7\u00e3o de Dados recomenda n\u00fameros nas fardas de pol\u00edcias com 'bodycams'\"},{\"@type\":\"BreadcrumbList\",\"@id\":\"https:\/\/portaltela.pt\/noticias\/2026\/03\/16\/comissao-de-protecao-de-dados-recomenda-numeros-nas-fardas-com-bodycams\/#breadcrumb\",\"itemListElement\":[{\"@type\":\"ListItem\",\"position\":1,\"name\":\"In\u00edcio\",\"item\":\"https:\/\/portaltela.pt\/\"},{\"@type\":\"ListItem\",\"position\":2,\"name\":\"Comiss\u00e3o de Prote\u00e7\u00e3o de Dados recomenda n\u00fameros nas fardas com bodycams\"}]},{\"@type\":\"WebSite\",\"@id\":\"https:\/\/portaltela.pt\/#website\",\"url\":\"https:\/\/portaltela.pt\/\",\"name\":\"Portal Tela Portugal\",\"description\":\"\",\"potentialAction\":[{\"@type\":\"SearchAction\",\"target\":{\"@type\":\"EntryPoint\",\"urlTemplate\":\"https:\/\/portaltela.pt\/?s={search_term_string}\"},\"query-input\":{\"@type\":\"PropertyValueSpecification\",\"valueRequired\":true,\"valueName\":\"search_term_string\"}}],\"inLanguage\":\"pt-PT\"},{\"@type\":\"Person\",\"@id\":\"https:\/\/portaltela.pt\/#\/schema\/person\/c4278d4a6028830caff9ee44b42d32ed\",\"name\":\"Telinha\",\"image\":{\"@type\":\"ImageObject\",\"inLanguage\":\"pt-PT\",\"@id\":\"https:\/\/portaltela.pt\/s.01k8rhncp4jt1\/2025\/11\/talking-bot-125x125.png\",\"url\":\"https:\/\/portaltela.pt\/s.01k8rhncp4jt1\/2025\/11\/talking-bot-125x125.png\",\"contentUrl\":\"https:\/\/portaltela.pt\/s.01k8rhncp4jt1\/2025\/11\/talking-bot-125x125.png\",\"caption\":\"Telinha\"},\"sameAs\":[\"https:\/\/portaltela.pt\/\"],\"url\":\"https:\/\/portaltela.pt\/por\/367410592786\/\"}]}<\/script>\n<!-- \/ Yoast SEO plugin. -->","yoast_head_json":{"title":"Comiss\u00e3o de Prote\u00e7\u00e3o de Dados recomenda n\u00fameros nas fardas com bodycams - Portal Tela Portugal","robots":{"index":"index","follow":"follow","max-snippet":"max-snippet:-1","max-image-preview":"max-image-preview:large","max-video-preview":"max-video-preview:-1"},"og_locale":"pt_PT","og_type":"article","og_title":"Comiss\u00e3o de Prote\u00e7\u00e3o de Dados recomenda n\u00fameros nas fardas com bodycams - Portal Tela Portugal","og_description":"A CNPD recomenda identifica\u00e7\u00e3o dos pol\u00edcias com n\u00fameros vis\u00edveis nas fardas e capacetes quando usam bodycams, para facilitar a identifica\u00e7\u00e3o em situa\u00e7\u00f5es com uso de arma de fogo. A comiss\u00e3o questiona a defini\u00e7\u00e3o legal de arma de fogo, levantando d\u00favida se abrange apenas proj\u00e9teis mec\u00e2nicos ou tamb\u00e9m inv\u00f3lucros de pl\u00e1stico, l\u00e1mipes gas\u00f3genos ou outros dispositivos de controlo de dist\u00farbios; a ambiguidade pode afetar a regulamenta\u00e7\u00e3o das bodycams. Prop\u00f5e ainda a realiza\u00e7\u00e3o de um estudo de impacto sobre a prote\u00e7\u00e3o de dados pessoais antes da aprova\u00e7\u00e3o do projeto de lei. Em fevereiro, o parlamento discutiu dois projetos de lei para alargar o uso de armas de fogo: o Chega foi chumbado; o PSD baixou \u00e0 especialidade, com discuss\u00e3o prevista na Comiss\u00e3o de Assuntos Constitucionais, Direitos, Liberdades e Garantias. O PSD afirma que a proposta visa oferecer maior prote\u00e7\u00e3o jur\u00eddica \u00e0s for\u00e7as de seguran\u00e7a e maior transpar\u00eancia nas intera\u00e7\u00f5es com o p\u00fablico.","og_url":"https:\/\/portaltela.pt\/noticias\/2026\/03\/16\/comissao-de-protecao-de-dados-recomenda-numeros-nas-fardas-com-bodycams\/","og_site_name":"Portal Tela Portugal","article_published_time":"2026-03-16T18:24:00+00:00","author":"Telinha","twitter_card":"summary_large_image","twitter_misc":{"Escrito por":"Telinha","Tempo estimado de leitura":"2 minutos"},"schema":{"@context":"https:\/\/schema.org","@graph":[{"@type":"Article","@id":"https:\/\/portaltela.pt\/noticias\/2026\/03\/16\/comissao-de-protecao-de-dados-recomenda-numeros-nas-fardas-com-bodycams\/#article","isPartOf":{"@id":"https:\/\/portaltela.pt\/noticias\/2026\/03\/16\/comissao-de-protecao-de-dados-recomenda-numeros-nas-fardas-com-bodycams\/"},"author":{"name":"Telinha","@id":"https:\/\/portaltela.pt\/#\/schema\/person\/c4278d4a6028830caff9ee44b42d32ed"},"headline":"Comiss\u00e3o de Prote\u00e7\u00e3o de Dados recomenda n\u00fameros nas fardas com bodycams","datePublished":"2026-03-16T18:24:00+00:00","mainEntityOfPage":{"@id":"https:\/\/portaltela.pt\/noticias\/2026\/03\/16\/comissao-de-protecao-de-dados-recomenda-numeros-nas-fardas-com-bodycams\/"},"wordCount":424,"image":{"@id":"https:\/\/portaltela.pt\/noticias\/2026\/03\/16\/comissao-de-protecao-de-dados-recomenda-numeros-nas-fardas-com-bodycams\/#primaryimage"},"thumbnailUrl":"https:\/\/portaltela.pt\/s.01k8rhncp4jt1\/2026\/03\/img_1280x721uu2024-11-12-12-45-35-2176869.jpg","keywords":["armas de fogo","CNPD","privacidade","prote\u00e7\u00e3o de dados","seguran\u00e7a p\u00fablica","transpar\u00eancia"],"articleSection":["Not\u00edcias","Pol\u00edcia"],"inLanguage":"pt-PT"},{"@type":"WebPage","@id":"https:\/\/portaltela.pt\/noticias\/2026\/03\/16\/comissao-de-protecao-de-dados-recomenda-numeros-nas-fardas-com-bodycams\/","url":"https:\/\/portaltela.pt\/noticias\/2026\/03\/16\/comissao-de-protecao-de-dados-recomenda-numeros-nas-fardas-com-bodycams\/","name":"Comiss\u00e3o de Prote\u00e7\u00e3o de Dados recomenda n\u00fameros nas fardas com bodycams - Portal Tela Portugal","isPartOf":{"@id":"https:\/\/portaltela.pt\/#website"},"primaryImageOfPage":{"@id":"https:\/\/portaltela.pt\/noticias\/2026\/03\/16\/comissao-de-protecao-de-dados-recomenda-numeros-nas-fardas-com-bodycams\/#primaryimage"},"image":{"@id":"https:\/\/portaltela.pt\/noticias\/2026\/03\/16\/comissao-de-protecao-de-dados-recomenda-numeros-nas-fardas-com-bodycams\/#primaryimage"},"thumbnailUrl":"https:\/\/portaltela.pt\/s.01k8rhncp4jt1\/2026\/03\/img_1280x721uu2024-11-12-12-45-35-2176869.jpg","datePublished":"2026-03-16T18:24:00+00:00","author":{"@id":"https:\/\/portaltela.pt\/#\/schema\/person\/c4278d4a6028830caff9ee44b42d32ed"},"breadcrumb":{"@id":"https:\/\/portaltela.pt\/noticias\/2026\/03\/16\/comissao-de-protecao-de-dados-recomenda-numeros-nas-fardas-com-bodycams\/#breadcrumb"},"inLanguage":"pt-PT","potentialAction":[{"@type":"ReadAction","target":["https:\/\/portaltela.pt\/noticias\/2026\/03\/16\/comissao-de-protecao-de-dados-recomenda-numeros-nas-fardas-com-bodycams\/"]}]},{"@type":"ImageObject","inLanguage":"pt-PT","@id":"https:\/\/portaltela.pt\/noticias\/2026\/03\/16\/comissao-de-protecao-de-dados-recomenda-numeros-nas-fardas-com-bodycams\/#primaryimage","url":"https:\/\/portaltela.pt\/s.01k8rhncp4jt1\/2026\/03\/img_1280x721uu2024-11-12-12-45-35-2176869.jpg","contentUrl":"https:\/\/portaltela.pt\/s.01k8rhncp4jt1\/2026\/03\/img_1280x721uu2024-11-12-12-45-35-2176869.jpg","width":796,"height":448,"caption":"Comiss\u00e3o de Prote\u00e7\u00e3o de Dados recomenda n\u00fameros nas fardas de pol\u00edcias com 'bodycams'"},{"@type":"BreadcrumbList","@id":"https:\/\/portaltela.pt\/noticias\/2026\/03\/16\/comissao-de-protecao-de-dados-recomenda-numeros-nas-fardas-com-bodycams\/#breadcrumb","itemListElement":[{"@type":"ListItem","position":1,"name":"In\u00edcio","item":"https:\/\/portaltela.pt\/"},{"@type":"ListItem","position":2,"name":"Comiss\u00e3o de Prote\u00e7\u00e3o de Dados recomenda n\u00fameros nas fardas com bodycams"}]},{"@type":"WebSite","@id":"https:\/\/portaltela.pt\/#website","url":"https:\/\/portaltela.pt\/","name":"Portal Tela Portugal","description":"","potentialAction":[{"@type":"SearchAction","target":{"@type":"EntryPoint","urlTemplate":"https:\/\/portaltela.pt\/?s={search_term_string}"},"query-input":{"@type":"PropertyValueSpecification","valueRequired":true,"valueName":"search_term_string"}}],"inLanguage":"pt-PT"},{"@type":"Person","@id":"https:\/\/portaltela.pt\/#\/schema\/person\/c4278d4a6028830caff9ee44b42d32ed","name":"Telinha","image":{"@type":"ImageObject","inLanguage":"pt-PT","@id":"https:\/\/portaltela.pt\/s.01k8rhncp4jt1\/2025\/11\/talking-bot-125x125.png","url":"https:\/\/portaltela.pt\/s.01k8rhncp4jt1\/2025\/11\/talking-bot-125x125.png","contentUrl":"https:\/\/portaltela.pt\/s.01k8rhncp4jt1\/2025\/11\/talking-bot-125x125.png","caption":"Telinha"},"sameAs":["https:\/\/portaltela.pt\/"],"url":"https:\/\/portaltela.pt\/por\/367410592786\/"}]}},"_links":{"self":[{"href":"https:\/\/portaltela.pt\/api\/wp\/v2\/posts\/412399","targetHints":{"allow":["GET"]}}],"collection":[{"href":"https:\/\/portaltela.pt\/api\/wp\/v2\/posts"}],"about":[{"href":"https:\/\/portaltela.pt\/api\/wp\/v2\/types\/post"}],"author":[{"embeddable":true,"href":"https:\/\/portaltela.pt\/api\/wp\/v2\/users\/2"}],"replies":[{"embeddable":true,"href":"https:\/\/portaltela.pt\/api\/wp\/v2\/comments?post=412399"}],"version-history":[{"count":0,"href":"https:\/\/portaltela.pt\/api\/wp\/v2\/posts\/412399\/revisions"}],"wp:featuredmedia":[{"embeddable":true,"href":"https:\/\/portaltela.pt\/api\/wp\/v2\/media\/412406"}],"wp:attachment":[{"href":"https:\/\/portaltela.pt\/api\/wp\/v2\/media?parent=412399"}],"wp:term":[{"taxonomy":"category","embeddable":true,"href":"https:\/\/portaltela.pt\/api\/wp\/v2\/categories?post=412399"},{"taxonomy":"post_tag","embeddable":true,"href":"https:\/\/portaltela.pt\/api\/wp\/v2\/tags?post=412399"}],"curies":[{"name":"wp","href":"https:\/\/api.w.org\/{rel}","templated":true}]}}