{"id":412392,"date":"2026-03-16T15:27:00","date_gmt":"2026-03-16T18:27:00","guid":{"rendered":"https:\/\/portaltela.pt\/noticias\/2026\/03\/16\/paigc-da-guine-bissau-realiza-dois-congressos-para-eleger-o-lider\/"},"modified":"2026-03-16T15:27:00","modified_gmt":"2026-03-16T18:27:00","slug":"paigc-da-guine-bissau-realiza-dois-congressos-para-eleger-o-lider","status":"publish","type":"post","link":"https:\/\/portaltela.pt\/noticias\/politica\/2026\/03\/16\/paigc-da-guine-bissau-realiza-dois-congressos-para-eleger-o-lider\/","title":{"rendered":"PAIGC da Guin\u00e9-Bissau realiza dois congressos para eleger o l\u00edder"},"content":{"rendered":"<p>O hist\u00f3rico do PAIGC da Guin\u00e9-Bissau est\u00e1 a ser apresentado atrav\u00e9s de dois congressos com o objetivo de eleger o l\u00edder do partido. A estrutura permitir\u00e1 abordar diferentes fases do percurso pol\u00edtico da organiza\u00e7\u00e3o.<\/p>\n<p>Segundo a narrativa publicada, a divis\u00e3o em dois congressos visa assegurar uma escolha cuidadosa e participativa do novo l\u00edder, levando em conta a heran\u00e7a pol\u00edtica do PAIGC e os desafios atuais.<\/p>\n<p>O conte\u00fado completo permanece dispon\u00edvel apenas para subscritores. A reportagem refor\u00e7a a necessidade de aceder \u00e0 edi\u00e7\u00e3o para detalhes adicionais, datas e pronunciamentos oficiais.<\/p>\n","protected":false},"excerpt":{"rendered":"<ul>\n<li>O hist\u00f3rico do PAIGC da Guin\u00e9-Bissau ser\u00e1 dividido em dois congressos para eleger o l\u00edder.<\/li>\n<li>O trecho dispon\u00edvel n\u00e3o detalha os desdobramentos espec\u00edficos.<\/li>\n<li>O conte\u00fado completo est\u00e1 acess\u00edvel apenas a subscritores.<\/li>\n<\/ul>\n","protected":false},"author":2,"featured_media":412401,"comment_status":"closed","ping_status":"closed","sticky":false,"template":"","format":"standard","meta":{"footnotes":""},"categories":[1,5],"tags":[6802,6653,136,4935,1732,2832],"class_list":["post-412392","post","type-post","status-publish","format-standard","has-post-thumbnail","hentry","category-noticias","category-politica","tag-lideranca","tag-organizacao","tag-organizacoes","tag-paigc","tag-partidos","tag-politica"],"yoast_head":"<!-- This site is optimized with the Yoast SEO plugin v27.2 - https:\/\/yoast.com\/product\/yoast-seo-wordpress\/ -->\n<title>PAIGC da Guin\u00e9-Bissau realiza dois congressos para eleger o l\u00edder - Portal Tela Portugal<\/title>\n<meta name=\"robots\" content=\"index, follow, max-snippet:-1, max-image-preview:large, max-video-preview:-1\" \/>\n<meta property=\"og:locale\" content=\"pt_PT\" \/>\n<meta property=\"og:type\" content=\"article\" \/>\n<meta property=\"og:title\" content=\"PAIGC da Guin\u00e9-Bissau realiza dois congressos para eleger o l\u00edder - Portal Tela Portugal\" \/>\n<meta property=\"og:description\" content=\"O hist\u00f3rico do PAIGC da Guin\u00e9-Bissau ser\u00e1 dividido em dois congressos para eleger o l\u00edder. O trecho dispon\u00edvel n\u00e3o detalha os desdobramentos espec\u00edficos. O conte\u00fado completo est\u00e1 acess\u00edvel apenas a subscritores.\" \/>\n<meta property=\"og:url\" content=\"https:\/\/portaltela.pt\/noticias\/2026\/03\/16\/paigc-da-guine-bissau-realiza-dois-congressos-para-eleger-o-lider\/\" \/>\n<meta property=\"og:site_name\" content=\"Portal Tela Portugal\" \/>\n<meta property=\"article:published_time\" content=\"2026-03-16T18:27:00+00:00\" \/>\n<meta name=\"author\" content=\"Telinha\" \/>\n<meta name=\"twitter:card\" content=\"summary_large_image\" \/>\n<meta name=\"twitter:label1\" content=\"Escrito por\" \/>\n\t<meta name=\"twitter:data1\" content=\"Telinha\" \/>\n\t<meta name=\"twitter:label2\" content=\"Tempo estimado de leitura\" \/>\n\t<meta name=\"twitter:data2\" content=\"1 minuto\" \/>\n<script type=\"application\/ld+json\" class=\"yoast-schema-graph\">{\"@context\":\"https:\/\/schema.org\",\"@graph\":[{\"@type\":\"Article\",\"@id\":\"https:\/\/portaltela.pt\/noticias\/2026\/03\/16\/paigc-da-guine-bissau-realiza-dois-congressos-para-eleger-o-lider\/#article\",\"isPartOf\":{\"@id\":\"https:\/\/portaltela.pt\/noticias\/2026\/03\/16\/paigc-da-guine-bissau-realiza-dois-congressos-para-eleger-o-lider\/\"},\"author\":{\"name\":\"Telinha\",\"@id\":\"https:\/\/portaltela.pt\/#\/schema\/person\/c4278d4a6028830caff9ee44b42d32ed\"},\"headline\":\"PAIGC da Guin\u00e9-Bissau realiza dois congressos para eleger o l\u00edder\",\"datePublished\":\"2026-03-16T18:27:00+00:00\",\"mainEntityOfPage\":{\"@id\":\"https:\/\/portaltela.pt\/noticias\/2026\/03\/16\/paigc-da-guine-bissau-realiza-dois-congressos-para-eleger-o-lider\/\"},\"wordCount\":114,\"image\":{\"@id\":\"https:\/\/portaltela.pt\/noticias\/2026\/03\/16\/paigc-da-guine-bissau-realiza-dois-congressos-para-eleger-o-lider\/#primaryimage\"},\"thumbnailUrl\":\"https:\/\/portaltela.pt\/s.01k8rhncp4jt1\/2026\/03\/CACHE_780X1200_ANALOG_WATERMARKED_17570203_706312_08042019030234.jpg\",\"keywords\":[\"lideran\u00e7a\",\"organiza\u00e7\u00e3o\",\"organiza\u00e7\u00f5es\",\"PAIGC\",\"partidos\",\"pol\u00edtica\"],\"articleSection\":[\"Not\u00edcias\",\"Pol\u00edtica\"],\"inLanguage\":\"pt-PT\"},{\"@type\":\"WebPage\",\"@id\":\"https:\/\/portaltela.pt\/noticias\/2026\/03\/16\/paigc-da-guine-bissau-realiza-dois-congressos-para-eleger-o-lider\/\",\"url\":\"https:\/\/portaltela.pt\/noticias\/2026\/03\/16\/paigc-da-guine-bissau-realiza-dois-congressos-para-eleger-o-lider\/\",\"name\":\"PAIGC da Guin\u00e9-Bissau realiza dois congressos para eleger o l\u00edder - Portal Tela Portugal\",\"isPartOf\":{\"@id\":\"https:\/\/portaltela.pt\/#website\"},\"primaryImageOfPage\":{\"@id\":\"https:\/\/portaltela.pt\/noticias\/2026\/03\/16\/paigc-da-guine-bissau-realiza-dois-congressos-para-eleger-o-lider\/#primaryimage\"},\"image\":{\"@id\":\"https:\/\/portaltela.pt\/noticias\/2026\/03\/16\/paigc-da-guine-bissau-realiza-dois-congressos-para-eleger-o-lider\/#primaryimage\"},\"thumbnailUrl\":\"https:\/\/portaltela.pt\/s.01k8rhncp4jt1\/2026\/03\/CACHE_780X1200_ANALOG_WATERMARKED_17570203_706312_08042019030234.jpg\",\"datePublished\":\"2026-03-16T18:27:00+00:00\",\"author\":{\"@id\":\"https:\/\/portaltela.pt\/#\/schema\/person\/c4278d4a6028830caff9ee44b42d32ed\"},\"breadcrumb\":{\"@id\":\"https:\/\/portaltela.pt\/noticias\/2026\/03\/16\/paigc-da-guine-bissau-realiza-dois-congressos-para-eleger-o-lider\/#breadcrumb\"},\"inLanguage\":\"pt-PT\",\"potentialAction\":[{\"@type\":\"ReadAction\",\"target\":[\"https:\/\/portaltela.pt\/noticias\/2026\/03\/16\/paigc-da-guine-bissau-realiza-dois-congressos-para-eleger-o-lider\/\"]}]},{\"@type\":\"ImageObject\",\"inLanguage\":\"pt-PT\",\"@id\":\"https:\/\/portaltela.pt\/noticias\/2026\/03\/16\/paigc-da-guine-bissau-realiza-dois-congressos-para-eleger-o-lider\/#primaryimage\",\"url\":\"https:\/\/portaltela.pt\/s.01k8rhncp4jt1\/2026\/03\/CACHE_780X1200_ANALOG_WATERMARKED_17570203_706312_08042019030234.jpg\",\"contentUrl\":\"https:\/\/portaltela.pt\/s.01k8rhncp4jt1\/2026\/03\/CACHE_780X1200_ANALOG_WATERMARKED_17570203_706312_08042019030234.jpg\",\"width\":796,\"height\":448,\"caption\":\"Hist\u00f3rico PAIGC da Guin\u00e9-Bissau dividido em dois congressos para eleger o l\u00edder\"},{\"@type\":\"BreadcrumbList\",\"@id\":\"https:\/\/portaltela.pt\/noticias\/2026\/03\/16\/paigc-da-guine-bissau-realiza-dois-congressos-para-eleger-o-lider\/#breadcrumb\",\"itemListElement\":[{\"@type\":\"ListItem\",\"position\":1,\"name\":\"In\u00edcio\",\"item\":\"https:\/\/portaltela.pt\/\"},{\"@type\":\"ListItem\",\"position\":2,\"name\":\"PAIGC da Guin\u00e9-Bissau realiza dois congressos para eleger o l\u00edder\"}]},{\"@type\":\"WebSite\",\"@id\":\"https:\/\/portaltela.pt\/#website\",\"url\":\"https:\/\/portaltela.pt\/\",\"name\":\"Portal Tela Portugal\",\"description\":\"\",\"potentialAction\":[{\"@type\":\"SearchAction\",\"target\":{\"@type\":\"EntryPoint\",\"urlTemplate\":\"https:\/\/portaltela.pt\/?s={search_term_string}\"},\"query-input\":{\"@type\":\"PropertyValueSpecification\",\"valueRequired\":true,\"valueName\":\"search_term_string\"}}],\"inLanguage\":\"pt-PT\"},{\"@type\":\"Person\",\"@id\":\"https:\/\/portaltela.pt\/#\/schema\/person\/c4278d4a6028830caff9ee44b42d32ed\",\"name\":\"Telinha\",\"image\":{\"@type\":\"ImageObject\",\"inLanguage\":\"pt-PT\",\"@id\":\"https:\/\/portaltela.pt\/s.01k8rhncp4jt1\/2025\/11\/talking-bot-125x125.png\",\"url\":\"https:\/\/portaltela.pt\/s.01k8rhncp4jt1\/2025\/11\/talking-bot-125x125.png\",\"contentUrl\":\"https:\/\/portaltela.pt\/s.01k8rhncp4jt1\/2025\/11\/talking-bot-125x125.png\",\"caption\":\"Telinha\"},\"sameAs\":[\"https:\/\/portaltela.pt\/\"],\"url\":\"https:\/\/portaltela.pt\/por\/367410592786\/\"}]}<\/script>\n<!-- \/ Yoast SEO plugin. -->","yoast_head_json":{"title":"PAIGC da Guin\u00e9-Bissau realiza dois congressos para eleger o l\u00edder - Portal Tela Portugal","robots":{"index":"index","follow":"follow","max-snippet":"max-snippet:-1","max-image-preview":"max-image-preview:large","max-video-preview":"max-video-preview:-1"},"og_locale":"pt_PT","og_type":"article","og_title":"PAIGC da Guin\u00e9-Bissau realiza dois congressos para eleger o l\u00edder - Portal Tela Portugal","og_description":"O hist\u00f3rico do PAIGC da Guin\u00e9-Bissau ser\u00e1 dividido em dois congressos para eleger o l\u00edder. O trecho dispon\u00edvel n\u00e3o detalha os desdobramentos espec\u00edficos. O conte\u00fado completo est\u00e1 acess\u00edvel apenas a subscritores.","og_url":"https:\/\/portaltela.pt\/noticias\/2026\/03\/16\/paigc-da-guine-bissau-realiza-dois-congressos-para-eleger-o-lider\/","og_site_name":"Portal Tela Portugal","article_published_time":"2026-03-16T18:27:00+00:00","author":"Telinha","twitter_card":"summary_large_image","twitter_misc":{"Escrito por":"Telinha","Tempo estimado de leitura":"1 minuto"},"schema":{"@context":"https:\/\/schema.org","@graph":[{"@type":"Article","@id":"https:\/\/portaltela.pt\/noticias\/2026\/03\/16\/paigc-da-guine-bissau-realiza-dois-congressos-para-eleger-o-lider\/#article","isPartOf":{"@id":"https:\/\/portaltela.pt\/noticias\/2026\/03\/16\/paigc-da-guine-bissau-realiza-dois-congressos-para-eleger-o-lider\/"},"author":{"name":"Telinha","@id":"https:\/\/portaltela.pt\/#\/schema\/person\/c4278d4a6028830caff9ee44b42d32ed"},"headline":"PAIGC da Guin\u00e9-Bissau realiza dois congressos para eleger o l\u00edder","datePublished":"2026-03-16T18:27:00+00:00","mainEntityOfPage":{"@id":"https:\/\/portaltela.pt\/noticias\/2026\/03\/16\/paigc-da-guine-bissau-realiza-dois-congressos-para-eleger-o-lider\/"},"wordCount":114,"image":{"@id":"https:\/\/portaltela.pt\/noticias\/2026\/03\/16\/paigc-da-guine-bissau-realiza-dois-congressos-para-eleger-o-lider\/#primaryimage"},"thumbnailUrl":"https:\/\/portaltela.pt\/s.01k8rhncp4jt1\/2026\/03\/CACHE_780X1200_ANALOG_WATERMARKED_17570203_706312_08042019030234.jpg","keywords":["lideran\u00e7a","organiza\u00e7\u00e3o","organiza\u00e7\u00f5es","PAIGC","partidos","pol\u00edtica"],"articleSection":["Not\u00edcias","Pol\u00edtica"],"inLanguage":"pt-PT"},{"@type":"WebPage","@id":"https:\/\/portaltela.pt\/noticias\/2026\/03\/16\/paigc-da-guine-bissau-realiza-dois-congressos-para-eleger-o-lider\/","url":"https:\/\/portaltela.pt\/noticias\/2026\/03\/16\/paigc-da-guine-bissau-realiza-dois-congressos-para-eleger-o-lider\/","name":"PAIGC da Guin\u00e9-Bissau realiza dois congressos para eleger o l\u00edder - Portal Tela Portugal","isPartOf":{"@id":"https:\/\/portaltela.pt\/#website"},"primaryImageOfPage":{"@id":"https:\/\/portaltela.pt\/noticias\/2026\/03\/16\/paigc-da-guine-bissau-realiza-dois-congressos-para-eleger-o-lider\/#primaryimage"},"image":{"@id":"https:\/\/portaltela.pt\/noticias\/2026\/03\/16\/paigc-da-guine-bissau-realiza-dois-congressos-para-eleger-o-lider\/#primaryimage"},"thumbnailUrl":"https:\/\/portaltela.pt\/s.01k8rhncp4jt1\/2026\/03\/CACHE_780X1200_ANALOG_WATERMARKED_17570203_706312_08042019030234.jpg","datePublished":"2026-03-16T18:27:00+00:00","author":{"@id":"https:\/\/portaltela.pt\/#\/schema\/person\/c4278d4a6028830caff9ee44b42d32ed"},"breadcrumb":{"@id":"https:\/\/portaltela.pt\/noticias\/2026\/03\/16\/paigc-da-guine-bissau-realiza-dois-congressos-para-eleger-o-lider\/#breadcrumb"},"inLanguage":"pt-PT","potentialAction":[{"@type":"ReadAction","target":["https:\/\/portaltela.pt\/noticias\/2026\/03\/16\/paigc-da-guine-bissau-realiza-dois-congressos-para-eleger-o-lider\/"]}]},{"@type":"ImageObject","inLanguage":"pt-PT","@id":"https:\/\/portaltela.pt\/noticias\/2026\/03\/16\/paigc-da-guine-bissau-realiza-dois-congressos-para-eleger-o-lider\/#primaryimage","url":"https:\/\/portaltela.pt\/s.01k8rhncp4jt1\/2026\/03\/CACHE_780X1200_ANALOG_WATERMARKED_17570203_706312_08042019030234.jpg","contentUrl":"https:\/\/portaltela.pt\/s.01k8rhncp4jt1\/2026\/03\/CACHE_780X1200_ANALOG_WATERMARKED_17570203_706312_08042019030234.jpg","width":796,"height":448,"caption":"Hist\u00f3rico PAIGC da Guin\u00e9-Bissau dividido em dois congressos para eleger o l\u00edder"},{"@type":"BreadcrumbList","@id":"https:\/\/portaltela.pt\/noticias\/2026\/03\/16\/paigc-da-guine-bissau-realiza-dois-congressos-para-eleger-o-lider\/#breadcrumb","itemListElement":[{"@type":"ListItem","position":1,"name":"In\u00edcio","item":"https:\/\/portaltela.pt\/"},{"@type":"ListItem","position":2,"name":"PAIGC da Guin\u00e9-Bissau realiza dois congressos para eleger o l\u00edder"}]},{"@type":"WebSite","@id":"https:\/\/portaltela.pt\/#website","url":"https:\/\/portaltela.pt\/","name":"Portal Tela Portugal","description":"","potentialAction":[{"@type":"SearchAction","target":{"@type":"EntryPoint","urlTemplate":"https:\/\/portaltela.pt\/?s={search_term_string}"},"query-input":{"@type":"PropertyValueSpecification","valueRequired":true,"valueName":"search_term_string"}}],"inLanguage":"pt-PT"},{"@type":"Person","@id":"https:\/\/portaltela.pt\/#\/schema\/person\/c4278d4a6028830caff9ee44b42d32ed","name":"Telinha","image":{"@type":"ImageObject","inLanguage":"pt-PT","@id":"https:\/\/portaltela.pt\/s.01k8rhncp4jt1\/2025\/11\/talking-bot-125x125.png","url":"https:\/\/portaltela.pt\/s.01k8rhncp4jt1\/2025\/11\/talking-bot-125x125.png","contentUrl":"https:\/\/portaltela.pt\/s.01k8rhncp4jt1\/2025\/11\/talking-bot-125x125.png","caption":"Telinha"},"sameAs":["https:\/\/portaltela.pt\/"],"url":"https:\/\/portaltela.pt\/por\/367410592786\/"}]}},"_links":{"self":[{"href":"https:\/\/portaltela.pt\/api\/wp\/v2\/posts\/412392","targetHints":{"allow":["GET"]}}],"collection":[{"href":"https:\/\/portaltela.pt\/api\/wp\/v2\/posts"}],"about":[{"href":"https:\/\/portaltela.pt\/api\/wp\/v2\/types\/post"}],"author":[{"embeddable":true,"href":"https:\/\/portaltela.pt\/api\/wp\/v2\/users\/2"}],"replies":[{"embeddable":true,"href":"https:\/\/portaltela.pt\/api\/wp\/v2\/comments?post=412392"}],"version-history":[{"count":0,"href":"https:\/\/portaltela.pt\/api\/wp\/v2\/posts\/412392\/revisions"}],"wp:featuredmedia":[{"embeddable":true,"href":"https:\/\/portaltela.pt\/api\/wp\/v2\/media\/412401"}],"wp:attachment":[{"href":"https:\/\/portaltela.pt\/api\/wp\/v2\/media?parent=412392"}],"wp:term":[{"taxonomy":"category","embeddable":true,"href":"https:\/\/portaltela.pt\/api\/wp\/v2\/categories?post=412392"},{"taxonomy":"post_tag","embeddable":true,"href":"https:\/\/portaltela.pt\/api\/wp\/v2\/tags?post=412392"}],"curies":[{"name":"wp","href":"https:\/\/api.w.org\/{rel}","templated":true}]}}