{"id":412367,"date":"2026-03-16T15:16:44","date_gmt":"2026-03-16T18:16:44","guid":{"rendered":"https:\/\/portaltela.pt\/noticias\/2026\/03\/16\/brigitte-bardot-ausente-nos-oscares-levanta-questoes-sobre-motivacoes\/"},"modified":"2026-03-16T15:16:44","modified_gmt":"2026-03-16T18:16:44","slug":"brigitte-bardot-ausente-nos-oscares-levanta-questoes-sobre-motivacoes","status":"publish","type":"post","link":"https:\/\/portaltela.pt\/entretenimento\/2026\/03\/16\/brigitte-bardot-ausente-nos-oscares-levanta-questoes-sobre-motivacoes\/","title":{"rendered":"Brigitte Bardot ausente nos \u00d3scares levanta quest\u00f5es sobre motiva\u00e7\u00f5es."},"content":{"rendered":"<p>A cerim\u00f3nia dos \u00d3scares de 2026 distinguiu um segmento In Memoriam ampliado, mas acabou por omitir a atriz Brigitte Bardot. A aus\u00eancia gerou debate sobre motiva\u00e7\u00f5es pol\u00edticas ou esquecimento, apesar de Bardot constar na lista alargada no site da Academia.<\/p>\n<p>Entre os exclu\u00eddos estiveram James Van Der Beek, Bud Cort e, de forma destacada, Bardot, s\u00edmbolo de v\u00e1rias gera\u00e7\u00f5es. O momento de tributo foi dedicado a Rob Reiner e Michele Reiner, com Billy Crystal a apresentar uma despedida emocional.<\/p>\n<p>Ao longo do segmento, Barbra Streisand interpretou um excerto de um filme cl\u00e1ssico em honra de Robert Redford. Bardot, entretanto, n\u00e3o foi mencionada na transmiss\u00e3o em direto, podendo ter ficado apenas na lista online da Academia, onde tamb\u00e9m aparece o cineasta portugu\u00eas Jo\u00e3o Canijo.<\/p>\n<p>Aus\u00eancia gera rea\u00e7\u00e3o nas redes sociais, com utilizadores a debater se houve prud\u00eancia pol\u00edtica por tr\u00e1s da decis\u00e3o. Cr\u00edticos e f\u00e3s recordam que Bardot j\u00e1 teve posi\u00e7\u00f5es pol\u00e9micas, sem, contudo, impedir a discuss\u00e3o sobre o legado cinematogr\u00e1fico.<\/p>\n<p>Gafe antiga<\/p>\n<p>A quest\u00e3o de Delon tamb\u00e9m voltou a emergir: o ator franc\u00eas foi omitido do In Memoriam no ano anterior, gerando cr\u00edticas semelhantes, em linha com controv\u00e9rsias pol\u00edticas associadas a figuras p\u00fablicas da \u00e9poca.<\/p>\n","protected":false},"excerpt":{"rendered":"<ul>\n<li>Os \u00d3scares de 2026 n\u00e3o inclu\u00edram Brigitte Bardot no segmento In Memoriam televisado, alimentando pol\u00e9mica sobre motiva\u00e7\u00f5es pol\u00edticas ou simples esquecimento.<\/li>\n<li>O j\u00e1 habitual tributo viu despedidas a Rob Reiner e Michele Reiner, com Billy Crystal; Barbra Streisand interpretou um trecho de O Nosso Amor de Ontem para Robert Redford.<\/li>\n<li>Bardot aparece na lista ampliada In Memoriam no site da Academia, que tamb\u00e9m menciona o cineasta portugu\u00eas Jo\u00e3o Canijo.<\/li>\n<li>Nas redes sociais, houve rea\u00e7\u00f5es diversas \u00e0 aus\u00eancia de Bardot, com usu\u00e1rios a especular sobre a influ\u00eancia de posi\u00e7\u00f5es pol\u00edticas e a recordar casos anteriores, como a omiss\u00e3o de Alain Delon no ano anterior.<\/li>\n<li>Bardot, que morreu em dezembro do ano passado, foi \u00edcone da Nova Vague francesa, mais tarde ativista pelos direitos dos animais e alvo de condena\u00e7\u00f5es por incitamento ao \u00f3dio.<\/li>\n<\/ul>\n","protected":false},"author":2,"featured_media":412377,"comment_status":"closed","ping_status":"closed","sticky":false,"template":"","format":"standard","meta":{"footnotes":""},"categories":[6675,12],"tags":[112,145,78,3430,2832,88],"class_list":["post-412367","post","type-post","status-publish","format-standard","has-post-thumbnail","hentry","category-celebridades","category-entretenimento","tag-cinema","tag-cultura","tag-famosos","tag-oscares","tag-politica","tag-redes-sociais"],"yoast_head":"<!-- This site is optimized with the Yoast SEO plugin v27.2 - https:\/\/yoast.com\/product\/yoast-seo-wordpress\/ -->\n<title>Brigitte Bardot ausente nos \u00d3scares levanta quest\u00f5es sobre motiva\u00e7\u00f5es. - Portal Tela Portugal<\/title>\n<meta name=\"robots\" content=\"index, follow, max-snippet:-1, max-image-preview:large, max-video-preview:-1\" \/>\n<meta property=\"og:locale\" content=\"pt_PT\" \/>\n<meta property=\"og:type\" content=\"article\" \/>\n<meta property=\"og:title\" content=\"Brigitte Bardot ausente nos \u00d3scares levanta quest\u00f5es sobre motiva\u00e7\u00f5es. - Portal Tela Portugal\" \/>\n<meta property=\"og:description\" content=\"Os \u00d3scares de 2026 n\u00e3o inclu\u00edram Brigitte Bardot no segmento In Memoriam televisado, alimentando pol\u00e9mica sobre motiva\u00e7\u00f5es pol\u00edticas ou simples esquecimento. O j\u00e1 habitual tributo viu despedidas a Rob Reiner e Michele Reiner, com Billy Crystal; Barbra Streisand interpretou um trecho de O Nosso Amor de Ontem para Robert Redford. Bardot aparece na lista ampliada In Memoriam no site da Academia, que tamb\u00e9m menciona o cineasta portugu\u00eas Jo\u00e3o Canijo. Nas redes sociais, houve rea\u00e7\u00f5es diversas \u00e0 aus\u00eancia de Bardot, com usu\u00e1rios a especular sobre a influ\u00eancia de posi\u00e7\u00f5es pol\u00edticas e a recordar casos anteriores, como a omiss\u00e3o de Alain Delon no ano anterior. Bardot, que morreu em dezembro do ano passado, foi \u00edcone da Nova Vague francesa, mais tarde ativista pelos direitos dos animais e alvo de condena\u00e7\u00f5es por incitamento ao \u00f3dio.\" \/>\n<meta property=\"og:url\" content=\"https:\/\/portaltela.pt\/noticias\/2026\/03\/16\/brigitte-bardot-ausente-nos-oscares-levanta-questoes-sobre-motivacoes\/\" \/>\n<meta property=\"og:site_name\" content=\"Portal Tela Portugal\" \/>\n<meta property=\"article:published_time\" content=\"2026-03-16T18:16:44+00:00\" \/>\n<meta name=\"author\" content=\"Telinha\" \/>\n<meta name=\"twitter:card\" content=\"summary_large_image\" \/>\n<meta name=\"twitter:label1\" content=\"Escrito por\" \/>\n\t<meta name=\"twitter:data1\" content=\"Telinha\" \/>\n\t<meta name=\"twitter:label2\" content=\"Tempo estimado de leitura\" \/>\n\t<meta name=\"twitter:data2\" content=\"1 minuto\" \/>\n<script type=\"application\/ld+json\" class=\"yoast-schema-graph\">{\"@context\":\"https:\/\/schema.org\",\"@graph\":[{\"@type\":\"Article\",\"@id\":\"https:\/\/portaltela.pt\/noticias\/2026\/03\/16\/brigitte-bardot-ausente-nos-oscares-levanta-questoes-sobre-motivacoes\/#article\",\"isPartOf\":{\"@id\":\"https:\/\/portaltela.pt\/noticias\/2026\/03\/16\/brigitte-bardot-ausente-nos-oscares-levanta-questoes-sobre-motivacoes\/\"},\"author\":{\"name\":\"Telinha\",\"@id\":\"https:\/\/portaltela.pt\/#\/schema\/person\/c4278d4a6028830caff9ee44b42d32ed\"},\"headline\":\"Brigitte Bardot ausente nos \u00d3scares levanta quest\u00f5es sobre motiva\u00e7\u00f5es.\",\"datePublished\":\"2026-03-16T18:16:44+00:00\",\"mainEntityOfPage\":{\"@id\":\"https:\/\/portaltela.pt\/noticias\/2026\/03\/16\/brigitte-bardot-ausente-nos-oscares-levanta-questoes-sobre-motivacoes\/\"},\"wordCount\":238,\"image\":{\"@id\":\"https:\/\/portaltela.pt\/noticias\/2026\/03\/16\/brigitte-bardot-ausente-nos-oscares-levanta-questoes-sobre-motivacoes\/#primaryimage\"},\"thumbnailUrl\":\"https:\/\/portaltela.pt\/s.01k8rhncp4jt1\/2026\/03\/1536x864_cmsv2_a8c4537d-1982-53c6-819d-c4019335e185-9687378.jpg\",\"keywords\":[\"cinema\",\"cultura\",\"famosos\",\"\u00d3scares\",\"pol\u00edtica\",\"redes sociais\"],\"articleSection\":[\"Celebridades\",\"Entretenimento\"],\"inLanguage\":\"pt-PT\"},{\"@type\":\"WebPage\",\"@id\":\"https:\/\/portaltela.pt\/noticias\/2026\/03\/16\/brigitte-bardot-ausente-nos-oscares-levanta-questoes-sobre-motivacoes\/\",\"url\":\"https:\/\/portaltela.pt\/noticias\/2026\/03\/16\/brigitte-bardot-ausente-nos-oscares-levanta-questoes-sobre-motivacoes\/\",\"name\":\"Brigitte Bardot ausente nos \u00d3scares levanta quest\u00f5es sobre motiva\u00e7\u00f5es. - Portal Tela Portugal\",\"isPartOf\":{\"@id\":\"https:\/\/portaltela.pt\/#website\"},\"primaryImageOfPage\":{\"@id\":\"https:\/\/portaltela.pt\/noticias\/2026\/03\/16\/brigitte-bardot-ausente-nos-oscares-levanta-questoes-sobre-motivacoes\/#primaryimage\"},\"image\":{\"@id\":\"https:\/\/portaltela.pt\/noticias\/2026\/03\/16\/brigitte-bardot-ausente-nos-oscares-levanta-questoes-sobre-motivacoes\/#primaryimage\"},\"thumbnailUrl\":\"https:\/\/portaltela.pt\/s.01k8rhncp4jt1\/2026\/03\/1536x864_cmsv2_a8c4537d-1982-53c6-819d-c4019335e185-9687378.jpg\",\"datePublished\":\"2026-03-16T18:16:44+00:00\",\"author\":{\"@id\":\"https:\/\/portaltela.pt\/#\/schema\/person\/c4278d4a6028830caff9ee44b42d32ed\"},\"breadcrumb\":{\"@id\":\"https:\/\/portaltela.pt\/noticias\/2026\/03\/16\/brigitte-bardot-ausente-nos-oscares-levanta-questoes-sobre-motivacoes\/#breadcrumb\"},\"inLanguage\":\"pt-PT\",\"potentialAction\":[{\"@type\":\"ReadAction\",\"target\":[\"https:\/\/portaltela.pt\/noticias\/2026\/03\/16\/brigitte-bardot-ausente-nos-oscares-levanta-questoes-sobre-motivacoes\/\"]}]},{\"@type\":\"ImageObject\",\"inLanguage\":\"pt-PT\",\"@id\":\"https:\/\/portaltela.pt\/noticias\/2026\/03\/16\/brigitte-bardot-ausente-nos-oscares-levanta-questoes-sobre-motivacoes\/#primaryimage\",\"url\":\"https:\/\/portaltela.pt\/s.01k8rhncp4jt1\/2026\/03\/1536x864_cmsv2_a8c4537d-1982-53c6-819d-c4019335e185-9687378.jpg\",\"contentUrl\":\"https:\/\/portaltela.pt\/s.01k8rhncp4jt1\/2026\/03\/1536x864_cmsv2_a8c4537d-1982-53c6-819d-c4019335e185-9687378.jpg\",\"width\":796,\"height\":448,\"caption\":\"Barbra Streisand fala sobre Robert Redford no segmento \\\"In Memoriam\\\" dos \u00d3scares\"},{\"@type\":\"BreadcrumbList\",\"@id\":\"https:\/\/portaltela.pt\/noticias\/2026\/03\/16\/brigitte-bardot-ausente-nos-oscares-levanta-questoes-sobre-motivacoes\/#breadcrumb\",\"itemListElement\":[{\"@type\":\"ListItem\",\"position\":1,\"name\":\"In\u00edcio\",\"item\":\"https:\/\/portaltela.pt\/\"},{\"@type\":\"ListItem\",\"position\":2,\"name\":\"Brigitte Bardot ausente nos \u00d3scares levanta quest\u00f5es sobre motiva\u00e7\u00f5es.\"}]},{\"@type\":\"WebSite\",\"@id\":\"https:\/\/portaltela.pt\/#website\",\"url\":\"https:\/\/portaltela.pt\/\",\"name\":\"Portal Tela Portugal\",\"description\":\"\",\"potentialAction\":[{\"@type\":\"SearchAction\",\"target\":{\"@type\":\"EntryPoint\",\"urlTemplate\":\"https:\/\/portaltela.pt\/?s={search_term_string}\"},\"query-input\":{\"@type\":\"PropertyValueSpecification\",\"valueRequired\":true,\"valueName\":\"search_term_string\"}}],\"inLanguage\":\"pt-PT\"},{\"@type\":\"Person\",\"@id\":\"https:\/\/portaltela.pt\/#\/schema\/person\/c4278d4a6028830caff9ee44b42d32ed\",\"name\":\"Telinha\",\"image\":{\"@type\":\"ImageObject\",\"inLanguage\":\"pt-PT\",\"@id\":\"https:\/\/portaltela.pt\/s.01k8rhncp4jt1\/2025\/11\/talking-bot-125x125.png\",\"url\":\"https:\/\/portaltela.pt\/s.01k8rhncp4jt1\/2025\/11\/talking-bot-125x125.png\",\"contentUrl\":\"https:\/\/portaltela.pt\/s.01k8rhncp4jt1\/2025\/11\/talking-bot-125x125.png\",\"caption\":\"Telinha\"},\"sameAs\":[\"https:\/\/portaltela.pt\/\"],\"url\":\"https:\/\/portaltela.pt\/por\/367410592786\/\"}]}<\/script>\n<!-- \/ Yoast SEO plugin. -->","yoast_head_json":{"title":"Brigitte Bardot ausente nos \u00d3scares levanta quest\u00f5es sobre motiva\u00e7\u00f5es. - Portal Tela Portugal","robots":{"index":"index","follow":"follow","max-snippet":"max-snippet:-1","max-image-preview":"max-image-preview:large","max-video-preview":"max-video-preview:-1"},"og_locale":"pt_PT","og_type":"article","og_title":"Brigitte Bardot ausente nos \u00d3scares levanta quest\u00f5es sobre motiva\u00e7\u00f5es. - Portal Tela Portugal","og_description":"Os \u00d3scares de 2026 n\u00e3o inclu\u00edram Brigitte Bardot no segmento In Memoriam televisado, alimentando pol\u00e9mica sobre motiva\u00e7\u00f5es pol\u00edticas ou simples esquecimento. O j\u00e1 habitual tributo viu despedidas a Rob Reiner e Michele Reiner, com Billy Crystal; Barbra Streisand interpretou um trecho de O Nosso Amor de Ontem para Robert Redford. Bardot aparece na lista ampliada In Memoriam no site da Academia, que tamb\u00e9m menciona o cineasta portugu\u00eas Jo\u00e3o Canijo. Nas redes sociais, houve rea\u00e7\u00f5es diversas \u00e0 aus\u00eancia de Bardot, com usu\u00e1rios a especular sobre a influ\u00eancia de posi\u00e7\u00f5es pol\u00edticas e a recordar casos anteriores, como a omiss\u00e3o de Alain Delon no ano anterior. Bardot, que morreu em dezembro do ano passado, foi \u00edcone da Nova Vague francesa, mais tarde ativista pelos direitos dos animais e alvo de condena\u00e7\u00f5es por incitamento ao \u00f3dio.","og_url":"https:\/\/portaltela.pt\/noticias\/2026\/03\/16\/brigitte-bardot-ausente-nos-oscares-levanta-questoes-sobre-motivacoes\/","og_site_name":"Portal Tela Portugal","article_published_time":"2026-03-16T18:16:44+00:00","author":"Telinha","twitter_card":"summary_large_image","twitter_misc":{"Escrito por":"Telinha","Tempo estimado de leitura":"1 minuto"},"schema":{"@context":"https:\/\/schema.org","@graph":[{"@type":"Article","@id":"https:\/\/portaltela.pt\/noticias\/2026\/03\/16\/brigitte-bardot-ausente-nos-oscares-levanta-questoes-sobre-motivacoes\/#article","isPartOf":{"@id":"https:\/\/portaltela.pt\/noticias\/2026\/03\/16\/brigitte-bardot-ausente-nos-oscares-levanta-questoes-sobre-motivacoes\/"},"author":{"name":"Telinha","@id":"https:\/\/portaltela.pt\/#\/schema\/person\/c4278d4a6028830caff9ee44b42d32ed"},"headline":"Brigitte Bardot ausente nos \u00d3scares levanta quest\u00f5es sobre motiva\u00e7\u00f5es.","datePublished":"2026-03-16T18:16:44+00:00","mainEntityOfPage":{"@id":"https:\/\/portaltela.pt\/noticias\/2026\/03\/16\/brigitte-bardot-ausente-nos-oscares-levanta-questoes-sobre-motivacoes\/"},"wordCount":238,"image":{"@id":"https:\/\/portaltela.pt\/noticias\/2026\/03\/16\/brigitte-bardot-ausente-nos-oscares-levanta-questoes-sobre-motivacoes\/#primaryimage"},"thumbnailUrl":"https:\/\/portaltela.pt\/s.01k8rhncp4jt1\/2026\/03\/1536x864_cmsv2_a8c4537d-1982-53c6-819d-c4019335e185-9687378.jpg","keywords":["cinema","cultura","famosos","\u00d3scares","pol\u00edtica","redes sociais"],"articleSection":["Celebridades","Entretenimento"],"inLanguage":"pt-PT"},{"@type":"WebPage","@id":"https:\/\/portaltela.pt\/noticias\/2026\/03\/16\/brigitte-bardot-ausente-nos-oscares-levanta-questoes-sobre-motivacoes\/","url":"https:\/\/portaltela.pt\/noticias\/2026\/03\/16\/brigitte-bardot-ausente-nos-oscares-levanta-questoes-sobre-motivacoes\/","name":"Brigitte Bardot ausente nos \u00d3scares levanta quest\u00f5es sobre motiva\u00e7\u00f5es. - Portal Tela Portugal","isPartOf":{"@id":"https:\/\/portaltela.pt\/#website"},"primaryImageOfPage":{"@id":"https:\/\/portaltela.pt\/noticias\/2026\/03\/16\/brigitte-bardot-ausente-nos-oscares-levanta-questoes-sobre-motivacoes\/#primaryimage"},"image":{"@id":"https:\/\/portaltela.pt\/noticias\/2026\/03\/16\/brigitte-bardot-ausente-nos-oscares-levanta-questoes-sobre-motivacoes\/#primaryimage"},"thumbnailUrl":"https:\/\/portaltela.pt\/s.01k8rhncp4jt1\/2026\/03\/1536x864_cmsv2_a8c4537d-1982-53c6-819d-c4019335e185-9687378.jpg","datePublished":"2026-03-16T18:16:44+00:00","author":{"@id":"https:\/\/portaltela.pt\/#\/schema\/person\/c4278d4a6028830caff9ee44b42d32ed"},"breadcrumb":{"@id":"https:\/\/portaltela.pt\/noticias\/2026\/03\/16\/brigitte-bardot-ausente-nos-oscares-levanta-questoes-sobre-motivacoes\/#breadcrumb"},"inLanguage":"pt-PT","potentialAction":[{"@type":"ReadAction","target":["https:\/\/portaltela.pt\/noticias\/2026\/03\/16\/brigitte-bardot-ausente-nos-oscares-levanta-questoes-sobre-motivacoes\/"]}]},{"@type":"ImageObject","inLanguage":"pt-PT","@id":"https:\/\/portaltela.pt\/noticias\/2026\/03\/16\/brigitte-bardot-ausente-nos-oscares-levanta-questoes-sobre-motivacoes\/#primaryimage","url":"https:\/\/portaltela.pt\/s.01k8rhncp4jt1\/2026\/03\/1536x864_cmsv2_a8c4537d-1982-53c6-819d-c4019335e185-9687378.jpg","contentUrl":"https:\/\/portaltela.pt\/s.01k8rhncp4jt1\/2026\/03\/1536x864_cmsv2_a8c4537d-1982-53c6-819d-c4019335e185-9687378.jpg","width":796,"height":448,"caption":"Barbra Streisand fala sobre Robert Redford no segmento \"In Memoriam\" dos \u00d3scares"},{"@type":"BreadcrumbList","@id":"https:\/\/portaltela.pt\/noticias\/2026\/03\/16\/brigitte-bardot-ausente-nos-oscares-levanta-questoes-sobre-motivacoes\/#breadcrumb","itemListElement":[{"@type":"ListItem","position":1,"name":"In\u00edcio","item":"https:\/\/portaltela.pt\/"},{"@type":"ListItem","position":2,"name":"Brigitte Bardot ausente nos \u00d3scares levanta quest\u00f5es sobre motiva\u00e7\u00f5es."}]},{"@type":"WebSite","@id":"https:\/\/portaltela.pt\/#website","url":"https:\/\/portaltela.pt\/","name":"Portal Tela Portugal","description":"","potentialAction":[{"@type":"SearchAction","target":{"@type":"EntryPoint","urlTemplate":"https:\/\/portaltela.pt\/?s={search_term_string}"},"query-input":{"@type":"PropertyValueSpecification","valueRequired":true,"valueName":"search_term_string"}}],"inLanguage":"pt-PT"},{"@type":"Person","@id":"https:\/\/portaltela.pt\/#\/schema\/person\/c4278d4a6028830caff9ee44b42d32ed","name":"Telinha","image":{"@type":"ImageObject","inLanguage":"pt-PT","@id":"https:\/\/portaltela.pt\/s.01k8rhncp4jt1\/2025\/11\/talking-bot-125x125.png","url":"https:\/\/portaltela.pt\/s.01k8rhncp4jt1\/2025\/11\/talking-bot-125x125.png","contentUrl":"https:\/\/portaltela.pt\/s.01k8rhncp4jt1\/2025\/11\/talking-bot-125x125.png","caption":"Telinha"},"sameAs":["https:\/\/portaltela.pt\/"],"url":"https:\/\/portaltela.pt\/por\/367410592786\/"}]}},"_links":{"self":[{"href":"https:\/\/portaltela.pt\/api\/wp\/v2\/posts\/412367","targetHints":{"allow":["GET"]}}],"collection":[{"href":"https:\/\/portaltela.pt\/api\/wp\/v2\/posts"}],"about":[{"href":"https:\/\/portaltela.pt\/api\/wp\/v2\/types\/post"}],"author":[{"embeddable":true,"href":"https:\/\/portaltela.pt\/api\/wp\/v2\/users\/2"}],"replies":[{"embeddable":true,"href":"https:\/\/portaltela.pt\/api\/wp\/v2\/comments?post=412367"}],"version-history":[{"count":0,"href":"https:\/\/portaltela.pt\/api\/wp\/v2\/posts\/412367\/revisions"}],"wp:featuredmedia":[{"embeddable":true,"href":"https:\/\/portaltela.pt\/api\/wp\/v2\/media\/412377"}],"wp:attachment":[{"href":"https:\/\/portaltela.pt\/api\/wp\/v2\/media?parent=412367"}],"wp:term":[{"taxonomy":"category","embeddable":true,"href":"https:\/\/portaltela.pt\/api\/wp\/v2\/categories?post=412367"},{"taxonomy":"post_tag","embeddable":true,"href":"https:\/\/portaltela.pt\/api\/wp\/v2\/tags?post=412367"}],"curies":[{"name":"wp","href":"https:\/\/api.w.org\/{rel}","templated":true}]}}