{"id":412337,"date":"2026-03-16T14:37:39","date_gmt":"2026-03-16T17:37:39","guid":{"rendered":"https:\/\/portaltela.pt\/noticias\/2026\/03\/16\/fenprof-requer-nova-reuniao-com-o-governo-antes-de-prosseguir-negociacoes\/"},"modified":"2026-03-16T14:37:39","modified_gmt":"2026-03-16T17:37:39","slug":"fenprof-requer-nova-reuniao-com-o-governo-antes-de-prosseguir-negociacoes","status":"publish","type":"post","link":"https:\/\/portaltela.pt\/noticias\/2026\/03\/16\/fenprof-requer-nova-reuniao-com-o-governo-antes-de-prosseguir-negociacoes\/","title":{"rendered":"Fenprof requer nova reuni\u00e3o com o Governo antes de prosseguir negocia\u00e7\u00f5es"},"content":{"rendered":"<p>A Fenprof pediu uma nova reuni\u00e3o com o Governo antes de prosseguir as negocia\u00e7\u00f5es sobre a revis\u00e3o do Estatuto da Carreira Docente (ECD). A federa\u00e7\u00e3o quer respostas claras, tem d\u00favidas sobre a proposta de contrata\u00e7\u00e3o de professores e n\u00e3o pretende encerrar o processo sem esclarecimentos.<\/p>\n<p>As negocia\u00e7\u00f5es arrancaram em dezembro e, ap\u00f3s a discuss\u00e3o sobre o perfil do professor, o foco atual est\u00e1 na habilita\u00e7\u00e3o para a doc\u00eancia, recrutamento e admiss\u00e3o. O tema foi retomado numa reuni\u00e3o de 18 de fevereiro e novamente h\u00e1 duas semanas, quando o secret\u00e1rio de Estado Adjuro e da Educa\u00e7\u00e3o apontou que aquela podia ser a \u00faltima sess\u00e3o sobre o segundo tema.<\/p>\n<p>A Fenprof n\u00e3o participou na sess\u00e3o de 3 de mar\u00e7o, em solidariedade com outro sindicato que protestava junto ao Minist\u00e9rio da Educa\u00e7\u00e3o, Ci\u00eancia e Inova\u00e7\u00e3o. A federa\u00e7\u00e3o acusa o MECI de apresentar propostas incompletas e de adiar quest\u00f5es centrais para regulamenta\u00e7\u00e3o futura.<\/p>\n<h3>Novas d\u00favidas e pedidos de esclarecimento<\/h3>\n<p>O sindicato questiona os mecanismos de vincula\u00e7\u00e3o de docentes contratados, incluindo a norma-trav\u00e3o e a vincula\u00e7\u00e3o din\u00e2mica, bem como a mobilidade interna e a contrata\u00e7\u00e3o a termo. Tamb\u00e9m pede indica\u00e7\u00e3o sobre o modelo para a mudan\u00e7a de escola por docentes em quadros e se a gradua\u00e7\u00e3o profissional continuar\u00e1 a orientar os concursos.<\/p>\n<p>A Fenprof afirma que a forma como as negocia\u00e7\u00f5es t\u00eam decorrido impede uma avalia\u00e7\u00e3o rigorosa das propostas e compromete o objetivo do processo negocial. Em conjunto com o pedido de reuni\u00e3o, a organiza\u00e7\u00e3o enviou um of\u00edcio ao Minist\u00e9rio com as d\u00favidas levantadas.<\/p>\n<p>Segundo o que se sabe, o MECI pretende, paralelamente \u00e0 revis\u00e3o do ECD, discutir o enquadramento legislativo da habilita\u00e7\u00e3o para a doc\u00eancia, incluindo o decreto-lei que estabelece os grupos de recrutamento e os diplomas de habilita\u00e7\u00e3o para a doc\u00eancia.<\/p>\n","protected":false},"excerpt":{"rendered":"<ul>\n<li>A Fenprof pediu uma nova reuni\u00e3o negocial ao Governo e rejeita encerrar o processo sem esclarecimentos sobre a proposta de recrutamento de docentes no \u00e2mbito da revis\u00e3o do Estatuto da Carreira Docente (ECD).<\/li>\n<li>As negocia\u00e7\u00f5es do ECD arrancaram em dezembro, com foco atual na habilita\u00e7\u00e3o para a doc\u00eancia, recrutamento e admiss\u00e3o.<\/li>\n<li>A federa\u00e7\u00e3o sustenta que o MECI tem apresentado propostas incompletas, remete aspetos estruturais para regulamenta\u00e7\u00e3o futura e n\u00e3o responde a quest\u00f5es centrais sobre o regime de concursos.<\/li>\n<li>Questionam mecanismos de vincula\u00e7\u00e3o de docentes contratados (norma-trav\u00e3o, vincula\u00e7\u00e3o din\u00e2mica), mobilidade interna, contrata\u00e7\u00e3o a termo e modelo de mudan\u00e7a de escola por docentes de quadros.<\/li>\n<li>O MECI planeia, paralelamente, discutir o enquadramento legislativo das habilita\u00e7\u00f5es para a doc\u00eancia, incluindo o decreto-lei sobre grupos de recrutamento e diplomas das habilita\u00e7\u00f5es.<\/li>\n<\/ul>\n","protected":false},"author":2,"featured_media":412341,"comment_status":"closed","ping_status":"closed","sticky":false,"template":"","format":"standard","meta":{"footnotes":""},"categories":[1],"tags":[6073,163,34,3897,133,97],"class_list":["post-412337","post","type-post","status-publish","format-standard","has-post-thumbnail","hentry","category-noticias","tag-docentes","tag-educacao","tag-governo","tag-negociacoes","tag-politicas-publicas","tag-professores"],"yoast_head":"<!-- This site is optimized with the Yoast SEO plugin v27.2 - https:\/\/yoast.com\/product\/yoast-seo-wordpress\/ -->\n<title>Fenprof requer nova reuni\u00e3o com o Governo antes de prosseguir negocia\u00e7\u00f5es - Portal Tela Portugal<\/title>\n<meta name=\"robots\" content=\"index, follow, max-snippet:-1, max-image-preview:large, max-video-preview:-1\" \/>\n<meta property=\"og:locale\" content=\"pt_PT\" \/>\n<meta property=\"og:type\" content=\"article\" \/>\n<meta property=\"og:title\" content=\"Fenprof requer nova reuni\u00e3o com o Governo antes de prosseguir negocia\u00e7\u00f5es - Portal Tela Portugal\" \/>\n<meta property=\"og:description\" content=\"A Fenprof pediu uma nova reuni\u00e3o negocial ao Governo e rejeita encerrar o processo sem esclarecimentos sobre a proposta de recrutamento de docentes no \u00e2mbito da revis\u00e3o do Estatuto da Carreira Docente (ECD). As negocia\u00e7\u00f5es do ECD arrancaram em dezembro, com foco atual na habilita\u00e7\u00e3o para a doc\u00eancia, recrutamento e admiss\u00e3o. A federa\u00e7\u00e3o sustenta que o MECI tem apresentado propostas incompletas, remete aspetos estruturais para regulamenta\u00e7\u00e3o futura e n\u00e3o responde a quest\u00f5es centrais sobre o regime de concursos. Questionam mecanismos de vincula\u00e7\u00e3o de docentes contratados (norma-trav\u00e3o, vincula\u00e7\u00e3o din\u00e2mica), mobilidade interna, contrata\u00e7\u00e3o a termo e modelo de mudan\u00e7a de escola por docentes de quadros. O MECI planeia, paralelamente, discutir o enquadramento legislativo das habilita\u00e7\u00f5es para a doc\u00eancia, incluindo o decreto-lei sobre grupos de recrutamento e diplomas das habilita\u00e7\u00f5es.\" \/>\n<meta property=\"og:url\" content=\"https:\/\/portaltela.pt\/noticias\/2026\/03\/16\/fenprof-requer-nova-reuniao-com-o-governo-antes-de-prosseguir-negociacoes\/\" \/>\n<meta property=\"og:site_name\" content=\"Portal Tela Portugal\" \/>\n<meta property=\"article:published_time\" content=\"2026-03-16T17:37:39+00:00\" \/>\n<meta name=\"author\" content=\"Telinha\" \/>\n<meta name=\"twitter:card\" content=\"summary_large_image\" \/>\n<meta name=\"twitter:label1\" content=\"Escrito por\" \/>\n\t<meta name=\"twitter:data1\" content=\"Telinha\" \/>\n\t<meta name=\"twitter:label2\" content=\"Tempo estimado de leitura\" \/>\n\t<meta name=\"twitter:data2\" content=\"2 minutos\" \/>\n<script type=\"application\/ld+json\" class=\"yoast-schema-graph\">{\"@context\":\"https:\/\/schema.org\",\"@graph\":[{\"@type\":\"Article\",\"@id\":\"https:\/\/portaltela.pt\/noticias\/2026\/03\/16\/fenprof-requer-nova-reuniao-com-o-governo-antes-de-prosseguir-negociacoes\/#article\",\"isPartOf\":{\"@id\":\"https:\/\/portaltela.pt\/noticias\/2026\/03\/16\/fenprof-requer-nova-reuniao-com-o-governo-antes-de-prosseguir-negociacoes\/\"},\"author\":{\"name\":\"Telinha\",\"@id\":\"https:\/\/portaltela.pt\/#\/schema\/person\/c4278d4a6028830caff9ee44b42d32ed\"},\"headline\":\"Fenprof requer nova reuni\u00e3o com o Governo antes de prosseguir negocia\u00e7\u00f5es\",\"datePublished\":\"2026-03-16T17:37:39+00:00\",\"mainEntityOfPage\":{\"@id\":\"https:\/\/portaltela.pt\/noticias\/2026\/03\/16\/fenprof-requer-nova-reuniao-com-o-governo-antes-de-prosseguir-negociacoes\/\"},\"wordCount\":348,\"image\":{\"@id\":\"https:\/\/portaltela.pt\/noticias\/2026\/03\/16\/fenprof-requer-nova-reuniao-com-o-governo-antes-de-prosseguir-negociacoes\/#primaryimage\"},\"thumbnailUrl\":\"https:\/\/portaltela.pt\/s.01k8rhncp4jt1\/2026\/03\/img_1500x1000uu2024-05-22-23-54-48-1662485.jpg\",\"keywords\":[\"docentes\",\"educa\u00e7\u00e3o\",\"governo\",\"negocia\u00e7\u00f5es\",\"pol\u00edticas p\u00fablicas\",\"professores\"],\"articleSection\":[\"Not\u00edcias\"],\"inLanguage\":\"pt-PT\"},{\"@type\":\"WebPage\",\"@id\":\"https:\/\/portaltela.pt\/noticias\/2026\/03\/16\/fenprof-requer-nova-reuniao-com-o-governo-antes-de-prosseguir-negociacoes\/\",\"url\":\"https:\/\/portaltela.pt\/noticias\/2026\/03\/16\/fenprof-requer-nova-reuniao-com-o-governo-antes-de-prosseguir-negociacoes\/\",\"name\":\"Fenprof requer nova reuni\u00e3o com o Governo antes de prosseguir negocia\u00e7\u00f5es - Portal Tela Portugal\",\"isPartOf\":{\"@id\":\"https:\/\/portaltela.pt\/#website\"},\"primaryImageOfPage\":{\"@id\":\"https:\/\/portaltela.pt\/noticias\/2026\/03\/16\/fenprof-requer-nova-reuniao-com-o-governo-antes-de-prosseguir-negociacoes\/#primaryimage\"},\"image\":{\"@id\":\"https:\/\/portaltela.pt\/noticias\/2026\/03\/16\/fenprof-requer-nova-reuniao-com-o-governo-antes-de-prosseguir-negociacoes\/#primaryimage\"},\"thumbnailUrl\":\"https:\/\/portaltela.pt\/s.01k8rhncp4jt1\/2026\/03\/img_1500x1000uu2024-05-22-23-54-48-1662485.jpg\",\"datePublished\":\"2026-03-16T17:37:39+00:00\",\"author\":{\"@id\":\"https:\/\/portaltela.pt\/#\/schema\/person\/c4278d4a6028830caff9ee44b42d32ed\"},\"breadcrumb\":{\"@id\":\"https:\/\/portaltela.pt\/noticias\/2026\/03\/16\/fenprof-requer-nova-reuniao-com-o-governo-antes-de-prosseguir-negociacoes\/#breadcrumb\"},\"inLanguage\":\"pt-PT\",\"potentialAction\":[{\"@type\":\"ReadAction\",\"target\":[\"https:\/\/portaltela.pt\/noticias\/2026\/03\/16\/fenprof-requer-nova-reuniao-com-o-governo-antes-de-prosseguir-negociacoes\/\"]}]},{\"@type\":\"ImageObject\",\"inLanguage\":\"pt-PT\",\"@id\":\"https:\/\/portaltela.pt\/noticias\/2026\/03\/16\/fenprof-requer-nova-reuniao-com-o-governo-antes-de-prosseguir-negociacoes\/#primaryimage\",\"url\":\"https:\/\/portaltela.pt\/s.01k8rhncp4jt1\/2026\/03\/img_1500x1000uu2024-05-22-23-54-48-1662485.jpg\",\"contentUrl\":\"https:\/\/portaltela.pt\/s.01k8rhncp4jt1\/2026\/03\/img_1500x1000uu2024-05-22-23-54-48-1662485.jpg\",\"width\":1500,\"height\":1000,\"caption\":\"Fenprof quer nova reuni\u00e3o com o Governo antes de prosseguir negocia\u00e7\u00f5es\"},{\"@type\":\"BreadcrumbList\",\"@id\":\"https:\/\/portaltela.pt\/noticias\/2026\/03\/16\/fenprof-requer-nova-reuniao-com-o-governo-antes-de-prosseguir-negociacoes\/#breadcrumb\",\"itemListElement\":[{\"@type\":\"ListItem\",\"position\":1,\"name\":\"In\u00edcio\",\"item\":\"https:\/\/portaltela.pt\/\"},{\"@type\":\"ListItem\",\"position\":2,\"name\":\"Fenprof requer nova reuni\u00e3o com o Governo antes de prosseguir negocia\u00e7\u00f5es\"}]},{\"@type\":\"WebSite\",\"@id\":\"https:\/\/portaltela.pt\/#website\",\"url\":\"https:\/\/portaltela.pt\/\",\"name\":\"Portal Tela Portugal\",\"description\":\"\",\"potentialAction\":[{\"@type\":\"SearchAction\",\"target\":{\"@type\":\"EntryPoint\",\"urlTemplate\":\"https:\/\/portaltela.pt\/?s={search_term_string}\"},\"query-input\":{\"@type\":\"PropertyValueSpecification\",\"valueRequired\":true,\"valueName\":\"search_term_string\"}}],\"inLanguage\":\"pt-PT\"},{\"@type\":\"Person\",\"@id\":\"https:\/\/portaltela.pt\/#\/schema\/person\/c4278d4a6028830caff9ee44b42d32ed\",\"name\":\"Telinha\",\"image\":{\"@type\":\"ImageObject\",\"inLanguage\":\"pt-PT\",\"@id\":\"https:\/\/portaltela.pt\/s.01k8rhncp4jt1\/2025\/11\/talking-bot-125x125.png\",\"url\":\"https:\/\/portaltela.pt\/s.01k8rhncp4jt1\/2025\/11\/talking-bot-125x125.png\",\"contentUrl\":\"https:\/\/portaltela.pt\/s.01k8rhncp4jt1\/2025\/11\/talking-bot-125x125.png\",\"caption\":\"Telinha\"},\"sameAs\":[\"https:\/\/portaltela.pt\/\"],\"url\":\"https:\/\/portaltela.pt\/por\/367410592786\/\"}]}<\/script>\n<!-- \/ Yoast SEO plugin. -->","yoast_head_json":{"title":"Fenprof requer nova reuni\u00e3o com o Governo antes de prosseguir negocia\u00e7\u00f5es - Portal Tela Portugal","robots":{"index":"index","follow":"follow","max-snippet":"max-snippet:-1","max-image-preview":"max-image-preview:large","max-video-preview":"max-video-preview:-1"},"og_locale":"pt_PT","og_type":"article","og_title":"Fenprof requer nova reuni\u00e3o com o Governo antes de prosseguir negocia\u00e7\u00f5es - Portal Tela Portugal","og_description":"A Fenprof pediu uma nova reuni\u00e3o negocial ao Governo e rejeita encerrar o processo sem esclarecimentos sobre a proposta de recrutamento de docentes no \u00e2mbito da revis\u00e3o do Estatuto da Carreira Docente (ECD). As negocia\u00e7\u00f5es do ECD arrancaram em dezembro, com foco atual na habilita\u00e7\u00e3o para a doc\u00eancia, recrutamento e admiss\u00e3o. A federa\u00e7\u00e3o sustenta que o MECI tem apresentado propostas incompletas, remete aspetos estruturais para regulamenta\u00e7\u00e3o futura e n\u00e3o responde a quest\u00f5es centrais sobre o regime de concursos. Questionam mecanismos de vincula\u00e7\u00e3o de docentes contratados (norma-trav\u00e3o, vincula\u00e7\u00e3o din\u00e2mica), mobilidade interna, contrata\u00e7\u00e3o a termo e modelo de mudan\u00e7a de escola por docentes de quadros. O MECI planeia, paralelamente, discutir o enquadramento legislativo das habilita\u00e7\u00f5es para a doc\u00eancia, incluindo o decreto-lei sobre grupos de recrutamento e diplomas das habilita\u00e7\u00f5es.","og_url":"https:\/\/portaltela.pt\/noticias\/2026\/03\/16\/fenprof-requer-nova-reuniao-com-o-governo-antes-de-prosseguir-negociacoes\/","og_site_name":"Portal Tela Portugal","article_published_time":"2026-03-16T17:37:39+00:00","author":"Telinha","twitter_card":"summary_large_image","twitter_misc":{"Escrito por":"Telinha","Tempo estimado de leitura":"2 minutos"},"schema":{"@context":"https:\/\/schema.org","@graph":[{"@type":"Article","@id":"https:\/\/portaltela.pt\/noticias\/2026\/03\/16\/fenprof-requer-nova-reuniao-com-o-governo-antes-de-prosseguir-negociacoes\/#article","isPartOf":{"@id":"https:\/\/portaltela.pt\/noticias\/2026\/03\/16\/fenprof-requer-nova-reuniao-com-o-governo-antes-de-prosseguir-negociacoes\/"},"author":{"name":"Telinha","@id":"https:\/\/portaltela.pt\/#\/schema\/person\/c4278d4a6028830caff9ee44b42d32ed"},"headline":"Fenprof requer nova reuni\u00e3o com o Governo antes de prosseguir negocia\u00e7\u00f5es","datePublished":"2026-03-16T17:37:39+00:00","mainEntityOfPage":{"@id":"https:\/\/portaltela.pt\/noticias\/2026\/03\/16\/fenprof-requer-nova-reuniao-com-o-governo-antes-de-prosseguir-negociacoes\/"},"wordCount":348,"image":{"@id":"https:\/\/portaltela.pt\/noticias\/2026\/03\/16\/fenprof-requer-nova-reuniao-com-o-governo-antes-de-prosseguir-negociacoes\/#primaryimage"},"thumbnailUrl":"https:\/\/portaltela.pt\/s.01k8rhncp4jt1\/2026\/03\/img_1500x1000uu2024-05-22-23-54-48-1662485.jpg","keywords":["docentes","educa\u00e7\u00e3o","governo","negocia\u00e7\u00f5es","pol\u00edticas p\u00fablicas","professores"],"articleSection":["Not\u00edcias"],"inLanguage":"pt-PT"},{"@type":"WebPage","@id":"https:\/\/portaltela.pt\/noticias\/2026\/03\/16\/fenprof-requer-nova-reuniao-com-o-governo-antes-de-prosseguir-negociacoes\/","url":"https:\/\/portaltela.pt\/noticias\/2026\/03\/16\/fenprof-requer-nova-reuniao-com-o-governo-antes-de-prosseguir-negociacoes\/","name":"Fenprof requer nova reuni\u00e3o com o Governo antes de prosseguir negocia\u00e7\u00f5es - Portal Tela Portugal","isPartOf":{"@id":"https:\/\/portaltela.pt\/#website"},"primaryImageOfPage":{"@id":"https:\/\/portaltela.pt\/noticias\/2026\/03\/16\/fenprof-requer-nova-reuniao-com-o-governo-antes-de-prosseguir-negociacoes\/#primaryimage"},"image":{"@id":"https:\/\/portaltela.pt\/noticias\/2026\/03\/16\/fenprof-requer-nova-reuniao-com-o-governo-antes-de-prosseguir-negociacoes\/#primaryimage"},"thumbnailUrl":"https:\/\/portaltela.pt\/s.01k8rhncp4jt1\/2026\/03\/img_1500x1000uu2024-05-22-23-54-48-1662485.jpg","datePublished":"2026-03-16T17:37:39+00:00","author":{"@id":"https:\/\/portaltela.pt\/#\/schema\/person\/c4278d4a6028830caff9ee44b42d32ed"},"breadcrumb":{"@id":"https:\/\/portaltela.pt\/noticias\/2026\/03\/16\/fenprof-requer-nova-reuniao-com-o-governo-antes-de-prosseguir-negociacoes\/#breadcrumb"},"inLanguage":"pt-PT","potentialAction":[{"@type":"ReadAction","target":["https:\/\/portaltela.pt\/noticias\/2026\/03\/16\/fenprof-requer-nova-reuniao-com-o-governo-antes-de-prosseguir-negociacoes\/"]}]},{"@type":"ImageObject","inLanguage":"pt-PT","@id":"https:\/\/portaltela.pt\/noticias\/2026\/03\/16\/fenprof-requer-nova-reuniao-com-o-governo-antes-de-prosseguir-negociacoes\/#primaryimage","url":"https:\/\/portaltela.pt\/s.01k8rhncp4jt1\/2026\/03\/img_1500x1000uu2024-05-22-23-54-48-1662485.jpg","contentUrl":"https:\/\/portaltela.pt\/s.01k8rhncp4jt1\/2026\/03\/img_1500x1000uu2024-05-22-23-54-48-1662485.jpg","width":1500,"height":1000,"caption":"Fenprof quer nova reuni\u00e3o com o Governo antes de prosseguir negocia\u00e7\u00f5es"},{"@type":"BreadcrumbList","@id":"https:\/\/portaltela.pt\/noticias\/2026\/03\/16\/fenprof-requer-nova-reuniao-com-o-governo-antes-de-prosseguir-negociacoes\/#breadcrumb","itemListElement":[{"@type":"ListItem","position":1,"name":"In\u00edcio","item":"https:\/\/portaltela.pt\/"},{"@type":"ListItem","position":2,"name":"Fenprof requer nova reuni\u00e3o com o Governo antes de prosseguir negocia\u00e7\u00f5es"}]},{"@type":"WebSite","@id":"https:\/\/portaltela.pt\/#website","url":"https:\/\/portaltela.pt\/","name":"Portal Tela Portugal","description":"","potentialAction":[{"@type":"SearchAction","target":{"@type":"EntryPoint","urlTemplate":"https:\/\/portaltela.pt\/?s={search_term_string}"},"query-input":{"@type":"PropertyValueSpecification","valueRequired":true,"valueName":"search_term_string"}}],"inLanguage":"pt-PT"},{"@type":"Person","@id":"https:\/\/portaltela.pt\/#\/schema\/person\/c4278d4a6028830caff9ee44b42d32ed","name":"Telinha","image":{"@type":"ImageObject","inLanguage":"pt-PT","@id":"https:\/\/portaltela.pt\/s.01k8rhncp4jt1\/2025\/11\/talking-bot-125x125.png","url":"https:\/\/portaltela.pt\/s.01k8rhncp4jt1\/2025\/11\/talking-bot-125x125.png","contentUrl":"https:\/\/portaltela.pt\/s.01k8rhncp4jt1\/2025\/11\/talking-bot-125x125.png","caption":"Telinha"},"sameAs":["https:\/\/portaltela.pt\/"],"url":"https:\/\/portaltela.pt\/por\/367410592786\/"}]}},"_links":{"self":[{"href":"https:\/\/portaltela.pt\/api\/wp\/v2\/posts\/412337","targetHints":{"allow":["GET"]}}],"collection":[{"href":"https:\/\/portaltela.pt\/api\/wp\/v2\/posts"}],"about":[{"href":"https:\/\/portaltela.pt\/api\/wp\/v2\/types\/post"}],"author":[{"embeddable":true,"href":"https:\/\/portaltela.pt\/api\/wp\/v2\/users\/2"}],"replies":[{"embeddable":true,"href":"https:\/\/portaltela.pt\/api\/wp\/v2\/comments?post=412337"}],"version-history":[{"count":0,"href":"https:\/\/portaltela.pt\/api\/wp\/v2\/posts\/412337\/revisions"}],"wp:featuredmedia":[{"embeddable":true,"href":"https:\/\/portaltela.pt\/api\/wp\/v2\/media\/412341"}],"wp:attachment":[{"href":"https:\/\/portaltela.pt\/api\/wp\/v2\/media?parent=412337"}],"wp:term":[{"taxonomy":"category","embeddable":true,"href":"https:\/\/portaltela.pt\/api\/wp\/v2\/categories?post=412337"},{"taxonomy":"post_tag","embeddable":true,"href":"https:\/\/portaltela.pt\/api\/wp\/v2\/tags?post=412337"}],"curies":[{"name":"wp","href":"https:\/\/api.w.org\/{rel}","templated":true}]}}