{"id":412327,"date":"2026-03-16T14:42:25","date_gmt":"2026-03-16T17:42:25","guid":{"rendered":"https:\/\/portaltela.pt\/noticias\/2026\/03\/16\/associacao-dos-profissionais-da-gnr-pede-ao-mai-cumprir-acordo-de-2024-2\/"},"modified":"2026-03-16T14:42:25","modified_gmt":"2026-03-16T17:42:25","slug":"associacao-dos-profissionais-da-gnr-pede-ao-mai-cumprir-acordo-de-2024-2","status":"publish","type":"post","link":"https:\/\/portaltela.pt\/seguranca\/2026\/03\/16\/associacao-dos-profissionais-da-gnr-pede-ao-mai-cumprir-acordo-de-2024-2\/","title":{"rendered":"Associa\u00e7\u00e3o dos Profissionais da GNR pede ao MAI cumprir acordo de 2024"},"content":{"rendered":"<p>A Associa\u00e7\u00e3o dos Profissionais da Guarda (APG\/GNR) pediu ao ministro da Administra\u00e7\u00e3o Interna que cumpra o acordo assinado com o Governo em julho de 2024, incluindo a revis\u00e3o remunerat\u00f3ria. O pedido foi feito numa reuni\u00e3o com Lu\u00eds Neves, em que participou pela primeira vez.<\/p>\n<p>A APG \u00e9 a associa\u00e7\u00e3o socioprofissional mais representativa da GNR. No encontro, o presidente C\u00e9sar Nogueira apresentou cumprimentos ao novo ministro e destacou quest\u00f5es urgentes a resolver, nomeadamente o cumprimento do acordo de 2024 e a revis\u00e3o de cortes no c\u00e1lculo da pens\u00e3o de reforma.<\/p>\n<p>Segundo Nogueira, a n\u00e3o revis\u00e3o do estatuto remunerat\u00f3rio tem produzido consequ\u00eancias negativas. Entre os militares da GNR, entre 200 e 300 abriram m\u00e3o de promo\u00e7\u00f5es nos \u00faltimos anos.<\/p>\n<p>O dirigente explicou que, com as promo\u00e7\u00f5es, os trabalhadores passam a ter de mudar de fun\u00e7\u00e3o e de local de trabalho, o que transforma a melhoria de carreira em uma esp\u00e9cie de puni\u00e7\u00e3o. O cen\u00e1rio \u00e9 mais evidente entre os n\u00edveis de cabo a cabo-chefe.<\/p>\n<p>Al\u00e9m disso, a APG quer poner fim \u00e0s novas regras de reformas que entraram em vigor este ano, as quais t\u00eam reduzido as pens\u00f5es entre 30% e 40%. A associa\u00e7\u00e3o aponta esse efeito como prejudicial para a estabilidade financeira dos profissionais.<\/p>\n<p>O ministro da Administra\u00e7\u00e3o Interna recebeu, nesta segunda-feira, pela primeira vez, representantes de sindicatos da PSP e associa\u00e7\u00f5es da GNR. O agendamento integrou uma ronda de contactos com v\u00e1rias estruturas do setor de seguran\u00e7a.<\/p>\n<p>Na semana anterior, Neves j\u00e1 tinha recebido a Associa\u00e7\u00e3o Sindical dos Profissionais da Pol\u00edcia (ASPP\/PSP) e o Sindicato dos Policiais Portugueses (SPP\/PSP), tamb\u00e9m com pretens\u00f5es de revis\u00e3o do regime remunerat\u00f3rio.<\/p>\n","protected":false},"excerpt":{"rendered":"<ul>\n<li>A Associa\u00e7\u00e3o dos Profissionais da Guarda pediu ao ministro da Administra\u00e7\u00e3o Interna que cumpra o acordo assinado com o Governo em julho de 2024, incluindo a revis\u00e3o remunerat\u00f3ria.<\/li>\n<li>A APG reuniu-se pela primeira vez com o ministro Lu\u00eds Neves, que hoje recebe v\u00e1rias associa\u00e7\u00f5es da GNR e sindicatos da PSP.<\/li>\n<li>O presidente C\u00e9sar Nogueira afirmou que o encontro serviu para apresentar cumprimentos ao novo ministro e destacar problemas urgentes, como o cumprimento do acordo e os cortes na pens\u00e3o de reforma.<\/li>\n<li>A n\u00e3o revis\u00e3o do estatuto remunerat\u00f3rio j\u00e1 levou entre duzentos e trezentos militares da GNR a abdicar de promo\u00e7\u00f5es, pois passaram a ganhar o mesmo e a mudar de fun\u00e7\u00e3o e local de trabalho.<\/li>\n<li>Pedem acabar com as novas regras de reformas, que provocam cortes de pens\u00e3o entre trinta e quarenta por cento; o ministro tem recebido v\u00e1rias associa\u00e7\u00f5es da GNR e da PSP nesta semana.<\/li>\n<\/ul>\n","protected":false},"author":2,"featured_media":412334,"comment_status":"closed","ping_status":"closed","sticky":false,"template":"","format":"standard","meta":{"footnotes":""},"categories":[6779],"tags":[5798,168,1380,6180,2818,250],"class_list":["post-412327","post","type-post","status-publish","format-standard","has-post-thumbnail","hentry","category-seguranca","tag-administracao-interna","tag-administracao-publica","tag-gnr","tag-pensoes","tag-remuneracoes","tag-seguranca-publica"],"yoast_head":"<!-- This site is optimized with the Yoast SEO plugin v27.2 - https:\/\/yoast.com\/product\/yoast-seo-wordpress\/ -->\n<title>Associa\u00e7\u00e3o dos Profissionais da GNR pede ao MAI cumprir acordo de 2024 - Portal Tela Portugal<\/title>\n<meta name=\"robots\" content=\"index, follow, max-snippet:-1, max-image-preview:large, max-video-preview:-1\" \/>\n<meta property=\"og:locale\" content=\"pt_PT\" \/>\n<meta property=\"og:type\" content=\"article\" \/>\n<meta property=\"og:title\" content=\"Associa\u00e7\u00e3o dos Profissionais da GNR pede ao MAI cumprir acordo de 2024 - Portal Tela Portugal\" \/>\n<meta property=\"og:description\" content=\"A Associa\u00e7\u00e3o dos Profissionais da Guarda pediu ao ministro da Administra\u00e7\u00e3o Interna que cumpra o acordo assinado com o Governo em julho de 2024, incluindo a revis\u00e3o remunerat\u00f3ria. A APG reuniu-se pela primeira vez com o ministro Lu\u00eds Neves, que hoje recebe v\u00e1rias associa\u00e7\u00f5es da GNR e sindicatos da PSP. O presidente C\u00e9sar Nogueira afirmou que o encontro serviu para apresentar cumprimentos ao novo ministro e destacar problemas urgentes, como o cumprimento do acordo e os cortes na pens\u00e3o de reforma. A n\u00e3o revis\u00e3o do estatuto remunerat\u00f3rio j\u00e1 levou entre duzentos e trezentos militares da GNR a abdicar de promo\u00e7\u00f5es, pois passaram a ganhar o mesmo e a mudar de fun\u00e7\u00e3o e local de trabalho. Pedem acabar com as novas regras de reformas, que provocam cortes de pens\u00e3o entre trinta e quarenta por cento; o ministro tem recebido v\u00e1rias associa\u00e7\u00f5es da GNR e da PSP nesta semana.\" \/>\n<meta property=\"og:url\" content=\"https:\/\/portaltela.pt\/noticias\/2026\/03\/16\/associacao-dos-profissionais-da-gnr-pede-ao-mai-cumprir-acordo-de-2024-2\/\" \/>\n<meta property=\"og:site_name\" content=\"Portal Tela Portugal\" \/>\n<meta property=\"article:published_time\" content=\"2026-03-16T17:42:25+00:00\" \/>\n<meta name=\"author\" content=\"Telinha\" \/>\n<meta name=\"twitter:card\" content=\"summary_large_image\" \/>\n<meta name=\"twitter:label1\" content=\"Escrito por\" \/>\n\t<meta name=\"twitter:data1\" content=\"Telinha\" \/>\n\t<meta name=\"twitter:label2\" content=\"Tempo estimado de leitura\" \/>\n\t<meta name=\"twitter:data2\" content=\"2 minutos\" \/>\n<script type=\"application\/ld+json\" class=\"yoast-schema-graph\">{\"@context\":\"https:\/\/schema.org\",\"@graph\":[{\"@type\":\"Article\",\"@id\":\"https:\/\/portaltela.pt\/noticias\/2026\/03\/16\/associacao-dos-profissionais-da-gnr-pede-ao-mai-cumprir-acordo-de-2024-2\/#article\",\"isPartOf\":{\"@id\":\"https:\/\/portaltela.pt\/noticias\/2026\/03\/16\/associacao-dos-profissionais-da-gnr-pede-ao-mai-cumprir-acordo-de-2024-2\/\"},\"author\":{\"name\":\"Telinha\",\"@id\":\"https:\/\/portaltela.pt\/#\/schema\/person\/c4278d4a6028830caff9ee44b42d32ed\"},\"headline\":\"Associa\u00e7\u00e3o dos Profissionais da GNR pede ao MAI cumprir acordo de 2024\",\"datePublished\":\"2026-03-16T17:42:25+00:00\",\"mainEntityOfPage\":{\"@id\":\"https:\/\/portaltela.pt\/noticias\/2026\/03\/16\/associacao-dos-profissionais-da-gnr-pede-ao-mai-cumprir-acordo-de-2024-2\/\"},\"wordCount\":312,\"image\":{\"@id\":\"https:\/\/portaltela.pt\/noticias\/2026\/03\/16\/associacao-dos-profissionais-da-gnr-pede-ao-mai-cumprir-acordo-de-2024-2\/#primaryimage\"},\"thumbnailUrl\":\"https:\/\/portaltela.pt\/s.01k8rhncp4jt1\/2026\/03\/img_1500x1000uu2022-02-20-10-48-37-1125419.jpg\",\"keywords\":[\"Administra\u00e7\u00e3o Interna\",\"administra\u00e7\u00e3o p\u00fablica\",\"GNR\",\"pens\u00f5es\",\"Remunera\u00e7\u00f5es\",\"seguran\u00e7a p\u00fablica\"],\"articleSection\":[\"Seguran\u00e7a\"],\"inLanguage\":\"pt-PT\"},{\"@type\":\"WebPage\",\"@id\":\"https:\/\/portaltela.pt\/noticias\/2026\/03\/16\/associacao-dos-profissionais-da-gnr-pede-ao-mai-cumprir-acordo-de-2024-2\/\",\"url\":\"https:\/\/portaltela.pt\/noticias\/2026\/03\/16\/associacao-dos-profissionais-da-gnr-pede-ao-mai-cumprir-acordo-de-2024-2\/\",\"name\":\"Associa\u00e7\u00e3o dos Profissionais da GNR pede ao MAI cumprir acordo de 2024 - Portal Tela Portugal\",\"isPartOf\":{\"@id\":\"https:\/\/portaltela.pt\/#website\"},\"primaryImageOfPage\":{\"@id\":\"https:\/\/portaltela.pt\/noticias\/2026\/03\/16\/associacao-dos-profissionais-da-gnr-pede-ao-mai-cumprir-acordo-de-2024-2\/#primaryimage\"},\"image\":{\"@id\":\"https:\/\/portaltela.pt\/noticias\/2026\/03\/16\/associacao-dos-profissionais-da-gnr-pede-ao-mai-cumprir-acordo-de-2024-2\/#primaryimage\"},\"thumbnailUrl\":\"https:\/\/portaltela.pt\/s.01k8rhncp4jt1\/2026\/03\/img_1500x1000uu2022-02-20-10-48-37-1125419.jpg\",\"datePublished\":\"2026-03-16T17:42:25+00:00\",\"author\":{\"@id\":\"https:\/\/portaltela.pt\/#\/schema\/person\/c4278d4a6028830caff9ee44b42d32ed\"},\"breadcrumb\":{\"@id\":\"https:\/\/portaltela.pt\/noticias\/2026\/03\/16\/associacao-dos-profissionais-da-gnr-pede-ao-mai-cumprir-acordo-de-2024-2\/#breadcrumb\"},\"inLanguage\":\"pt-PT\",\"potentialAction\":[{\"@type\":\"ReadAction\",\"target\":[\"https:\/\/portaltela.pt\/noticias\/2026\/03\/16\/associacao-dos-profissionais-da-gnr-pede-ao-mai-cumprir-acordo-de-2024-2\/\"]}]},{\"@type\":\"ImageObject\",\"inLanguage\":\"pt-PT\",\"@id\":\"https:\/\/portaltela.pt\/noticias\/2026\/03\/16\/associacao-dos-profissionais-da-gnr-pede-ao-mai-cumprir-acordo-de-2024-2\/#primaryimage\",\"url\":\"https:\/\/portaltela.pt\/s.01k8rhncp4jt1\/2026\/03\/img_1500x1000uu2022-02-20-10-48-37-1125419.jpg\",\"contentUrl\":\"https:\/\/portaltela.pt\/s.01k8rhncp4jt1\/2026\/03\/img_1500x1000uu2022-02-20-10-48-37-1125419.jpg\",\"width\":796,\"height\":448,\"caption\":\"GNR\"},{\"@type\":\"BreadcrumbList\",\"@id\":\"https:\/\/portaltela.pt\/noticias\/2026\/03\/16\/associacao-dos-profissionais-da-gnr-pede-ao-mai-cumprir-acordo-de-2024-2\/#breadcrumb\",\"itemListElement\":[{\"@type\":\"ListItem\",\"position\":1,\"name\":\"In\u00edcio\",\"item\":\"https:\/\/portaltela.pt\/\"},{\"@type\":\"ListItem\",\"position\":2,\"name\":\"Associa\u00e7\u00e3o dos Profissionais da GNR pede ao MAI cumprir acordo de 2024\"}]},{\"@type\":\"WebSite\",\"@id\":\"https:\/\/portaltela.pt\/#website\",\"url\":\"https:\/\/portaltela.pt\/\",\"name\":\"Portal Tela Portugal\",\"description\":\"\",\"potentialAction\":[{\"@type\":\"SearchAction\",\"target\":{\"@type\":\"EntryPoint\",\"urlTemplate\":\"https:\/\/portaltela.pt\/?s={search_term_string}\"},\"query-input\":{\"@type\":\"PropertyValueSpecification\",\"valueRequired\":true,\"valueName\":\"search_term_string\"}}],\"inLanguage\":\"pt-PT\"},{\"@type\":\"Person\",\"@id\":\"https:\/\/portaltela.pt\/#\/schema\/person\/c4278d4a6028830caff9ee44b42d32ed\",\"name\":\"Telinha\",\"image\":{\"@type\":\"ImageObject\",\"inLanguage\":\"pt-PT\",\"@id\":\"https:\/\/portaltela.pt\/s.01k8rhncp4jt1\/2025\/11\/talking-bot-125x125.png\",\"url\":\"https:\/\/portaltela.pt\/s.01k8rhncp4jt1\/2025\/11\/talking-bot-125x125.png\",\"contentUrl\":\"https:\/\/portaltela.pt\/s.01k8rhncp4jt1\/2025\/11\/talking-bot-125x125.png\",\"caption\":\"Telinha\"},\"sameAs\":[\"https:\/\/portaltela.pt\/\"],\"url\":\"https:\/\/portaltela.pt\/por\/367410592786\/\"}]}<\/script>\n<!-- \/ Yoast SEO plugin. -->","yoast_head_json":{"title":"Associa\u00e7\u00e3o dos Profissionais da GNR pede ao MAI cumprir acordo de 2024 - Portal Tela Portugal","robots":{"index":"index","follow":"follow","max-snippet":"max-snippet:-1","max-image-preview":"max-image-preview:large","max-video-preview":"max-video-preview:-1"},"og_locale":"pt_PT","og_type":"article","og_title":"Associa\u00e7\u00e3o dos Profissionais da GNR pede ao MAI cumprir acordo de 2024 - Portal Tela Portugal","og_description":"A Associa\u00e7\u00e3o dos Profissionais da Guarda pediu ao ministro da Administra\u00e7\u00e3o Interna que cumpra o acordo assinado com o Governo em julho de 2024, incluindo a revis\u00e3o remunerat\u00f3ria. A APG reuniu-se pela primeira vez com o ministro Lu\u00eds Neves, que hoje recebe v\u00e1rias associa\u00e7\u00f5es da GNR e sindicatos da PSP. O presidente C\u00e9sar Nogueira afirmou que o encontro serviu para apresentar cumprimentos ao novo ministro e destacar problemas urgentes, como o cumprimento do acordo e os cortes na pens\u00e3o de reforma. A n\u00e3o revis\u00e3o do estatuto remunerat\u00f3rio j\u00e1 levou entre duzentos e trezentos militares da GNR a abdicar de promo\u00e7\u00f5es, pois passaram a ganhar o mesmo e a mudar de fun\u00e7\u00e3o e local de trabalho. Pedem acabar com as novas regras de reformas, que provocam cortes de pens\u00e3o entre trinta e quarenta por cento; o ministro tem recebido v\u00e1rias associa\u00e7\u00f5es da GNR e da PSP nesta semana.","og_url":"https:\/\/portaltela.pt\/noticias\/2026\/03\/16\/associacao-dos-profissionais-da-gnr-pede-ao-mai-cumprir-acordo-de-2024-2\/","og_site_name":"Portal Tela Portugal","article_published_time":"2026-03-16T17:42:25+00:00","author":"Telinha","twitter_card":"summary_large_image","twitter_misc":{"Escrito por":"Telinha","Tempo estimado de leitura":"2 minutos"},"schema":{"@context":"https:\/\/schema.org","@graph":[{"@type":"Article","@id":"https:\/\/portaltela.pt\/noticias\/2026\/03\/16\/associacao-dos-profissionais-da-gnr-pede-ao-mai-cumprir-acordo-de-2024-2\/#article","isPartOf":{"@id":"https:\/\/portaltela.pt\/noticias\/2026\/03\/16\/associacao-dos-profissionais-da-gnr-pede-ao-mai-cumprir-acordo-de-2024-2\/"},"author":{"name":"Telinha","@id":"https:\/\/portaltela.pt\/#\/schema\/person\/c4278d4a6028830caff9ee44b42d32ed"},"headline":"Associa\u00e7\u00e3o dos Profissionais da GNR pede ao MAI cumprir acordo de 2024","datePublished":"2026-03-16T17:42:25+00:00","mainEntityOfPage":{"@id":"https:\/\/portaltela.pt\/noticias\/2026\/03\/16\/associacao-dos-profissionais-da-gnr-pede-ao-mai-cumprir-acordo-de-2024-2\/"},"wordCount":312,"image":{"@id":"https:\/\/portaltela.pt\/noticias\/2026\/03\/16\/associacao-dos-profissionais-da-gnr-pede-ao-mai-cumprir-acordo-de-2024-2\/#primaryimage"},"thumbnailUrl":"https:\/\/portaltela.pt\/s.01k8rhncp4jt1\/2026\/03\/img_1500x1000uu2022-02-20-10-48-37-1125419.jpg","keywords":["Administra\u00e7\u00e3o Interna","administra\u00e7\u00e3o p\u00fablica","GNR","pens\u00f5es","Remunera\u00e7\u00f5es","seguran\u00e7a p\u00fablica"],"articleSection":["Seguran\u00e7a"],"inLanguage":"pt-PT"},{"@type":"WebPage","@id":"https:\/\/portaltela.pt\/noticias\/2026\/03\/16\/associacao-dos-profissionais-da-gnr-pede-ao-mai-cumprir-acordo-de-2024-2\/","url":"https:\/\/portaltela.pt\/noticias\/2026\/03\/16\/associacao-dos-profissionais-da-gnr-pede-ao-mai-cumprir-acordo-de-2024-2\/","name":"Associa\u00e7\u00e3o dos Profissionais da GNR pede ao MAI cumprir acordo de 2024 - Portal Tela Portugal","isPartOf":{"@id":"https:\/\/portaltela.pt\/#website"},"primaryImageOfPage":{"@id":"https:\/\/portaltela.pt\/noticias\/2026\/03\/16\/associacao-dos-profissionais-da-gnr-pede-ao-mai-cumprir-acordo-de-2024-2\/#primaryimage"},"image":{"@id":"https:\/\/portaltela.pt\/noticias\/2026\/03\/16\/associacao-dos-profissionais-da-gnr-pede-ao-mai-cumprir-acordo-de-2024-2\/#primaryimage"},"thumbnailUrl":"https:\/\/portaltela.pt\/s.01k8rhncp4jt1\/2026\/03\/img_1500x1000uu2022-02-20-10-48-37-1125419.jpg","datePublished":"2026-03-16T17:42:25+00:00","author":{"@id":"https:\/\/portaltela.pt\/#\/schema\/person\/c4278d4a6028830caff9ee44b42d32ed"},"breadcrumb":{"@id":"https:\/\/portaltela.pt\/noticias\/2026\/03\/16\/associacao-dos-profissionais-da-gnr-pede-ao-mai-cumprir-acordo-de-2024-2\/#breadcrumb"},"inLanguage":"pt-PT","potentialAction":[{"@type":"ReadAction","target":["https:\/\/portaltela.pt\/noticias\/2026\/03\/16\/associacao-dos-profissionais-da-gnr-pede-ao-mai-cumprir-acordo-de-2024-2\/"]}]},{"@type":"ImageObject","inLanguage":"pt-PT","@id":"https:\/\/portaltela.pt\/noticias\/2026\/03\/16\/associacao-dos-profissionais-da-gnr-pede-ao-mai-cumprir-acordo-de-2024-2\/#primaryimage","url":"https:\/\/portaltela.pt\/s.01k8rhncp4jt1\/2026\/03\/img_1500x1000uu2022-02-20-10-48-37-1125419.jpg","contentUrl":"https:\/\/portaltela.pt\/s.01k8rhncp4jt1\/2026\/03\/img_1500x1000uu2022-02-20-10-48-37-1125419.jpg","width":796,"height":448,"caption":"GNR"},{"@type":"BreadcrumbList","@id":"https:\/\/portaltela.pt\/noticias\/2026\/03\/16\/associacao-dos-profissionais-da-gnr-pede-ao-mai-cumprir-acordo-de-2024-2\/#breadcrumb","itemListElement":[{"@type":"ListItem","position":1,"name":"In\u00edcio","item":"https:\/\/portaltela.pt\/"},{"@type":"ListItem","position":2,"name":"Associa\u00e7\u00e3o dos Profissionais da GNR pede ao MAI cumprir acordo de 2024"}]},{"@type":"WebSite","@id":"https:\/\/portaltela.pt\/#website","url":"https:\/\/portaltela.pt\/","name":"Portal Tela Portugal","description":"","potentialAction":[{"@type":"SearchAction","target":{"@type":"EntryPoint","urlTemplate":"https:\/\/portaltela.pt\/?s={search_term_string}"},"query-input":{"@type":"PropertyValueSpecification","valueRequired":true,"valueName":"search_term_string"}}],"inLanguage":"pt-PT"},{"@type":"Person","@id":"https:\/\/portaltela.pt\/#\/schema\/person\/c4278d4a6028830caff9ee44b42d32ed","name":"Telinha","image":{"@type":"ImageObject","inLanguage":"pt-PT","@id":"https:\/\/portaltela.pt\/s.01k8rhncp4jt1\/2025\/11\/talking-bot-125x125.png","url":"https:\/\/portaltela.pt\/s.01k8rhncp4jt1\/2025\/11\/talking-bot-125x125.png","contentUrl":"https:\/\/portaltela.pt\/s.01k8rhncp4jt1\/2025\/11\/talking-bot-125x125.png","caption":"Telinha"},"sameAs":["https:\/\/portaltela.pt\/"],"url":"https:\/\/portaltela.pt\/por\/367410592786\/"}]}},"_links":{"self":[{"href":"https:\/\/portaltela.pt\/api\/wp\/v2\/posts\/412327","targetHints":{"allow":["GET"]}}],"collection":[{"href":"https:\/\/portaltela.pt\/api\/wp\/v2\/posts"}],"about":[{"href":"https:\/\/portaltela.pt\/api\/wp\/v2\/types\/post"}],"author":[{"embeddable":true,"href":"https:\/\/portaltela.pt\/api\/wp\/v2\/users\/2"}],"replies":[{"embeddable":true,"href":"https:\/\/portaltela.pt\/api\/wp\/v2\/comments?post=412327"}],"version-history":[{"count":0,"href":"https:\/\/portaltela.pt\/api\/wp\/v2\/posts\/412327\/revisions"}],"wp:featuredmedia":[{"embeddable":true,"href":"https:\/\/portaltela.pt\/api\/wp\/v2\/media\/412334"}],"wp:attachment":[{"href":"https:\/\/portaltela.pt\/api\/wp\/v2\/media?parent=412327"}],"wp:term":[{"taxonomy":"category","embeddable":true,"href":"https:\/\/portaltela.pt\/api\/wp\/v2\/categories?post=412327"},{"taxonomy":"post_tag","embeddable":true,"href":"https:\/\/portaltela.pt\/api\/wp\/v2\/tags?post=412327"}],"curies":[{"name":"wp","href":"https:\/\/api.w.org\/{rel}","templated":true}]}}