{"id":412312,"date":"2026-03-16T14:19:00","date_gmt":"2026-03-16T17:19:00","guid":{"rendered":"https:\/\/portaltela.pt\/noticias\/2026\/03\/16\/video-das-guerreiras-do-k-pop-pode-interessar-fas-mirins\/"},"modified":"2026-03-16T14:19:00","modified_gmt":"2026-03-16T17:19:00","slug":"video-das-guerreiras-do-k-pop-pode-interessar-fas-mirins","status":"publish","type":"post","link":"https:\/\/portaltela.pt\/musica\/2026\/03\/16\/video-das-guerreiras-do-k-pop-pode-interessar-fas-mirins\/","title":{"rendered":"V\u00eddeo das Guerreiras do K-Pop pode interessar f\u00e3s mirins"},"content":{"rendered":"<p>As Guerreiras do K-Pop receberam dois \u00d3scares na cerim\u00f3nia de entrega das estatuetas douradas, conquistando as categorias em que estavam nomeadas: Melhor Filme de Anima\u00e7\u00e3o e Melhor Can\u00e7\u00e3o Original, para o tema Golden. O an\u00fancio aconteceu na noite de domingo, durante o evento de cinema.<\/p>\n<p>A banda Huntrix interpretou o tema viral durante a cerim\u00f3nia, marcando presen\u00e7a no palco para a atua\u00e7\u00e3o que acompanhou a entrega das distin\u00e7\u00f5es. A performance foi destacada pela produ\u00e7\u00e3o do espect\u00e1culo, que premiou as obras indicadas naquele formato.<\/p>\n<p>No conjunto, o reconhecimento re\u00fane a produ\u00e7\u00e3o animada por tr\u00e1s das Guerreiras do K-Pop e a banda associada ao tema vencedor, consolidando o sucesso comercial anterior com uma consagra\u00e7\u00e3o nas Categorias de Anima\u00e7\u00e3o e Can\u00e7\u00e3o Original. O motivo do pr\u00eamio foi o impacto cultural e art\u00edstico do filme e da composi\u00e7\u00e3o apresentada.<\/p>\n","protected":false},"excerpt":{"rendered":"<ul>\n<li>As Guerreiras do K-Pop receberam dois \u00d3scares, nomeadamente Melhor Filme de Anima\u00e7\u00e3o e Melhor Can\u00e7\u00e3o Original.<\/li>\n<li>O filme estava nomeado em ambas as categorias.<\/li>\n<li>A can\u00e7\u00e3o premiada \u00e9 \u201cGolden\u201d.<\/li>\n<li>A banda Huntrix cantou o tema durante a cerim\u00f3nia, realizada no domingo \u00e0 noite.<\/li>\n<\/ul>\n","protected":false},"author":2,"featured_media":412314,"comment_status":"closed","ping_status":"closed","sticky":false,"template":"","format":"standard","meta":{"footnotes":""},"categories":[12,6676],"tags":[5064,112,7040,7285,2918,122],"class_list":["post-412312","post","type-post","status-publish","format-standard","has-post-thumbnail","hentry","category-entretenimento","category-musica","tag-artistas-internacionais","tag-cinema","tag-cinema-internacional","tag-melhor-cancao-original","tag-melhor-filme-de-animacao","tag-musica"],"yoast_head":"<!-- This site is optimized with the Yoast SEO plugin v27.2 - https:\/\/yoast.com\/product\/yoast-seo-wordpress\/ -->\n<title>V\u00eddeo das Guerreiras do K-Pop pode interessar f\u00e3s mirins - Portal Tela Portugal<\/title>\n<meta name=\"robots\" content=\"index, follow, max-snippet:-1, max-image-preview:large, max-video-preview:-1\" \/>\n<meta property=\"og:locale\" content=\"pt_PT\" \/>\n<meta property=\"og:type\" content=\"article\" \/>\n<meta property=\"og:title\" content=\"V\u00eddeo das Guerreiras do K-Pop pode interessar f\u00e3s mirins - Portal Tela Portugal\" \/>\n<meta property=\"og:description\" content=\"As Guerreiras do K-Pop receberam dois \u00d3scares, nomeadamente Melhor Filme de Anima\u00e7\u00e3o e Melhor Can\u00e7\u00e3o Original. O filme estava nomeado em ambas as categorias. A can\u00e7\u00e3o premiada \u00e9 \u201cGolden\u201d. A banda Huntrix cantou o tema durante a cerim\u00f3nia, realizada no domingo \u00e0 noite.\" \/>\n<meta property=\"og:url\" content=\"https:\/\/portaltela.pt\/noticias\/2026\/03\/16\/video-das-guerreiras-do-k-pop-pode-interessar-fas-mirins\/\" \/>\n<meta property=\"og:site_name\" content=\"Portal Tela Portugal\" \/>\n<meta property=\"article:published_time\" content=\"2026-03-16T17:19:00+00:00\" \/>\n<meta name=\"author\" content=\"Telinha\" \/>\n<meta name=\"twitter:card\" content=\"summary_large_image\" \/>\n<meta name=\"twitter:label1\" content=\"Escrito por\" \/>\n\t<meta name=\"twitter:data1\" content=\"Telinha\" \/>\n\t<meta name=\"twitter:label2\" content=\"Tempo estimado de leitura\" \/>\n\t<meta name=\"twitter:data2\" content=\"1 minuto\" \/>\n<script type=\"application\/ld+json\" class=\"yoast-schema-graph\">{\"@context\":\"https:\/\/schema.org\",\"@graph\":[{\"@type\":\"Article\",\"@id\":\"https:\/\/portaltela.pt\/noticias\/2026\/03\/16\/video-das-guerreiras-do-k-pop-pode-interessar-fas-mirins\/#article\",\"isPartOf\":{\"@id\":\"https:\/\/portaltela.pt\/noticias\/2026\/03\/16\/video-das-guerreiras-do-k-pop-pode-interessar-fas-mirins\/\"},\"author\":{\"name\":\"Telinha\",\"@id\":\"https:\/\/portaltela.pt\/#\/schema\/person\/c4278d4a6028830caff9ee44b42d32ed\"},\"headline\":\"V\u00eddeo das Guerreiras do K-Pop pode interessar f\u00e3s mirins\",\"datePublished\":\"2026-03-16T17:19:00+00:00\",\"mainEntityOfPage\":{\"@id\":\"https:\/\/portaltela.pt\/noticias\/2026\/03\/16\/video-das-guerreiras-do-k-pop-pode-interessar-fas-mirins\/\"},\"wordCount\":165,\"image\":{\"@id\":\"https:\/\/portaltela.pt\/noticias\/2026\/03\/16\/video-das-guerreiras-do-k-pop-pode-interessar-fas-mirins\/#primaryimage\"},\"thumbnailUrl\":\"https:\/\/portaltela.pt\/s.01k8rhncp4jt1\/2026\/03\/img_1200x721uu2026-03-16-17-28-55-2427425.jpg\",\"keywords\":[\"artistas internacionais\",\"cinema\",\"cinema internacional\",\"Melhor Can\u00e7\u00e3o Original\",\"Melhor Filme de Anima\u00e7\u00e3o\",\"m\u00fasica\"],\"articleSection\":[\"Entretenimento\",\"M\u00fasica\"],\"inLanguage\":\"pt-PT\"},{\"@type\":\"WebPage\",\"@id\":\"https:\/\/portaltela.pt\/noticias\/2026\/03\/16\/video-das-guerreiras-do-k-pop-pode-interessar-fas-mirins\/\",\"url\":\"https:\/\/portaltela.pt\/noticias\/2026\/03\/16\/video-das-guerreiras-do-k-pop-pode-interessar-fas-mirins\/\",\"name\":\"V\u00eddeo das Guerreiras do K-Pop pode interessar f\u00e3s mirins - Portal Tela Portugal\",\"isPartOf\":{\"@id\":\"https:\/\/portaltela.pt\/#website\"},\"primaryImageOfPage\":{\"@id\":\"https:\/\/portaltela.pt\/noticias\/2026\/03\/16\/video-das-guerreiras-do-k-pop-pode-interessar-fas-mirins\/#primaryimage\"},\"image\":{\"@id\":\"https:\/\/portaltela.pt\/noticias\/2026\/03\/16\/video-das-guerreiras-do-k-pop-pode-interessar-fas-mirins\/#primaryimage\"},\"thumbnailUrl\":\"https:\/\/portaltela.pt\/s.01k8rhncp4jt1\/2026\/03\/img_1200x721uu2026-03-16-17-28-55-2427425.jpg\",\"datePublished\":\"2026-03-16T17:19:00+00:00\",\"author\":{\"@id\":\"https:\/\/portaltela.pt\/#\/schema\/person\/c4278d4a6028830caff9ee44b42d32ed\"},\"breadcrumb\":{\"@id\":\"https:\/\/portaltela.pt\/noticias\/2026\/03\/16\/video-das-guerreiras-do-k-pop-pode-interessar-fas-mirins\/#breadcrumb\"},\"inLanguage\":\"pt-PT\",\"potentialAction\":[{\"@type\":\"ReadAction\",\"target\":[\"https:\/\/portaltela.pt\/noticias\/2026\/03\/16\/video-das-guerreiras-do-k-pop-pode-interessar-fas-mirins\/\"]}]},{\"@type\":\"ImageObject\",\"inLanguage\":\"pt-PT\",\"@id\":\"https:\/\/portaltela.pt\/noticias\/2026\/03\/16\/video-das-guerreiras-do-k-pop-pode-interessar-fas-mirins\/#primaryimage\",\"url\":\"https:\/\/portaltela.pt\/s.01k8rhncp4jt1\/2026\/03\/img_1200x721uu2026-03-16-17-28-55-2427425.jpg\",\"contentUrl\":\"https:\/\/portaltela.pt\/s.01k8rhncp4jt1\/2026\/03\/img_1200x721uu2026-03-16-17-28-55-2427425.jpg\",\"width\":796,\"height\":448,\"caption\":\"Photo\"},{\"@type\":\"BreadcrumbList\",\"@id\":\"https:\/\/portaltela.pt\/noticias\/2026\/03\/16\/video-das-guerreiras-do-k-pop-pode-interessar-fas-mirins\/#breadcrumb\",\"itemListElement\":[{\"@type\":\"ListItem\",\"position\":1,\"name\":\"In\u00edcio\",\"item\":\"https:\/\/portaltela.pt\/\"},{\"@type\":\"ListItem\",\"position\":2,\"name\":\"V\u00eddeo das Guerreiras do K-Pop pode interessar f\u00e3s mirins\"}]},{\"@type\":\"WebSite\",\"@id\":\"https:\/\/portaltela.pt\/#website\",\"url\":\"https:\/\/portaltela.pt\/\",\"name\":\"Portal Tela Portugal\",\"description\":\"\",\"potentialAction\":[{\"@type\":\"SearchAction\",\"target\":{\"@type\":\"EntryPoint\",\"urlTemplate\":\"https:\/\/portaltela.pt\/?s={search_term_string}\"},\"query-input\":{\"@type\":\"PropertyValueSpecification\",\"valueRequired\":true,\"valueName\":\"search_term_string\"}}],\"inLanguage\":\"pt-PT\"},{\"@type\":\"Person\",\"@id\":\"https:\/\/portaltela.pt\/#\/schema\/person\/c4278d4a6028830caff9ee44b42d32ed\",\"name\":\"Telinha\",\"image\":{\"@type\":\"ImageObject\",\"inLanguage\":\"pt-PT\",\"@id\":\"https:\/\/portaltela.pt\/s.01k8rhncp4jt1\/2025\/11\/talking-bot-125x125.png\",\"url\":\"https:\/\/portaltela.pt\/s.01k8rhncp4jt1\/2025\/11\/talking-bot-125x125.png\",\"contentUrl\":\"https:\/\/portaltela.pt\/s.01k8rhncp4jt1\/2025\/11\/talking-bot-125x125.png\",\"caption\":\"Telinha\"},\"sameAs\":[\"https:\/\/portaltela.pt\/\"],\"url\":\"https:\/\/portaltela.pt\/por\/367410592786\/\"}]}<\/script>\n<!-- \/ Yoast SEO plugin. -->","yoast_head_json":{"title":"V\u00eddeo das Guerreiras do K-Pop pode interessar f\u00e3s mirins - Portal Tela Portugal","robots":{"index":"index","follow":"follow","max-snippet":"max-snippet:-1","max-image-preview":"max-image-preview:large","max-video-preview":"max-video-preview:-1"},"og_locale":"pt_PT","og_type":"article","og_title":"V\u00eddeo das Guerreiras do K-Pop pode interessar f\u00e3s mirins - Portal Tela Portugal","og_description":"As Guerreiras do K-Pop receberam dois \u00d3scares, nomeadamente Melhor Filme de Anima\u00e7\u00e3o e Melhor Can\u00e7\u00e3o Original. O filme estava nomeado em ambas as categorias. A can\u00e7\u00e3o premiada \u00e9 \u201cGolden\u201d. A banda Huntrix cantou o tema durante a cerim\u00f3nia, realizada no domingo \u00e0 noite.","og_url":"https:\/\/portaltela.pt\/noticias\/2026\/03\/16\/video-das-guerreiras-do-k-pop-pode-interessar-fas-mirins\/","og_site_name":"Portal Tela Portugal","article_published_time":"2026-03-16T17:19:00+00:00","author":"Telinha","twitter_card":"summary_large_image","twitter_misc":{"Escrito por":"Telinha","Tempo estimado de leitura":"1 minuto"},"schema":{"@context":"https:\/\/schema.org","@graph":[{"@type":"Article","@id":"https:\/\/portaltela.pt\/noticias\/2026\/03\/16\/video-das-guerreiras-do-k-pop-pode-interessar-fas-mirins\/#article","isPartOf":{"@id":"https:\/\/portaltela.pt\/noticias\/2026\/03\/16\/video-das-guerreiras-do-k-pop-pode-interessar-fas-mirins\/"},"author":{"name":"Telinha","@id":"https:\/\/portaltela.pt\/#\/schema\/person\/c4278d4a6028830caff9ee44b42d32ed"},"headline":"V\u00eddeo das Guerreiras do K-Pop pode interessar f\u00e3s mirins","datePublished":"2026-03-16T17:19:00+00:00","mainEntityOfPage":{"@id":"https:\/\/portaltela.pt\/noticias\/2026\/03\/16\/video-das-guerreiras-do-k-pop-pode-interessar-fas-mirins\/"},"wordCount":165,"image":{"@id":"https:\/\/portaltela.pt\/noticias\/2026\/03\/16\/video-das-guerreiras-do-k-pop-pode-interessar-fas-mirins\/#primaryimage"},"thumbnailUrl":"https:\/\/portaltela.pt\/s.01k8rhncp4jt1\/2026\/03\/img_1200x721uu2026-03-16-17-28-55-2427425.jpg","keywords":["artistas internacionais","cinema","cinema internacional","Melhor Can\u00e7\u00e3o Original","Melhor Filme de Anima\u00e7\u00e3o","m\u00fasica"],"articleSection":["Entretenimento","M\u00fasica"],"inLanguage":"pt-PT"},{"@type":"WebPage","@id":"https:\/\/portaltela.pt\/noticias\/2026\/03\/16\/video-das-guerreiras-do-k-pop-pode-interessar-fas-mirins\/","url":"https:\/\/portaltela.pt\/noticias\/2026\/03\/16\/video-das-guerreiras-do-k-pop-pode-interessar-fas-mirins\/","name":"V\u00eddeo das Guerreiras do K-Pop pode interessar f\u00e3s mirins - Portal Tela Portugal","isPartOf":{"@id":"https:\/\/portaltela.pt\/#website"},"primaryImageOfPage":{"@id":"https:\/\/portaltela.pt\/noticias\/2026\/03\/16\/video-das-guerreiras-do-k-pop-pode-interessar-fas-mirins\/#primaryimage"},"image":{"@id":"https:\/\/portaltela.pt\/noticias\/2026\/03\/16\/video-das-guerreiras-do-k-pop-pode-interessar-fas-mirins\/#primaryimage"},"thumbnailUrl":"https:\/\/portaltela.pt\/s.01k8rhncp4jt1\/2026\/03\/img_1200x721uu2026-03-16-17-28-55-2427425.jpg","datePublished":"2026-03-16T17:19:00+00:00","author":{"@id":"https:\/\/portaltela.pt\/#\/schema\/person\/c4278d4a6028830caff9ee44b42d32ed"},"breadcrumb":{"@id":"https:\/\/portaltela.pt\/noticias\/2026\/03\/16\/video-das-guerreiras-do-k-pop-pode-interessar-fas-mirins\/#breadcrumb"},"inLanguage":"pt-PT","potentialAction":[{"@type":"ReadAction","target":["https:\/\/portaltela.pt\/noticias\/2026\/03\/16\/video-das-guerreiras-do-k-pop-pode-interessar-fas-mirins\/"]}]},{"@type":"ImageObject","inLanguage":"pt-PT","@id":"https:\/\/portaltela.pt\/noticias\/2026\/03\/16\/video-das-guerreiras-do-k-pop-pode-interessar-fas-mirins\/#primaryimage","url":"https:\/\/portaltela.pt\/s.01k8rhncp4jt1\/2026\/03\/img_1200x721uu2026-03-16-17-28-55-2427425.jpg","contentUrl":"https:\/\/portaltela.pt\/s.01k8rhncp4jt1\/2026\/03\/img_1200x721uu2026-03-16-17-28-55-2427425.jpg","width":796,"height":448,"caption":"Photo"},{"@type":"BreadcrumbList","@id":"https:\/\/portaltela.pt\/noticias\/2026\/03\/16\/video-das-guerreiras-do-k-pop-pode-interessar-fas-mirins\/#breadcrumb","itemListElement":[{"@type":"ListItem","position":1,"name":"In\u00edcio","item":"https:\/\/portaltela.pt\/"},{"@type":"ListItem","position":2,"name":"V\u00eddeo das Guerreiras do K-Pop pode interessar f\u00e3s mirins"}]},{"@type":"WebSite","@id":"https:\/\/portaltela.pt\/#website","url":"https:\/\/portaltela.pt\/","name":"Portal Tela Portugal","description":"","potentialAction":[{"@type":"SearchAction","target":{"@type":"EntryPoint","urlTemplate":"https:\/\/portaltela.pt\/?s={search_term_string}"},"query-input":{"@type":"PropertyValueSpecification","valueRequired":true,"valueName":"search_term_string"}}],"inLanguage":"pt-PT"},{"@type":"Person","@id":"https:\/\/portaltela.pt\/#\/schema\/person\/c4278d4a6028830caff9ee44b42d32ed","name":"Telinha","image":{"@type":"ImageObject","inLanguage":"pt-PT","@id":"https:\/\/portaltela.pt\/s.01k8rhncp4jt1\/2025\/11\/talking-bot-125x125.png","url":"https:\/\/portaltela.pt\/s.01k8rhncp4jt1\/2025\/11\/talking-bot-125x125.png","contentUrl":"https:\/\/portaltela.pt\/s.01k8rhncp4jt1\/2025\/11\/talking-bot-125x125.png","caption":"Telinha"},"sameAs":["https:\/\/portaltela.pt\/"],"url":"https:\/\/portaltela.pt\/por\/367410592786\/"}]}},"_links":{"self":[{"href":"https:\/\/portaltela.pt\/api\/wp\/v2\/posts\/412312","targetHints":{"allow":["GET"]}}],"collection":[{"href":"https:\/\/portaltela.pt\/api\/wp\/v2\/posts"}],"about":[{"href":"https:\/\/portaltela.pt\/api\/wp\/v2\/types\/post"}],"author":[{"embeddable":true,"href":"https:\/\/portaltela.pt\/api\/wp\/v2\/users\/2"}],"replies":[{"embeddable":true,"href":"https:\/\/portaltela.pt\/api\/wp\/v2\/comments?post=412312"}],"version-history":[{"count":0,"href":"https:\/\/portaltela.pt\/api\/wp\/v2\/posts\/412312\/revisions"}],"wp:featuredmedia":[{"embeddable":true,"href":"https:\/\/portaltela.pt\/api\/wp\/v2\/media\/412314"}],"wp:attachment":[{"href":"https:\/\/portaltela.pt\/api\/wp\/v2\/media?parent=412312"}],"wp:term":[{"taxonomy":"category","embeddable":true,"href":"https:\/\/portaltela.pt\/api\/wp\/v2\/categories?post=412312"},{"taxonomy":"post_tag","embeddable":true,"href":"https:\/\/portaltela.pt\/api\/wp\/v2\/tags?post=412312"}],"curies":[{"name":"wp","href":"https:\/\/api.w.org\/{rel}","templated":true}]}}