{"id":412303,"date":"2026-03-16T14:00:00","date_gmt":"2026-03-16T17:00:00","guid":{"rendered":"https:\/\/portaltela.pt\/noticias\/2026\/03\/16\/cp-inicia-transbordos-rodoviarios-apos-linhas-encerradas-pelo-mau-tempo\/"},"modified":"2026-03-16T14:00:00","modified_gmt":"2026-03-16T17:00:00","slug":"cp-inicia-transbordos-rodoviarios-apos-linhas-encerradas-pelo-mau-tempo","status":"publish","type":"post","link":"https:\/\/portaltela.pt\/noticias\/2026\/03\/16\/cp-inicia-transbordos-rodoviarios-apos-linhas-encerradas-pelo-mau-tempo\/","title":{"rendered":"CP inicia transbordos rodovi\u00e1rios ap\u00f3s linhas encerradas pelo mau tempo"},"content":{"rendered":"<p>Poucos dias depois de a tempestade Kristin ter destru\u00eddo estradas e linhas f\u00e9rreas, a CP anunciou hoje, 16 de Mar\u00e7o, a implementa\u00e7\u00e3o de transbordos rodovi\u00e1rios em linhas encerradas pelo mau tempo. O servi\u00e7o entre Lisboa e Covilh\u00e3 passa a terminar em Abrantes, com autocarros a seguir at\u00e9 Covilh\u00e3, passando por R\u00f3d\u00e3o, Castelo Branco e Fund\u00e3o. O sentido inverso segue o percurso equivalente.<\/p>\n<p>Na Beira Baixa, o servi\u00e7o regional mantem transbordos entre Mouriscas e R\u00f3d\u00e3o, porque a linha continua interdita entre Belver e Barca da Amieira. J\u00e1 no Oeste, a CP disponibiliza um servi\u00e7o rodovi\u00e1rio entre Caldas da Rainha e Mele\u00e7as, com hor\u00e1rios paralelos aos dos el\u00e9tricos, embora com menos paragens e tempo de viagem mais longo.<\/p>\n<p>A circula\u00e7\u00e3o de norte a sul nas Caldas da Rainha foi retomada, por\u00e9m com apenas tr\u00eas comboios em cada sentido, em vez dos seis anteriores ao encerramento por causa do mau tempo. Mant\u00eam-se a supress\u00e3o de algumas liga\u00e7\u00f5es entre Caldas e Leiria e entre Caldas e Figueira da Foz.<\/p>\n<p>Segundo a CP, o parque de material circulante enfrentou avarias graves, levando a suspens\u00f5es di\u00e1rias na Linha do Oeste. A empresa indicou ter encontrado uma margem temporal para reparar a frota diesel, ainda que n\u00e3o tenha explicado por que n\u00e3o retomou a opera\u00e7\u00e3o normal na metade norte da linha.<\/p>\n<h3>Situa\u00e7\u00e3o atual<\/h3>\n<p>O Governo anunciou que j\u00e1 foram resolvidos 312 dos 346 cortes rodovi\u00e1rios causados pela intemp\u00e9rie, correspondendo a uma taxa de recupera\u00e7\u00e3o de 90%. No conjunto da rede rodovi\u00e1ria e ferrovi\u00e1ria, foram registadas mais de 4200 ocorr\u00eancias, com mobiliza\u00e7\u00e3o de cerca de 2000 operacionais, 622 viaturas e 31 equipamentos pesados em momentos cr\u00edticos.<\/p>\n<p>O Minist\u00e9rio das Infra-Estruturas e Habita\u00e7\u00e3o registou o refor\u00e7o de financiamento, com uma verba extraordin\u00e1ria de 400 milh\u00f5es de euros destinada \u00e0 recupera\u00e7\u00e3o das infraestruturas afectadas. O caso do viaduto de Casais, na A1, foi destacado pela r\u00e1pida recupera\u00e7\u00e3o, conclu\u00edda em 15 dias com apoio de entidades como o LNEC e a Brisa.<\/p>\n<p>O governo destacou ainda o papel das equipas envolvidas na reposi\u00e7\u00e3o de servi\u00e7os, seguran\u00e7a e normaliza\u00e7\u00e3o da vida das popula\u00e7\u00f5es afetadas. O BE de Torres Vedras elogiou a reposi\u00e7\u00e3o do servi\u00e7o de autocarros no Oeste, atribuindo a press\u00e3o medi\u00e1tica o efeito de obrigar \u00e0 resposta.<\/p>\n<ul>\n<li>As autoridades p\u00fablicas n\u00e3o divulgaram informa\u00e7\u00f5es adicionais sobre a resposta formal do IMT \u00e0 carta da CP, nem sobre eventual conte\u00fado de respostas. A CP n\u00e3o forneceu explica\u00e7\u00f5es adicionais sobre o atraso na recupera\u00e7\u00e3o completa da metade norte da Linha do Oeste.<\/li>\n<\/ul>\n","protected":false},"excerpt":{"rendered":"<ul>\n<li>No dia 16 de mar\u00e7o, a CP iniciou transbordos rodovi\u00e1rios em linhas encerradas pelo mau tempo Kristin, substituindo comboios por autocarros entre Abrantes e Covilh\u00e3 (Beira Baixa) e entre Caldas da Rainha e Mele\u00e7as (Linha do Oeste).<\/li>\n<li>O servi\u00e7o Intercidades entre Lisboa e Covilh\u00e3 mant\u00e9m-se em comboio at\u00e9 Abrantes, seguindo de autocarro com paragens em R\u00f3d\u00e3o, Castelo Branco, Fund\u00e3o e Covilh\u00e3, em ambos os sentidos.<\/li>\n<li>Nos regionais da Beira Baixa, o transbordo rodovi\u00e1rio aplica-se entre Mouriscas e R\u00f3d\u00e3o, devido \u00e0 interdi\u00e7\u00e3o entre Belver e Barca da Amieira.<\/li>\n<li>Em sentido oposto, a Linha do Oeste mant\u00e9m grande parte dos hor\u00e1rios, com tr\u00eas Inter-Regionais entre Caldas da Rainha e Coimbra e sem duas circula\u00e7\u00f5es di\u00e1rias entre Caldas da Rainha e Leiria, nem a viagem Caldas da Rainha\u2013Figueira da Foz.<\/li>\n<li>O Governo anunciou que, dos 346 cortes rodovi\u00e1rios provocados pelo mau tempo, 312 j\u00e1 est\u00e3o resolvidos (90%), num esfor\u00e7o conjunto de mobiliza\u00e7\u00e3o de operacionais, viaturas, equipamentos e um complemento financeiro de 400 milh\u00f5es de euros para recupera\u00e7\u00e3o.<\/li>\n<\/ul>\n","protected":false},"author":2,"featured_media":412305,"comment_status":"closed","ping_status":"closed","sticky":false,"template":"","format":"standard","meta":{"footnotes":""},"categories":[1],"tags":[3670,3191,1083,6317,1237,4971],"class_list":["post-412303","post","type-post","status-publish","format-standard","has-post-thumbnail","hentry","category-noticias","tag-beira-baixa","tag-cp","tag-estradas","tag-infraestrutura-rodoviaria","tag-oeste","tag-transporte-rodoviario"],"yoast_head":"<!-- This site is optimized with the Yoast SEO plugin v27.2 - https:\/\/yoast.com\/product\/yoast-seo-wordpress\/ -->\n<title>CP inicia transbordos rodovi\u00e1rios ap\u00f3s linhas encerradas pelo mau tempo - Portal Tela Portugal<\/title>\n<meta name=\"robots\" content=\"index, follow, max-snippet:-1, max-image-preview:large, max-video-preview:-1\" \/>\n<meta property=\"og:locale\" content=\"pt_PT\" \/>\n<meta property=\"og:type\" content=\"article\" \/>\n<meta property=\"og:title\" content=\"CP inicia transbordos rodovi\u00e1rios ap\u00f3s linhas encerradas pelo mau tempo - Portal Tela Portugal\" \/>\n<meta property=\"og:description\" content=\"No dia 16 de mar\u00e7o, a CP iniciou transbordos rodovi\u00e1rios em linhas encerradas pelo mau tempo Kristin, substituindo comboios por autocarros entre Abrantes e Covilh\u00e3 (Beira Baixa) e entre Caldas da Rainha e Mele\u00e7as (Linha do Oeste). O servi\u00e7o Intercidades entre Lisboa e Covilh\u00e3 mant\u00e9m-se em comboio at\u00e9 Abrantes, seguindo de autocarro com paragens em R\u00f3d\u00e3o, Castelo Branco, Fund\u00e3o e Covilh\u00e3, em ambos os sentidos. Nos regionais da Beira Baixa, o transbordo rodovi\u00e1rio aplica-se entre Mouriscas e R\u00f3d\u00e3o, devido \u00e0 interdi\u00e7\u00e3o entre Belver e Barca da Amieira. Em sentido oposto, a Linha do Oeste mant\u00e9m grande parte dos hor\u00e1rios, com tr\u00eas Inter-Regionais entre Caldas da Rainha e Coimbra e sem duas circula\u00e7\u00f5es di\u00e1rias entre Caldas da Rainha e Leiria, nem a viagem Caldas da Rainha\u2013Figueira da Foz. O Governo anunciou que, dos 346 cortes rodovi\u00e1rios provocados pelo mau tempo, 312 j\u00e1 est\u00e3o resolvidos (90%), num esfor\u00e7o conjunto de mobiliza\u00e7\u00e3o de operacionais, viaturas, equipamentos e um complemento financeiro de 400 milh\u00f5es de euros para recupera\u00e7\u00e3o.\" \/>\n<meta property=\"og:url\" content=\"https:\/\/portaltela.pt\/noticias\/2026\/03\/16\/cp-inicia-transbordos-rodoviarios-apos-linhas-encerradas-pelo-mau-tempo\/\" \/>\n<meta property=\"og:site_name\" content=\"Portal Tela Portugal\" \/>\n<meta property=\"article:published_time\" content=\"2026-03-16T17:00:00+00:00\" \/>\n<meta name=\"author\" content=\"Telinha\" \/>\n<meta name=\"twitter:card\" content=\"summary_large_image\" \/>\n<meta name=\"twitter:label1\" content=\"Escrito por\" \/>\n\t<meta name=\"twitter:data1\" content=\"Telinha\" \/>\n\t<meta name=\"twitter:label2\" content=\"Tempo estimado de leitura\" \/>\n\t<meta name=\"twitter:data2\" content=\"2 minutos\" \/>\n<script type=\"application\/ld+json\" class=\"yoast-schema-graph\">{\"@context\":\"https:\/\/schema.org\",\"@graph\":[{\"@type\":\"Article\",\"@id\":\"https:\/\/portaltela.pt\/noticias\/2026\/03\/16\/cp-inicia-transbordos-rodoviarios-apos-linhas-encerradas-pelo-mau-tempo\/#article\",\"isPartOf\":{\"@id\":\"https:\/\/portaltela.pt\/noticias\/2026\/03\/16\/cp-inicia-transbordos-rodoviarios-apos-linhas-encerradas-pelo-mau-tempo\/\"},\"author\":{\"name\":\"Telinha\",\"@id\":\"https:\/\/portaltela.pt\/#\/schema\/person\/c4278d4a6028830caff9ee44b42d32ed\"},\"headline\":\"CP inicia transbordos rodovi\u00e1rios ap\u00f3s linhas encerradas pelo mau tempo\",\"datePublished\":\"2026-03-16T17:00:00+00:00\",\"mainEntityOfPage\":{\"@id\":\"https:\/\/portaltela.pt\/noticias\/2026\/03\/16\/cp-inicia-transbordos-rodoviarios-apos-linhas-encerradas-pelo-mau-tempo\/\"},\"wordCount\":469,\"image\":{\"@id\":\"https:\/\/portaltela.pt\/noticias\/2026\/03\/16\/cp-inicia-transbordos-rodoviarios-apos-linhas-encerradas-pelo-mau-tempo\/#primaryimage\"},\"thumbnailUrl\":\"https:\/\/portaltela.pt\/s.01k8rhncp4jt1\/2026\/03\/2074722.jpg\",\"keywords\":[\"Beira Baixa\",\"CP\",\"estradas\",\"infraestrutura rodovi\u00e1ria\",\"Oeste\",\"transporte rodovi\u00e1rio\"],\"articleSection\":[\"Not\u00edcias\"],\"inLanguage\":\"pt-PT\"},{\"@type\":\"WebPage\",\"@id\":\"https:\/\/portaltela.pt\/noticias\/2026\/03\/16\/cp-inicia-transbordos-rodoviarios-apos-linhas-encerradas-pelo-mau-tempo\/\",\"url\":\"https:\/\/portaltela.pt\/noticias\/2026\/03\/16\/cp-inicia-transbordos-rodoviarios-apos-linhas-encerradas-pelo-mau-tempo\/\",\"name\":\"CP inicia transbordos rodovi\u00e1rios ap\u00f3s linhas encerradas pelo mau tempo - Portal Tela Portugal\",\"isPartOf\":{\"@id\":\"https:\/\/portaltela.pt\/#website\"},\"primaryImageOfPage\":{\"@id\":\"https:\/\/portaltela.pt\/noticias\/2026\/03\/16\/cp-inicia-transbordos-rodoviarios-apos-linhas-encerradas-pelo-mau-tempo\/#primaryimage\"},\"image\":{\"@id\":\"https:\/\/portaltela.pt\/noticias\/2026\/03\/16\/cp-inicia-transbordos-rodoviarios-apos-linhas-encerradas-pelo-mau-tempo\/#primaryimage\"},\"thumbnailUrl\":\"https:\/\/portaltela.pt\/s.01k8rhncp4jt1\/2026\/03\/2074722.jpg\",\"datePublished\":\"2026-03-16T17:00:00+00:00\",\"author\":{\"@id\":\"https:\/\/portaltela.pt\/#\/schema\/person\/c4278d4a6028830caff9ee44b42d32ed\"},\"breadcrumb\":{\"@id\":\"https:\/\/portaltela.pt\/noticias\/2026\/03\/16\/cp-inicia-transbordos-rodoviarios-apos-linhas-encerradas-pelo-mau-tempo\/#breadcrumb\"},\"inLanguage\":\"pt-PT\",\"potentialAction\":[{\"@type\":\"ReadAction\",\"target\":[\"https:\/\/portaltela.pt\/noticias\/2026\/03\/16\/cp-inicia-transbordos-rodoviarios-apos-linhas-encerradas-pelo-mau-tempo\/\"]}]},{\"@type\":\"ImageObject\",\"inLanguage\":\"pt-PT\",\"@id\":\"https:\/\/portaltela.pt\/noticias\/2026\/03\/16\/cp-inicia-transbordos-rodoviarios-apos-linhas-encerradas-pelo-mau-tempo\/#primaryimage\",\"url\":\"https:\/\/portaltela.pt\/s.01k8rhncp4jt1\/2026\/03\/2074722.jpg\",\"contentUrl\":\"https:\/\/portaltela.pt\/s.01k8rhncp4jt1\/2026\/03\/2074722.jpg\",\"width\":796,\"height\":448,\"caption\":\"Dos 346 cortes rodovi\u00e1rios provocados pelo mau tempo, 312 j\u00e1 est\u00e3o resolvidos, o que d\u00e1 uma taxa de resolu\u00e7\u00e3o de 90%\"},{\"@type\":\"BreadcrumbList\",\"@id\":\"https:\/\/portaltela.pt\/noticias\/2026\/03\/16\/cp-inicia-transbordos-rodoviarios-apos-linhas-encerradas-pelo-mau-tempo\/#breadcrumb\",\"itemListElement\":[{\"@type\":\"ListItem\",\"position\":1,\"name\":\"In\u00edcio\",\"item\":\"https:\/\/portaltela.pt\/\"},{\"@type\":\"ListItem\",\"position\":2,\"name\":\"CP inicia transbordos rodovi\u00e1rios ap\u00f3s linhas encerradas pelo mau tempo\"}]},{\"@type\":\"WebSite\",\"@id\":\"https:\/\/portaltela.pt\/#website\",\"url\":\"https:\/\/portaltela.pt\/\",\"name\":\"Portal Tela Portugal\",\"description\":\"\",\"potentialAction\":[{\"@type\":\"SearchAction\",\"target\":{\"@type\":\"EntryPoint\",\"urlTemplate\":\"https:\/\/portaltela.pt\/?s={search_term_string}\"},\"query-input\":{\"@type\":\"PropertyValueSpecification\",\"valueRequired\":true,\"valueName\":\"search_term_string\"}}],\"inLanguage\":\"pt-PT\"},{\"@type\":\"Person\",\"@id\":\"https:\/\/portaltela.pt\/#\/schema\/person\/c4278d4a6028830caff9ee44b42d32ed\",\"name\":\"Telinha\",\"image\":{\"@type\":\"ImageObject\",\"inLanguage\":\"pt-PT\",\"@id\":\"https:\/\/portaltela.pt\/s.01k8rhncp4jt1\/2025\/11\/talking-bot-125x125.png\",\"url\":\"https:\/\/portaltela.pt\/s.01k8rhncp4jt1\/2025\/11\/talking-bot-125x125.png\",\"contentUrl\":\"https:\/\/portaltela.pt\/s.01k8rhncp4jt1\/2025\/11\/talking-bot-125x125.png\",\"caption\":\"Telinha\"},\"sameAs\":[\"https:\/\/portaltela.pt\/\"],\"url\":\"https:\/\/portaltela.pt\/por\/367410592786\/\"}]}<\/script>\n<!-- \/ Yoast SEO plugin. -->","yoast_head_json":{"title":"CP inicia transbordos rodovi\u00e1rios ap\u00f3s linhas encerradas pelo mau tempo - Portal Tela Portugal","robots":{"index":"index","follow":"follow","max-snippet":"max-snippet:-1","max-image-preview":"max-image-preview:large","max-video-preview":"max-video-preview:-1"},"og_locale":"pt_PT","og_type":"article","og_title":"CP inicia transbordos rodovi\u00e1rios ap\u00f3s linhas encerradas pelo mau tempo - Portal Tela Portugal","og_description":"No dia 16 de mar\u00e7o, a CP iniciou transbordos rodovi\u00e1rios em linhas encerradas pelo mau tempo Kristin, substituindo comboios por autocarros entre Abrantes e Covilh\u00e3 (Beira Baixa) e entre Caldas da Rainha e Mele\u00e7as (Linha do Oeste). O servi\u00e7o Intercidades entre Lisboa e Covilh\u00e3 mant\u00e9m-se em comboio at\u00e9 Abrantes, seguindo de autocarro com paragens em R\u00f3d\u00e3o, Castelo Branco, Fund\u00e3o e Covilh\u00e3, em ambos os sentidos. Nos regionais da Beira Baixa, o transbordo rodovi\u00e1rio aplica-se entre Mouriscas e R\u00f3d\u00e3o, devido \u00e0 interdi\u00e7\u00e3o entre Belver e Barca da Amieira. Em sentido oposto, a Linha do Oeste mant\u00e9m grande parte dos hor\u00e1rios, com tr\u00eas Inter-Regionais entre Caldas da Rainha e Coimbra e sem duas circula\u00e7\u00f5es di\u00e1rias entre Caldas da Rainha e Leiria, nem a viagem Caldas da Rainha\u2013Figueira da Foz. O Governo anunciou que, dos 346 cortes rodovi\u00e1rios provocados pelo mau tempo, 312 j\u00e1 est\u00e3o resolvidos (90%), num esfor\u00e7o conjunto de mobiliza\u00e7\u00e3o de operacionais, viaturas, equipamentos e um complemento financeiro de 400 milh\u00f5es de euros para recupera\u00e7\u00e3o.","og_url":"https:\/\/portaltela.pt\/noticias\/2026\/03\/16\/cp-inicia-transbordos-rodoviarios-apos-linhas-encerradas-pelo-mau-tempo\/","og_site_name":"Portal Tela Portugal","article_published_time":"2026-03-16T17:00:00+00:00","author":"Telinha","twitter_card":"summary_large_image","twitter_misc":{"Escrito por":"Telinha","Tempo estimado de leitura":"2 minutos"},"schema":{"@context":"https:\/\/schema.org","@graph":[{"@type":"Article","@id":"https:\/\/portaltela.pt\/noticias\/2026\/03\/16\/cp-inicia-transbordos-rodoviarios-apos-linhas-encerradas-pelo-mau-tempo\/#article","isPartOf":{"@id":"https:\/\/portaltela.pt\/noticias\/2026\/03\/16\/cp-inicia-transbordos-rodoviarios-apos-linhas-encerradas-pelo-mau-tempo\/"},"author":{"name":"Telinha","@id":"https:\/\/portaltela.pt\/#\/schema\/person\/c4278d4a6028830caff9ee44b42d32ed"},"headline":"CP inicia transbordos rodovi\u00e1rios ap\u00f3s linhas encerradas pelo mau tempo","datePublished":"2026-03-16T17:00:00+00:00","mainEntityOfPage":{"@id":"https:\/\/portaltela.pt\/noticias\/2026\/03\/16\/cp-inicia-transbordos-rodoviarios-apos-linhas-encerradas-pelo-mau-tempo\/"},"wordCount":469,"image":{"@id":"https:\/\/portaltela.pt\/noticias\/2026\/03\/16\/cp-inicia-transbordos-rodoviarios-apos-linhas-encerradas-pelo-mau-tempo\/#primaryimage"},"thumbnailUrl":"https:\/\/portaltela.pt\/s.01k8rhncp4jt1\/2026\/03\/2074722.jpg","keywords":["Beira Baixa","CP","estradas","infraestrutura rodovi\u00e1ria","Oeste","transporte rodovi\u00e1rio"],"articleSection":["Not\u00edcias"],"inLanguage":"pt-PT"},{"@type":"WebPage","@id":"https:\/\/portaltela.pt\/noticias\/2026\/03\/16\/cp-inicia-transbordos-rodoviarios-apos-linhas-encerradas-pelo-mau-tempo\/","url":"https:\/\/portaltela.pt\/noticias\/2026\/03\/16\/cp-inicia-transbordos-rodoviarios-apos-linhas-encerradas-pelo-mau-tempo\/","name":"CP inicia transbordos rodovi\u00e1rios ap\u00f3s linhas encerradas pelo mau tempo - Portal Tela Portugal","isPartOf":{"@id":"https:\/\/portaltela.pt\/#website"},"primaryImageOfPage":{"@id":"https:\/\/portaltela.pt\/noticias\/2026\/03\/16\/cp-inicia-transbordos-rodoviarios-apos-linhas-encerradas-pelo-mau-tempo\/#primaryimage"},"image":{"@id":"https:\/\/portaltela.pt\/noticias\/2026\/03\/16\/cp-inicia-transbordos-rodoviarios-apos-linhas-encerradas-pelo-mau-tempo\/#primaryimage"},"thumbnailUrl":"https:\/\/portaltela.pt\/s.01k8rhncp4jt1\/2026\/03\/2074722.jpg","datePublished":"2026-03-16T17:00:00+00:00","author":{"@id":"https:\/\/portaltela.pt\/#\/schema\/person\/c4278d4a6028830caff9ee44b42d32ed"},"breadcrumb":{"@id":"https:\/\/portaltela.pt\/noticias\/2026\/03\/16\/cp-inicia-transbordos-rodoviarios-apos-linhas-encerradas-pelo-mau-tempo\/#breadcrumb"},"inLanguage":"pt-PT","potentialAction":[{"@type":"ReadAction","target":["https:\/\/portaltela.pt\/noticias\/2026\/03\/16\/cp-inicia-transbordos-rodoviarios-apos-linhas-encerradas-pelo-mau-tempo\/"]}]},{"@type":"ImageObject","inLanguage":"pt-PT","@id":"https:\/\/portaltela.pt\/noticias\/2026\/03\/16\/cp-inicia-transbordos-rodoviarios-apos-linhas-encerradas-pelo-mau-tempo\/#primaryimage","url":"https:\/\/portaltela.pt\/s.01k8rhncp4jt1\/2026\/03\/2074722.jpg","contentUrl":"https:\/\/portaltela.pt\/s.01k8rhncp4jt1\/2026\/03\/2074722.jpg","width":796,"height":448,"caption":"Dos 346 cortes rodovi\u00e1rios provocados pelo mau tempo, 312 j\u00e1 est\u00e3o resolvidos, o que d\u00e1 uma taxa de resolu\u00e7\u00e3o de 90%"},{"@type":"BreadcrumbList","@id":"https:\/\/portaltela.pt\/noticias\/2026\/03\/16\/cp-inicia-transbordos-rodoviarios-apos-linhas-encerradas-pelo-mau-tempo\/#breadcrumb","itemListElement":[{"@type":"ListItem","position":1,"name":"In\u00edcio","item":"https:\/\/portaltela.pt\/"},{"@type":"ListItem","position":2,"name":"CP inicia transbordos rodovi\u00e1rios ap\u00f3s linhas encerradas pelo mau tempo"}]},{"@type":"WebSite","@id":"https:\/\/portaltela.pt\/#website","url":"https:\/\/portaltela.pt\/","name":"Portal Tela Portugal","description":"","potentialAction":[{"@type":"SearchAction","target":{"@type":"EntryPoint","urlTemplate":"https:\/\/portaltela.pt\/?s={search_term_string}"},"query-input":{"@type":"PropertyValueSpecification","valueRequired":true,"valueName":"search_term_string"}}],"inLanguage":"pt-PT"},{"@type":"Person","@id":"https:\/\/portaltela.pt\/#\/schema\/person\/c4278d4a6028830caff9ee44b42d32ed","name":"Telinha","image":{"@type":"ImageObject","inLanguage":"pt-PT","@id":"https:\/\/portaltela.pt\/s.01k8rhncp4jt1\/2025\/11\/talking-bot-125x125.png","url":"https:\/\/portaltela.pt\/s.01k8rhncp4jt1\/2025\/11\/talking-bot-125x125.png","contentUrl":"https:\/\/portaltela.pt\/s.01k8rhncp4jt1\/2025\/11\/talking-bot-125x125.png","caption":"Telinha"},"sameAs":["https:\/\/portaltela.pt\/"],"url":"https:\/\/portaltela.pt\/por\/367410592786\/"}]}},"_links":{"self":[{"href":"https:\/\/portaltela.pt\/api\/wp\/v2\/posts\/412303","targetHints":{"allow":["GET"]}}],"collection":[{"href":"https:\/\/portaltela.pt\/api\/wp\/v2\/posts"}],"about":[{"href":"https:\/\/portaltela.pt\/api\/wp\/v2\/types\/post"}],"author":[{"embeddable":true,"href":"https:\/\/portaltela.pt\/api\/wp\/v2\/users\/2"}],"replies":[{"embeddable":true,"href":"https:\/\/portaltela.pt\/api\/wp\/v2\/comments?post=412303"}],"version-history":[{"count":0,"href":"https:\/\/portaltela.pt\/api\/wp\/v2\/posts\/412303\/revisions"}],"wp:featuredmedia":[{"embeddable":true,"href":"https:\/\/portaltela.pt\/api\/wp\/v2\/media\/412305"}],"wp:attachment":[{"href":"https:\/\/portaltela.pt\/api\/wp\/v2\/media?parent=412303"}],"wp:term":[{"taxonomy":"category","embeddable":true,"href":"https:\/\/portaltela.pt\/api\/wp\/v2\/categories?post=412303"},{"taxonomy":"post_tag","embeddable":true,"href":"https:\/\/portaltela.pt\/api\/wp\/v2\/tags?post=412303"}],"curies":[{"name":"wp","href":"https:\/\/api.w.org\/{rel}","templated":true}]}}