{"id":412299,"date":"2026-03-16T14:11:00","date_gmt":"2026-03-16T17:11:00","guid":{"rendered":"https:\/\/portaltela.pt\/noticias\/2026\/03\/16\/benfica-nao-e-punido-por-queimaduras-de-crianca-de-8-anos-no-estadio-da-luz\/"},"modified":"2026-03-16T14:11:00","modified_gmt":"2026-03-16T17:11:00","slug":"benfica-nao-e-punido-por-queimaduras-de-crianca-de-8-anos-no-estadio-da-luz","status":"publish","type":"post","link":"https:\/\/portaltela.pt\/desporto\/futebol\/2026\/03\/16\/benfica-nao-e-punido-por-queimaduras-de-crianca-de-8-anos-no-estadio-da-luz\/","title":{"rendered":"Benfica n\u00e3o \u00e9 punido por queimaduras de crian\u00e7a de 8 anos no Est\u00e1dio da Luz"},"content":{"rendered":"<p>Na sequ\u00eancia de um jogo entre Benfica e Estoril, realizado no Est\u00e1dio da Luz em dezembro de 2024, uma crian\u00e7a de 8 anos ficou ferida com queimaduras enquanto assistia ao encontro. O epis\u00f3dio motivou dilig\u00eancias por parte das autoridades desportivas.<\/p>\n<p>O Conselho de Disciplina decidiu arquivar o caso, citando aus\u00eancia de provas suficientes de que os ferimentos resultaram de material pirot\u00e9cnico. N\u00e3o houve confirma\u00e7\u00e3o de origem nem de qualquer deflagra\u00e7\u00e3o no local.<\/p>\n<p>As investiga\u00e7\u00f5es conclu\u00edram que nem PSP, nem Assistentes de Recinto Desportivo, nem registos de videovigil\u00e2ncia detetaram qualquer explos\u00e3o na zona da Bancada Norte, piso 3, na hora espec\u00edfico do incidente, pelas 19:23h.<\/p>\n<p>A prova testemunhal foi considerada inconclusiva. A m\u00e3e da crian\u00e7a n\u00e3o conseguiu identificar o objeto ou a origem do arremesso, e o Diretor de Seguran\u00e7a afirmou que n\u00e3o houve confirma\u00e7\u00e3o por parte dos ARD presentes.<\/p>\n<p>Apesar dos ferimentos, o despacho sustenta que n\u00e3o h\u00e1 ind\u00edcios suficientes para provar, com o grau de certeza exig\u00edvel, que houve viola\u00e7\u00e3o do dever por parte do clube, nem que o epis\u00f3dio tenha sido causado por pirotecnia.<\/p>\n<p>O diploma final refere o incidente como lament\u00e1vel, ressaltando a gravidade de les\u00f5es a um menor, mas ressalva a incerteza factual que inviabiliza a imputa\u00e7\u00e3o de responsabilidade ao Benfica.<\/p>\n","protected":false},"excerpt":{"rendered":"<ul>\n<li>Benfica ficou sem castigo ap\u00f3s uma crian\u00e7a de 8 anos sofrer queimaduras no Est\u00e1dio da Luz, em dezembro de 2024, durante o jogo Benfica-Estoril.<\/li>\n<li>O arquivamento ocorreu por falta de provas de que os ferimentos tenham sido provocados por material pirot\u00e9cnico.<\/li>\n<li>A an\u00e1lise dos vest\u00edgios n\u00e3o permitiu identificar a natureza do objeto, a sua proveni\u00eancia nem confirmar qualquer deflagra\u00e7\u00e3o no local indicado (Bancada Norte, piso 3) \u00e0s 19h23.<\/li>\n<li>Testemunhas foram inconclusivas: a m\u00e3e n\u00e3o conseguiu identificar o objeto nem o local de lan\u00e7amento; o Diretor de Seguran\u00e7a afirmou que \u00e9 quase imposs\u00edvel que o ferimento tenha vindo de engenhos deflagrados em setores distantes.<\/li>\n<li>Apesar do incidentes ser considerado lament\u00e1vel, o Conselho de Disciplina n\u00e3o encontrou ind\u00edcios suficientes para provar a viola\u00e7\u00e3o do dever por parte do clube.<\/li>\n<\/ul>\n","protected":false},"author":2,"featured_media":412304,"comment_status":"closed","ping_status":"closed","sticky":false,"template":"","format":"standard","meta":{"footnotes":""},"categories":[21,24],"tags":[1946,6698,32,6056,2294,250],"class_list":["post-412299","post","type-post","status-publish","format-standard","has-post-thumbnail","hentry","category-desporto","category-futebol","tag-benfica","tag-conselho-de-disciplina","tag-futebol","tag-menores","tag-pirotecnia","tag-seguranca-publica"],"yoast_head":"<!-- This site is optimized with the Yoast SEO plugin v27.2 - https:\/\/yoast.com\/product\/yoast-seo-wordpress\/ -->\n<title>Benfica n\u00e3o \u00e9 punido por queimaduras de crian\u00e7a de 8 anos no Est\u00e1dio da Luz - Portal Tela Portugal<\/title>\n<meta name=\"robots\" content=\"index, follow, max-snippet:-1, max-image-preview:large, max-video-preview:-1\" \/>\n<meta property=\"og:locale\" content=\"pt_PT\" \/>\n<meta property=\"og:type\" content=\"article\" \/>\n<meta property=\"og:title\" content=\"Benfica n\u00e3o \u00e9 punido por queimaduras de crian\u00e7a de 8 anos no Est\u00e1dio da Luz - Portal Tela Portugal\" \/>\n<meta property=\"og:description\" content=\"Benfica ficou sem castigo ap\u00f3s uma crian\u00e7a de 8 anos sofrer queimaduras no Est\u00e1dio da Luz, em dezembro de 2024, durante o jogo Benfica-Estoril. O arquivamento ocorreu por falta de provas de que os ferimentos tenham sido provocados por material pirot\u00e9cnico. A an\u00e1lise dos vest\u00edgios n\u00e3o permitiu identificar a natureza do objeto, a sua proveni\u00eancia nem confirmar qualquer deflagra\u00e7\u00e3o no local indicado (Bancada Norte, piso 3) \u00e0s 19h23. Testemunhas foram inconclusivas: a m\u00e3e n\u00e3o conseguiu identificar o objeto nem o local de lan\u00e7amento; o Diretor de Seguran\u00e7a afirmou que \u00e9 quase imposs\u00edvel que o ferimento tenha vindo de engenhos deflagrados em setores distantes. Apesar do incidentes ser considerado lament\u00e1vel, o Conselho de Disciplina n\u00e3o encontrou ind\u00edcios suficientes para provar a viola\u00e7\u00e3o do dever por parte do clube.\" \/>\n<meta property=\"og:url\" content=\"https:\/\/portaltela.pt\/noticias\/2026\/03\/16\/benfica-nao-e-punido-por-queimaduras-de-crianca-de-8-anos-no-estadio-da-luz\/\" \/>\n<meta property=\"og:site_name\" content=\"Portal Tela Portugal\" \/>\n<meta property=\"article:published_time\" content=\"2026-03-16T17:11:00+00:00\" \/>\n<meta name=\"author\" content=\"Telinha\" \/>\n<meta name=\"twitter:card\" content=\"summary_large_image\" \/>\n<meta name=\"twitter:label1\" content=\"Escrito por\" \/>\n\t<meta name=\"twitter:data1\" content=\"Telinha\" \/>\n\t<meta name=\"twitter:label2\" content=\"Tempo estimado de leitura\" \/>\n\t<meta name=\"twitter:data2\" content=\"1 minuto\" \/>\n<script type=\"application\/ld+json\" class=\"yoast-schema-graph\">{\"@context\":\"https:\/\/schema.org\",\"@graph\":[{\"@type\":\"Article\",\"@id\":\"https:\/\/portaltela.pt\/noticias\/2026\/03\/16\/benfica-nao-e-punido-por-queimaduras-de-crianca-de-8-anos-no-estadio-da-luz\/#article\",\"isPartOf\":{\"@id\":\"https:\/\/portaltela.pt\/noticias\/2026\/03\/16\/benfica-nao-e-punido-por-queimaduras-de-crianca-de-8-anos-no-estadio-da-luz\/\"},\"author\":{\"name\":\"Telinha\",\"@id\":\"https:\/\/portaltela.pt\/#\/schema\/person\/c4278d4a6028830caff9ee44b42d32ed\"},\"headline\":\"Benfica n\u00e3o \u00e9 punido por queimaduras de crian\u00e7a de 8 anos no Est\u00e1dio da Luz\",\"datePublished\":\"2026-03-16T17:11:00+00:00\",\"mainEntityOfPage\":{\"@id\":\"https:\/\/portaltela.pt\/noticias\/2026\/03\/16\/benfica-nao-e-punido-por-queimaduras-de-crianca-de-8-anos-no-estadio-da-luz\/\"},\"wordCount\":247,\"image\":{\"@id\":\"https:\/\/portaltela.pt\/noticias\/2026\/03\/16\/benfica-nao-e-punido-por-queimaduras-de-crianca-de-8-anos-no-estadio-da-luz\/#primaryimage\"},\"thumbnailUrl\":\"https:\/\/portaltela.pt\/s.01k8rhncp4jt1\/2026\/03\/img_1500x1000uu2026-03-16-17-10-46-2272787.jpg\",\"keywords\":[\"Benfica\",\"Conselho de Disciplina\",\"futebol\",\"menores\",\"pirotecnia\",\"seguran\u00e7a p\u00fablica\"],\"articleSection\":[\"Desporto\",\"Futebol\"],\"inLanguage\":\"pt-PT\"},{\"@type\":\"WebPage\",\"@id\":\"https:\/\/portaltela.pt\/noticias\/2026\/03\/16\/benfica-nao-e-punido-por-queimaduras-de-crianca-de-8-anos-no-estadio-da-luz\/\",\"url\":\"https:\/\/portaltela.pt\/noticias\/2026\/03\/16\/benfica-nao-e-punido-por-queimaduras-de-crianca-de-8-anos-no-estadio-da-luz\/\",\"name\":\"Benfica n\u00e3o \u00e9 punido por queimaduras de crian\u00e7a de 8 anos no Est\u00e1dio da Luz - Portal Tela Portugal\",\"isPartOf\":{\"@id\":\"https:\/\/portaltela.pt\/#website\"},\"primaryImageOfPage\":{\"@id\":\"https:\/\/portaltela.pt\/noticias\/2026\/03\/16\/benfica-nao-e-punido-por-queimaduras-de-crianca-de-8-anos-no-estadio-da-luz\/#primaryimage\"},\"image\":{\"@id\":\"https:\/\/portaltela.pt\/noticias\/2026\/03\/16\/benfica-nao-e-punido-por-queimaduras-de-crianca-de-8-anos-no-estadio-da-luz\/#primaryimage\"},\"thumbnailUrl\":\"https:\/\/portaltela.pt\/s.01k8rhncp4jt1\/2026\/03\/img_1500x1000uu2026-03-16-17-10-46-2272787.jpg\",\"datePublished\":\"2026-03-16T17:11:00+00:00\",\"author\":{\"@id\":\"https:\/\/portaltela.pt\/#\/schema\/person\/c4278d4a6028830caff9ee44b42d32ed\"},\"breadcrumb\":{\"@id\":\"https:\/\/portaltela.pt\/noticias\/2026\/03\/16\/benfica-nao-e-punido-por-queimaduras-de-crianca-de-8-anos-no-estadio-da-luz\/#breadcrumb\"},\"inLanguage\":\"pt-PT\",\"potentialAction\":[{\"@type\":\"ReadAction\",\"target\":[\"https:\/\/portaltela.pt\/noticias\/2026\/03\/16\/benfica-nao-e-punido-por-queimaduras-de-crianca-de-8-anos-no-estadio-da-luz\/\"]}]},{\"@type\":\"ImageObject\",\"inLanguage\":\"pt-PT\",\"@id\":\"https:\/\/portaltela.pt\/noticias\/2026\/03\/16\/benfica-nao-e-punido-por-queimaduras-de-crianca-de-8-anos-no-estadio-da-luz\/#primaryimage\",\"url\":\"https:\/\/portaltela.pt\/s.01k8rhncp4jt1\/2026\/03\/img_1500x1000uu2026-03-16-17-10-46-2272787.jpg\",\"contentUrl\":\"https:\/\/portaltela.pt\/s.01k8rhncp4jt1\/2026\/03\/img_1500x1000uu2026-03-16-17-10-46-2272787.jpg\",\"width\":796,\"height\":448,\"caption\":\"Est\u00e1dio da Luz\"},{\"@type\":\"BreadcrumbList\",\"@id\":\"https:\/\/portaltela.pt\/noticias\/2026\/03\/16\/benfica-nao-e-punido-por-queimaduras-de-crianca-de-8-anos-no-estadio-da-luz\/#breadcrumb\",\"itemListElement\":[{\"@type\":\"ListItem\",\"position\":1,\"name\":\"In\u00edcio\",\"item\":\"https:\/\/portaltela.pt\/\"},{\"@type\":\"ListItem\",\"position\":2,\"name\":\"Benfica n\u00e3o \u00e9 punido por queimaduras de crian\u00e7a de 8 anos no Est\u00e1dio da Luz\"}]},{\"@type\":\"WebSite\",\"@id\":\"https:\/\/portaltela.pt\/#website\",\"url\":\"https:\/\/portaltela.pt\/\",\"name\":\"Portal Tela Portugal\",\"description\":\"\",\"potentialAction\":[{\"@type\":\"SearchAction\",\"target\":{\"@type\":\"EntryPoint\",\"urlTemplate\":\"https:\/\/portaltela.pt\/?s={search_term_string}\"},\"query-input\":{\"@type\":\"PropertyValueSpecification\",\"valueRequired\":true,\"valueName\":\"search_term_string\"}}],\"inLanguage\":\"pt-PT\"},{\"@type\":\"Person\",\"@id\":\"https:\/\/portaltela.pt\/#\/schema\/person\/c4278d4a6028830caff9ee44b42d32ed\",\"name\":\"Telinha\",\"image\":{\"@type\":\"ImageObject\",\"inLanguage\":\"pt-PT\",\"@id\":\"https:\/\/portaltela.pt\/s.01k8rhncp4jt1\/2025\/11\/talking-bot-125x125.png\",\"url\":\"https:\/\/portaltela.pt\/s.01k8rhncp4jt1\/2025\/11\/talking-bot-125x125.png\",\"contentUrl\":\"https:\/\/portaltela.pt\/s.01k8rhncp4jt1\/2025\/11\/talking-bot-125x125.png\",\"caption\":\"Telinha\"},\"sameAs\":[\"https:\/\/portaltela.pt\/\"],\"url\":\"https:\/\/portaltela.pt\/por\/367410592786\/\"}]}<\/script>\n<!-- \/ Yoast SEO plugin. -->","yoast_head_json":{"title":"Benfica n\u00e3o \u00e9 punido por queimaduras de crian\u00e7a de 8 anos no Est\u00e1dio da Luz - Portal Tela Portugal","robots":{"index":"index","follow":"follow","max-snippet":"max-snippet:-1","max-image-preview":"max-image-preview:large","max-video-preview":"max-video-preview:-1"},"og_locale":"pt_PT","og_type":"article","og_title":"Benfica n\u00e3o \u00e9 punido por queimaduras de crian\u00e7a de 8 anos no Est\u00e1dio da Luz - Portal Tela Portugal","og_description":"Benfica ficou sem castigo ap\u00f3s uma crian\u00e7a de 8 anos sofrer queimaduras no Est\u00e1dio da Luz, em dezembro de 2024, durante o jogo Benfica-Estoril. O arquivamento ocorreu por falta de provas de que os ferimentos tenham sido provocados por material pirot\u00e9cnico. A an\u00e1lise dos vest\u00edgios n\u00e3o permitiu identificar a natureza do objeto, a sua proveni\u00eancia nem confirmar qualquer deflagra\u00e7\u00e3o no local indicado (Bancada Norte, piso 3) \u00e0s 19h23. Testemunhas foram inconclusivas: a m\u00e3e n\u00e3o conseguiu identificar o objeto nem o local de lan\u00e7amento; o Diretor de Seguran\u00e7a afirmou que \u00e9 quase imposs\u00edvel que o ferimento tenha vindo de engenhos deflagrados em setores distantes. Apesar do incidentes ser considerado lament\u00e1vel, o Conselho de Disciplina n\u00e3o encontrou ind\u00edcios suficientes para provar a viola\u00e7\u00e3o do dever por parte do clube.","og_url":"https:\/\/portaltela.pt\/noticias\/2026\/03\/16\/benfica-nao-e-punido-por-queimaduras-de-crianca-de-8-anos-no-estadio-da-luz\/","og_site_name":"Portal Tela Portugal","article_published_time":"2026-03-16T17:11:00+00:00","author":"Telinha","twitter_card":"summary_large_image","twitter_misc":{"Escrito por":"Telinha","Tempo estimado de leitura":"1 minuto"},"schema":{"@context":"https:\/\/schema.org","@graph":[{"@type":"Article","@id":"https:\/\/portaltela.pt\/noticias\/2026\/03\/16\/benfica-nao-e-punido-por-queimaduras-de-crianca-de-8-anos-no-estadio-da-luz\/#article","isPartOf":{"@id":"https:\/\/portaltela.pt\/noticias\/2026\/03\/16\/benfica-nao-e-punido-por-queimaduras-de-crianca-de-8-anos-no-estadio-da-luz\/"},"author":{"name":"Telinha","@id":"https:\/\/portaltela.pt\/#\/schema\/person\/c4278d4a6028830caff9ee44b42d32ed"},"headline":"Benfica n\u00e3o \u00e9 punido por queimaduras de crian\u00e7a de 8 anos no Est\u00e1dio da Luz","datePublished":"2026-03-16T17:11:00+00:00","mainEntityOfPage":{"@id":"https:\/\/portaltela.pt\/noticias\/2026\/03\/16\/benfica-nao-e-punido-por-queimaduras-de-crianca-de-8-anos-no-estadio-da-luz\/"},"wordCount":247,"image":{"@id":"https:\/\/portaltela.pt\/noticias\/2026\/03\/16\/benfica-nao-e-punido-por-queimaduras-de-crianca-de-8-anos-no-estadio-da-luz\/#primaryimage"},"thumbnailUrl":"https:\/\/portaltela.pt\/s.01k8rhncp4jt1\/2026\/03\/img_1500x1000uu2026-03-16-17-10-46-2272787.jpg","keywords":["Benfica","Conselho de Disciplina","futebol","menores","pirotecnia","seguran\u00e7a p\u00fablica"],"articleSection":["Desporto","Futebol"],"inLanguage":"pt-PT"},{"@type":"WebPage","@id":"https:\/\/portaltela.pt\/noticias\/2026\/03\/16\/benfica-nao-e-punido-por-queimaduras-de-crianca-de-8-anos-no-estadio-da-luz\/","url":"https:\/\/portaltela.pt\/noticias\/2026\/03\/16\/benfica-nao-e-punido-por-queimaduras-de-crianca-de-8-anos-no-estadio-da-luz\/","name":"Benfica n\u00e3o \u00e9 punido por queimaduras de crian\u00e7a de 8 anos no Est\u00e1dio da Luz - Portal Tela Portugal","isPartOf":{"@id":"https:\/\/portaltela.pt\/#website"},"primaryImageOfPage":{"@id":"https:\/\/portaltela.pt\/noticias\/2026\/03\/16\/benfica-nao-e-punido-por-queimaduras-de-crianca-de-8-anos-no-estadio-da-luz\/#primaryimage"},"image":{"@id":"https:\/\/portaltela.pt\/noticias\/2026\/03\/16\/benfica-nao-e-punido-por-queimaduras-de-crianca-de-8-anos-no-estadio-da-luz\/#primaryimage"},"thumbnailUrl":"https:\/\/portaltela.pt\/s.01k8rhncp4jt1\/2026\/03\/img_1500x1000uu2026-03-16-17-10-46-2272787.jpg","datePublished":"2026-03-16T17:11:00+00:00","author":{"@id":"https:\/\/portaltela.pt\/#\/schema\/person\/c4278d4a6028830caff9ee44b42d32ed"},"breadcrumb":{"@id":"https:\/\/portaltela.pt\/noticias\/2026\/03\/16\/benfica-nao-e-punido-por-queimaduras-de-crianca-de-8-anos-no-estadio-da-luz\/#breadcrumb"},"inLanguage":"pt-PT","potentialAction":[{"@type":"ReadAction","target":["https:\/\/portaltela.pt\/noticias\/2026\/03\/16\/benfica-nao-e-punido-por-queimaduras-de-crianca-de-8-anos-no-estadio-da-luz\/"]}]},{"@type":"ImageObject","inLanguage":"pt-PT","@id":"https:\/\/portaltela.pt\/noticias\/2026\/03\/16\/benfica-nao-e-punido-por-queimaduras-de-crianca-de-8-anos-no-estadio-da-luz\/#primaryimage","url":"https:\/\/portaltela.pt\/s.01k8rhncp4jt1\/2026\/03\/img_1500x1000uu2026-03-16-17-10-46-2272787.jpg","contentUrl":"https:\/\/portaltela.pt\/s.01k8rhncp4jt1\/2026\/03\/img_1500x1000uu2026-03-16-17-10-46-2272787.jpg","width":796,"height":448,"caption":"Est\u00e1dio da Luz"},{"@type":"BreadcrumbList","@id":"https:\/\/portaltela.pt\/noticias\/2026\/03\/16\/benfica-nao-e-punido-por-queimaduras-de-crianca-de-8-anos-no-estadio-da-luz\/#breadcrumb","itemListElement":[{"@type":"ListItem","position":1,"name":"In\u00edcio","item":"https:\/\/portaltela.pt\/"},{"@type":"ListItem","position":2,"name":"Benfica n\u00e3o \u00e9 punido por queimaduras de crian\u00e7a de 8 anos no Est\u00e1dio da Luz"}]},{"@type":"WebSite","@id":"https:\/\/portaltela.pt\/#website","url":"https:\/\/portaltela.pt\/","name":"Portal Tela Portugal","description":"","potentialAction":[{"@type":"SearchAction","target":{"@type":"EntryPoint","urlTemplate":"https:\/\/portaltela.pt\/?s={search_term_string}"},"query-input":{"@type":"PropertyValueSpecification","valueRequired":true,"valueName":"search_term_string"}}],"inLanguage":"pt-PT"},{"@type":"Person","@id":"https:\/\/portaltela.pt\/#\/schema\/person\/c4278d4a6028830caff9ee44b42d32ed","name":"Telinha","image":{"@type":"ImageObject","inLanguage":"pt-PT","@id":"https:\/\/portaltela.pt\/s.01k8rhncp4jt1\/2025\/11\/talking-bot-125x125.png","url":"https:\/\/portaltela.pt\/s.01k8rhncp4jt1\/2025\/11\/talking-bot-125x125.png","contentUrl":"https:\/\/portaltela.pt\/s.01k8rhncp4jt1\/2025\/11\/talking-bot-125x125.png","caption":"Telinha"},"sameAs":["https:\/\/portaltela.pt\/"],"url":"https:\/\/portaltela.pt\/por\/367410592786\/"}]}},"_links":{"self":[{"href":"https:\/\/portaltela.pt\/api\/wp\/v2\/posts\/412299","targetHints":{"allow":["GET"]}}],"collection":[{"href":"https:\/\/portaltela.pt\/api\/wp\/v2\/posts"}],"about":[{"href":"https:\/\/portaltela.pt\/api\/wp\/v2\/types\/post"}],"author":[{"embeddable":true,"href":"https:\/\/portaltela.pt\/api\/wp\/v2\/users\/2"}],"replies":[{"embeddable":true,"href":"https:\/\/portaltela.pt\/api\/wp\/v2\/comments?post=412299"}],"version-history":[{"count":0,"href":"https:\/\/portaltela.pt\/api\/wp\/v2\/posts\/412299\/revisions"}],"wp:featuredmedia":[{"embeddable":true,"href":"https:\/\/portaltela.pt\/api\/wp\/v2\/media\/412304"}],"wp:attachment":[{"href":"https:\/\/portaltela.pt\/api\/wp\/v2\/media?parent=412299"}],"wp:term":[{"taxonomy":"category","embeddable":true,"href":"https:\/\/portaltela.pt\/api\/wp\/v2\/categories?post=412299"},{"taxonomy":"post_tag","embeddable":true,"href":"https:\/\/portaltela.pt\/api\/wp\/v2\/tags?post=412299"}],"curies":[{"name":"wp","href":"https:\/\/api.w.org\/{rel}","templated":true}]}}