{"id":412254,"date":"2026-03-16T13:34:58","date_gmt":"2026-03-16T16:34:58","guid":{"rendered":"https:\/\/portaltela.pt\/noticias\/2026\/03\/16\/justica-lenta-na-morte-de-cinco-militares-da-gnr-no-douro\/"},"modified":"2026-03-16T13:34:58","modified_gmt":"2026-03-16T16:34:58","slug":"justica-lenta-na-morte-de-cinco-militares-da-gnr-no-douro","status":"publish","type":"post","link":"https:\/\/portaltela.pt\/noticias\/2026\/03\/16\/justica-lenta-na-morte-de-cinco-militares-da-gnr-no-douro\/","title":{"rendered":"Justi\u00e7a lenta na morte de cinco militares da GNR no Douro"},"content":{"rendered":"<p>O despenhamento de um helic\u00f3ptero no rio Douro, em agosto de 2024, provocou a morte de cinco militares da GNR. O \u00fanico sobrevivente, o piloto, encontra-se indiciado. O processo ainda aguarda julgamento, etapa que poder\u00e1 desbloquear o pagamento de indemniza\u00e7\u00f5es \u00e0s fam\u00edlias.<\/p>\n<p>O incidente ocorreu durante uma opera\u00e7\u00e3o na margem do Douro. A investiga\u00e7\u00e3o est\u00e1 conclu\u00edda, mas o julgamento \u00e9 a fase necess\u00e1ria para avan\u00e7ar com eventuais compensa\u00e7\u00f5es. At\u00e9 ao momento, n\u00e3o h\u00e1 confirma\u00e7\u00e3o de datas para o desenrolar do processo.<\/p>\n<p>O piloto, principal arguido, \u00e9 o \u00fanico sobrevivente do acidente. A justi\u00e7a mant\u00e9m o caso em fase preparat\u00f3ria, sem decis\u00e3o sobre responsabilidade criminal ou indemniza\u00e7\u00f5es at\u00e9 ao tr\u00e2nsito em julgado. As indemniza\u00e7\u00f5es dependem exclusivamente do resultado do eventual julgamento.<\/p>\n<h3>Estado do processo e consequ\u00eancias<\/h3>\n<p>O processo encontra-se em fase de instru\u00e7\u00e3o, com indiciamento j\u00e1 esclarecido, mas sem senten\u00e7a. A aus\u00eancia de julgamento impede o pagamento de indemniza\u00e7\u00f5es \u00e0s fam\u00edlias das v\u00edtimas. O calend\u00e1rio judicial permanece indispon\u00edvel para divulga\u00e7\u00e3o p\u00fablica.<\/p>\n","protected":false},"excerpt":{"rendered":"<ul>\n<li>Cinco agentes da GNR morreram num despenhamento de helic\u00f3ptero no rio Douro, em agosto de 2024.<\/li>\n<li>O piloto, \u00fanico sobrevivente, est\u00e1 indiciado.<\/li>\n<li>A justi\u00e7a depende de julgamento para desbloquear o pagamento de indemniza\u00e7\u00f5es.<\/li>\n<li>A not\u00edcia foi publicada a 16 de mar\u00e7o de 2026 \u00e0s 16:34.<\/li>\n<\/ul>\n","protected":false},"author":2,"featured_media":412258,"comment_status":"closed","ping_status":"closed","sticky":false,"template":"","format":"standard","meta":{"footnotes":""},"categories":[6815,1],"tags":[1194,1380,6369,2745,1878,803],"class_list":["post-412254","post","type-post","status-publish","format-standard","has-post-thumbnail","hentry","category-justica","category-noticias","tag-douro","tag-gnr","tag-homicidios","tag-indenizacoes","tag-inquerito-criminal","tag-justica"],"yoast_head":"<!-- This site is optimized with the Yoast SEO plugin v27.2 - https:\/\/yoast.com\/product\/yoast-seo-wordpress\/ -->\n<title>Justi\u00e7a lenta na morte de cinco militares da GNR no Douro - Portal Tela Portugal<\/title>\n<meta name=\"robots\" content=\"index, follow, max-snippet:-1, max-image-preview:large, max-video-preview:-1\" \/>\n<meta property=\"og:locale\" content=\"pt_PT\" \/>\n<meta property=\"og:type\" content=\"article\" \/>\n<meta property=\"og:title\" content=\"Justi\u00e7a lenta na morte de cinco militares da GNR no Douro - Portal Tela Portugal\" \/>\n<meta property=\"og:description\" content=\"Cinco agentes da GNR morreram num despenhamento de helic\u00f3ptero no rio Douro, em agosto de 2024. O piloto, \u00fanico sobrevivente, est\u00e1 indiciado. A justi\u00e7a depende de julgamento para desbloquear o pagamento de indemniza\u00e7\u00f5es. A not\u00edcia foi publicada a 16 de mar\u00e7o de 2026 \u00e0s 16:34.\" \/>\n<meta property=\"og:url\" content=\"https:\/\/portaltela.pt\/noticias\/2026\/03\/16\/justica-lenta-na-morte-de-cinco-militares-da-gnr-no-douro\/\" \/>\n<meta property=\"og:site_name\" content=\"Portal Tela Portugal\" \/>\n<meta property=\"article:published_time\" content=\"2026-03-16T16:34:58+00:00\" \/>\n<meta name=\"author\" content=\"Telinha\" \/>\n<meta name=\"twitter:card\" content=\"summary_large_image\" \/>\n<meta name=\"twitter:label1\" content=\"Escrito por\" \/>\n\t<meta name=\"twitter:data1\" content=\"Telinha\" \/>\n\t<meta name=\"twitter:label2\" content=\"Tempo estimado de leitura\" \/>\n\t<meta name=\"twitter:data2\" content=\"1 minuto\" \/>\n<script type=\"application\/ld+json\" class=\"yoast-schema-graph\">{\"@context\":\"https:\/\/schema.org\",\"@graph\":[{\"@type\":\"Article\",\"@id\":\"https:\/\/portaltela.pt\/noticias\/2026\/03\/16\/justica-lenta-na-morte-de-cinco-militares-da-gnr-no-douro\/#article\",\"isPartOf\":{\"@id\":\"https:\/\/portaltela.pt\/noticias\/2026\/03\/16\/justica-lenta-na-morte-de-cinco-militares-da-gnr-no-douro\/\"},\"author\":{\"name\":\"Telinha\",\"@id\":\"https:\/\/portaltela.pt\/#\/schema\/person\/c4278d4a6028830caff9ee44b42d32ed\"},\"headline\":\"Justi\u00e7a lenta na morte de cinco militares da GNR no Douro\",\"datePublished\":\"2026-03-16T16:34:58+00:00\",\"mainEntityOfPage\":{\"@id\":\"https:\/\/portaltela.pt\/noticias\/2026\/03\/16\/justica-lenta-na-morte-de-cinco-militares-da-gnr-no-douro\/\"},\"wordCount\":198,\"image\":{\"@id\":\"https:\/\/portaltela.pt\/noticias\/2026\/03\/16\/justica-lenta-na-morte-de-cinco-militares-da-gnr-no-douro\/#primaryimage\"},\"thumbnailUrl\":\"https:\/\/portaltela.pt\/s.01k8rhncp4jt1\/2026\/03\/img_400x516uu2026-03-16-00-36-01-2272659.jpg\",\"keywords\":[\"Douro\",\"GNR\",\"homic\u00eddios\",\"indeniza\u00e7\u00f5es\",\"inqu\u00e9rito criminal\",\"justi\u00e7a\"],\"articleSection\":[\"Justi\u00e7a\",\"Not\u00edcias\"],\"inLanguage\":\"pt-PT\"},{\"@type\":\"WebPage\",\"@id\":\"https:\/\/portaltela.pt\/noticias\/2026\/03\/16\/justica-lenta-na-morte-de-cinco-militares-da-gnr-no-douro\/\",\"url\":\"https:\/\/portaltela.pt\/noticias\/2026\/03\/16\/justica-lenta-na-morte-de-cinco-militares-da-gnr-no-douro\/\",\"name\":\"Justi\u00e7a lenta na morte de cinco militares da GNR no Douro - Portal Tela Portugal\",\"isPartOf\":{\"@id\":\"https:\/\/portaltela.pt\/#website\"},\"primaryImageOfPage\":{\"@id\":\"https:\/\/portaltela.pt\/noticias\/2026\/03\/16\/justica-lenta-na-morte-de-cinco-militares-da-gnr-no-douro\/#primaryimage\"},\"image\":{\"@id\":\"https:\/\/portaltela.pt\/noticias\/2026\/03\/16\/justica-lenta-na-morte-de-cinco-militares-da-gnr-no-douro\/#primaryimage\"},\"thumbnailUrl\":\"https:\/\/portaltela.pt\/s.01k8rhncp4jt1\/2026\/03\/img_400x516uu2026-03-16-00-36-01-2272659.jpg\",\"datePublished\":\"2026-03-16T16:34:58+00:00\",\"author\":{\"@id\":\"https:\/\/portaltela.pt\/#\/schema\/person\/c4278d4a6028830caff9ee44b42d32ed\"},\"breadcrumb\":{\"@id\":\"https:\/\/portaltela.pt\/noticias\/2026\/03\/16\/justica-lenta-na-morte-de-cinco-militares-da-gnr-no-douro\/#breadcrumb\"},\"inLanguage\":\"pt-PT\",\"potentialAction\":[{\"@type\":\"ReadAction\",\"target\":[\"https:\/\/portaltela.pt\/noticias\/2026\/03\/16\/justica-lenta-na-morte-de-cinco-militares-da-gnr-no-douro\/\"]}]},{\"@type\":\"ImageObject\",\"inLanguage\":\"pt-PT\",\"@id\":\"https:\/\/portaltela.pt\/noticias\/2026\/03\/16\/justica-lenta-na-morte-de-cinco-militares-da-gnr-no-douro\/#primaryimage\",\"url\":\"https:\/\/portaltela.pt\/s.01k8rhncp4jt1\/2026\/03\/img_400x516uu2026-03-16-00-36-01-2272659.jpg\",\"contentUrl\":\"https:\/\/portaltela.pt\/s.01k8rhncp4jt1\/2026\/03\/img_400x516uu2026-03-16-00-36-01-2272659.jpg\",\"width\":796,\"height\":448,\"caption\":\"Capa do jornal\"},{\"@type\":\"BreadcrumbList\",\"@id\":\"https:\/\/portaltela.pt\/noticias\/2026\/03\/16\/justica-lenta-na-morte-de-cinco-militares-da-gnr-no-douro\/#breadcrumb\",\"itemListElement\":[{\"@type\":\"ListItem\",\"position\":1,\"name\":\"In\u00edcio\",\"item\":\"https:\/\/portaltela.pt\/\"},{\"@type\":\"ListItem\",\"position\":2,\"name\":\"Justi\u00e7a lenta na morte de cinco militares da GNR no Douro\"}]},{\"@type\":\"WebSite\",\"@id\":\"https:\/\/portaltela.pt\/#website\",\"url\":\"https:\/\/portaltela.pt\/\",\"name\":\"Portal Tela Portugal\",\"description\":\"\",\"potentialAction\":[{\"@type\":\"SearchAction\",\"target\":{\"@type\":\"EntryPoint\",\"urlTemplate\":\"https:\/\/portaltela.pt\/?s={search_term_string}\"},\"query-input\":{\"@type\":\"PropertyValueSpecification\",\"valueRequired\":true,\"valueName\":\"search_term_string\"}}],\"inLanguage\":\"pt-PT\"},{\"@type\":\"Person\",\"@id\":\"https:\/\/portaltela.pt\/#\/schema\/person\/c4278d4a6028830caff9ee44b42d32ed\",\"name\":\"Telinha\",\"image\":{\"@type\":\"ImageObject\",\"inLanguage\":\"pt-PT\",\"@id\":\"https:\/\/portaltela.pt\/s.01k8rhncp4jt1\/2025\/11\/talking-bot-125x125.png\",\"url\":\"https:\/\/portaltela.pt\/s.01k8rhncp4jt1\/2025\/11\/talking-bot-125x125.png\",\"contentUrl\":\"https:\/\/portaltela.pt\/s.01k8rhncp4jt1\/2025\/11\/talking-bot-125x125.png\",\"caption\":\"Telinha\"},\"sameAs\":[\"https:\/\/portaltela.pt\/\"],\"url\":\"https:\/\/portaltela.pt\/por\/367410592786\/\"}]}<\/script>\n<!-- \/ Yoast SEO plugin. -->","yoast_head_json":{"title":"Justi\u00e7a lenta na morte de cinco militares da GNR no Douro - Portal Tela Portugal","robots":{"index":"index","follow":"follow","max-snippet":"max-snippet:-1","max-image-preview":"max-image-preview:large","max-video-preview":"max-video-preview:-1"},"og_locale":"pt_PT","og_type":"article","og_title":"Justi\u00e7a lenta na morte de cinco militares da GNR no Douro - Portal Tela Portugal","og_description":"Cinco agentes da GNR morreram num despenhamento de helic\u00f3ptero no rio Douro, em agosto de 2024. O piloto, \u00fanico sobrevivente, est\u00e1 indiciado. A justi\u00e7a depende de julgamento para desbloquear o pagamento de indemniza\u00e7\u00f5es. A not\u00edcia foi publicada a 16 de mar\u00e7o de 2026 \u00e0s 16:34.","og_url":"https:\/\/portaltela.pt\/noticias\/2026\/03\/16\/justica-lenta-na-morte-de-cinco-militares-da-gnr-no-douro\/","og_site_name":"Portal Tela Portugal","article_published_time":"2026-03-16T16:34:58+00:00","author":"Telinha","twitter_card":"summary_large_image","twitter_misc":{"Escrito por":"Telinha","Tempo estimado de leitura":"1 minuto"},"schema":{"@context":"https:\/\/schema.org","@graph":[{"@type":"Article","@id":"https:\/\/portaltela.pt\/noticias\/2026\/03\/16\/justica-lenta-na-morte-de-cinco-militares-da-gnr-no-douro\/#article","isPartOf":{"@id":"https:\/\/portaltela.pt\/noticias\/2026\/03\/16\/justica-lenta-na-morte-de-cinco-militares-da-gnr-no-douro\/"},"author":{"name":"Telinha","@id":"https:\/\/portaltela.pt\/#\/schema\/person\/c4278d4a6028830caff9ee44b42d32ed"},"headline":"Justi\u00e7a lenta na morte de cinco militares da GNR no Douro","datePublished":"2026-03-16T16:34:58+00:00","mainEntityOfPage":{"@id":"https:\/\/portaltela.pt\/noticias\/2026\/03\/16\/justica-lenta-na-morte-de-cinco-militares-da-gnr-no-douro\/"},"wordCount":198,"image":{"@id":"https:\/\/portaltela.pt\/noticias\/2026\/03\/16\/justica-lenta-na-morte-de-cinco-militares-da-gnr-no-douro\/#primaryimage"},"thumbnailUrl":"https:\/\/portaltela.pt\/s.01k8rhncp4jt1\/2026\/03\/img_400x516uu2026-03-16-00-36-01-2272659.jpg","keywords":["Douro","GNR","homic\u00eddios","indeniza\u00e7\u00f5es","inqu\u00e9rito criminal","justi\u00e7a"],"articleSection":["Justi\u00e7a","Not\u00edcias"],"inLanguage":"pt-PT"},{"@type":"WebPage","@id":"https:\/\/portaltela.pt\/noticias\/2026\/03\/16\/justica-lenta-na-morte-de-cinco-militares-da-gnr-no-douro\/","url":"https:\/\/portaltela.pt\/noticias\/2026\/03\/16\/justica-lenta-na-morte-de-cinco-militares-da-gnr-no-douro\/","name":"Justi\u00e7a lenta na morte de cinco militares da GNR no Douro - Portal Tela Portugal","isPartOf":{"@id":"https:\/\/portaltela.pt\/#website"},"primaryImageOfPage":{"@id":"https:\/\/portaltela.pt\/noticias\/2026\/03\/16\/justica-lenta-na-morte-de-cinco-militares-da-gnr-no-douro\/#primaryimage"},"image":{"@id":"https:\/\/portaltela.pt\/noticias\/2026\/03\/16\/justica-lenta-na-morte-de-cinco-militares-da-gnr-no-douro\/#primaryimage"},"thumbnailUrl":"https:\/\/portaltela.pt\/s.01k8rhncp4jt1\/2026\/03\/img_400x516uu2026-03-16-00-36-01-2272659.jpg","datePublished":"2026-03-16T16:34:58+00:00","author":{"@id":"https:\/\/portaltela.pt\/#\/schema\/person\/c4278d4a6028830caff9ee44b42d32ed"},"breadcrumb":{"@id":"https:\/\/portaltela.pt\/noticias\/2026\/03\/16\/justica-lenta-na-morte-de-cinco-militares-da-gnr-no-douro\/#breadcrumb"},"inLanguage":"pt-PT","potentialAction":[{"@type":"ReadAction","target":["https:\/\/portaltela.pt\/noticias\/2026\/03\/16\/justica-lenta-na-morte-de-cinco-militares-da-gnr-no-douro\/"]}]},{"@type":"ImageObject","inLanguage":"pt-PT","@id":"https:\/\/portaltela.pt\/noticias\/2026\/03\/16\/justica-lenta-na-morte-de-cinco-militares-da-gnr-no-douro\/#primaryimage","url":"https:\/\/portaltela.pt\/s.01k8rhncp4jt1\/2026\/03\/img_400x516uu2026-03-16-00-36-01-2272659.jpg","contentUrl":"https:\/\/portaltela.pt\/s.01k8rhncp4jt1\/2026\/03\/img_400x516uu2026-03-16-00-36-01-2272659.jpg","width":796,"height":448,"caption":"Capa do jornal"},{"@type":"BreadcrumbList","@id":"https:\/\/portaltela.pt\/noticias\/2026\/03\/16\/justica-lenta-na-morte-de-cinco-militares-da-gnr-no-douro\/#breadcrumb","itemListElement":[{"@type":"ListItem","position":1,"name":"In\u00edcio","item":"https:\/\/portaltela.pt\/"},{"@type":"ListItem","position":2,"name":"Justi\u00e7a lenta na morte de cinco militares da GNR no Douro"}]},{"@type":"WebSite","@id":"https:\/\/portaltela.pt\/#website","url":"https:\/\/portaltela.pt\/","name":"Portal Tela Portugal","description":"","potentialAction":[{"@type":"SearchAction","target":{"@type":"EntryPoint","urlTemplate":"https:\/\/portaltela.pt\/?s={search_term_string}"},"query-input":{"@type":"PropertyValueSpecification","valueRequired":true,"valueName":"search_term_string"}}],"inLanguage":"pt-PT"},{"@type":"Person","@id":"https:\/\/portaltela.pt\/#\/schema\/person\/c4278d4a6028830caff9ee44b42d32ed","name":"Telinha","image":{"@type":"ImageObject","inLanguage":"pt-PT","@id":"https:\/\/portaltela.pt\/s.01k8rhncp4jt1\/2025\/11\/talking-bot-125x125.png","url":"https:\/\/portaltela.pt\/s.01k8rhncp4jt1\/2025\/11\/talking-bot-125x125.png","contentUrl":"https:\/\/portaltela.pt\/s.01k8rhncp4jt1\/2025\/11\/talking-bot-125x125.png","caption":"Telinha"},"sameAs":["https:\/\/portaltela.pt\/"],"url":"https:\/\/portaltela.pt\/por\/367410592786\/"}]}},"_links":{"self":[{"href":"https:\/\/portaltela.pt\/api\/wp\/v2\/posts\/412254","targetHints":{"allow":["GET"]}}],"collection":[{"href":"https:\/\/portaltela.pt\/api\/wp\/v2\/posts"}],"about":[{"href":"https:\/\/portaltela.pt\/api\/wp\/v2\/types\/post"}],"author":[{"embeddable":true,"href":"https:\/\/portaltela.pt\/api\/wp\/v2\/users\/2"}],"replies":[{"embeddable":true,"href":"https:\/\/portaltela.pt\/api\/wp\/v2\/comments?post=412254"}],"version-history":[{"count":0,"href":"https:\/\/portaltela.pt\/api\/wp\/v2\/posts\/412254\/revisions"}],"wp:featuredmedia":[{"embeddable":true,"href":"https:\/\/portaltela.pt\/api\/wp\/v2\/media\/412258"}],"wp:attachment":[{"href":"https:\/\/portaltela.pt\/api\/wp\/v2\/media?parent=412254"}],"wp:term":[{"taxonomy":"category","embeddable":true,"href":"https:\/\/portaltela.pt\/api\/wp\/v2\/categories?post=412254"},{"taxonomy":"post_tag","embeddable":true,"href":"https:\/\/portaltela.pt\/api\/wp\/v2\/tags?post=412254"}],"curies":[{"name":"wp","href":"https:\/\/api.w.org\/{rel}","templated":true}]}}