{"id":412227,"date":"2026-03-16T13:12:00","date_gmt":"2026-03-16T16:12:00","guid":{"rendered":"https:\/\/portaltela.pt\/noticias\/2026\/03\/16\/alteracoes-a-legislacao-sobre-identidade-de-genero-sao-retrocesso-politico\/"},"modified":"2026-03-16T13:12:00","modified_gmt":"2026-03-16T16:12:00","slug":"alteracoes-a-legislacao-sobre-identidade-de-genero-sao-retrocesso-politico","status":"publish","type":"post","link":"https:\/\/portaltela.pt\/noticias\/2026\/03\/16\/alteracoes-a-legislacao-sobre-identidade-de-genero-sao-retrocesso-politico\/","title":{"rendered":"Altera\u00e7\u00f5es \u00e0 legisla\u00e7\u00e3o sobre identidade de g\u00e9nero s\u00e3o retrocesso pol\u00edtico"},"content":{"rendered":"<p>A Associa\u00e7\u00e3o para o Planeamento da Fam\u00edlia (APF) reage \u00e0s propostas de altera\u00e7\u00e3o \u00e0 lei de 2018 sobre autodetermina\u00e7\u00e3o de identidade de g\u00e9nero, apresentadas pelo PSD, Chega e CDS-PP. O objetivo \u00e9 revogar ou alterar disposi\u00e7\u00f5es existentes, num pacote de iniciativas para discuss\u00e3o na pr\u00f3xima quinta-feira.<\/p>\n<p>A APF afirma que estas propostas representam um retrocesso nos direitos de pessoas trans e intersexo e que n\u00e3o devem fazer retroceder conquistas de prote\u00e7\u00e3o das identidades de g\u00e9nero. A organiza\u00e7\u00e3o enfatiza a defesa dos direitos fundamentais.<\/p>\n<p>Segundo a APF, o grupo de projetos de lei pretende alterar mecanismos de reconhecimento de g\u00e9nero, o que, na leitura da associa\u00e7\u00e3o, dificulta o acesso a direitos legais e \u00e0 prote\u00e7\u00e3o de pessoas vulner\u00e1veis. O tema est\u00e1 a gerar debate entre sociais e direitos civis.<\/p>\n<p>A posi\u00e7\u00e3o da APF chega num momento de antecipa\u00e7\u00e3o do debate parlamentar sobre o tema, com a inten\u00e7\u00e3o de influenciar a discuss\u00e3o p\u00fablica e fundamentar a defesa de pol\u00edticas mais inclusivas. A associa\u00e7\u00e3o refor\u00e7a a necessidade de proteger direitos e dignidade de todas as pessoas.<\/p>\n","protected":false},"excerpt":{"rendered":"<ul>\n<li>A Associa\u00e7\u00e3o para o Planeamento da Fam\u00edlia (APF) critica propostas do PSD, Chega e CDS\/PP que visam revogar ou alterar a legisla\u00e7\u00e3o de 2018 sobre autodetermina\u00e7\u00e3o da identidade de g\u00e9nero.<\/li>\n<li>As propostas v\u00e3o \u00e0 discuss\u00e3o numa sess\u00e3o marcada para quinta-feira.<\/li>\n<li>A APF classifica as propostas como uma \u201cregress\u00e3o nos direitos das pessoas trans e intersexo\u201d.<\/li>\n<li>A organiza\u00e7\u00e3o afirma que os direitos fundamentais n\u00e3o devem sofrer retrocesso pol\u00edtico.<\/li>\n<\/ul>\n","protected":false},"author":2,"featured_media":412231,"comment_status":"closed","ping_status":"closed","sticky":false,"template":"","format":"standard","meta":{"footnotes":""},"categories":[1],"tags":[5318,2633,3108,6391,5539,2832],"class_list":["post-412227","post","type-post","status-publish","format-standard","has-post-thumbnail","hentry","category-noticias","tag-direitos-civis","tag-direitos-humanos","tag-equidade-de-genero-desafios-na-atualidade","tag-identidade-de-genero-desafios-na-atualidade","tag-lei","tag-politica"],"yoast_head":"<!-- This site is optimized with the Yoast SEO plugin v27.2 - https:\/\/yoast.com\/product\/yoast-seo-wordpress\/ -->\n<title>Altera\u00e7\u00f5es \u00e0 legisla\u00e7\u00e3o sobre identidade de g\u00e9nero s\u00e3o retrocesso pol\u00edtico - Portal Tela Portugal<\/title>\n<meta name=\"robots\" content=\"index, follow, max-snippet:-1, max-image-preview:large, max-video-preview:-1\" \/>\n<meta property=\"og:locale\" content=\"pt_PT\" \/>\n<meta property=\"og:type\" content=\"article\" \/>\n<meta property=\"og:title\" content=\"Altera\u00e7\u00f5es \u00e0 legisla\u00e7\u00e3o sobre identidade de g\u00e9nero s\u00e3o retrocesso pol\u00edtico - Portal Tela Portugal\" \/>\n<meta property=\"og:description\" content=\"A Associa\u00e7\u00e3o para o Planeamento da Fam\u00edlia (APF) critica propostas do PSD, Chega e CDS\/PP que visam revogar ou alterar a legisla\u00e7\u00e3o de 2018 sobre autodetermina\u00e7\u00e3o da identidade de g\u00e9nero. As propostas v\u00e3o \u00e0 discuss\u00e3o numa sess\u00e3o marcada para quinta-feira. A APF classifica as propostas como uma \u201cregress\u00e3o nos direitos das pessoas trans e intersexo\u201d. A organiza\u00e7\u00e3o afirma que os direitos fundamentais n\u00e3o devem sofrer retrocesso pol\u00edtico.\" \/>\n<meta property=\"og:url\" content=\"https:\/\/portaltela.pt\/noticias\/2026\/03\/16\/alteracoes-a-legislacao-sobre-identidade-de-genero-sao-retrocesso-politico\/\" \/>\n<meta property=\"og:site_name\" content=\"Portal Tela Portugal\" \/>\n<meta property=\"article:published_time\" content=\"2026-03-16T16:12:00+00:00\" \/>\n<meta name=\"author\" content=\"Telinha\" \/>\n<meta name=\"twitter:card\" content=\"summary_large_image\" \/>\n<meta name=\"twitter:label1\" content=\"Escrito por\" \/>\n\t<meta name=\"twitter:data1\" content=\"Telinha\" \/>\n\t<meta name=\"twitter:label2\" content=\"Tempo estimado de leitura\" \/>\n\t<meta name=\"twitter:data2\" content=\"1 minuto\" \/>\n<script type=\"application\/ld+json\" class=\"yoast-schema-graph\">{\"@context\":\"https:\/\/schema.org\",\"@graph\":[{\"@type\":\"Article\",\"@id\":\"https:\/\/portaltela.pt\/noticias\/2026\/03\/16\/alteracoes-a-legislacao-sobre-identidade-de-genero-sao-retrocesso-politico\/#article\",\"isPartOf\":{\"@id\":\"https:\/\/portaltela.pt\/noticias\/2026\/03\/16\/alteracoes-a-legislacao-sobre-identidade-de-genero-sao-retrocesso-politico\/\"},\"author\":{\"name\":\"Telinha\",\"@id\":\"https:\/\/portaltela.pt\/#\/schema\/person\/c4278d4a6028830caff9ee44b42d32ed\"},\"headline\":\"Altera\u00e7\u00f5es \u00e0 legisla\u00e7\u00e3o sobre identidade de g\u00e9nero s\u00e3o retrocesso pol\u00edtico\",\"datePublished\":\"2026-03-16T16:12:00+00:00\",\"mainEntityOfPage\":{\"@id\":\"https:\/\/portaltela.pt\/noticias\/2026\/03\/16\/alteracoes-a-legislacao-sobre-identidade-de-genero-sao-retrocesso-politico\/\"},\"wordCount\":207,\"image\":{\"@id\":\"https:\/\/portaltela.pt\/noticias\/2026\/03\/16\/alteracoes-a-legislacao-sobre-identidade-de-genero-sao-retrocesso-politico\/#primaryimage\"},\"thumbnailUrl\":\"https:\/\/portaltela.pt\/s.01k8rhncp4jt1\/2026\/03\/2074719.jpg\",\"keywords\":[\"direitos civis\",\"direitos humanos\",\"equidade de g\u00e9nero \u2013 Desafios na Atualidade\",\"Identidade de g\u00e9nero \u2013 Desafios na Atualidade\",\"lei\",\"pol\u00edtica\"],\"articleSection\":[\"Not\u00edcias\"],\"inLanguage\":\"pt-PT\"},{\"@type\":\"WebPage\",\"@id\":\"https:\/\/portaltela.pt\/noticias\/2026\/03\/16\/alteracoes-a-legislacao-sobre-identidade-de-genero-sao-retrocesso-politico\/\",\"url\":\"https:\/\/portaltela.pt\/noticias\/2026\/03\/16\/alteracoes-a-legislacao-sobre-identidade-de-genero-sao-retrocesso-politico\/\",\"name\":\"Altera\u00e7\u00f5es \u00e0 legisla\u00e7\u00e3o sobre identidade de g\u00e9nero s\u00e3o retrocesso pol\u00edtico - Portal Tela Portugal\",\"isPartOf\":{\"@id\":\"https:\/\/portaltela.pt\/#website\"},\"primaryImageOfPage\":{\"@id\":\"https:\/\/portaltela.pt\/noticias\/2026\/03\/16\/alteracoes-a-legislacao-sobre-identidade-de-genero-sao-retrocesso-politico\/#primaryimage\"},\"image\":{\"@id\":\"https:\/\/portaltela.pt\/noticias\/2026\/03\/16\/alteracoes-a-legislacao-sobre-identidade-de-genero-sao-retrocesso-politico\/#primaryimage\"},\"thumbnailUrl\":\"https:\/\/portaltela.pt\/s.01k8rhncp4jt1\/2026\/03\/2074719.jpg\",\"datePublished\":\"2026-03-16T16:12:00+00:00\",\"author\":{\"@id\":\"https:\/\/portaltela.pt\/#\/schema\/person\/c4278d4a6028830caff9ee44b42d32ed\"},\"breadcrumb\":{\"@id\":\"https:\/\/portaltela.pt\/noticias\/2026\/03\/16\/alteracoes-a-legislacao-sobre-identidade-de-genero-sao-retrocesso-politico\/#breadcrumb\"},\"inLanguage\":\"pt-PT\",\"potentialAction\":[{\"@type\":\"ReadAction\",\"target\":[\"https:\/\/portaltela.pt\/noticias\/2026\/03\/16\/alteracoes-a-legislacao-sobre-identidade-de-genero-sao-retrocesso-politico\/\"]}]},{\"@type\":\"ImageObject\",\"inLanguage\":\"pt-PT\",\"@id\":\"https:\/\/portaltela.pt\/noticias\/2026\/03\/16\/alteracoes-a-legislacao-sobre-identidade-de-genero-sao-retrocesso-politico\/#primaryimage\",\"url\":\"https:\/\/portaltela.pt\/s.01k8rhncp4jt1\/2026\/03\/2074719.jpg\",\"contentUrl\":\"https:\/\/portaltela.pt\/s.01k8rhncp4jt1\/2026\/03\/2074719.jpg\",\"width\":796,\"height\":448,\"caption\":\"Uma das propostas exige um diagn\u00f3stico m\u00e9dico para que seja poss\u00edvel mudar o nome e sexo no registo civil\"},{\"@type\":\"BreadcrumbList\",\"@id\":\"https:\/\/portaltela.pt\/noticias\/2026\/03\/16\/alteracoes-a-legislacao-sobre-identidade-de-genero-sao-retrocesso-politico\/#breadcrumb\",\"itemListElement\":[{\"@type\":\"ListItem\",\"position\":1,\"name\":\"In\u00edcio\",\"item\":\"https:\/\/portaltela.pt\/\"},{\"@type\":\"ListItem\",\"position\":2,\"name\":\"Altera\u00e7\u00f5es \u00e0 legisla\u00e7\u00e3o sobre identidade de g\u00e9nero s\u00e3o retrocesso pol\u00edtico\"}]},{\"@type\":\"WebSite\",\"@id\":\"https:\/\/portaltela.pt\/#website\",\"url\":\"https:\/\/portaltela.pt\/\",\"name\":\"Portal Tela Portugal\",\"description\":\"\",\"potentialAction\":[{\"@type\":\"SearchAction\",\"target\":{\"@type\":\"EntryPoint\",\"urlTemplate\":\"https:\/\/portaltela.pt\/?s={search_term_string}\"},\"query-input\":{\"@type\":\"PropertyValueSpecification\",\"valueRequired\":true,\"valueName\":\"search_term_string\"}}],\"inLanguage\":\"pt-PT\"},{\"@type\":\"Person\",\"@id\":\"https:\/\/portaltela.pt\/#\/schema\/person\/c4278d4a6028830caff9ee44b42d32ed\",\"name\":\"Telinha\",\"image\":{\"@type\":\"ImageObject\",\"inLanguage\":\"pt-PT\",\"@id\":\"https:\/\/portaltela.pt\/s.01k8rhncp4jt1\/2025\/11\/talking-bot-125x125.png\",\"url\":\"https:\/\/portaltela.pt\/s.01k8rhncp4jt1\/2025\/11\/talking-bot-125x125.png\",\"contentUrl\":\"https:\/\/portaltela.pt\/s.01k8rhncp4jt1\/2025\/11\/talking-bot-125x125.png\",\"caption\":\"Telinha\"},\"sameAs\":[\"https:\/\/portaltela.pt\/\"],\"url\":\"https:\/\/portaltela.pt\/por\/367410592786\/\"}]}<\/script>\n<!-- \/ Yoast SEO plugin. -->","yoast_head_json":{"title":"Altera\u00e7\u00f5es \u00e0 legisla\u00e7\u00e3o sobre identidade de g\u00e9nero s\u00e3o retrocesso pol\u00edtico - Portal Tela Portugal","robots":{"index":"index","follow":"follow","max-snippet":"max-snippet:-1","max-image-preview":"max-image-preview:large","max-video-preview":"max-video-preview:-1"},"og_locale":"pt_PT","og_type":"article","og_title":"Altera\u00e7\u00f5es \u00e0 legisla\u00e7\u00e3o sobre identidade de g\u00e9nero s\u00e3o retrocesso pol\u00edtico - Portal Tela Portugal","og_description":"A Associa\u00e7\u00e3o para o Planeamento da Fam\u00edlia (APF) critica propostas do PSD, Chega e CDS\/PP que visam revogar ou alterar a legisla\u00e7\u00e3o de 2018 sobre autodetermina\u00e7\u00e3o da identidade de g\u00e9nero. As propostas v\u00e3o \u00e0 discuss\u00e3o numa sess\u00e3o marcada para quinta-feira. A APF classifica as propostas como uma \u201cregress\u00e3o nos direitos das pessoas trans e intersexo\u201d. A organiza\u00e7\u00e3o afirma que os direitos fundamentais n\u00e3o devem sofrer retrocesso pol\u00edtico.","og_url":"https:\/\/portaltela.pt\/noticias\/2026\/03\/16\/alteracoes-a-legislacao-sobre-identidade-de-genero-sao-retrocesso-politico\/","og_site_name":"Portal Tela Portugal","article_published_time":"2026-03-16T16:12:00+00:00","author":"Telinha","twitter_card":"summary_large_image","twitter_misc":{"Escrito por":"Telinha","Tempo estimado de leitura":"1 minuto"},"schema":{"@context":"https:\/\/schema.org","@graph":[{"@type":"Article","@id":"https:\/\/portaltela.pt\/noticias\/2026\/03\/16\/alteracoes-a-legislacao-sobre-identidade-de-genero-sao-retrocesso-politico\/#article","isPartOf":{"@id":"https:\/\/portaltela.pt\/noticias\/2026\/03\/16\/alteracoes-a-legislacao-sobre-identidade-de-genero-sao-retrocesso-politico\/"},"author":{"name":"Telinha","@id":"https:\/\/portaltela.pt\/#\/schema\/person\/c4278d4a6028830caff9ee44b42d32ed"},"headline":"Altera\u00e7\u00f5es \u00e0 legisla\u00e7\u00e3o sobre identidade de g\u00e9nero s\u00e3o retrocesso pol\u00edtico","datePublished":"2026-03-16T16:12:00+00:00","mainEntityOfPage":{"@id":"https:\/\/portaltela.pt\/noticias\/2026\/03\/16\/alteracoes-a-legislacao-sobre-identidade-de-genero-sao-retrocesso-politico\/"},"wordCount":207,"image":{"@id":"https:\/\/portaltela.pt\/noticias\/2026\/03\/16\/alteracoes-a-legislacao-sobre-identidade-de-genero-sao-retrocesso-politico\/#primaryimage"},"thumbnailUrl":"https:\/\/portaltela.pt\/s.01k8rhncp4jt1\/2026\/03\/2074719.jpg","keywords":["direitos civis","direitos humanos","equidade de g\u00e9nero \u2013 Desafios na Atualidade","Identidade de g\u00e9nero \u2013 Desafios na Atualidade","lei","pol\u00edtica"],"articleSection":["Not\u00edcias"],"inLanguage":"pt-PT"},{"@type":"WebPage","@id":"https:\/\/portaltela.pt\/noticias\/2026\/03\/16\/alteracoes-a-legislacao-sobre-identidade-de-genero-sao-retrocesso-politico\/","url":"https:\/\/portaltela.pt\/noticias\/2026\/03\/16\/alteracoes-a-legislacao-sobre-identidade-de-genero-sao-retrocesso-politico\/","name":"Altera\u00e7\u00f5es \u00e0 legisla\u00e7\u00e3o sobre identidade de g\u00e9nero s\u00e3o retrocesso pol\u00edtico - Portal Tela Portugal","isPartOf":{"@id":"https:\/\/portaltela.pt\/#website"},"primaryImageOfPage":{"@id":"https:\/\/portaltela.pt\/noticias\/2026\/03\/16\/alteracoes-a-legislacao-sobre-identidade-de-genero-sao-retrocesso-politico\/#primaryimage"},"image":{"@id":"https:\/\/portaltela.pt\/noticias\/2026\/03\/16\/alteracoes-a-legislacao-sobre-identidade-de-genero-sao-retrocesso-politico\/#primaryimage"},"thumbnailUrl":"https:\/\/portaltela.pt\/s.01k8rhncp4jt1\/2026\/03\/2074719.jpg","datePublished":"2026-03-16T16:12:00+00:00","author":{"@id":"https:\/\/portaltela.pt\/#\/schema\/person\/c4278d4a6028830caff9ee44b42d32ed"},"breadcrumb":{"@id":"https:\/\/portaltela.pt\/noticias\/2026\/03\/16\/alteracoes-a-legislacao-sobre-identidade-de-genero-sao-retrocesso-politico\/#breadcrumb"},"inLanguage":"pt-PT","potentialAction":[{"@type":"ReadAction","target":["https:\/\/portaltela.pt\/noticias\/2026\/03\/16\/alteracoes-a-legislacao-sobre-identidade-de-genero-sao-retrocesso-politico\/"]}]},{"@type":"ImageObject","inLanguage":"pt-PT","@id":"https:\/\/portaltela.pt\/noticias\/2026\/03\/16\/alteracoes-a-legislacao-sobre-identidade-de-genero-sao-retrocesso-politico\/#primaryimage","url":"https:\/\/portaltela.pt\/s.01k8rhncp4jt1\/2026\/03\/2074719.jpg","contentUrl":"https:\/\/portaltela.pt\/s.01k8rhncp4jt1\/2026\/03\/2074719.jpg","width":796,"height":448,"caption":"Uma das propostas exige um diagn\u00f3stico m\u00e9dico para que seja poss\u00edvel mudar o nome e sexo no registo civil"},{"@type":"BreadcrumbList","@id":"https:\/\/portaltela.pt\/noticias\/2026\/03\/16\/alteracoes-a-legislacao-sobre-identidade-de-genero-sao-retrocesso-politico\/#breadcrumb","itemListElement":[{"@type":"ListItem","position":1,"name":"In\u00edcio","item":"https:\/\/portaltela.pt\/"},{"@type":"ListItem","position":2,"name":"Altera\u00e7\u00f5es \u00e0 legisla\u00e7\u00e3o sobre identidade de g\u00e9nero s\u00e3o retrocesso pol\u00edtico"}]},{"@type":"WebSite","@id":"https:\/\/portaltela.pt\/#website","url":"https:\/\/portaltela.pt\/","name":"Portal Tela Portugal","description":"","potentialAction":[{"@type":"SearchAction","target":{"@type":"EntryPoint","urlTemplate":"https:\/\/portaltela.pt\/?s={search_term_string}"},"query-input":{"@type":"PropertyValueSpecification","valueRequired":true,"valueName":"search_term_string"}}],"inLanguage":"pt-PT"},{"@type":"Person","@id":"https:\/\/portaltela.pt\/#\/schema\/person\/c4278d4a6028830caff9ee44b42d32ed","name":"Telinha","image":{"@type":"ImageObject","inLanguage":"pt-PT","@id":"https:\/\/portaltela.pt\/s.01k8rhncp4jt1\/2025\/11\/talking-bot-125x125.png","url":"https:\/\/portaltela.pt\/s.01k8rhncp4jt1\/2025\/11\/talking-bot-125x125.png","contentUrl":"https:\/\/portaltela.pt\/s.01k8rhncp4jt1\/2025\/11\/talking-bot-125x125.png","caption":"Telinha"},"sameAs":["https:\/\/portaltela.pt\/"],"url":"https:\/\/portaltela.pt\/por\/367410592786\/"}]}},"_links":{"self":[{"href":"https:\/\/portaltela.pt\/api\/wp\/v2\/posts\/412227","targetHints":{"allow":["GET"]}}],"collection":[{"href":"https:\/\/portaltela.pt\/api\/wp\/v2\/posts"}],"about":[{"href":"https:\/\/portaltela.pt\/api\/wp\/v2\/types\/post"}],"author":[{"embeddable":true,"href":"https:\/\/portaltela.pt\/api\/wp\/v2\/users\/2"}],"replies":[{"embeddable":true,"href":"https:\/\/portaltela.pt\/api\/wp\/v2\/comments?post=412227"}],"version-history":[{"count":0,"href":"https:\/\/portaltela.pt\/api\/wp\/v2\/posts\/412227\/revisions"}],"wp:featuredmedia":[{"embeddable":true,"href":"https:\/\/portaltela.pt\/api\/wp\/v2\/media\/412231"}],"wp:attachment":[{"href":"https:\/\/portaltela.pt\/api\/wp\/v2\/media?parent=412227"}],"wp:term":[{"taxonomy":"category","embeddable":true,"href":"https:\/\/portaltela.pt\/api\/wp\/v2\/categories?post=412227"},{"taxonomy":"post_tag","embeddable":true,"href":"https:\/\/portaltela.pt\/api\/wp\/v2\/tags?post=412227"}],"curies":[{"name":"wp","href":"https:\/\/api.w.org\/{rel}","templated":true}]}}