{"id":412207,"date":"2026-03-16T12:58:00","date_gmt":"2026-03-16T15:58:00","guid":{"rendered":"https:\/\/portaltela.pt\/noticias\/2026\/03\/16\/desequilibrios-do-desenvolvimento-do-pais-em-debate-no-porto\/"},"modified":"2026-03-16T12:58:00","modified_gmt":"2026-03-16T15:58:00","slug":"desequilibrios-do-desenvolvimento-do-pais-em-debate-no-porto","status":"publish","type":"post","link":"https:\/\/portaltela.pt\/sociedade\/2026\/03\/16\/desequilibrios-do-desenvolvimento-do-pais-em-debate-no-porto\/","title":{"rendered":"Desequil\u00edbrios do desenvolvimento do pa\u00eds em debate no Porto"},"content":{"rendered":"<p>A associa\u00e7\u00e3o ACEC realiza hoje a sua confer\u00eancia anual na Faculdade de Economia da Universidade do Porto, para debater desequil\u00edbrios regionais no pa\u00eds. O foco \u00e9 o litoral versus interior, com base em dados de investiga\u00e7\u00e3o acad\u00e9mica. O evento inclui acad\u00e9micos, empres\u00e1rios e respons\u00e1veis pol\u00edticos.<\/p>\n<p>A proposta \u00e9 discutir as assimetrias do desenvolvimento e as causas profundas do desequil\u00edbrio regional. A sess\u00e3o analisa tamb\u00e9m a organiza\u00e7\u00e3o pol\u00edtica e administrativa do pa\u00eds, em especial a regionaliza\u00e7\u00e3o, sem limitar o debate a esse tema.<\/p>\n<p>O presidente da ACEC, Carlos Tavares, refor\u00e7a a necessidade de rigor t\u00e9cnico. Ele afirma que as discuss\u00f5es v\u00e3o basear-se em informa\u00e7\u00f5es recolhidas por acad\u00e9micos, economistas e empres\u00e1rios, para fundamentar o debate p\u00fablico.<\/p>\n<p>Entre os temas est\u00e1 a avalia\u00e7\u00e3o de reformas administrativas relevantes. Tavares lembra que Portugal n\u00e3o passou por uma grande reforma h\u00e1 quase dois s\u00e9culos, citando a de 1836, promovida por Passos Manuel.<\/p>\n<p>Durante a manh\u00e3, s\u00e3o apresentados exemplos de empresas que investem fora das grandes \u00e1reas metropolitanas. Segundo o presidente, esses casos mostram que \u00e9 poss\u00edvel inverter din\u00e2micas, ainda que sejam exce\u00e7\u00f5es curiosas.<\/p>\n<p>A confer\u00eancia tamb\u00e9m analisa as causas profundas das desigualdades territoriais. A percep\u00e7\u00e3o \u00e9 de que o litoral continua a atrair mais rendimento e popula\u00e7\u00e3o do que v\u00e1rias zonas do interior.<\/p>\n<p>As conclus\u00f5es do encontro dever\u00e3o resultar numa publica\u00e7\u00e3o com estudos e reflex\u00f5es para apoiar decisores pol\u00edticos. O objetivo \u00e9 orientar pol\u00edticas p\u00fablicas futuras com base em evid\u00eancia.<\/p>\n<p>Participam nomes do meio acad\u00e9mico e econ\u00f3mico, como \u00d3scar Afonso, Jo\u00e3o Cerejeira, Daniel Bessa, Miguel Cadilhe e Jos\u00e9 Roquete. O ministro da Economia, Manuel Castro Almeida, est\u00e1 tamb\u00e9m previsto na presen\u00e7a.<\/p>\n<p>A entrada \u00e9 gratuita mediante inscri\u00e7\u00e3o, segundo a organiza\u00e7\u00e3o. O evento pretende aportar dados e propostas para orientar decis\u00f5es p\u00fablicas com foco no equil\u00edbrio territorial.<\/p>\n","protected":false},"excerpt":{"rendered":"<ul>\n<li>A confer\u00eancia anual da Associa\u00e7\u00e3o C\u00edrculo de Estudo do Centralismo (ACEC) realiza-se hoje na Faculdade de Economia da Universidade do Porto para debater desequil\u00edbrios do desenvolvimento entre litoral e interior.<\/li>\n<li>O encontro re\u00fane acad\u00e9micos, empres\u00e1rios e respons\u00e1veis p\u00fablicos, com foco em dados e investiga\u00e7\u00e3o acad\u00e9mica sobre o territ\u00f3rio e o tecido econ\u00f3mico.<\/li>\n<li>O presidente da ACEC, Carlos Tavares, sustenta que o debate deve basear-se em informa\u00e7\u00e3o recolhida por acad\u00e9micos, economistas e empres\u00e1rios, promovendo rigor e conhecimento.<\/li>\n<li>Entre os temas est\u00e1 a organiza\u00e7\u00e3o pol\u00edtica e administrativa do pa\u00eds, incluindo a regionaliza\u00e7\u00e3o, mas o debate deve ir al\u00e9m e considerar uma reforma administrativa h\u00e1 quase dois s\u00e9culos, que, na perspetiva dele, \u00e9 necess\u00e1ria desde 1836.<\/li>\n<li>Ser\u00e3o apresentados exemplos de empresas que se deslocaram para regi\u00f5es menos favorecidas, mostrando que \u00e9 poss\u00edvel inverter din\u00e2micas, e as conclus\u00f5es podem originar uma publica\u00e7\u00e3o para apoiar decisores pol\u00edticos; o evento conta com varias personalidades e pode receber o ministro da Economia, Manuel Castro Almeida, com inscri\u00e7\u00f5es gratuitas.<\/li>\n<\/ul>\n","protected":false},"author":2,"featured_media":412211,"comment_status":"closed","ping_status":"closed","sticky":false,"template":"","format":"standard","meta":{"footnotes":""},"categories":[1,6871],"tags":[6115,190,316,982,1014,1778],"class_list":["post-412207","post","type-post","status-publish","format-standard","has-post-thumbnail","hentry","category-noticias","category-sociedade","tag-_economia","tag-desenvolvimento-economico","tag-investimento","tag-porto","tag-portugal","tag-regionalizacao-territorial"],"yoast_head":"<!-- This site is optimized with the Yoast SEO plugin v27.2 - https:\/\/yoast.com\/product\/yoast-seo-wordpress\/ -->\n<title>Desequil\u00edbrios do desenvolvimento do pa\u00eds em debate no Porto - Portal Tela Portugal<\/title>\n<meta name=\"robots\" content=\"index, follow, max-snippet:-1, max-image-preview:large, max-video-preview:-1\" \/>\n<meta property=\"og:locale\" content=\"pt_PT\" \/>\n<meta property=\"og:type\" content=\"article\" \/>\n<meta property=\"og:title\" content=\"Desequil\u00edbrios do desenvolvimento do pa\u00eds em debate no Porto - Portal Tela Portugal\" \/>\n<meta property=\"og:description\" content=\"A confer\u00eancia anual da Associa\u00e7\u00e3o C\u00edrculo de Estudo do Centralismo (ACEC) realiza-se hoje na Faculdade de Economia da Universidade do Porto para debater desequil\u00edbrios do desenvolvimento entre litoral e interior. O encontro re\u00fane acad\u00e9micos, empres\u00e1rios e respons\u00e1veis p\u00fablicos, com foco em dados e investiga\u00e7\u00e3o acad\u00e9mica sobre o territ\u00f3rio e o tecido econ\u00f3mico. O presidente da ACEC, Carlos Tavares, sustenta que o debate deve basear-se em informa\u00e7\u00e3o recolhida por acad\u00e9micos, economistas e empres\u00e1rios, promovendo rigor e conhecimento. Entre os temas est\u00e1 a organiza\u00e7\u00e3o pol\u00edtica e administrativa do pa\u00eds, incluindo a regionaliza\u00e7\u00e3o, mas o debate deve ir al\u00e9m e considerar uma reforma administrativa h\u00e1 quase dois s\u00e9culos, que, na perspetiva dele, \u00e9 necess\u00e1ria desde 1836. Ser\u00e3o apresentados exemplos de empresas que se deslocaram para regi\u00f5es menos favorecidas, mostrando que \u00e9 poss\u00edvel inverter din\u00e2micas, e as conclus\u00f5es podem originar uma publica\u00e7\u00e3o para apoiar decisores pol\u00edticos; o evento conta com varias personalidades e pode receber o ministro da Economia, Manuel Castro Almeida, com inscri\u00e7\u00f5es gratuitas.\" \/>\n<meta property=\"og:url\" content=\"https:\/\/portaltela.pt\/noticias\/2026\/03\/16\/desequilibrios-do-desenvolvimento-do-pais-em-debate-no-porto\/\" \/>\n<meta property=\"og:site_name\" content=\"Portal Tela Portugal\" \/>\n<meta property=\"article:published_time\" content=\"2026-03-16T15:58:00+00:00\" \/>\n<meta name=\"author\" content=\"Telinha\" \/>\n<meta name=\"twitter:card\" content=\"summary_large_image\" \/>\n<meta name=\"twitter:label1\" content=\"Escrito por\" \/>\n\t<meta name=\"twitter:data1\" content=\"Telinha\" \/>\n\t<meta name=\"twitter:label2\" content=\"Tempo estimado de leitura\" \/>\n\t<meta name=\"twitter:data2\" content=\"2 minutos\" \/>\n<script type=\"application\/ld+json\" class=\"yoast-schema-graph\">{\"@context\":\"https:\/\/schema.org\",\"@graph\":[{\"@type\":\"Article\",\"@id\":\"https:\/\/portaltela.pt\/noticias\/2026\/03\/16\/desequilibrios-do-desenvolvimento-do-pais-em-debate-no-porto\/#article\",\"isPartOf\":{\"@id\":\"https:\/\/portaltela.pt\/noticias\/2026\/03\/16\/desequilibrios-do-desenvolvimento-do-pais-em-debate-no-porto\/\"},\"author\":{\"name\":\"Telinha\",\"@id\":\"https:\/\/portaltela.pt\/#\/schema\/person\/c4278d4a6028830caff9ee44b42d32ed\"},\"headline\":\"Desequil\u00edbrios do desenvolvimento do pa\u00eds em debate no Porto\",\"datePublished\":\"2026-03-16T15:58:00+00:00\",\"mainEntityOfPage\":{\"@id\":\"https:\/\/portaltela.pt\/noticias\/2026\/03\/16\/desequilibrios-do-desenvolvimento-do-pais-em-debate-no-porto\/\"},\"wordCount\":349,\"image\":{\"@id\":\"https:\/\/portaltela.pt\/noticias\/2026\/03\/16\/desequilibrios-do-desenvolvimento-do-pais-em-debate-no-porto\/#primaryimage\"},\"thumbnailUrl\":\"https:\/\/portaltela.pt\/s.01k8rhncp4jt1\/2026\/03\/image-1069.jpg\",\"keywords\":[\"_economia\",\"Desenvolvimento econ\u00f3mico\",\"investimento\",\"Porto\",\"Portugal\",\"regionaliza\u00e7\u00e3o territorial\"],\"articleSection\":[\"Not\u00edcias\",\"Sociedade\"],\"inLanguage\":\"pt-PT\"},{\"@type\":\"WebPage\",\"@id\":\"https:\/\/portaltela.pt\/noticias\/2026\/03\/16\/desequilibrios-do-desenvolvimento-do-pais-em-debate-no-porto\/\",\"url\":\"https:\/\/portaltela.pt\/noticias\/2026\/03\/16\/desequilibrios-do-desenvolvimento-do-pais-em-debate-no-porto\/\",\"name\":\"Desequil\u00edbrios do desenvolvimento do pa\u00eds em debate no Porto - Portal Tela Portugal\",\"isPartOf\":{\"@id\":\"https:\/\/portaltela.pt\/#website\"},\"primaryImageOfPage\":{\"@id\":\"https:\/\/portaltela.pt\/noticias\/2026\/03\/16\/desequilibrios-do-desenvolvimento-do-pais-em-debate-no-porto\/#primaryimage\"},\"image\":{\"@id\":\"https:\/\/portaltela.pt\/noticias\/2026\/03\/16\/desequilibrios-do-desenvolvimento-do-pais-em-debate-no-porto\/#primaryimage\"},\"thumbnailUrl\":\"https:\/\/portaltela.pt\/s.01k8rhncp4jt1\/2026\/03\/image-1069.jpg\",\"datePublished\":\"2026-03-16T15:58:00+00:00\",\"author\":{\"@id\":\"https:\/\/portaltela.pt\/#\/schema\/person\/c4278d4a6028830caff9ee44b42d32ed\"},\"breadcrumb\":{\"@id\":\"https:\/\/portaltela.pt\/noticias\/2026\/03\/16\/desequilibrios-do-desenvolvimento-do-pais-em-debate-no-porto\/#breadcrumb\"},\"inLanguage\":\"pt-PT\",\"potentialAction\":[{\"@type\":\"ReadAction\",\"target\":[\"https:\/\/portaltela.pt\/noticias\/2026\/03\/16\/desequilibrios-do-desenvolvimento-do-pais-em-debate-no-porto\/\"]}]},{\"@type\":\"ImageObject\",\"inLanguage\":\"pt-PT\",\"@id\":\"https:\/\/portaltela.pt\/noticias\/2026\/03\/16\/desequilibrios-do-desenvolvimento-do-pais-em-debate-no-porto\/#primaryimage\",\"url\":\"https:\/\/portaltela.pt\/s.01k8rhncp4jt1\/2026\/03\/image-1069.jpg\",\"contentUrl\":\"https:\/\/portaltela.pt\/s.01k8rhncp4jt1\/2026\/03\/image-1069.jpg\",\"width\":796,\"height\":448,\"caption\":\"O evento ter\u00e1 lugar na Faculdade de Economia do Porto\"},{\"@type\":\"BreadcrumbList\",\"@id\":\"https:\/\/portaltela.pt\/noticias\/2026\/03\/16\/desequilibrios-do-desenvolvimento-do-pais-em-debate-no-porto\/#breadcrumb\",\"itemListElement\":[{\"@type\":\"ListItem\",\"position\":1,\"name\":\"In\u00edcio\",\"item\":\"https:\/\/portaltela.pt\/\"},{\"@type\":\"ListItem\",\"position\":2,\"name\":\"Desequil\u00edbrios do desenvolvimento do pa\u00eds em debate no Porto\"}]},{\"@type\":\"WebSite\",\"@id\":\"https:\/\/portaltela.pt\/#website\",\"url\":\"https:\/\/portaltela.pt\/\",\"name\":\"Portal Tela Portugal\",\"description\":\"\",\"potentialAction\":[{\"@type\":\"SearchAction\",\"target\":{\"@type\":\"EntryPoint\",\"urlTemplate\":\"https:\/\/portaltela.pt\/?s={search_term_string}\"},\"query-input\":{\"@type\":\"PropertyValueSpecification\",\"valueRequired\":true,\"valueName\":\"search_term_string\"}}],\"inLanguage\":\"pt-PT\"},{\"@type\":\"Person\",\"@id\":\"https:\/\/portaltela.pt\/#\/schema\/person\/c4278d4a6028830caff9ee44b42d32ed\",\"name\":\"Telinha\",\"image\":{\"@type\":\"ImageObject\",\"inLanguage\":\"pt-PT\",\"@id\":\"https:\/\/portaltela.pt\/s.01k8rhncp4jt1\/2025\/11\/talking-bot-125x125.png\",\"url\":\"https:\/\/portaltela.pt\/s.01k8rhncp4jt1\/2025\/11\/talking-bot-125x125.png\",\"contentUrl\":\"https:\/\/portaltela.pt\/s.01k8rhncp4jt1\/2025\/11\/talking-bot-125x125.png\",\"caption\":\"Telinha\"},\"sameAs\":[\"https:\/\/portaltela.pt\/\"],\"url\":\"https:\/\/portaltela.pt\/por\/367410592786\/\"}]}<\/script>\n<!-- \/ Yoast SEO plugin. -->","yoast_head_json":{"title":"Desequil\u00edbrios do desenvolvimento do pa\u00eds em debate no Porto - Portal Tela Portugal","robots":{"index":"index","follow":"follow","max-snippet":"max-snippet:-1","max-image-preview":"max-image-preview:large","max-video-preview":"max-video-preview:-1"},"og_locale":"pt_PT","og_type":"article","og_title":"Desequil\u00edbrios do desenvolvimento do pa\u00eds em debate no Porto - Portal Tela Portugal","og_description":"A confer\u00eancia anual da Associa\u00e7\u00e3o C\u00edrculo de Estudo do Centralismo (ACEC) realiza-se hoje na Faculdade de Economia da Universidade do Porto para debater desequil\u00edbrios do desenvolvimento entre litoral e interior. O encontro re\u00fane acad\u00e9micos, empres\u00e1rios e respons\u00e1veis p\u00fablicos, com foco em dados e investiga\u00e7\u00e3o acad\u00e9mica sobre o territ\u00f3rio e o tecido econ\u00f3mico. O presidente da ACEC, Carlos Tavares, sustenta que o debate deve basear-se em informa\u00e7\u00e3o recolhida por acad\u00e9micos, economistas e empres\u00e1rios, promovendo rigor e conhecimento. Entre os temas est\u00e1 a organiza\u00e7\u00e3o pol\u00edtica e administrativa do pa\u00eds, incluindo a regionaliza\u00e7\u00e3o, mas o debate deve ir al\u00e9m e considerar uma reforma administrativa h\u00e1 quase dois s\u00e9culos, que, na perspetiva dele, \u00e9 necess\u00e1ria desde 1836. Ser\u00e3o apresentados exemplos de empresas que se deslocaram para regi\u00f5es menos favorecidas, mostrando que \u00e9 poss\u00edvel inverter din\u00e2micas, e as conclus\u00f5es podem originar uma publica\u00e7\u00e3o para apoiar decisores pol\u00edticos; o evento conta com varias personalidades e pode receber o ministro da Economia, Manuel Castro Almeida, com inscri\u00e7\u00f5es gratuitas.","og_url":"https:\/\/portaltela.pt\/noticias\/2026\/03\/16\/desequilibrios-do-desenvolvimento-do-pais-em-debate-no-porto\/","og_site_name":"Portal Tela Portugal","article_published_time":"2026-03-16T15:58:00+00:00","author":"Telinha","twitter_card":"summary_large_image","twitter_misc":{"Escrito por":"Telinha","Tempo estimado de leitura":"2 minutos"},"schema":{"@context":"https:\/\/schema.org","@graph":[{"@type":"Article","@id":"https:\/\/portaltela.pt\/noticias\/2026\/03\/16\/desequilibrios-do-desenvolvimento-do-pais-em-debate-no-porto\/#article","isPartOf":{"@id":"https:\/\/portaltela.pt\/noticias\/2026\/03\/16\/desequilibrios-do-desenvolvimento-do-pais-em-debate-no-porto\/"},"author":{"name":"Telinha","@id":"https:\/\/portaltela.pt\/#\/schema\/person\/c4278d4a6028830caff9ee44b42d32ed"},"headline":"Desequil\u00edbrios do desenvolvimento do pa\u00eds em debate no Porto","datePublished":"2026-03-16T15:58:00+00:00","mainEntityOfPage":{"@id":"https:\/\/portaltela.pt\/noticias\/2026\/03\/16\/desequilibrios-do-desenvolvimento-do-pais-em-debate-no-porto\/"},"wordCount":349,"image":{"@id":"https:\/\/portaltela.pt\/noticias\/2026\/03\/16\/desequilibrios-do-desenvolvimento-do-pais-em-debate-no-porto\/#primaryimage"},"thumbnailUrl":"https:\/\/portaltela.pt\/s.01k8rhncp4jt1\/2026\/03\/image-1069.jpg","keywords":["_economia","Desenvolvimento econ\u00f3mico","investimento","Porto","Portugal","regionaliza\u00e7\u00e3o territorial"],"articleSection":["Not\u00edcias","Sociedade"],"inLanguage":"pt-PT"},{"@type":"WebPage","@id":"https:\/\/portaltela.pt\/noticias\/2026\/03\/16\/desequilibrios-do-desenvolvimento-do-pais-em-debate-no-porto\/","url":"https:\/\/portaltela.pt\/noticias\/2026\/03\/16\/desequilibrios-do-desenvolvimento-do-pais-em-debate-no-porto\/","name":"Desequil\u00edbrios do desenvolvimento do pa\u00eds em debate no Porto - Portal Tela Portugal","isPartOf":{"@id":"https:\/\/portaltela.pt\/#website"},"primaryImageOfPage":{"@id":"https:\/\/portaltela.pt\/noticias\/2026\/03\/16\/desequilibrios-do-desenvolvimento-do-pais-em-debate-no-porto\/#primaryimage"},"image":{"@id":"https:\/\/portaltela.pt\/noticias\/2026\/03\/16\/desequilibrios-do-desenvolvimento-do-pais-em-debate-no-porto\/#primaryimage"},"thumbnailUrl":"https:\/\/portaltela.pt\/s.01k8rhncp4jt1\/2026\/03\/image-1069.jpg","datePublished":"2026-03-16T15:58:00+00:00","author":{"@id":"https:\/\/portaltela.pt\/#\/schema\/person\/c4278d4a6028830caff9ee44b42d32ed"},"breadcrumb":{"@id":"https:\/\/portaltela.pt\/noticias\/2026\/03\/16\/desequilibrios-do-desenvolvimento-do-pais-em-debate-no-porto\/#breadcrumb"},"inLanguage":"pt-PT","potentialAction":[{"@type":"ReadAction","target":["https:\/\/portaltela.pt\/noticias\/2026\/03\/16\/desequilibrios-do-desenvolvimento-do-pais-em-debate-no-porto\/"]}]},{"@type":"ImageObject","inLanguage":"pt-PT","@id":"https:\/\/portaltela.pt\/noticias\/2026\/03\/16\/desequilibrios-do-desenvolvimento-do-pais-em-debate-no-porto\/#primaryimage","url":"https:\/\/portaltela.pt\/s.01k8rhncp4jt1\/2026\/03\/image-1069.jpg","contentUrl":"https:\/\/portaltela.pt\/s.01k8rhncp4jt1\/2026\/03\/image-1069.jpg","width":796,"height":448,"caption":"O evento ter\u00e1 lugar na Faculdade de Economia do Porto"},{"@type":"BreadcrumbList","@id":"https:\/\/portaltela.pt\/noticias\/2026\/03\/16\/desequilibrios-do-desenvolvimento-do-pais-em-debate-no-porto\/#breadcrumb","itemListElement":[{"@type":"ListItem","position":1,"name":"In\u00edcio","item":"https:\/\/portaltela.pt\/"},{"@type":"ListItem","position":2,"name":"Desequil\u00edbrios do desenvolvimento do pa\u00eds em debate no Porto"}]},{"@type":"WebSite","@id":"https:\/\/portaltela.pt\/#website","url":"https:\/\/portaltela.pt\/","name":"Portal Tela Portugal","description":"","potentialAction":[{"@type":"SearchAction","target":{"@type":"EntryPoint","urlTemplate":"https:\/\/portaltela.pt\/?s={search_term_string}"},"query-input":{"@type":"PropertyValueSpecification","valueRequired":true,"valueName":"search_term_string"}}],"inLanguage":"pt-PT"},{"@type":"Person","@id":"https:\/\/portaltela.pt\/#\/schema\/person\/c4278d4a6028830caff9ee44b42d32ed","name":"Telinha","image":{"@type":"ImageObject","inLanguage":"pt-PT","@id":"https:\/\/portaltela.pt\/s.01k8rhncp4jt1\/2025\/11\/talking-bot-125x125.png","url":"https:\/\/portaltela.pt\/s.01k8rhncp4jt1\/2025\/11\/talking-bot-125x125.png","contentUrl":"https:\/\/portaltela.pt\/s.01k8rhncp4jt1\/2025\/11\/talking-bot-125x125.png","caption":"Telinha"},"sameAs":["https:\/\/portaltela.pt\/"],"url":"https:\/\/portaltela.pt\/por\/367410592786\/"}]}},"_links":{"self":[{"href":"https:\/\/portaltela.pt\/api\/wp\/v2\/posts\/412207","targetHints":{"allow":["GET"]}}],"collection":[{"href":"https:\/\/portaltela.pt\/api\/wp\/v2\/posts"}],"about":[{"href":"https:\/\/portaltela.pt\/api\/wp\/v2\/types\/post"}],"author":[{"embeddable":true,"href":"https:\/\/portaltela.pt\/api\/wp\/v2\/users\/2"}],"replies":[{"embeddable":true,"href":"https:\/\/portaltela.pt\/api\/wp\/v2\/comments?post=412207"}],"version-history":[{"count":0,"href":"https:\/\/portaltela.pt\/api\/wp\/v2\/posts\/412207\/revisions"}],"wp:featuredmedia":[{"embeddable":true,"href":"https:\/\/portaltela.pt\/api\/wp\/v2\/media\/412211"}],"wp:attachment":[{"href":"https:\/\/portaltela.pt\/api\/wp\/v2\/media?parent=412207"}],"wp:term":[{"taxonomy":"category","embeddable":true,"href":"https:\/\/portaltela.pt\/api\/wp\/v2\/categories?post=412207"},{"taxonomy":"post_tag","embeddable":true,"href":"https:\/\/portaltela.pt\/api\/wp\/v2\/tags?post=412207"}],"curies":[{"name":"wp","href":"https:\/\/api.w.org\/{rel}","templated":true}]}}