{"id":412195,"date":"2026-03-16T12:41:00","date_gmt":"2026-03-16T15:41:00","guid":{"rendered":"https:\/\/portaltela.pt\/noticias\/2026\/03\/16\/mp-recorre-para-levar-a-tribunal-atuais-e-ex-autarcas-de-santo-tirso\/"},"modified":"2026-03-16T12:41:00","modified_gmt":"2026-03-16T15:41:00","slug":"mp-recorre-para-levar-a-tribunal-atuais-e-ex-autarcas-de-santo-tirso","status":"publish","type":"post","link":"https:\/\/portaltela.pt\/noticias\/2026\/03\/16\/mp-recorre-para-levar-a-tribunal-atuais-e-ex-autarcas-de-santo-tirso\/","title":{"rendered":"MP recorre para levar a tribunal atuais e ex-aut\u00e1rcas de Santo Tirso"},"content":{"rendered":"<p>O Minist\u00e9rio P\u00fablico recorreu da decis\u00e3o do Tribunal de Matosinhos que deixou de levar a julgamento Alberto Costa, atual presidente da C\u00e2mara de Santo Tirso, e dois ex-vereadores, todos eleitos pelo PS. A acusa\u00e7\u00e3o centra-se no alegado uso indevido de carros da autarquia entre julho de 2017 e abril de 2019.<\/p>\n<p>Segundo o MP, os tr\u00eas autarcas teriam utilizado ve\u00edculos da C\u00e2mara para fins pessoais, incluindo desloca\u00e7\u00f5es a supermercados, restaurantes e viagens aos fins de semana e feriados. Os arguidos s\u00e3o acusados de abuso de poder, peculato e peculato de uso, com alegada participa\u00e7\u00e3o econ\u00f3mica em neg\u00f3cio de Jos\u00e9 Pedro Machado.<\/p>\n<p>O processo, que j\u00e1 teve leitura de decis\u00e3o instrut\u00f3ria em fevereiro, seguir\u00e1 para o Tribunal da Rela\u00e7\u00e3o do Porto, que dever\u00e1 analisar o recurso. O MP defende que houve um uso ileg\u00edtimo de viaturas da autarquia ao abrigo de um plano previamente definido. Registos da Via Verde indicam v\u00e1rias passagens em feriados, fins de semana e madrugadas.<\/p>\n<h3>Contexto processual e pr\u00f3ximos passos<\/h3>\n<p>A Justice est\u00e1 a decorrer na \u00e1rea distrital do Porto, com o objetivo de determinar se h\u00e1 ind\u00edcios suficientes para levar os tr\u00eas a julgamento. Alberto Costa era vice-presidente da C\u00e2mara \u00e0 \u00e9poca, e mant\u00e9m-se no cargo ap\u00f3s as elei\u00e7\u00f5es de outubro. Jos\u00e9 Pedro Machado deixou o executivo municipal para presidir a Junta de Freguesia de Santo Tirso, enquanto Tiago Ara\u00fajo n\u00e3o integrou as listas do PS para o mandato atual.<\/p>\n<h3>Situa\u00e7\u00e3o dos argu\u00eddos<\/h3>\n<p>O MP aponta que a conduta descrita ter\u00e1 envolvido um \u201cuso de carros da c\u00e2mara para atividades que n\u00e3o serviam o interesse p\u00fablico\u201d entre 2017 e 2019. O caso j\u00e1 motivou refer\u00eancia a decis\u00f5es semelhantes no pa\u00eds, sem, contudo, haver conclus\u00e3o sobre responsabilidades finais neste processo espec\u00edfico. A decis\u00e3o final caber\u00e1 ao tribunal da Rela\u00e7\u00e3o do Porto.<\/p>\n","protected":false},"excerpt":{"rendered":"<ul>\n<li>O Minist\u00e9rio P\u00fablico recorre da decis\u00e3o do Tribunal de Matosinhos que n\u00e3o levou a julgamento Alberto Costa e dois ex\u2011vereadores, todos do PS.<\/li>\n<li>A suspeita envolve uso indevido de carros da autarquia entre 16 de julho de 2017 e abril de 2019 para fins pessoais.<\/li>\n<li>O processo ser\u00e1 analisado pela Rela\u00e7\u00e3o do Porto nos pr\u00f3ximos dias, ap\u00f3s o tribunal ter rejeitado a pron\u00fancia por insufici\u00eancia de ind\u00edcios.<\/li>\n<li>Em alega\u00e7\u00f5es finais, o MP defendeu que houve uso ileg\u00edtimo dos autom\u00f3veis da c\u00e2mara, apontando um poss\u00edvel \u201cplano previamente gizado\u201d para desloca\u00e7\u00f5es pessoais.<\/li>\n<li>Envolvidos: Alberto Costa (\u00e0 data vice-presidente da C\u00e2mara), Jos\u00e9 Pedro Machado e Tiago Ara\u00fajo; registos de Via Verde indicam dezenas de passagens em feriados, fins de semana e madrugada.<\/li>\n<\/ul>\n","protected":false},"author":2,"featured_media":412197,"comment_status":"closed","ping_status":"closed","sticky":false,"template":"","format":"standard","meta":{"footnotes":""},"categories":[1],"tags":[470,212,3057,83,259,2832],"class_list":["post-412195","post","type-post","status-publish","format-standard","has-post-thumbnail","hentry","category-noticias","tag-abuso-de-autoridade","tag-abuso-de-poder","tag-autarcas","tag-corrupcao","tag-peculato","tag-politica"],"yoast_head":"<!-- This site is optimized with the Yoast SEO plugin v27.2 - https:\/\/yoast.com\/product\/yoast-seo-wordpress\/ -->\n<title>MP recorre para levar a tribunal atuais e ex-aut\u00e1rcas de Santo Tirso - Portal Tela Portugal<\/title>\n<meta name=\"robots\" content=\"index, follow, max-snippet:-1, max-image-preview:large, max-video-preview:-1\" \/>\n<meta property=\"og:locale\" content=\"pt_PT\" \/>\n<meta property=\"og:type\" content=\"article\" \/>\n<meta property=\"og:title\" content=\"MP recorre para levar a tribunal atuais e ex-aut\u00e1rcas de Santo Tirso - Portal Tela Portugal\" \/>\n<meta property=\"og:description\" content=\"O Minist\u00e9rio P\u00fablico recorre da decis\u00e3o do Tribunal de Matosinhos que n\u00e3o levou a julgamento Alberto Costa e dois ex\u2011vereadores, todos do PS. A suspeita envolve uso indevido de carros da autarquia entre 16 de julho de 2017 e abril de 2019 para fins pessoais. O processo ser\u00e1 analisado pela Rela\u00e7\u00e3o do Porto nos pr\u00f3ximos dias, ap\u00f3s o tribunal ter rejeitado a pron\u00fancia por insufici\u00eancia de ind\u00edcios. Em alega\u00e7\u00f5es finais, o MP defendeu que houve uso ileg\u00edtimo dos autom\u00f3veis da c\u00e2mara, apontando um poss\u00edvel \u201cplano previamente gizado\u201d para desloca\u00e7\u00f5es pessoais. Envolvidos: Alberto Costa (\u00e0 data vice-presidente da C\u00e2mara), Jos\u00e9 Pedro Machado e Tiago Ara\u00fajo; registos de Via Verde indicam dezenas de passagens em feriados, fins de semana e madrugada.\" \/>\n<meta property=\"og:url\" content=\"https:\/\/portaltela.pt\/noticias\/2026\/03\/16\/mp-recorre-para-levar-a-tribunal-atuais-e-ex-autarcas-de-santo-tirso\/\" \/>\n<meta property=\"og:site_name\" content=\"Portal Tela Portugal\" \/>\n<meta property=\"article:published_time\" content=\"2026-03-16T15:41:00+00:00\" \/>\n<meta name=\"author\" content=\"Telinha\" \/>\n<meta name=\"twitter:card\" content=\"summary_large_image\" \/>\n<meta name=\"twitter:label1\" content=\"Escrito por\" \/>\n\t<meta name=\"twitter:data1\" content=\"Telinha\" \/>\n\t<meta name=\"twitter:label2\" content=\"Tempo estimado de leitura\" \/>\n\t<meta name=\"twitter:data2\" content=\"2 minutos\" \/>\n<script type=\"application\/ld+json\" class=\"yoast-schema-graph\">{\"@context\":\"https:\/\/schema.org\",\"@graph\":[{\"@type\":\"Article\",\"@id\":\"https:\/\/portaltela.pt\/noticias\/2026\/03\/16\/mp-recorre-para-levar-a-tribunal-atuais-e-ex-autarcas-de-santo-tirso\/#article\",\"isPartOf\":{\"@id\":\"https:\/\/portaltela.pt\/noticias\/2026\/03\/16\/mp-recorre-para-levar-a-tribunal-atuais-e-ex-autarcas-de-santo-tirso\/\"},\"author\":{\"name\":\"Telinha\",\"@id\":\"https:\/\/portaltela.pt\/#\/schema\/person\/c4278d4a6028830caff9ee44b42d32ed\"},\"headline\":\"MP recorre para levar a tribunal atuais e ex-aut\u00e1rcas de Santo Tirso\",\"datePublished\":\"2026-03-16T15:41:00+00:00\",\"mainEntityOfPage\":{\"@id\":\"https:\/\/portaltela.pt\/noticias\/2026\/03\/16\/mp-recorre-para-levar-a-tribunal-atuais-e-ex-autarcas-de-santo-tirso\/\"},\"wordCount\":341,\"image\":{\"@id\":\"https:\/\/portaltela.pt\/noticias\/2026\/03\/16\/mp-recorre-para-levar-a-tribunal-atuais-e-ex-autarcas-de-santo-tirso\/#primaryimage\"},\"thumbnailUrl\":\"https:\/\/portaltela.pt\/s.01k8rhncp4jt1\/2026\/03\/image-71.webp\",\"keywords\":[\"abuso de autoridade\",\"abuso de poder\",\"autarcas\",\"corrup\u00e7\u00e3o\",\"peculato\",\"pol\u00edtica\"],\"articleSection\":[\"Not\u00edcias\"],\"inLanguage\":\"pt-PT\"},{\"@type\":\"WebPage\",\"@id\":\"https:\/\/portaltela.pt\/noticias\/2026\/03\/16\/mp-recorre-para-levar-a-tribunal-atuais-e-ex-autarcas-de-santo-tirso\/\",\"url\":\"https:\/\/portaltela.pt\/noticias\/2026\/03\/16\/mp-recorre-para-levar-a-tribunal-atuais-e-ex-autarcas-de-santo-tirso\/\",\"name\":\"MP recorre para levar a tribunal atuais e ex-aut\u00e1rcas de Santo Tirso - Portal Tela Portugal\",\"isPartOf\":{\"@id\":\"https:\/\/portaltela.pt\/#website\"},\"primaryImageOfPage\":{\"@id\":\"https:\/\/portaltela.pt\/noticias\/2026\/03\/16\/mp-recorre-para-levar-a-tribunal-atuais-e-ex-autarcas-de-santo-tirso\/#primaryimage\"},\"image\":{\"@id\":\"https:\/\/portaltela.pt\/noticias\/2026\/03\/16\/mp-recorre-para-levar-a-tribunal-atuais-e-ex-autarcas-de-santo-tirso\/#primaryimage\"},\"thumbnailUrl\":\"https:\/\/portaltela.pt\/s.01k8rhncp4jt1\/2026\/03\/image-71.webp\",\"datePublished\":\"2026-03-16T15:41:00+00:00\",\"author\":{\"@id\":\"https:\/\/portaltela.pt\/#\/schema\/person\/c4278d4a6028830caff9ee44b42d32ed\"},\"breadcrumb\":{\"@id\":\"https:\/\/portaltela.pt\/noticias\/2026\/03\/16\/mp-recorre-para-levar-a-tribunal-atuais-e-ex-autarcas-de-santo-tirso\/#breadcrumb\"},\"inLanguage\":\"pt-PT\",\"potentialAction\":[{\"@type\":\"ReadAction\",\"target\":[\"https:\/\/portaltela.pt\/noticias\/2026\/03\/16\/mp-recorre-para-levar-a-tribunal-atuais-e-ex-autarcas-de-santo-tirso\/\"]}]},{\"@type\":\"ImageObject\",\"inLanguage\":\"pt-PT\",\"@id\":\"https:\/\/portaltela.pt\/noticias\/2026\/03\/16\/mp-recorre-para-levar-a-tribunal-atuais-e-ex-autarcas-de-santo-tirso\/#primaryimage\",\"url\":\"https:\/\/portaltela.pt\/s.01k8rhncp4jt1\/2026\/03\/image-71.webp\",\"contentUrl\":\"https:\/\/portaltela.pt\/s.01k8rhncp4jt1\/2026\/03\/image-71.webp\",\"width\":1200,\"height\":800,\"caption\":\"Alberto Costa, presidente da C\u00e2mara de Santo Tirso, era vereador \u00e0 data dos factos\"},{\"@type\":\"BreadcrumbList\",\"@id\":\"https:\/\/portaltela.pt\/noticias\/2026\/03\/16\/mp-recorre-para-levar-a-tribunal-atuais-e-ex-autarcas-de-santo-tirso\/#breadcrumb\",\"itemListElement\":[{\"@type\":\"ListItem\",\"position\":1,\"name\":\"In\u00edcio\",\"item\":\"https:\/\/portaltela.pt\/\"},{\"@type\":\"ListItem\",\"position\":2,\"name\":\"MP recorre para levar a tribunal atuais e ex-aut\u00e1rcas de Santo Tirso\"}]},{\"@type\":\"WebSite\",\"@id\":\"https:\/\/portaltela.pt\/#website\",\"url\":\"https:\/\/portaltela.pt\/\",\"name\":\"Portal Tela Portugal\",\"description\":\"\",\"potentialAction\":[{\"@type\":\"SearchAction\",\"target\":{\"@type\":\"EntryPoint\",\"urlTemplate\":\"https:\/\/portaltela.pt\/?s={search_term_string}\"},\"query-input\":{\"@type\":\"PropertyValueSpecification\",\"valueRequired\":true,\"valueName\":\"search_term_string\"}}],\"inLanguage\":\"pt-PT\"},{\"@type\":\"Person\",\"@id\":\"https:\/\/portaltela.pt\/#\/schema\/person\/c4278d4a6028830caff9ee44b42d32ed\",\"name\":\"Telinha\",\"image\":{\"@type\":\"ImageObject\",\"inLanguage\":\"pt-PT\",\"@id\":\"https:\/\/portaltela.pt\/s.01k8rhncp4jt1\/2025\/11\/talking-bot-125x125.png\",\"url\":\"https:\/\/portaltela.pt\/s.01k8rhncp4jt1\/2025\/11\/talking-bot-125x125.png\",\"contentUrl\":\"https:\/\/portaltela.pt\/s.01k8rhncp4jt1\/2025\/11\/talking-bot-125x125.png\",\"caption\":\"Telinha\"},\"sameAs\":[\"https:\/\/portaltela.pt\/\"],\"url\":\"https:\/\/portaltela.pt\/por\/367410592786\/\"}]}<\/script>\n<!-- \/ Yoast SEO plugin. -->","yoast_head_json":{"title":"MP recorre para levar a tribunal atuais e ex-aut\u00e1rcas de Santo Tirso - Portal Tela Portugal","robots":{"index":"index","follow":"follow","max-snippet":"max-snippet:-1","max-image-preview":"max-image-preview:large","max-video-preview":"max-video-preview:-1"},"og_locale":"pt_PT","og_type":"article","og_title":"MP recorre para levar a tribunal atuais e ex-aut\u00e1rcas de Santo Tirso - Portal Tela Portugal","og_description":"O Minist\u00e9rio P\u00fablico recorre da decis\u00e3o do Tribunal de Matosinhos que n\u00e3o levou a julgamento Alberto Costa e dois ex\u2011vereadores, todos do PS. A suspeita envolve uso indevido de carros da autarquia entre 16 de julho de 2017 e abril de 2019 para fins pessoais. O processo ser\u00e1 analisado pela Rela\u00e7\u00e3o do Porto nos pr\u00f3ximos dias, ap\u00f3s o tribunal ter rejeitado a pron\u00fancia por insufici\u00eancia de ind\u00edcios. Em alega\u00e7\u00f5es finais, o MP defendeu que houve uso ileg\u00edtimo dos autom\u00f3veis da c\u00e2mara, apontando um poss\u00edvel \u201cplano previamente gizado\u201d para desloca\u00e7\u00f5es pessoais. Envolvidos: Alberto Costa (\u00e0 data vice-presidente da C\u00e2mara), Jos\u00e9 Pedro Machado e Tiago Ara\u00fajo; registos de Via Verde indicam dezenas de passagens em feriados, fins de semana e madrugada.","og_url":"https:\/\/portaltela.pt\/noticias\/2026\/03\/16\/mp-recorre-para-levar-a-tribunal-atuais-e-ex-autarcas-de-santo-tirso\/","og_site_name":"Portal Tela Portugal","article_published_time":"2026-03-16T15:41:00+00:00","author":"Telinha","twitter_card":"summary_large_image","twitter_misc":{"Escrito por":"Telinha","Tempo estimado de leitura":"2 minutos"},"schema":{"@context":"https:\/\/schema.org","@graph":[{"@type":"Article","@id":"https:\/\/portaltela.pt\/noticias\/2026\/03\/16\/mp-recorre-para-levar-a-tribunal-atuais-e-ex-autarcas-de-santo-tirso\/#article","isPartOf":{"@id":"https:\/\/portaltela.pt\/noticias\/2026\/03\/16\/mp-recorre-para-levar-a-tribunal-atuais-e-ex-autarcas-de-santo-tirso\/"},"author":{"name":"Telinha","@id":"https:\/\/portaltela.pt\/#\/schema\/person\/c4278d4a6028830caff9ee44b42d32ed"},"headline":"MP recorre para levar a tribunal atuais e ex-aut\u00e1rcas de Santo Tirso","datePublished":"2026-03-16T15:41:00+00:00","mainEntityOfPage":{"@id":"https:\/\/portaltela.pt\/noticias\/2026\/03\/16\/mp-recorre-para-levar-a-tribunal-atuais-e-ex-autarcas-de-santo-tirso\/"},"wordCount":341,"image":{"@id":"https:\/\/portaltela.pt\/noticias\/2026\/03\/16\/mp-recorre-para-levar-a-tribunal-atuais-e-ex-autarcas-de-santo-tirso\/#primaryimage"},"thumbnailUrl":"https:\/\/portaltela.pt\/s.01k8rhncp4jt1\/2026\/03\/image-71.webp","keywords":["abuso de autoridade","abuso de poder","autarcas","corrup\u00e7\u00e3o","peculato","pol\u00edtica"],"articleSection":["Not\u00edcias"],"inLanguage":"pt-PT"},{"@type":"WebPage","@id":"https:\/\/portaltela.pt\/noticias\/2026\/03\/16\/mp-recorre-para-levar-a-tribunal-atuais-e-ex-autarcas-de-santo-tirso\/","url":"https:\/\/portaltela.pt\/noticias\/2026\/03\/16\/mp-recorre-para-levar-a-tribunal-atuais-e-ex-autarcas-de-santo-tirso\/","name":"MP recorre para levar a tribunal atuais e ex-aut\u00e1rcas de Santo Tirso - Portal Tela Portugal","isPartOf":{"@id":"https:\/\/portaltela.pt\/#website"},"primaryImageOfPage":{"@id":"https:\/\/portaltela.pt\/noticias\/2026\/03\/16\/mp-recorre-para-levar-a-tribunal-atuais-e-ex-autarcas-de-santo-tirso\/#primaryimage"},"image":{"@id":"https:\/\/portaltela.pt\/noticias\/2026\/03\/16\/mp-recorre-para-levar-a-tribunal-atuais-e-ex-autarcas-de-santo-tirso\/#primaryimage"},"thumbnailUrl":"https:\/\/portaltela.pt\/s.01k8rhncp4jt1\/2026\/03\/image-71.webp","datePublished":"2026-03-16T15:41:00+00:00","author":{"@id":"https:\/\/portaltela.pt\/#\/schema\/person\/c4278d4a6028830caff9ee44b42d32ed"},"breadcrumb":{"@id":"https:\/\/portaltela.pt\/noticias\/2026\/03\/16\/mp-recorre-para-levar-a-tribunal-atuais-e-ex-autarcas-de-santo-tirso\/#breadcrumb"},"inLanguage":"pt-PT","potentialAction":[{"@type":"ReadAction","target":["https:\/\/portaltela.pt\/noticias\/2026\/03\/16\/mp-recorre-para-levar-a-tribunal-atuais-e-ex-autarcas-de-santo-tirso\/"]}]},{"@type":"ImageObject","inLanguage":"pt-PT","@id":"https:\/\/portaltela.pt\/noticias\/2026\/03\/16\/mp-recorre-para-levar-a-tribunal-atuais-e-ex-autarcas-de-santo-tirso\/#primaryimage","url":"https:\/\/portaltela.pt\/s.01k8rhncp4jt1\/2026\/03\/image-71.webp","contentUrl":"https:\/\/portaltela.pt\/s.01k8rhncp4jt1\/2026\/03\/image-71.webp","width":1200,"height":800,"caption":"Alberto Costa, presidente da C\u00e2mara de Santo Tirso, era vereador \u00e0 data dos factos"},{"@type":"BreadcrumbList","@id":"https:\/\/portaltela.pt\/noticias\/2026\/03\/16\/mp-recorre-para-levar-a-tribunal-atuais-e-ex-autarcas-de-santo-tirso\/#breadcrumb","itemListElement":[{"@type":"ListItem","position":1,"name":"In\u00edcio","item":"https:\/\/portaltela.pt\/"},{"@type":"ListItem","position":2,"name":"MP recorre para levar a tribunal atuais e ex-aut\u00e1rcas de Santo Tirso"}]},{"@type":"WebSite","@id":"https:\/\/portaltela.pt\/#website","url":"https:\/\/portaltela.pt\/","name":"Portal Tela Portugal","description":"","potentialAction":[{"@type":"SearchAction","target":{"@type":"EntryPoint","urlTemplate":"https:\/\/portaltela.pt\/?s={search_term_string}"},"query-input":{"@type":"PropertyValueSpecification","valueRequired":true,"valueName":"search_term_string"}}],"inLanguage":"pt-PT"},{"@type":"Person","@id":"https:\/\/portaltela.pt\/#\/schema\/person\/c4278d4a6028830caff9ee44b42d32ed","name":"Telinha","image":{"@type":"ImageObject","inLanguage":"pt-PT","@id":"https:\/\/portaltela.pt\/s.01k8rhncp4jt1\/2025\/11\/talking-bot-125x125.png","url":"https:\/\/portaltela.pt\/s.01k8rhncp4jt1\/2025\/11\/talking-bot-125x125.png","contentUrl":"https:\/\/portaltela.pt\/s.01k8rhncp4jt1\/2025\/11\/talking-bot-125x125.png","caption":"Telinha"},"sameAs":["https:\/\/portaltela.pt\/"],"url":"https:\/\/portaltela.pt\/por\/367410592786\/"}]}},"_links":{"self":[{"href":"https:\/\/portaltela.pt\/api\/wp\/v2\/posts\/412195","targetHints":{"allow":["GET"]}}],"collection":[{"href":"https:\/\/portaltela.pt\/api\/wp\/v2\/posts"}],"about":[{"href":"https:\/\/portaltela.pt\/api\/wp\/v2\/types\/post"}],"author":[{"embeddable":true,"href":"https:\/\/portaltela.pt\/api\/wp\/v2\/users\/2"}],"replies":[{"embeddable":true,"href":"https:\/\/portaltela.pt\/api\/wp\/v2\/comments?post=412195"}],"version-history":[{"count":0,"href":"https:\/\/portaltela.pt\/api\/wp\/v2\/posts\/412195\/revisions"}],"wp:featuredmedia":[{"embeddable":true,"href":"https:\/\/portaltela.pt\/api\/wp\/v2\/media\/412197"}],"wp:attachment":[{"href":"https:\/\/portaltela.pt\/api\/wp\/v2\/media?parent=412195"}],"wp:term":[{"taxonomy":"category","embeddable":true,"href":"https:\/\/portaltela.pt\/api\/wp\/v2\/categories?post=412195"},{"taxonomy":"post_tag","embeddable":true,"href":"https:\/\/portaltela.pt\/api\/wp\/v2\/tags?post=412195"}],"curies":[{"name":"wp","href":"https:\/\/api.w.org\/{rel}","templated":true}]}}