{"id":412187,"date":"2026-03-16T12:31:38","date_gmt":"2026-03-16T15:31:38","guid":{"rendered":"https:\/\/portaltela.pt\/noticias\/2026\/03\/16\/cantora-das-huntrix-emociona-ao-receber-oscar-com-discurso-sobre-infancia\/"},"modified":"2026-03-16T12:31:38","modified_gmt":"2026-03-16T15:31:38","slug":"cantora-das-huntrix-emociona-ao-receber-oscar-com-discurso-sobre-infancia","status":"publish","type":"post","link":"https:\/\/portaltela.pt\/musica\/2026\/03\/16\/cantora-das-huntrix-emociona-ao-receber-oscar-com-discurso-sobre-infancia\/","title":{"rendered":"Cantora das Huntrix emociona ao receber \u00d3scar com discurso sobre inf\u00e2ncia"},"content":{"rendered":"<p>O tema Golden, da banda sonora do filme de anima\u00e7\u00e3o As guerreiras do K-Pop, venceu o \u00d3scar de Melhor Can\u00e7\u00e3o Original. A artista EJAE, da banda Huntrix, recebeu a estatueta dourada durante a cerim\u00f3nia.<\/p>\n<p>No momento da entrega, EJAE proferiu um discurso emotivo para recordar o percurso que a levou ao sucesso e agradecer a quem a apoiou ao longo do caminho. A cantora enfatizou o impacto do passado na sua carreira e a import\u00e2ncia do reconhecimento atual.<\/p>\n<p>O tema premiado integra a banda sonora do filme, cuja produ\u00e7\u00e3o tem gerado aten\u00e7\u00e3o internacional na ind\u00fastria cinematogr\u00e1fica. A Huntrix consolidou com Golden o marco de destaque na sua trajet\u00f3ria, refletindo a rece\u00e7\u00e3o positiva da obra.<\/p>\n","protected":false},"excerpt":{"rendered":"<ul>\n<li>O tema \u201cGolden\u201d venceu o \u00d3scar de Melhor Can\u00e7\u00e3o Original.<\/li>\n<li>A m\u00fasica est\u00e1 na banda sonora do filme de anima\u00e7\u00e3o \u201cAs guerreiras do K-Pop\u201d.<\/li>\n<li>A artista EJAE, da banda Huntrix, recebeu a estatueta dourada.<\/li>\n<li>No momento da entrega, EJAE fez um discurso emotivo a recordar o passado e o sucesso atual.<\/li>\n<li>A cerim\u00f3nia refor\u00e7ou o reconhecimento da can\u00e7\u00e3o e da int\u00e9rprete pelo seu percurso.<\/li>\n<\/ul>\n","protected":false},"author":2,"featured_media":412194,"comment_status":"closed","ping_status":"closed","sticky":false,"template":"","format":"standard","meta":{"footnotes":""},"categories":[12,6676],"tags":[1238,6163,112,5242,122,3430],"class_list":["post-412187","post","type-post","status-publish","format-standard","has-post-thumbnail","hentry","category-entretenimento","category-musica","tag-banda-sonora","tag-cantores","tag-cinema","tag-filmes","tag-musica","tag-oscares"],"yoast_head":"<!-- This site is optimized with the Yoast SEO plugin v27.2 - https:\/\/yoast.com\/product\/yoast-seo-wordpress\/ -->\n<title>Cantora das Huntrix emociona ao receber \u00d3scar com discurso sobre inf\u00e2ncia - Portal Tela Portugal<\/title>\n<meta name=\"robots\" content=\"index, follow, max-snippet:-1, max-image-preview:large, max-video-preview:-1\" \/>\n<meta property=\"og:locale\" content=\"pt_PT\" \/>\n<meta property=\"og:type\" content=\"article\" \/>\n<meta property=\"og:title\" content=\"Cantora das Huntrix emociona ao receber \u00d3scar com discurso sobre inf\u00e2ncia - Portal Tela Portugal\" \/>\n<meta property=\"og:description\" content=\"O tema \u201cGolden\u201d venceu o \u00d3scar de Melhor Can\u00e7\u00e3o Original. A m\u00fasica est\u00e1 na banda sonora do filme de anima\u00e7\u00e3o \u201cAs guerreiras do K-Pop\u201d. A artista EJAE, da banda Huntrix, recebeu a estatueta dourada. No momento da entrega, EJAE fez um discurso emotivo a recordar o passado e o sucesso atual. A cerim\u00f3nia refor\u00e7ou o reconhecimento da can\u00e7\u00e3o e da int\u00e9rprete pelo seu percurso.\" \/>\n<meta property=\"og:url\" content=\"https:\/\/portaltela.pt\/noticias\/2026\/03\/16\/cantora-das-huntrix-emociona-ao-receber-oscar-com-discurso-sobre-infancia\/\" \/>\n<meta property=\"og:site_name\" content=\"Portal Tela Portugal\" \/>\n<meta property=\"article:published_time\" content=\"2026-03-16T15:31:38+00:00\" \/>\n<meta name=\"author\" content=\"Telinha\" \/>\n<meta name=\"twitter:card\" content=\"summary_large_image\" \/>\n<meta name=\"twitter:label1\" content=\"Escrito por\" \/>\n\t<meta name=\"twitter:data1\" content=\"Telinha\" \/>\n\t<meta name=\"twitter:label2\" content=\"Tempo estimado de leitura\" \/>\n\t<meta name=\"twitter:data2\" content=\"1 minuto\" \/>\n<script type=\"application\/ld+json\" class=\"yoast-schema-graph\">{\"@context\":\"https:\/\/schema.org\",\"@graph\":[{\"@type\":\"Article\",\"@id\":\"https:\/\/portaltela.pt\/noticias\/2026\/03\/16\/cantora-das-huntrix-emociona-ao-receber-oscar-com-discurso-sobre-infancia\/#article\",\"isPartOf\":{\"@id\":\"https:\/\/portaltela.pt\/noticias\/2026\/03\/16\/cantora-das-huntrix-emociona-ao-receber-oscar-com-discurso-sobre-infancia\/\"},\"author\":{\"name\":\"Telinha\",\"@id\":\"https:\/\/portaltela.pt\/#\/schema\/person\/c4278d4a6028830caff9ee44b42d32ed\"},\"headline\":\"Cantora das Huntrix emociona ao receber \u00d3scar com discurso sobre inf\u00e2ncia\",\"datePublished\":\"2026-03-16T15:31:38+00:00\",\"mainEntityOfPage\":{\"@id\":\"https:\/\/portaltela.pt\/noticias\/2026\/03\/16\/cantora-das-huntrix-emociona-ao-receber-oscar-com-discurso-sobre-infancia\/\"},\"wordCount\":136,\"image\":{\"@id\":\"https:\/\/portaltela.pt\/noticias\/2026\/03\/16\/cantora-das-huntrix-emociona-ao-receber-oscar-com-discurso-sobre-infancia\/#primaryimage\"},\"thumbnailUrl\":\"https:\/\/portaltela.pt\/s.01k8rhncp4jt1\/2026\/03\/img_1280x722uu2026-03-16-15-29-28-2272762.jpg\",\"keywords\":[\"Banda Sonora\",\"cantores\",\"cinema\",\"filmes\",\"m\u00fasica\",\"\u00d3scares\"],\"articleSection\":[\"Entretenimento\",\"M\u00fasica\"],\"inLanguage\":\"pt-PT\"},{\"@type\":\"WebPage\",\"@id\":\"https:\/\/portaltela.pt\/noticias\/2026\/03\/16\/cantora-das-huntrix-emociona-ao-receber-oscar-com-discurso-sobre-infancia\/\",\"url\":\"https:\/\/portaltela.pt\/noticias\/2026\/03\/16\/cantora-das-huntrix-emociona-ao-receber-oscar-com-discurso-sobre-infancia\/\",\"name\":\"Cantora das Huntrix emociona ao receber \u00d3scar com discurso sobre inf\u00e2ncia - Portal Tela Portugal\",\"isPartOf\":{\"@id\":\"https:\/\/portaltela.pt\/#website\"},\"primaryImageOfPage\":{\"@id\":\"https:\/\/portaltela.pt\/noticias\/2026\/03\/16\/cantora-das-huntrix-emociona-ao-receber-oscar-com-discurso-sobre-infancia\/#primaryimage\"},\"image\":{\"@id\":\"https:\/\/portaltela.pt\/noticias\/2026\/03\/16\/cantora-das-huntrix-emociona-ao-receber-oscar-com-discurso-sobre-infancia\/#primaryimage\"},\"thumbnailUrl\":\"https:\/\/portaltela.pt\/s.01k8rhncp4jt1\/2026\/03\/img_1280x722uu2026-03-16-15-29-28-2272762.jpg\",\"datePublished\":\"2026-03-16T15:31:38+00:00\",\"author\":{\"@id\":\"https:\/\/portaltela.pt\/#\/schema\/person\/c4278d4a6028830caff9ee44b42d32ed\"},\"breadcrumb\":{\"@id\":\"https:\/\/portaltela.pt\/noticias\/2026\/03\/16\/cantora-das-huntrix-emociona-ao-receber-oscar-com-discurso-sobre-infancia\/#breadcrumb\"},\"inLanguage\":\"pt-PT\",\"potentialAction\":[{\"@type\":\"ReadAction\",\"target\":[\"https:\/\/portaltela.pt\/noticias\/2026\/03\/16\/cantora-das-huntrix-emociona-ao-receber-oscar-com-discurso-sobre-infancia\/\"]}]},{\"@type\":\"ImageObject\",\"inLanguage\":\"pt-PT\",\"@id\":\"https:\/\/portaltela.pt\/noticias\/2026\/03\/16\/cantora-das-huntrix-emociona-ao-receber-oscar-com-discurso-sobre-infancia\/#primaryimage\",\"url\":\"https:\/\/portaltela.pt\/s.01k8rhncp4jt1\/2026\/03\/img_1280x722uu2026-03-16-15-29-28-2272762.jpg\",\"contentUrl\":\"https:\/\/portaltela.pt\/s.01k8rhncp4jt1\/2026\/03\/img_1280x722uu2026-03-16-15-29-28-2272762.jpg\",\"width\":1280,\"height\":722,\"caption\":\"Photo\"},{\"@type\":\"BreadcrumbList\",\"@id\":\"https:\/\/portaltela.pt\/noticias\/2026\/03\/16\/cantora-das-huntrix-emociona-ao-receber-oscar-com-discurso-sobre-infancia\/#breadcrumb\",\"itemListElement\":[{\"@type\":\"ListItem\",\"position\":1,\"name\":\"In\u00edcio\",\"item\":\"https:\/\/portaltela.pt\/\"},{\"@type\":\"ListItem\",\"position\":2,\"name\":\"Cantora das Huntrix emociona ao receber \u00d3scar com discurso sobre inf\u00e2ncia\"}]},{\"@type\":\"WebSite\",\"@id\":\"https:\/\/portaltela.pt\/#website\",\"url\":\"https:\/\/portaltela.pt\/\",\"name\":\"Portal Tela Portugal\",\"description\":\"\",\"potentialAction\":[{\"@type\":\"SearchAction\",\"target\":{\"@type\":\"EntryPoint\",\"urlTemplate\":\"https:\/\/portaltela.pt\/?s={search_term_string}\"},\"query-input\":{\"@type\":\"PropertyValueSpecification\",\"valueRequired\":true,\"valueName\":\"search_term_string\"}}],\"inLanguage\":\"pt-PT\"},{\"@type\":\"Person\",\"@id\":\"https:\/\/portaltela.pt\/#\/schema\/person\/c4278d4a6028830caff9ee44b42d32ed\",\"name\":\"Telinha\",\"image\":{\"@type\":\"ImageObject\",\"inLanguage\":\"pt-PT\",\"@id\":\"https:\/\/portaltela.pt\/s.01k8rhncp4jt1\/2025\/11\/talking-bot-125x125.png\",\"url\":\"https:\/\/portaltela.pt\/s.01k8rhncp4jt1\/2025\/11\/talking-bot-125x125.png\",\"contentUrl\":\"https:\/\/portaltela.pt\/s.01k8rhncp4jt1\/2025\/11\/talking-bot-125x125.png\",\"caption\":\"Telinha\"},\"sameAs\":[\"https:\/\/portaltela.pt\/\"],\"url\":\"https:\/\/portaltela.pt\/por\/367410592786\/\"}]}<\/script>\n<!-- \/ Yoast SEO plugin. -->","yoast_head_json":{"title":"Cantora das Huntrix emociona ao receber \u00d3scar com discurso sobre inf\u00e2ncia - Portal Tela Portugal","robots":{"index":"index","follow":"follow","max-snippet":"max-snippet:-1","max-image-preview":"max-image-preview:large","max-video-preview":"max-video-preview:-1"},"og_locale":"pt_PT","og_type":"article","og_title":"Cantora das Huntrix emociona ao receber \u00d3scar com discurso sobre inf\u00e2ncia - Portal Tela Portugal","og_description":"O tema \u201cGolden\u201d venceu o \u00d3scar de Melhor Can\u00e7\u00e3o Original. A m\u00fasica est\u00e1 na banda sonora do filme de anima\u00e7\u00e3o \u201cAs guerreiras do K-Pop\u201d. A artista EJAE, da banda Huntrix, recebeu a estatueta dourada. No momento da entrega, EJAE fez um discurso emotivo a recordar o passado e o sucesso atual. A cerim\u00f3nia refor\u00e7ou o reconhecimento da can\u00e7\u00e3o e da int\u00e9rprete pelo seu percurso.","og_url":"https:\/\/portaltela.pt\/noticias\/2026\/03\/16\/cantora-das-huntrix-emociona-ao-receber-oscar-com-discurso-sobre-infancia\/","og_site_name":"Portal Tela Portugal","article_published_time":"2026-03-16T15:31:38+00:00","author":"Telinha","twitter_card":"summary_large_image","twitter_misc":{"Escrito por":"Telinha","Tempo estimado de leitura":"1 minuto"},"schema":{"@context":"https:\/\/schema.org","@graph":[{"@type":"Article","@id":"https:\/\/portaltela.pt\/noticias\/2026\/03\/16\/cantora-das-huntrix-emociona-ao-receber-oscar-com-discurso-sobre-infancia\/#article","isPartOf":{"@id":"https:\/\/portaltela.pt\/noticias\/2026\/03\/16\/cantora-das-huntrix-emociona-ao-receber-oscar-com-discurso-sobre-infancia\/"},"author":{"name":"Telinha","@id":"https:\/\/portaltela.pt\/#\/schema\/person\/c4278d4a6028830caff9ee44b42d32ed"},"headline":"Cantora das Huntrix emociona ao receber \u00d3scar com discurso sobre inf\u00e2ncia","datePublished":"2026-03-16T15:31:38+00:00","mainEntityOfPage":{"@id":"https:\/\/portaltela.pt\/noticias\/2026\/03\/16\/cantora-das-huntrix-emociona-ao-receber-oscar-com-discurso-sobre-infancia\/"},"wordCount":136,"image":{"@id":"https:\/\/portaltela.pt\/noticias\/2026\/03\/16\/cantora-das-huntrix-emociona-ao-receber-oscar-com-discurso-sobre-infancia\/#primaryimage"},"thumbnailUrl":"https:\/\/portaltela.pt\/s.01k8rhncp4jt1\/2026\/03\/img_1280x722uu2026-03-16-15-29-28-2272762.jpg","keywords":["Banda Sonora","cantores","cinema","filmes","m\u00fasica","\u00d3scares"],"articleSection":["Entretenimento","M\u00fasica"],"inLanguage":"pt-PT"},{"@type":"WebPage","@id":"https:\/\/portaltela.pt\/noticias\/2026\/03\/16\/cantora-das-huntrix-emociona-ao-receber-oscar-com-discurso-sobre-infancia\/","url":"https:\/\/portaltela.pt\/noticias\/2026\/03\/16\/cantora-das-huntrix-emociona-ao-receber-oscar-com-discurso-sobre-infancia\/","name":"Cantora das Huntrix emociona ao receber \u00d3scar com discurso sobre inf\u00e2ncia - Portal Tela Portugal","isPartOf":{"@id":"https:\/\/portaltela.pt\/#website"},"primaryImageOfPage":{"@id":"https:\/\/portaltela.pt\/noticias\/2026\/03\/16\/cantora-das-huntrix-emociona-ao-receber-oscar-com-discurso-sobre-infancia\/#primaryimage"},"image":{"@id":"https:\/\/portaltela.pt\/noticias\/2026\/03\/16\/cantora-das-huntrix-emociona-ao-receber-oscar-com-discurso-sobre-infancia\/#primaryimage"},"thumbnailUrl":"https:\/\/portaltela.pt\/s.01k8rhncp4jt1\/2026\/03\/img_1280x722uu2026-03-16-15-29-28-2272762.jpg","datePublished":"2026-03-16T15:31:38+00:00","author":{"@id":"https:\/\/portaltela.pt\/#\/schema\/person\/c4278d4a6028830caff9ee44b42d32ed"},"breadcrumb":{"@id":"https:\/\/portaltela.pt\/noticias\/2026\/03\/16\/cantora-das-huntrix-emociona-ao-receber-oscar-com-discurso-sobre-infancia\/#breadcrumb"},"inLanguage":"pt-PT","potentialAction":[{"@type":"ReadAction","target":["https:\/\/portaltela.pt\/noticias\/2026\/03\/16\/cantora-das-huntrix-emociona-ao-receber-oscar-com-discurso-sobre-infancia\/"]}]},{"@type":"ImageObject","inLanguage":"pt-PT","@id":"https:\/\/portaltela.pt\/noticias\/2026\/03\/16\/cantora-das-huntrix-emociona-ao-receber-oscar-com-discurso-sobre-infancia\/#primaryimage","url":"https:\/\/portaltela.pt\/s.01k8rhncp4jt1\/2026\/03\/img_1280x722uu2026-03-16-15-29-28-2272762.jpg","contentUrl":"https:\/\/portaltela.pt\/s.01k8rhncp4jt1\/2026\/03\/img_1280x722uu2026-03-16-15-29-28-2272762.jpg","width":1280,"height":722,"caption":"Photo"},{"@type":"BreadcrumbList","@id":"https:\/\/portaltela.pt\/noticias\/2026\/03\/16\/cantora-das-huntrix-emociona-ao-receber-oscar-com-discurso-sobre-infancia\/#breadcrumb","itemListElement":[{"@type":"ListItem","position":1,"name":"In\u00edcio","item":"https:\/\/portaltela.pt\/"},{"@type":"ListItem","position":2,"name":"Cantora das Huntrix emociona ao receber \u00d3scar com discurso sobre inf\u00e2ncia"}]},{"@type":"WebSite","@id":"https:\/\/portaltela.pt\/#website","url":"https:\/\/portaltela.pt\/","name":"Portal Tela Portugal","description":"","potentialAction":[{"@type":"SearchAction","target":{"@type":"EntryPoint","urlTemplate":"https:\/\/portaltela.pt\/?s={search_term_string}"},"query-input":{"@type":"PropertyValueSpecification","valueRequired":true,"valueName":"search_term_string"}}],"inLanguage":"pt-PT"},{"@type":"Person","@id":"https:\/\/portaltela.pt\/#\/schema\/person\/c4278d4a6028830caff9ee44b42d32ed","name":"Telinha","image":{"@type":"ImageObject","inLanguage":"pt-PT","@id":"https:\/\/portaltela.pt\/s.01k8rhncp4jt1\/2025\/11\/talking-bot-125x125.png","url":"https:\/\/portaltela.pt\/s.01k8rhncp4jt1\/2025\/11\/talking-bot-125x125.png","contentUrl":"https:\/\/portaltela.pt\/s.01k8rhncp4jt1\/2025\/11\/talking-bot-125x125.png","caption":"Telinha"},"sameAs":["https:\/\/portaltela.pt\/"],"url":"https:\/\/portaltela.pt\/por\/367410592786\/"}]}},"_links":{"self":[{"href":"https:\/\/portaltela.pt\/api\/wp\/v2\/posts\/412187","targetHints":{"allow":["GET"]}}],"collection":[{"href":"https:\/\/portaltela.pt\/api\/wp\/v2\/posts"}],"about":[{"href":"https:\/\/portaltela.pt\/api\/wp\/v2\/types\/post"}],"author":[{"embeddable":true,"href":"https:\/\/portaltela.pt\/api\/wp\/v2\/users\/2"}],"replies":[{"embeddable":true,"href":"https:\/\/portaltela.pt\/api\/wp\/v2\/comments?post=412187"}],"version-history":[{"count":0,"href":"https:\/\/portaltela.pt\/api\/wp\/v2\/posts\/412187\/revisions"}],"wp:featuredmedia":[{"embeddable":true,"href":"https:\/\/portaltela.pt\/api\/wp\/v2\/media\/412194"}],"wp:attachment":[{"href":"https:\/\/portaltela.pt\/api\/wp\/v2\/media?parent=412187"}],"wp:term":[{"taxonomy":"category","embeddable":true,"href":"https:\/\/portaltela.pt\/api\/wp\/v2\/categories?post=412187"},{"taxonomy":"post_tag","embeddable":true,"href":"https:\/\/portaltela.pt\/api\/wp\/v2\/tags?post=412187"}],"curies":[{"name":"wp","href":"https:\/\/api.w.org\/{rel}","templated":true}]}}