{"id":412160,"date":"2026-03-16T12:17:00","date_gmt":"2026-03-16T15:17:00","guid":{"rendered":"https:\/\/portaltela.pt\/noticias\/2026\/03\/16\/sesimbra-nao-foram-abatidas-especies-importantes-zona-nao-esta-protegida\/"},"modified":"2026-03-16T12:17:00","modified_gmt":"2026-03-16T15:17:00","slug":"sesimbra-nao-foram-abatidas-especies-importantes-zona-nao-esta-protegida","status":"publish","type":"post","link":"https:\/\/portaltela.pt\/noticias\/2026\/03\/16\/sesimbra-nao-foram-abatidas-especies-importantes-zona-nao-esta-protegida\/","title":{"rendered":"Sesimbra: n\u00e3o foram abatidas esp\u00e9cies importantes; zona n\u00e3o est\u00e1 protegida"},"content":{"rendered":"<p>O ICNF informou hoje que o corte de pinheiros mansos na Herdade do Cabe\u00e7o da Flauta, em Sesimbra, n\u00e3o exigiu autoriza\u00e7\u00e3o e n\u00e3o envolveu esp\u00e9cies protegidas. A nota oficial esclarece que a opera\u00e7\u00e3o decorre em terreno privado.<\/p>\n<p>Segundo o ICNF, a \u00e1rea em causa n\u00e3o est\u00e1 inserida em Zona Especial de Conserva\u00e7\u00e3o nem na Rede Nacional de \u00c1reas Protegidas. Consta ainda que as a\u00e7\u00f5es de fiscaliza\u00e7\u00e3o n\u00e3o identificaram cortes de esp\u00e9cies protegidas nem altera\u00e7\u00f5es do uso do solo.<\/p>\n<p>Moradores da zona contestaram a interven\u00e7\u00e3o, alegando terem visto ser abatidas v\u00e1rias toneladas de pinheiros. A C\u00e2mara Municipal de Sesimbra acompanha o caso e aponta para o esclarecimento j\u00e1 divulgado pelo ICNF.<\/p>\n<h3>Contexto institucional<\/h3>\n<p>A C\u00e2mara afirma acompanhar a situa\u00e7\u00e3o junto do ICNF, \u00f3rg\u00e3o competente em gest\u00e3o florestal. O munic\u00edpio destaca que a \u00e1rea de abate n\u00e3o \u00e9 considerada \u00e1rea protegida, refor\u00e7ando a necessidade de verifica\u00e7\u00e3o da legalidade.<\/p>\n","protected":false},"excerpt":{"rendered":"<ul>\n<li>O ICNF afirma que o corte de pinheiros-mansos na Herdade do Cabe\u00e7o da Flauta, em Sesimbra, n\u00e3o exigiu autoriza\u00e7\u00e3o e n\u00e3o envolveu esp\u00e9cies protegidas.<\/li>\n<li>O terreno \u00e9 privado e n\u00e3o est\u00e1 inserido em Zona Especial de Conserva\u00e7\u00e3o nem na Rede Nacional de \u00c1reas Protegidas.<\/li>\n<li>Em fiscaliza\u00e7\u00e3o, o ICNF verificou que as empresas n\u00e3o cortaram esp\u00e9cies protegidas nem alteraram o uso do solo.<\/li>\n<li>Moradores contestam o abate, alegando terem visto v\u00e1rias toneladas de pinheiros cortadas na zona.<\/li>\n<li>A C\u00e2mara Municipal de Sesimbra acompanha o assunto e reitera que a \u00e1rea n\u00e3o est\u00e1 abrangida por regimes de prote\u00e7\u00e3o.<\/li>\n<\/ul>\n","protected":false},"author":2,"featured_media":412169,"comment_status":"closed","ping_status":"closed","sticky":false,"template":"","format":"standard","meta":{"footnotes":""},"categories":[6725,1],"tags":[4576,3142,45,811,1065,2182],"class_list":["post-412160","post","type-post","status-publish","format-standard","has-post-thumbnail","hentry","category-meio-ambiente","category-noticias","tag-florestal","tag-icnf","tag-meio-ambiente","tag-protecao-ambiental","tag-sesimbra","tag-zona-especial-de-conservacao"],"yoast_head":"<!-- This site is optimized with the Yoast SEO plugin v27.2 - https:\/\/yoast.com\/product\/yoast-seo-wordpress\/ -->\n<title>Sesimbra: n\u00e3o foram abatidas esp\u00e9cies importantes; zona n\u00e3o est\u00e1 protegida - Portal Tela Portugal<\/title>\n<meta name=\"robots\" content=\"index, follow, max-snippet:-1, max-image-preview:large, max-video-preview:-1\" \/>\n<meta property=\"og:locale\" content=\"pt_PT\" \/>\n<meta property=\"og:type\" content=\"article\" \/>\n<meta property=\"og:title\" content=\"Sesimbra: n\u00e3o foram abatidas esp\u00e9cies importantes; zona n\u00e3o est\u00e1 protegida - Portal Tela Portugal\" \/>\n<meta property=\"og:description\" content=\"O ICNF afirma que o corte de pinheiros-mansos na Herdade do Cabe\u00e7o da Flauta, em Sesimbra, n\u00e3o exigiu autoriza\u00e7\u00e3o e n\u00e3o envolveu esp\u00e9cies protegidas. O terreno \u00e9 privado e n\u00e3o est\u00e1 inserido em Zona Especial de Conserva\u00e7\u00e3o nem na Rede Nacional de \u00c1reas Protegidas. Em fiscaliza\u00e7\u00e3o, o ICNF verificou que as empresas n\u00e3o cortaram esp\u00e9cies protegidas nem alteraram o uso do solo. Moradores contestam o abate, alegando terem visto v\u00e1rias toneladas de pinheiros cortadas na zona. A C\u00e2mara Municipal de Sesimbra acompanha o assunto e reitera que a \u00e1rea n\u00e3o est\u00e1 abrangida por regimes de prote\u00e7\u00e3o.\" \/>\n<meta property=\"og:url\" content=\"https:\/\/portaltela.pt\/noticias\/2026\/03\/16\/sesimbra-nao-foram-abatidas-especies-importantes-zona-nao-esta-protegida\/\" \/>\n<meta property=\"og:site_name\" content=\"Portal Tela Portugal\" \/>\n<meta property=\"article:published_time\" content=\"2026-03-16T15:17:00+00:00\" \/>\n<meta name=\"author\" content=\"Telinha\" \/>\n<meta name=\"twitter:card\" content=\"summary_large_image\" \/>\n<meta name=\"twitter:label1\" content=\"Escrito por\" \/>\n\t<meta name=\"twitter:data1\" content=\"Telinha\" \/>\n\t<meta name=\"twitter:label2\" content=\"Tempo estimado de leitura\" \/>\n\t<meta name=\"twitter:data2\" content=\"1 minuto\" \/>\n<script type=\"application\/ld+json\" class=\"yoast-schema-graph\">{\"@context\":\"https:\/\/schema.org\",\"@graph\":[{\"@type\":\"Article\",\"@id\":\"https:\/\/portaltela.pt\/noticias\/2026\/03\/16\/sesimbra-nao-foram-abatidas-especies-importantes-zona-nao-esta-protegida\/#article\",\"isPartOf\":{\"@id\":\"https:\/\/portaltela.pt\/noticias\/2026\/03\/16\/sesimbra-nao-foram-abatidas-especies-importantes-zona-nao-esta-protegida\/\"},\"author\":{\"name\":\"Telinha\",\"@id\":\"https:\/\/portaltela.pt\/#\/schema\/person\/c4278d4a6028830caff9ee44b42d32ed\"},\"headline\":\"Sesimbra: n\u00e3o foram abatidas esp\u00e9cies importantes; zona n\u00e3o est\u00e1 protegida\",\"datePublished\":\"2026-03-16T15:17:00+00:00\",\"mainEntityOfPage\":{\"@id\":\"https:\/\/portaltela.pt\/noticias\/2026\/03\/16\/sesimbra-nao-foram-abatidas-especies-importantes-zona-nao-esta-protegida\/\"},\"wordCount\":182,\"image\":{\"@id\":\"https:\/\/portaltela.pt\/noticias\/2026\/03\/16\/sesimbra-nao-foram-abatidas-especies-importantes-zona-nao-esta-protegida\/#primaryimage\"},\"thumbnailUrl\":\"https:\/\/portaltela.pt\/s.01k8rhncp4jt1\/2026\/03\/2074707.jpg\",\"keywords\":[\"florestal\",\"ICNF\",\"meio-ambiente\",\"prote\u00e7\u00e3o ambiental\",\"Sesimbra\",\"Zona Especial de Conserva\u00e7\u00e3o\"],\"articleSection\":[\"Meio Ambiente\",\"Not\u00edcias\"],\"inLanguage\":\"pt-PT\"},{\"@type\":\"WebPage\",\"@id\":\"https:\/\/portaltela.pt\/noticias\/2026\/03\/16\/sesimbra-nao-foram-abatidas-especies-importantes-zona-nao-esta-protegida\/\",\"url\":\"https:\/\/portaltela.pt\/noticias\/2026\/03\/16\/sesimbra-nao-foram-abatidas-especies-importantes-zona-nao-esta-protegida\/\",\"name\":\"Sesimbra: n\u00e3o foram abatidas esp\u00e9cies importantes; zona n\u00e3o est\u00e1 protegida - Portal Tela Portugal\",\"isPartOf\":{\"@id\":\"https:\/\/portaltela.pt\/#website\"},\"primaryImageOfPage\":{\"@id\":\"https:\/\/portaltela.pt\/noticias\/2026\/03\/16\/sesimbra-nao-foram-abatidas-especies-importantes-zona-nao-esta-protegida\/#primaryimage\"},\"image\":{\"@id\":\"https:\/\/portaltela.pt\/noticias\/2026\/03\/16\/sesimbra-nao-foram-abatidas-especies-importantes-zona-nao-esta-protegida\/#primaryimage\"},\"thumbnailUrl\":\"https:\/\/portaltela.pt\/s.01k8rhncp4jt1\/2026\/03\/2074707.jpg\",\"datePublished\":\"2026-03-16T15:17:00+00:00\",\"author\":{\"@id\":\"https:\/\/portaltela.pt\/#\/schema\/person\/c4278d4a6028830caff9ee44b42d32ed\"},\"breadcrumb\":{\"@id\":\"https:\/\/portaltela.pt\/noticias\/2026\/03\/16\/sesimbra-nao-foram-abatidas-especies-importantes-zona-nao-esta-protegida\/#breadcrumb\"},\"inLanguage\":\"pt-PT\",\"potentialAction\":[{\"@type\":\"ReadAction\",\"target\":[\"https:\/\/portaltela.pt\/noticias\/2026\/03\/16\/sesimbra-nao-foram-abatidas-especies-importantes-zona-nao-esta-protegida\/\"]}]},{\"@type\":\"ImageObject\",\"inLanguage\":\"pt-PT\",\"@id\":\"https:\/\/portaltela.pt\/noticias\/2026\/03\/16\/sesimbra-nao-foram-abatidas-especies-importantes-zona-nao-esta-protegida\/#primaryimage\",\"url\":\"https:\/\/portaltela.pt\/s.01k8rhncp4jt1\/2026\/03\/2074707.jpg\",\"contentUrl\":\"https:\/\/portaltela.pt\/s.01k8rhncp4jt1\/2026\/03\/2074707.jpg\",\"width\":796,\"height\":448,\"caption\":\"Moradores dizem que foram abatidas mais de 2000 toneladas de pinheiro manso mas propriedade \u00e9 privada\"},{\"@type\":\"BreadcrumbList\",\"@id\":\"https:\/\/portaltela.pt\/noticias\/2026\/03\/16\/sesimbra-nao-foram-abatidas-especies-importantes-zona-nao-esta-protegida\/#breadcrumb\",\"itemListElement\":[{\"@type\":\"ListItem\",\"position\":1,\"name\":\"In\u00edcio\",\"item\":\"https:\/\/portaltela.pt\/\"},{\"@type\":\"ListItem\",\"position\":2,\"name\":\"Sesimbra: n\u00e3o foram abatidas esp\u00e9cies importantes; zona n\u00e3o est\u00e1 protegida\"}]},{\"@type\":\"WebSite\",\"@id\":\"https:\/\/portaltela.pt\/#website\",\"url\":\"https:\/\/portaltela.pt\/\",\"name\":\"Portal Tela Portugal\",\"description\":\"\",\"potentialAction\":[{\"@type\":\"SearchAction\",\"target\":{\"@type\":\"EntryPoint\",\"urlTemplate\":\"https:\/\/portaltela.pt\/?s={search_term_string}\"},\"query-input\":{\"@type\":\"PropertyValueSpecification\",\"valueRequired\":true,\"valueName\":\"search_term_string\"}}],\"inLanguage\":\"pt-PT\"},{\"@type\":\"Person\",\"@id\":\"https:\/\/portaltela.pt\/#\/schema\/person\/c4278d4a6028830caff9ee44b42d32ed\",\"name\":\"Telinha\",\"image\":{\"@type\":\"ImageObject\",\"inLanguage\":\"pt-PT\",\"@id\":\"https:\/\/portaltela.pt\/s.01k8rhncp4jt1\/2025\/11\/talking-bot-125x125.png\",\"url\":\"https:\/\/portaltela.pt\/s.01k8rhncp4jt1\/2025\/11\/talking-bot-125x125.png\",\"contentUrl\":\"https:\/\/portaltela.pt\/s.01k8rhncp4jt1\/2025\/11\/talking-bot-125x125.png\",\"caption\":\"Telinha\"},\"sameAs\":[\"https:\/\/portaltela.pt\/\"],\"url\":\"https:\/\/portaltela.pt\/por\/367410592786\/\"}]}<\/script>\n<!-- \/ Yoast SEO plugin. -->","yoast_head_json":{"title":"Sesimbra: n\u00e3o foram abatidas esp\u00e9cies importantes; zona n\u00e3o est\u00e1 protegida - Portal Tela Portugal","robots":{"index":"index","follow":"follow","max-snippet":"max-snippet:-1","max-image-preview":"max-image-preview:large","max-video-preview":"max-video-preview:-1"},"og_locale":"pt_PT","og_type":"article","og_title":"Sesimbra: n\u00e3o foram abatidas esp\u00e9cies importantes; zona n\u00e3o est\u00e1 protegida - Portal Tela Portugal","og_description":"O ICNF afirma que o corte de pinheiros-mansos na Herdade do Cabe\u00e7o da Flauta, em Sesimbra, n\u00e3o exigiu autoriza\u00e7\u00e3o e n\u00e3o envolveu esp\u00e9cies protegidas. O terreno \u00e9 privado e n\u00e3o est\u00e1 inserido em Zona Especial de Conserva\u00e7\u00e3o nem na Rede Nacional de \u00c1reas Protegidas. Em fiscaliza\u00e7\u00e3o, o ICNF verificou que as empresas n\u00e3o cortaram esp\u00e9cies protegidas nem alteraram o uso do solo. Moradores contestam o abate, alegando terem visto v\u00e1rias toneladas de pinheiros cortadas na zona. A C\u00e2mara Municipal de Sesimbra acompanha o assunto e reitera que a \u00e1rea n\u00e3o est\u00e1 abrangida por regimes de prote\u00e7\u00e3o.","og_url":"https:\/\/portaltela.pt\/noticias\/2026\/03\/16\/sesimbra-nao-foram-abatidas-especies-importantes-zona-nao-esta-protegida\/","og_site_name":"Portal Tela Portugal","article_published_time":"2026-03-16T15:17:00+00:00","author":"Telinha","twitter_card":"summary_large_image","twitter_misc":{"Escrito por":"Telinha","Tempo estimado de leitura":"1 minuto"},"schema":{"@context":"https:\/\/schema.org","@graph":[{"@type":"Article","@id":"https:\/\/portaltela.pt\/noticias\/2026\/03\/16\/sesimbra-nao-foram-abatidas-especies-importantes-zona-nao-esta-protegida\/#article","isPartOf":{"@id":"https:\/\/portaltela.pt\/noticias\/2026\/03\/16\/sesimbra-nao-foram-abatidas-especies-importantes-zona-nao-esta-protegida\/"},"author":{"name":"Telinha","@id":"https:\/\/portaltela.pt\/#\/schema\/person\/c4278d4a6028830caff9ee44b42d32ed"},"headline":"Sesimbra: n\u00e3o foram abatidas esp\u00e9cies importantes; zona n\u00e3o est\u00e1 protegida","datePublished":"2026-03-16T15:17:00+00:00","mainEntityOfPage":{"@id":"https:\/\/portaltela.pt\/noticias\/2026\/03\/16\/sesimbra-nao-foram-abatidas-especies-importantes-zona-nao-esta-protegida\/"},"wordCount":182,"image":{"@id":"https:\/\/portaltela.pt\/noticias\/2026\/03\/16\/sesimbra-nao-foram-abatidas-especies-importantes-zona-nao-esta-protegida\/#primaryimage"},"thumbnailUrl":"https:\/\/portaltela.pt\/s.01k8rhncp4jt1\/2026\/03\/2074707.jpg","keywords":["florestal","ICNF","meio-ambiente","prote\u00e7\u00e3o ambiental","Sesimbra","Zona Especial de Conserva\u00e7\u00e3o"],"articleSection":["Meio Ambiente","Not\u00edcias"],"inLanguage":"pt-PT"},{"@type":"WebPage","@id":"https:\/\/portaltela.pt\/noticias\/2026\/03\/16\/sesimbra-nao-foram-abatidas-especies-importantes-zona-nao-esta-protegida\/","url":"https:\/\/portaltela.pt\/noticias\/2026\/03\/16\/sesimbra-nao-foram-abatidas-especies-importantes-zona-nao-esta-protegida\/","name":"Sesimbra: n\u00e3o foram abatidas esp\u00e9cies importantes; zona n\u00e3o est\u00e1 protegida - Portal Tela Portugal","isPartOf":{"@id":"https:\/\/portaltela.pt\/#website"},"primaryImageOfPage":{"@id":"https:\/\/portaltela.pt\/noticias\/2026\/03\/16\/sesimbra-nao-foram-abatidas-especies-importantes-zona-nao-esta-protegida\/#primaryimage"},"image":{"@id":"https:\/\/portaltela.pt\/noticias\/2026\/03\/16\/sesimbra-nao-foram-abatidas-especies-importantes-zona-nao-esta-protegida\/#primaryimage"},"thumbnailUrl":"https:\/\/portaltela.pt\/s.01k8rhncp4jt1\/2026\/03\/2074707.jpg","datePublished":"2026-03-16T15:17:00+00:00","author":{"@id":"https:\/\/portaltela.pt\/#\/schema\/person\/c4278d4a6028830caff9ee44b42d32ed"},"breadcrumb":{"@id":"https:\/\/portaltela.pt\/noticias\/2026\/03\/16\/sesimbra-nao-foram-abatidas-especies-importantes-zona-nao-esta-protegida\/#breadcrumb"},"inLanguage":"pt-PT","potentialAction":[{"@type":"ReadAction","target":["https:\/\/portaltela.pt\/noticias\/2026\/03\/16\/sesimbra-nao-foram-abatidas-especies-importantes-zona-nao-esta-protegida\/"]}]},{"@type":"ImageObject","inLanguage":"pt-PT","@id":"https:\/\/portaltela.pt\/noticias\/2026\/03\/16\/sesimbra-nao-foram-abatidas-especies-importantes-zona-nao-esta-protegida\/#primaryimage","url":"https:\/\/portaltela.pt\/s.01k8rhncp4jt1\/2026\/03\/2074707.jpg","contentUrl":"https:\/\/portaltela.pt\/s.01k8rhncp4jt1\/2026\/03\/2074707.jpg","width":796,"height":448,"caption":"Moradores dizem que foram abatidas mais de 2000 toneladas de pinheiro manso mas propriedade \u00e9 privada"},{"@type":"BreadcrumbList","@id":"https:\/\/portaltela.pt\/noticias\/2026\/03\/16\/sesimbra-nao-foram-abatidas-especies-importantes-zona-nao-esta-protegida\/#breadcrumb","itemListElement":[{"@type":"ListItem","position":1,"name":"In\u00edcio","item":"https:\/\/portaltela.pt\/"},{"@type":"ListItem","position":2,"name":"Sesimbra: n\u00e3o foram abatidas esp\u00e9cies importantes; zona n\u00e3o est\u00e1 protegida"}]},{"@type":"WebSite","@id":"https:\/\/portaltela.pt\/#website","url":"https:\/\/portaltela.pt\/","name":"Portal Tela Portugal","description":"","potentialAction":[{"@type":"SearchAction","target":{"@type":"EntryPoint","urlTemplate":"https:\/\/portaltela.pt\/?s={search_term_string}"},"query-input":{"@type":"PropertyValueSpecification","valueRequired":true,"valueName":"search_term_string"}}],"inLanguage":"pt-PT"},{"@type":"Person","@id":"https:\/\/portaltela.pt\/#\/schema\/person\/c4278d4a6028830caff9ee44b42d32ed","name":"Telinha","image":{"@type":"ImageObject","inLanguage":"pt-PT","@id":"https:\/\/portaltela.pt\/s.01k8rhncp4jt1\/2025\/11\/talking-bot-125x125.png","url":"https:\/\/portaltela.pt\/s.01k8rhncp4jt1\/2025\/11\/talking-bot-125x125.png","contentUrl":"https:\/\/portaltela.pt\/s.01k8rhncp4jt1\/2025\/11\/talking-bot-125x125.png","caption":"Telinha"},"sameAs":["https:\/\/portaltela.pt\/"],"url":"https:\/\/portaltela.pt\/por\/367410592786\/"}]}},"_links":{"self":[{"href":"https:\/\/portaltela.pt\/api\/wp\/v2\/posts\/412160","targetHints":{"allow":["GET"]}}],"collection":[{"href":"https:\/\/portaltela.pt\/api\/wp\/v2\/posts"}],"about":[{"href":"https:\/\/portaltela.pt\/api\/wp\/v2\/types\/post"}],"author":[{"embeddable":true,"href":"https:\/\/portaltela.pt\/api\/wp\/v2\/users\/2"}],"replies":[{"embeddable":true,"href":"https:\/\/portaltela.pt\/api\/wp\/v2\/comments?post=412160"}],"version-history":[{"count":0,"href":"https:\/\/portaltela.pt\/api\/wp\/v2\/posts\/412160\/revisions"}],"wp:featuredmedia":[{"embeddable":true,"href":"https:\/\/portaltela.pt\/api\/wp\/v2\/media\/412169"}],"wp:attachment":[{"href":"https:\/\/portaltela.pt\/api\/wp\/v2\/media?parent=412160"}],"wp:term":[{"taxonomy":"category","embeddable":true,"href":"https:\/\/portaltela.pt\/api\/wp\/v2\/categories?post=412160"},{"taxonomy":"post_tag","embeddable":true,"href":"https:\/\/portaltela.pt\/api\/wp\/v2\/tags?post=412160"}],"curies":[{"name":"wp","href":"https:\/\/api.w.org\/{rel}","templated":true}]}}