{"id":412137,"date":"2026-03-16T12:00:00","date_gmt":"2026-03-16T15:00:00","guid":{"rendered":"https:\/\/portaltela.pt\/noticias\/2026\/03\/16\/filme-leva-a-redescoberta-de-uma-cidade\/"},"modified":"2026-03-16T12:00:00","modified_gmt":"2026-03-16T15:00:00","slug":"filme-leva-a-redescoberta-de-uma-cidade","status":"publish","type":"post","link":"https:\/\/portaltela.pt\/noticias\/2026\/03\/16\/filme-leva-a-redescoberta-de-uma-cidade\/","title":{"rendered":"Filme leva \u00e0 redescoberta de uma cidade"},"content":{"rendered":"<p>O filme O Agente Secreto, dirigido por Kleber Mendon\u00e7a Filho e estrelado por Wagner Moura, n\u00e3o saiu vencedor do Oscar, mas mudou a visibilidade de Recife. A obra levou a cidade a um patamar de destaque no Brasil.<\/p>\n<p>Desde o sucesso de bilheteira, tours pelos locais de filmagem passaram a crescer. Agentes de turismo, como Roderick Jord\u00e3o, criaram percursos dedicados \u00e0s cenas da produ\u00e7\u00e3o. Recife passou a ser visto como cen\u00e1rio de cinema de refer\u00eancia.<\/p>\n<p>Entre os pontos mais visitados est\u00e3o o antigo cinema S\u00e3o Luiz, o bairro Boa Vista e o Gin\u00e1sio Pernambucano. Especialistas dizem que a produ\u00e7\u00e3o quebrou estere\u00f3tipos sobre o Nordeste, destacando diversidade e dinamismo.<\/p>\n<p>No carnaval recente, a cidade celebrou com cabines telef\u00f3nicas amarelas inspiradas no filme e com bonecos de Wagner Moura e Kleber Mendon\u00e7a Filho nas ruas de Olinda. O evento refor\u00e7ou o impacto cultural da produ\u00e7\u00e3o.<\/p>\n<p>Al\u00e9m disso, circulam refer\u00eancias \u00e0 lenda local das \u201cpernas cabeludas\u201d, associadas a uma hist\u00f3ria de assombra\u00e7\u00e3o. No longa, a figura aparece como elemento simb\u00f3lico de temas sociais e de repress\u00e3o.<\/p>\n","protected":false},"excerpt":{"rendered":"<ul>\n<li>O filme &#8220;O Agente Secreto&#8221;, de Kleber Mendon\u00e7a Filho e com Wagner Moura, falhou o Oscar, mas colocou o Recife no radar internacional e como destaque no Brasil.<\/li>\n<li>Passeios tur\u00edsticos pelos locais de filmagem multiplicaram-se desde o sucesso de bilheteira do filme.<\/li>\n<li>Guias locais criaram percursos que incluem o Cinema S\u00e3o Luiz, o bairro Boa Vista e o Gin\u00e1sio Pernambucano.<\/li>\n<li>O historiador Durval Muniz de Albuquerque Junior disse que o filme desmonta a imagem estereotipada do Nordeste como caricato e atrasado.<\/li>\n<li>No Carnaval, Olinda viu cabines telef\u00f3nicas amarelas e bonecos de Moura e Mendon\u00e7a, al\u00e9m de refer\u00eancias \u00e0 lenda local das \u201cpernas cabeludas\u201d.<\/li>\n<\/ul>\n","protected":false},"author":2,"featured_media":412143,"comment_status":"closed","ping_status":"closed","sticky":false,"template":"","format":"standard","meta":{"footnotes":""},"categories":[12,1],"tags":[2547,112,145,5242,169,2908],"class_list":["post-412137","post","type-post","status-publish","format-standard","has-post-thumbnail","hentry","category-entretenimento","category-noticias","tag-brasil","tag-cinema","tag-cultura","tag-filmes","tag-turismo","tag-wagner-moura"],"yoast_head":"<!-- This site is optimized with the Yoast SEO plugin v27.2 - https:\/\/yoast.com\/product\/yoast-seo-wordpress\/ -->\n<title>Filme leva \u00e0 redescoberta de uma cidade - Portal Tela Portugal<\/title>\n<meta name=\"robots\" content=\"index, follow, max-snippet:-1, max-image-preview:large, max-video-preview:-1\" \/>\n<meta property=\"og:locale\" content=\"pt_PT\" \/>\n<meta property=\"og:type\" content=\"article\" \/>\n<meta property=\"og:title\" content=\"Filme leva \u00e0 redescoberta de uma cidade - Portal Tela Portugal\" \/>\n<meta property=\"og:description\" content=\"O filme &quot;O Agente Secreto&quot;, de Kleber Mendon\u00e7a Filho e com Wagner Moura, falhou o Oscar, mas colocou o Recife no radar internacional e como destaque no Brasil. Passeios tur\u00edsticos pelos locais de filmagem multiplicaram-se desde o sucesso de bilheteira do filme. Guias locais criaram percursos que incluem o Cinema S\u00e3o Luiz, o bairro Boa Vista e o Gin\u00e1sio Pernambucano. O historiador Durval Muniz de Albuquerque Junior disse que o filme desmonta a imagem estereotipada do Nordeste como caricato e atrasado. No Carnaval, Olinda viu cabines telef\u00f3nicas amarelas e bonecos de Moura e Mendon\u00e7a, al\u00e9m de refer\u00eancias \u00e0 lenda local das \u201cpernas cabeludas\u201d.\" \/>\n<meta property=\"og:url\" content=\"https:\/\/portaltela.pt\/noticias\/2026\/03\/16\/filme-leva-a-redescoberta-de-uma-cidade\/\" \/>\n<meta property=\"og:site_name\" content=\"Portal Tela Portugal\" \/>\n<meta property=\"article:published_time\" content=\"2026-03-16T15:00:00+00:00\" \/>\n<meta name=\"author\" content=\"Telinha\" \/>\n<meta name=\"twitter:card\" content=\"summary_large_image\" \/>\n<meta name=\"twitter:label1\" content=\"Escrito por\" \/>\n\t<meta name=\"twitter:data1\" content=\"Telinha\" \/>\n\t<meta name=\"twitter:label2\" content=\"Tempo estimado de leitura\" \/>\n\t<meta name=\"twitter:data2\" content=\"1 minuto\" \/>\n<script type=\"application\/ld+json\" class=\"yoast-schema-graph\">{\"@context\":\"https:\/\/schema.org\",\"@graph\":[{\"@type\":\"Article\",\"@id\":\"https:\/\/portaltela.pt\/noticias\/2026\/03\/16\/filme-leva-a-redescoberta-de-uma-cidade\/#article\",\"isPartOf\":{\"@id\":\"https:\/\/portaltela.pt\/noticias\/2026\/03\/16\/filme-leva-a-redescoberta-de-uma-cidade\/\"},\"author\":{\"name\":\"Telinha\",\"@id\":\"https:\/\/portaltela.pt\/#\/schema\/person\/c4278d4a6028830caff9ee44b42d32ed\"},\"headline\":\"Filme leva \u00e0 redescoberta de uma cidade\",\"datePublished\":\"2026-03-16T15:00:00+00:00\",\"mainEntityOfPage\":{\"@id\":\"https:\/\/portaltela.pt\/noticias\/2026\/03\/16\/filme-leva-a-redescoberta-de-uma-cidade\/\"},\"wordCount\":199,\"image\":{\"@id\":\"https:\/\/portaltela.pt\/noticias\/2026\/03\/16\/filme-leva-a-redescoberta-de-uma-cidade\/#primaryimage\"},\"thumbnailUrl\":\"https:\/\/portaltela.pt\/s.01k8rhncp4jt1\/2026\/03\/image-1066.jpg\",\"keywords\":[\"Brasil\",\"cinema\",\"cultura\",\"filmes\",\"turismo\",\"Wagner Moura\"],\"articleSection\":[\"Entretenimento\",\"Not\u00edcias\"],\"inLanguage\":\"pt-PT\"},{\"@type\":\"WebPage\",\"@id\":\"https:\/\/portaltela.pt\/noticias\/2026\/03\/16\/filme-leva-a-redescoberta-de-uma-cidade\/\",\"url\":\"https:\/\/portaltela.pt\/noticias\/2026\/03\/16\/filme-leva-a-redescoberta-de-uma-cidade\/\",\"name\":\"Filme leva \u00e0 redescoberta de uma cidade - Portal Tela Portugal\",\"isPartOf\":{\"@id\":\"https:\/\/portaltela.pt\/#website\"},\"primaryImageOfPage\":{\"@id\":\"https:\/\/portaltela.pt\/noticias\/2026\/03\/16\/filme-leva-a-redescoberta-de-uma-cidade\/#primaryimage\"},\"image\":{\"@id\":\"https:\/\/portaltela.pt\/noticias\/2026\/03\/16\/filme-leva-a-redescoberta-de-uma-cidade\/#primaryimage\"},\"thumbnailUrl\":\"https:\/\/portaltela.pt\/s.01k8rhncp4jt1\/2026\/03\/image-1066.jpg\",\"datePublished\":\"2026-03-16T15:00:00+00:00\",\"author\":{\"@id\":\"https:\/\/portaltela.pt\/#\/schema\/person\/c4278d4a6028830caff9ee44b42d32ed\"},\"breadcrumb\":{\"@id\":\"https:\/\/portaltela.pt\/noticias\/2026\/03\/16\/filme-leva-a-redescoberta-de-uma-cidade\/#breadcrumb\"},\"inLanguage\":\"pt-PT\",\"potentialAction\":[{\"@type\":\"ReadAction\",\"target\":[\"https:\/\/portaltela.pt\/noticias\/2026\/03\/16\/filme-leva-a-redescoberta-de-uma-cidade\/\"]}]},{\"@type\":\"ImageObject\",\"inLanguage\":\"pt-PT\",\"@id\":\"https:\/\/portaltela.pt\/noticias\/2026\/03\/16\/filme-leva-a-redescoberta-de-uma-cidade\/#primaryimage\",\"url\":\"https:\/\/portaltela.pt\/s.01k8rhncp4jt1\/2026\/03\/image-1066.jpg\",\"contentUrl\":\"https:\/\/portaltela.pt\/s.01k8rhncp4jt1\/2026\/03\/image-1066.jpg\",\"width\":796,\"height\":448,\"caption\":\"O m\u00edtico Cinema S\u00e3o Luiz \u00e9 um dos cen\u00e1rios de \\\"O Agente Secreto\\\" mais procurados em Recife\"},{\"@type\":\"BreadcrumbList\",\"@id\":\"https:\/\/portaltela.pt\/noticias\/2026\/03\/16\/filme-leva-a-redescoberta-de-uma-cidade\/#breadcrumb\",\"itemListElement\":[{\"@type\":\"ListItem\",\"position\":1,\"name\":\"In\u00edcio\",\"item\":\"https:\/\/portaltela.pt\/\"},{\"@type\":\"ListItem\",\"position\":2,\"name\":\"Filme leva \u00e0 redescoberta de uma cidade\"}]},{\"@type\":\"WebSite\",\"@id\":\"https:\/\/portaltela.pt\/#website\",\"url\":\"https:\/\/portaltela.pt\/\",\"name\":\"Portal Tela Portugal\",\"description\":\"\",\"potentialAction\":[{\"@type\":\"SearchAction\",\"target\":{\"@type\":\"EntryPoint\",\"urlTemplate\":\"https:\/\/portaltela.pt\/?s={search_term_string}\"},\"query-input\":{\"@type\":\"PropertyValueSpecification\",\"valueRequired\":true,\"valueName\":\"search_term_string\"}}],\"inLanguage\":\"pt-PT\"},{\"@type\":\"Person\",\"@id\":\"https:\/\/portaltela.pt\/#\/schema\/person\/c4278d4a6028830caff9ee44b42d32ed\",\"name\":\"Telinha\",\"image\":{\"@type\":\"ImageObject\",\"inLanguage\":\"pt-PT\",\"@id\":\"https:\/\/portaltela.pt\/s.01k8rhncp4jt1\/2025\/11\/talking-bot-125x125.png\",\"url\":\"https:\/\/portaltela.pt\/s.01k8rhncp4jt1\/2025\/11\/talking-bot-125x125.png\",\"contentUrl\":\"https:\/\/portaltela.pt\/s.01k8rhncp4jt1\/2025\/11\/talking-bot-125x125.png\",\"caption\":\"Telinha\"},\"sameAs\":[\"https:\/\/portaltela.pt\/\"],\"url\":\"https:\/\/portaltela.pt\/por\/367410592786\/\"}]}<\/script>\n<!-- \/ Yoast SEO plugin. -->","yoast_head_json":{"title":"Filme leva \u00e0 redescoberta de uma cidade - Portal Tela Portugal","robots":{"index":"index","follow":"follow","max-snippet":"max-snippet:-1","max-image-preview":"max-image-preview:large","max-video-preview":"max-video-preview:-1"},"og_locale":"pt_PT","og_type":"article","og_title":"Filme leva \u00e0 redescoberta de uma cidade - Portal Tela Portugal","og_description":"O filme \"O Agente Secreto\", de Kleber Mendon\u00e7a Filho e com Wagner Moura, falhou o Oscar, mas colocou o Recife no radar internacional e como destaque no Brasil. Passeios tur\u00edsticos pelos locais de filmagem multiplicaram-se desde o sucesso de bilheteira do filme. Guias locais criaram percursos que incluem o Cinema S\u00e3o Luiz, o bairro Boa Vista e o Gin\u00e1sio Pernambucano. O historiador Durval Muniz de Albuquerque Junior disse que o filme desmonta a imagem estereotipada do Nordeste como caricato e atrasado. No Carnaval, Olinda viu cabines telef\u00f3nicas amarelas e bonecos de Moura e Mendon\u00e7a, al\u00e9m de refer\u00eancias \u00e0 lenda local das \u201cpernas cabeludas\u201d.","og_url":"https:\/\/portaltela.pt\/noticias\/2026\/03\/16\/filme-leva-a-redescoberta-de-uma-cidade\/","og_site_name":"Portal Tela Portugal","article_published_time":"2026-03-16T15:00:00+00:00","author":"Telinha","twitter_card":"summary_large_image","twitter_misc":{"Escrito por":"Telinha","Tempo estimado de leitura":"1 minuto"},"schema":{"@context":"https:\/\/schema.org","@graph":[{"@type":"Article","@id":"https:\/\/portaltela.pt\/noticias\/2026\/03\/16\/filme-leva-a-redescoberta-de-uma-cidade\/#article","isPartOf":{"@id":"https:\/\/portaltela.pt\/noticias\/2026\/03\/16\/filme-leva-a-redescoberta-de-uma-cidade\/"},"author":{"name":"Telinha","@id":"https:\/\/portaltela.pt\/#\/schema\/person\/c4278d4a6028830caff9ee44b42d32ed"},"headline":"Filme leva \u00e0 redescoberta de uma cidade","datePublished":"2026-03-16T15:00:00+00:00","mainEntityOfPage":{"@id":"https:\/\/portaltela.pt\/noticias\/2026\/03\/16\/filme-leva-a-redescoberta-de-uma-cidade\/"},"wordCount":199,"image":{"@id":"https:\/\/portaltela.pt\/noticias\/2026\/03\/16\/filme-leva-a-redescoberta-de-uma-cidade\/#primaryimage"},"thumbnailUrl":"https:\/\/portaltela.pt\/s.01k8rhncp4jt1\/2026\/03\/image-1066.jpg","keywords":["Brasil","cinema","cultura","filmes","turismo","Wagner Moura"],"articleSection":["Entretenimento","Not\u00edcias"],"inLanguage":"pt-PT"},{"@type":"WebPage","@id":"https:\/\/portaltela.pt\/noticias\/2026\/03\/16\/filme-leva-a-redescoberta-de-uma-cidade\/","url":"https:\/\/portaltela.pt\/noticias\/2026\/03\/16\/filme-leva-a-redescoberta-de-uma-cidade\/","name":"Filme leva \u00e0 redescoberta de uma cidade - Portal Tela Portugal","isPartOf":{"@id":"https:\/\/portaltela.pt\/#website"},"primaryImageOfPage":{"@id":"https:\/\/portaltela.pt\/noticias\/2026\/03\/16\/filme-leva-a-redescoberta-de-uma-cidade\/#primaryimage"},"image":{"@id":"https:\/\/portaltela.pt\/noticias\/2026\/03\/16\/filme-leva-a-redescoberta-de-uma-cidade\/#primaryimage"},"thumbnailUrl":"https:\/\/portaltela.pt\/s.01k8rhncp4jt1\/2026\/03\/image-1066.jpg","datePublished":"2026-03-16T15:00:00+00:00","author":{"@id":"https:\/\/portaltela.pt\/#\/schema\/person\/c4278d4a6028830caff9ee44b42d32ed"},"breadcrumb":{"@id":"https:\/\/portaltela.pt\/noticias\/2026\/03\/16\/filme-leva-a-redescoberta-de-uma-cidade\/#breadcrumb"},"inLanguage":"pt-PT","potentialAction":[{"@type":"ReadAction","target":["https:\/\/portaltela.pt\/noticias\/2026\/03\/16\/filme-leva-a-redescoberta-de-uma-cidade\/"]}]},{"@type":"ImageObject","inLanguage":"pt-PT","@id":"https:\/\/portaltela.pt\/noticias\/2026\/03\/16\/filme-leva-a-redescoberta-de-uma-cidade\/#primaryimage","url":"https:\/\/portaltela.pt\/s.01k8rhncp4jt1\/2026\/03\/image-1066.jpg","contentUrl":"https:\/\/portaltela.pt\/s.01k8rhncp4jt1\/2026\/03\/image-1066.jpg","width":796,"height":448,"caption":"O m\u00edtico Cinema S\u00e3o Luiz \u00e9 um dos cen\u00e1rios de \"O Agente Secreto\" mais procurados em Recife"},{"@type":"BreadcrumbList","@id":"https:\/\/portaltela.pt\/noticias\/2026\/03\/16\/filme-leva-a-redescoberta-de-uma-cidade\/#breadcrumb","itemListElement":[{"@type":"ListItem","position":1,"name":"In\u00edcio","item":"https:\/\/portaltela.pt\/"},{"@type":"ListItem","position":2,"name":"Filme leva \u00e0 redescoberta de uma cidade"}]},{"@type":"WebSite","@id":"https:\/\/portaltela.pt\/#website","url":"https:\/\/portaltela.pt\/","name":"Portal Tela Portugal","description":"","potentialAction":[{"@type":"SearchAction","target":{"@type":"EntryPoint","urlTemplate":"https:\/\/portaltela.pt\/?s={search_term_string}"},"query-input":{"@type":"PropertyValueSpecification","valueRequired":true,"valueName":"search_term_string"}}],"inLanguage":"pt-PT"},{"@type":"Person","@id":"https:\/\/portaltela.pt\/#\/schema\/person\/c4278d4a6028830caff9ee44b42d32ed","name":"Telinha","image":{"@type":"ImageObject","inLanguage":"pt-PT","@id":"https:\/\/portaltela.pt\/s.01k8rhncp4jt1\/2025\/11\/talking-bot-125x125.png","url":"https:\/\/portaltela.pt\/s.01k8rhncp4jt1\/2025\/11\/talking-bot-125x125.png","contentUrl":"https:\/\/portaltela.pt\/s.01k8rhncp4jt1\/2025\/11\/talking-bot-125x125.png","caption":"Telinha"},"sameAs":["https:\/\/portaltela.pt\/"],"url":"https:\/\/portaltela.pt\/por\/367410592786\/"}]}},"_links":{"self":[{"href":"https:\/\/portaltela.pt\/api\/wp\/v2\/posts\/412137","targetHints":{"allow":["GET"]}}],"collection":[{"href":"https:\/\/portaltela.pt\/api\/wp\/v2\/posts"}],"about":[{"href":"https:\/\/portaltela.pt\/api\/wp\/v2\/types\/post"}],"author":[{"embeddable":true,"href":"https:\/\/portaltela.pt\/api\/wp\/v2\/users\/2"}],"replies":[{"embeddable":true,"href":"https:\/\/portaltela.pt\/api\/wp\/v2\/comments?post=412137"}],"version-history":[{"count":0,"href":"https:\/\/portaltela.pt\/api\/wp\/v2\/posts\/412137\/revisions"}],"wp:featuredmedia":[{"embeddable":true,"href":"https:\/\/portaltela.pt\/api\/wp\/v2\/media\/412143"}],"wp:attachment":[{"href":"https:\/\/portaltela.pt\/api\/wp\/v2\/media?parent=412137"}],"wp:term":[{"taxonomy":"category","embeddable":true,"href":"https:\/\/portaltela.pt\/api\/wp\/v2\/categories?post=412137"},{"taxonomy":"post_tag","embeddable":true,"href":"https:\/\/portaltela.pt\/api\/wp\/v2\/tags?post=412137"}],"curies":[{"name":"wp","href":"https:\/\/api.w.org\/{rel}","templated":true}]}}