{"id":412130,"date":"2026-03-16T11:57:20","date_gmt":"2026-03-16T14:57:20","guid":{"rendered":"https:\/\/portaltela.pt\/noticias\/2026\/03\/16\/maioria-dos-adultos-que-procura-medico-de-familia-privado-tem-especialista-no-sns\/"},"modified":"2026-03-16T11:57:20","modified_gmt":"2026-03-16T14:57:20","slug":"maioria-dos-adultos-que-procura-medico-de-familia-privado-tem-especialista-no-sns","status":"publish","type":"post","link":"https:\/\/portaltela.pt\/saude\/2026\/03\/16\/maioria-dos-adultos-que-procura-medico-de-familia-privado-tem-especialista-no-sns\/","title":{"rendered":"Maioria dos adultos que procura m\u00e9dico de fam\u00edlia privado tem especialista no SNS"},"content":{"rendered":"<p>A maioria dos adultos que procurou m\u00e9dico de fam\u00edlia no setor privado em 2025 j\u00e1 tinha cl\u00ednico atribu\u00eddo pelo SNS. O estudo aponta o seguro de sa\u00fade ou outra cobertura complementar como o principal motivo para recorrer ao setor privado.<\/p>\n<p>Segundo a an\u00e1lise conduzida pelos investigadores Carolina Santos e Pedro Pita Barros (Nova SBE), 14,1% da popula\u00e7\u00e3o adulta recorreu ao m\u00e9dico de fam\u00edlia no privado no ano passado, e cerca de 70% tinham m\u00e9dico de fam\u00edlia atribu\u00eddo pelo SNS. A duplicidade de cobertura \u00e9 comum.<\/p>\n<p>O estudo indica que o fator decisivo n\u00e3o \u00e9 a falta de m\u00e9dico no SNS, mas a exist\u00eancia de seguro de sa\u00fade privado. Aproximadamente 4,2% da popula\u00e7\u00e3o recorre ao privado por n\u00e3o ter m\u00e9dico no SNS, e 10% tem dupla cobertura.<\/p>\n<h3>Resultados-chave<\/h3>\n<p>Ter seguro de sa\u00fade aumenta em cerca de 39 pontos percentuais a probabilidade de recorrer ao privado. Benefici\u00e1rios de subsistemas apresentam ganhos de 24,5 p.p. (subsistemas privados), 15,2 p.p. (ADSE) e 10,8 p.p. (ADM, PSP, GNR).<\/p>\n<p>A aus\u00eancia de m\u00e9dico de fam\u00edlia no SNS eleva a probabilidade de recorrer ao privado em apenas 6,3 p.p., significativamente menos do que o efeito do seguro.<\/p>\n<p>Mesmo com m\u00e9dico no SNS, a probabilidade de recorrer ao privado sobe de 13,4% para 18,7% se esse acesso se perder, mostrando uma subida moderada.<\/p>\n<p>Regi\u00f5es com maior propens\u00e3o ao privado s\u00e3o o Algarve (19,3%) e a Grande Lisboa (16,8%), seguidas pela Grande Porto (13,6%) e Norte Litoral (11,5%).<\/p>\n<p>Paralelamente, zonas com cobertura p\u00fablica elevada mant\u00eam n\u00edveis de dupla utiliza\u00e7\u00e3o elevados: Norte Litoral (10,9%) e Grande Porto (12,6%), o que indica que a procura pelo privado n\u00e3o resulta apenas de falhas no SNS.<\/p>\n<h3>Fatores socioecon\u00f3micos e implica\u00e7\u00f5es<\/h3>\n<p>A probabilidade de adquirir seguro privado aumenta com o estatuto socioecon\u00f3mico, destacando a sensibilidade do seguro a fatores econ\u00f3micos, mesmo quando se consideram educa\u00e7\u00e3o, profiss\u00e3o e regi\u00e3o.<\/p>\n<p>A autoavalia\u00e7\u00e3o de sa\u00fade tem impacto limitado na decis\u00e3o de recorrer ao privado, sugerindo que a decis\u00e3o est\u00e1 mais ligada a capacidade financeira e recursos econ\u00f3micos do que \u00e0 necessidade cl\u00ednica imediata.<\/p>\n<p>Os autores concluem que o crescimento de seguros privados pode promover um h\u00e1bito de recurso ao setor privado que n\u00e3o depende exclusivamente da falta de cobertura no SNS. A exist\u00eancia de prefer\u00eancias individuais \u00e9 apontada como \u00e1rea para estudo adicional.<\/p>\n<p>O estudo, da Iniciativa para a Equidade Social, usa dados do Inqu\u00e9rito de Base ao Relat\u00f3rio de Acesso aos Cuidados de Sa\u00fade (2023 e 2025) e envolve a Funda\u00e7\u00e3o \u201cla Caixa\u201d, o BPI e a Nova SBE.<\/p>\n","protected":false},"excerpt":{"rendered":"<ul>\n<li>Em 2025, 14,1% dos adultos recorreram a m\u00e9dico de fam\u00edlia no privado, e cerca de 70% j\u00e1 tinham m\u00e9dico de fam\u00edlia atribu\u00eddo pelo SNS.<\/li>\n<li>O motivo principal para escolher o privado \u00e9 a cobertura de seguro de sa\u00fade ou outra forma de dupla cobertura, n\u00e3o a aus\u00eancia de m\u00e9dico de fam\u00edlia no SNS.<\/li>\n<li>Ter seguro de sa\u00fade aumenta em cerca de 39 pontos percentuais a probabilidade de usar m\u00e9dico de fam\u00edlia no privado; h\u00e1 tamb\u00e9m ganhos significativos entre subsistemas privados (24,5 p.p.), ADSE (15,2 p.p.) e ADM (10,8 p.p.).<\/li>\n<li>A perda de acesso a m\u00e9dico de fam\u00edlia no SNS eleva a probabilidade de recorrer ao privado em apenas 6,3 p.p., ou seja, de forma moderada.<\/li>\n<li>Regi\u00f5es com maior uso do privado s\u00e3o Algarve (19,3%) e Grande Lisboa (16,8%), seguidas de Grande Porto (13,6%) e Norte Litoral (11,5%), com dupla utiliza\u00e7\u00e3o presente mesmo onde h\u00e1 elevada cobertura p\u00fablica.<\/li>\n<li>A probabilidade de manter seguro de sa\u00fade privado aumenta com o estatuto socioecon\u00f3mico; o estado de sa\u00fade autorrelatado tem impacto limitado na decis\u00e3o de recorrer ao privado.<\/li>\n<li>Conclui-se que o crescimento dos seguros privados pode estar a promover um h\u00e1bito de recorrer ao setor privado, n\u00e3o sendo apenas uma consequ\u00eancia da falta de m\u00e9dicos de fam\u00edlia no SNS.<\/li>\n<\/ul>\n","protected":false},"author":2,"featured_media":412134,"comment_status":"closed","ping_status":"closed","sticky":false,"template":"","format":"standard","meta":{"footnotes":""},"categories":[1,6745],"tags":[928,4023,5343,7277,271,3416],"class_list":["post-412130","post","type-post","status-publish","format-standard","has-post-thumbnail","hentry","category-noticias","category-saude","tag-algarve","tag-grande-lisboa","tag-grande-porto","tag-norte-litoral","tag-saude-publica","tag-seguro"],"yoast_head":"<!-- This site is optimized with the Yoast SEO plugin v27.2 - https:\/\/yoast.com\/product\/yoast-seo-wordpress\/ -->\n<title>Maioria dos adultos que procura m\u00e9dico de fam\u00edlia privado tem especialista no SNS - Portal Tela Portugal<\/title>\n<meta name=\"robots\" content=\"index, follow, max-snippet:-1, max-image-preview:large, max-video-preview:-1\" \/>\n<meta property=\"og:locale\" content=\"pt_PT\" \/>\n<meta property=\"og:type\" content=\"article\" \/>\n<meta property=\"og:title\" content=\"Maioria dos adultos que procura m\u00e9dico de fam\u00edlia privado tem especialista no SNS - Portal Tela Portugal\" \/>\n<meta property=\"og:description\" content=\"Em 2025, 14,1% dos adultos recorreram a m\u00e9dico de fam\u00edlia no privado, e cerca de 70% j\u00e1 tinham m\u00e9dico de fam\u00edlia atribu\u00eddo pelo SNS. O motivo principal para escolher o privado \u00e9 a cobertura de seguro de sa\u00fade ou outra forma de dupla cobertura, n\u00e3o a aus\u00eancia de m\u00e9dico de fam\u00edlia no SNS. Ter seguro de sa\u00fade aumenta em cerca de 39 pontos percentuais a probabilidade de usar m\u00e9dico de fam\u00edlia no privado; h\u00e1 tamb\u00e9m ganhos significativos entre subsistemas privados (24,5 p.p.), ADSE (15,2 p.p.) e ADM (10,8 p.p.). A perda de acesso a m\u00e9dico de fam\u00edlia no SNS eleva a probabilidade de recorrer ao privado em apenas 6,3 p.p., ou seja, de forma moderada. Regi\u00f5es com maior uso do privado s\u00e3o Algarve (19,3%) e Grande Lisboa (16,8%), seguidas de Grande Porto (13,6%) e Norte Litoral (11,5%), com dupla utiliza\u00e7\u00e3o presente mesmo onde h\u00e1 elevada cobertura p\u00fablica. A probabilidade de manter seguro de sa\u00fade privado aumenta com o estatuto socioecon\u00f3mico; o estado de sa\u00fade autorrelatado tem impacto limitado na decis\u00e3o de recorrer ao privado. Conclui-se que o crescimento dos seguros privados pode estar a promover um h\u00e1bito de recorrer ao setor privado, n\u00e3o sendo apenas uma consequ\u00eancia da falta de m\u00e9dicos de fam\u00edlia no SNS.\" \/>\n<meta property=\"og:url\" content=\"https:\/\/portaltela.pt\/noticias\/2026\/03\/16\/maioria-dos-adultos-que-procura-medico-de-familia-privado-tem-especialista-no-sns\/\" \/>\n<meta property=\"og:site_name\" content=\"Portal Tela Portugal\" \/>\n<meta property=\"article:published_time\" content=\"2026-03-16T14:57:20+00:00\" \/>\n<meta name=\"author\" content=\"Telinha\" \/>\n<meta name=\"twitter:card\" content=\"summary_large_image\" \/>\n<meta name=\"twitter:label1\" content=\"Escrito por\" \/>\n\t<meta name=\"twitter:data1\" content=\"Telinha\" \/>\n\t<meta name=\"twitter:label2\" content=\"Tempo estimado de leitura\" \/>\n\t<meta name=\"twitter:data2\" content=\"2 minutos\" \/>\n<script type=\"application\/ld+json\" class=\"yoast-schema-graph\">{\"@context\":\"https:\/\/schema.org\",\"@graph\":[{\"@type\":\"Article\",\"@id\":\"https:\/\/portaltela.pt\/noticias\/2026\/03\/16\/maioria-dos-adultos-que-procura-medico-de-familia-privado-tem-especialista-no-sns\/#article\",\"isPartOf\":{\"@id\":\"https:\/\/portaltela.pt\/noticias\/2026\/03\/16\/maioria-dos-adultos-que-procura-medico-de-familia-privado-tem-especialista-no-sns\/\"},\"author\":{\"name\":\"Telinha\",\"@id\":\"https:\/\/portaltela.pt\/#\/schema\/person\/c4278d4a6028830caff9ee44b42d32ed\"},\"headline\":\"Maioria dos adultos que procura m\u00e9dico de fam\u00edlia privado tem especialista no SNS\",\"datePublished\":\"2026-03-16T14:57:20+00:00\",\"mainEntityOfPage\":{\"@id\":\"https:\/\/portaltela.pt\/noticias\/2026\/03\/16\/maioria-dos-adultos-que-procura-medico-de-familia-privado-tem-especialista-no-sns\/\"},\"wordCount\":462,\"image\":{\"@id\":\"https:\/\/portaltela.pt\/noticias\/2026\/03\/16\/maioria-dos-adultos-que-procura-medico-de-familia-privado-tem-especialista-no-sns\/#primaryimage\"},\"thumbnailUrl\":\"https:\/\/portaltela.pt\/s.01k8rhncp4jt1\/2026\/03\/img_1280x721uu2020-09-07-00-04-17-973720.jpg\",\"keywords\":[\"Algarve\",\"Grande Lisboa\",\"Grande Porto\",\"Norte Litoral\",\"sa\u00fade p\u00fablica\",\"Seguro\"],\"articleSection\":[\"Not\u00edcias\",\"Sa\u00fade\"],\"inLanguage\":\"pt-PT\"},{\"@type\":\"WebPage\",\"@id\":\"https:\/\/portaltela.pt\/noticias\/2026\/03\/16\/maioria-dos-adultos-que-procura-medico-de-familia-privado-tem-especialista-no-sns\/\",\"url\":\"https:\/\/portaltela.pt\/noticias\/2026\/03\/16\/maioria-dos-adultos-que-procura-medico-de-familia-privado-tem-especialista-no-sns\/\",\"name\":\"Maioria dos adultos que procura m\u00e9dico de fam\u00edlia privado tem especialista no SNS - Portal Tela Portugal\",\"isPartOf\":{\"@id\":\"https:\/\/portaltela.pt\/#website\"},\"primaryImageOfPage\":{\"@id\":\"https:\/\/portaltela.pt\/noticias\/2026\/03\/16\/maioria-dos-adultos-que-procura-medico-de-familia-privado-tem-especialista-no-sns\/#primaryimage\"},\"image\":{\"@id\":\"https:\/\/portaltela.pt\/noticias\/2026\/03\/16\/maioria-dos-adultos-que-procura-medico-de-familia-privado-tem-especialista-no-sns\/#primaryimage\"},\"thumbnailUrl\":\"https:\/\/portaltela.pt\/s.01k8rhncp4jt1\/2026\/03\/img_1280x721uu2020-09-07-00-04-17-973720.jpg\",\"datePublished\":\"2026-03-16T14:57:20+00:00\",\"author\":{\"@id\":\"https:\/\/portaltela.pt\/#\/schema\/person\/c4278d4a6028830caff9ee44b42d32ed\"},\"breadcrumb\":{\"@id\":\"https:\/\/portaltela.pt\/noticias\/2026\/03\/16\/maioria-dos-adultos-que-procura-medico-de-familia-privado-tem-especialista-no-sns\/#breadcrumb\"},\"inLanguage\":\"pt-PT\",\"potentialAction\":[{\"@type\":\"ReadAction\",\"target\":[\"https:\/\/portaltela.pt\/noticias\/2026\/03\/16\/maioria-dos-adultos-que-procura-medico-de-familia-privado-tem-especialista-no-sns\/\"]}]},{\"@type\":\"ImageObject\",\"inLanguage\":\"pt-PT\",\"@id\":\"https:\/\/portaltela.pt\/noticias\/2026\/03\/16\/maioria-dos-adultos-que-procura-medico-de-familia-privado-tem-especialista-no-sns\/#primaryimage\",\"url\":\"https:\/\/portaltela.pt\/s.01k8rhncp4jt1\/2026\/03\/img_1280x721uu2020-09-07-00-04-17-973720.jpg\",\"contentUrl\":\"https:\/\/portaltela.pt\/s.01k8rhncp4jt1\/2026\/03\/img_1280x721uu2020-09-07-00-04-17-973720.jpg\",\"width\":796,\"height\":448,\"caption\":\"Photo\"},{\"@type\":\"BreadcrumbList\",\"@id\":\"https:\/\/portaltela.pt\/noticias\/2026\/03\/16\/maioria-dos-adultos-que-procura-medico-de-familia-privado-tem-especialista-no-sns\/#breadcrumb\",\"itemListElement\":[{\"@type\":\"ListItem\",\"position\":1,\"name\":\"In\u00edcio\",\"item\":\"https:\/\/portaltela.pt\/\"},{\"@type\":\"ListItem\",\"position\":2,\"name\":\"Maioria dos adultos que procura m\u00e9dico de fam\u00edlia privado tem especialista no SNS\"}]},{\"@type\":\"WebSite\",\"@id\":\"https:\/\/portaltela.pt\/#website\",\"url\":\"https:\/\/portaltela.pt\/\",\"name\":\"Portal Tela Portugal\",\"description\":\"\",\"potentialAction\":[{\"@type\":\"SearchAction\",\"target\":{\"@type\":\"EntryPoint\",\"urlTemplate\":\"https:\/\/portaltela.pt\/?s={search_term_string}\"},\"query-input\":{\"@type\":\"PropertyValueSpecification\",\"valueRequired\":true,\"valueName\":\"search_term_string\"}}],\"inLanguage\":\"pt-PT\"},{\"@type\":\"Person\",\"@id\":\"https:\/\/portaltela.pt\/#\/schema\/person\/c4278d4a6028830caff9ee44b42d32ed\",\"name\":\"Telinha\",\"image\":{\"@type\":\"ImageObject\",\"inLanguage\":\"pt-PT\",\"@id\":\"https:\/\/portaltela.pt\/s.01k8rhncp4jt1\/2025\/11\/talking-bot-125x125.png\",\"url\":\"https:\/\/portaltela.pt\/s.01k8rhncp4jt1\/2025\/11\/talking-bot-125x125.png\",\"contentUrl\":\"https:\/\/portaltela.pt\/s.01k8rhncp4jt1\/2025\/11\/talking-bot-125x125.png\",\"caption\":\"Telinha\"},\"sameAs\":[\"https:\/\/portaltela.pt\/\"],\"url\":\"https:\/\/portaltela.pt\/por\/367410592786\/\"}]}<\/script>\n<!-- \/ Yoast SEO plugin. -->","yoast_head_json":{"title":"Maioria dos adultos que procura m\u00e9dico de fam\u00edlia privado tem especialista no SNS - Portal Tela Portugal","robots":{"index":"index","follow":"follow","max-snippet":"max-snippet:-1","max-image-preview":"max-image-preview:large","max-video-preview":"max-video-preview:-1"},"og_locale":"pt_PT","og_type":"article","og_title":"Maioria dos adultos que procura m\u00e9dico de fam\u00edlia privado tem especialista no SNS - Portal Tela Portugal","og_description":"Em 2025, 14,1% dos adultos recorreram a m\u00e9dico de fam\u00edlia no privado, e cerca de 70% j\u00e1 tinham m\u00e9dico de fam\u00edlia atribu\u00eddo pelo SNS. O motivo principal para escolher o privado \u00e9 a cobertura de seguro de sa\u00fade ou outra forma de dupla cobertura, n\u00e3o a aus\u00eancia de m\u00e9dico de fam\u00edlia no SNS. Ter seguro de sa\u00fade aumenta em cerca de 39 pontos percentuais a probabilidade de usar m\u00e9dico de fam\u00edlia no privado; h\u00e1 tamb\u00e9m ganhos significativos entre subsistemas privados (24,5 p.p.), ADSE (15,2 p.p.) e ADM (10,8 p.p.). A perda de acesso a m\u00e9dico de fam\u00edlia no SNS eleva a probabilidade de recorrer ao privado em apenas 6,3 p.p., ou seja, de forma moderada. Regi\u00f5es com maior uso do privado s\u00e3o Algarve (19,3%) e Grande Lisboa (16,8%), seguidas de Grande Porto (13,6%) e Norte Litoral (11,5%), com dupla utiliza\u00e7\u00e3o presente mesmo onde h\u00e1 elevada cobertura p\u00fablica. A probabilidade de manter seguro de sa\u00fade privado aumenta com o estatuto socioecon\u00f3mico; o estado de sa\u00fade autorrelatado tem impacto limitado na decis\u00e3o de recorrer ao privado. Conclui-se que o crescimento dos seguros privados pode estar a promover um h\u00e1bito de recorrer ao setor privado, n\u00e3o sendo apenas uma consequ\u00eancia da falta de m\u00e9dicos de fam\u00edlia no SNS.","og_url":"https:\/\/portaltela.pt\/noticias\/2026\/03\/16\/maioria-dos-adultos-que-procura-medico-de-familia-privado-tem-especialista-no-sns\/","og_site_name":"Portal Tela Portugal","article_published_time":"2026-03-16T14:57:20+00:00","author":"Telinha","twitter_card":"summary_large_image","twitter_misc":{"Escrito por":"Telinha","Tempo estimado de leitura":"2 minutos"},"schema":{"@context":"https:\/\/schema.org","@graph":[{"@type":"Article","@id":"https:\/\/portaltela.pt\/noticias\/2026\/03\/16\/maioria-dos-adultos-que-procura-medico-de-familia-privado-tem-especialista-no-sns\/#article","isPartOf":{"@id":"https:\/\/portaltela.pt\/noticias\/2026\/03\/16\/maioria-dos-adultos-que-procura-medico-de-familia-privado-tem-especialista-no-sns\/"},"author":{"name":"Telinha","@id":"https:\/\/portaltela.pt\/#\/schema\/person\/c4278d4a6028830caff9ee44b42d32ed"},"headline":"Maioria dos adultos que procura m\u00e9dico de fam\u00edlia privado tem especialista no SNS","datePublished":"2026-03-16T14:57:20+00:00","mainEntityOfPage":{"@id":"https:\/\/portaltela.pt\/noticias\/2026\/03\/16\/maioria-dos-adultos-que-procura-medico-de-familia-privado-tem-especialista-no-sns\/"},"wordCount":462,"image":{"@id":"https:\/\/portaltela.pt\/noticias\/2026\/03\/16\/maioria-dos-adultos-que-procura-medico-de-familia-privado-tem-especialista-no-sns\/#primaryimage"},"thumbnailUrl":"https:\/\/portaltela.pt\/s.01k8rhncp4jt1\/2026\/03\/img_1280x721uu2020-09-07-00-04-17-973720.jpg","keywords":["Algarve","Grande Lisboa","Grande Porto","Norte Litoral","sa\u00fade p\u00fablica","Seguro"],"articleSection":["Not\u00edcias","Sa\u00fade"],"inLanguage":"pt-PT"},{"@type":"WebPage","@id":"https:\/\/portaltela.pt\/noticias\/2026\/03\/16\/maioria-dos-adultos-que-procura-medico-de-familia-privado-tem-especialista-no-sns\/","url":"https:\/\/portaltela.pt\/noticias\/2026\/03\/16\/maioria-dos-adultos-que-procura-medico-de-familia-privado-tem-especialista-no-sns\/","name":"Maioria dos adultos que procura m\u00e9dico de fam\u00edlia privado tem especialista no SNS - Portal Tela Portugal","isPartOf":{"@id":"https:\/\/portaltela.pt\/#website"},"primaryImageOfPage":{"@id":"https:\/\/portaltela.pt\/noticias\/2026\/03\/16\/maioria-dos-adultos-que-procura-medico-de-familia-privado-tem-especialista-no-sns\/#primaryimage"},"image":{"@id":"https:\/\/portaltela.pt\/noticias\/2026\/03\/16\/maioria-dos-adultos-que-procura-medico-de-familia-privado-tem-especialista-no-sns\/#primaryimage"},"thumbnailUrl":"https:\/\/portaltela.pt\/s.01k8rhncp4jt1\/2026\/03\/img_1280x721uu2020-09-07-00-04-17-973720.jpg","datePublished":"2026-03-16T14:57:20+00:00","author":{"@id":"https:\/\/portaltela.pt\/#\/schema\/person\/c4278d4a6028830caff9ee44b42d32ed"},"breadcrumb":{"@id":"https:\/\/portaltela.pt\/noticias\/2026\/03\/16\/maioria-dos-adultos-que-procura-medico-de-familia-privado-tem-especialista-no-sns\/#breadcrumb"},"inLanguage":"pt-PT","potentialAction":[{"@type":"ReadAction","target":["https:\/\/portaltela.pt\/noticias\/2026\/03\/16\/maioria-dos-adultos-que-procura-medico-de-familia-privado-tem-especialista-no-sns\/"]}]},{"@type":"ImageObject","inLanguage":"pt-PT","@id":"https:\/\/portaltela.pt\/noticias\/2026\/03\/16\/maioria-dos-adultos-que-procura-medico-de-familia-privado-tem-especialista-no-sns\/#primaryimage","url":"https:\/\/portaltela.pt\/s.01k8rhncp4jt1\/2026\/03\/img_1280x721uu2020-09-07-00-04-17-973720.jpg","contentUrl":"https:\/\/portaltela.pt\/s.01k8rhncp4jt1\/2026\/03\/img_1280x721uu2020-09-07-00-04-17-973720.jpg","width":796,"height":448,"caption":"Photo"},{"@type":"BreadcrumbList","@id":"https:\/\/portaltela.pt\/noticias\/2026\/03\/16\/maioria-dos-adultos-que-procura-medico-de-familia-privado-tem-especialista-no-sns\/#breadcrumb","itemListElement":[{"@type":"ListItem","position":1,"name":"In\u00edcio","item":"https:\/\/portaltela.pt\/"},{"@type":"ListItem","position":2,"name":"Maioria dos adultos que procura m\u00e9dico de fam\u00edlia privado tem especialista no SNS"}]},{"@type":"WebSite","@id":"https:\/\/portaltela.pt\/#website","url":"https:\/\/portaltela.pt\/","name":"Portal Tela Portugal","description":"","potentialAction":[{"@type":"SearchAction","target":{"@type":"EntryPoint","urlTemplate":"https:\/\/portaltela.pt\/?s={search_term_string}"},"query-input":{"@type":"PropertyValueSpecification","valueRequired":true,"valueName":"search_term_string"}}],"inLanguage":"pt-PT"},{"@type":"Person","@id":"https:\/\/portaltela.pt\/#\/schema\/person\/c4278d4a6028830caff9ee44b42d32ed","name":"Telinha","image":{"@type":"ImageObject","inLanguage":"pt-PT","@id":"https:\/\/portaltela.pt\/s.01k8rhncp4jt1\/2025\/11\/talking-bot-125x125.png","url":"https:\/\/portaltela.pt\/s.01k8rhncp4jt1\/2025\/11\/talking-bot-125x125.png","contentUrl":"https:\/\/portaltela.pt\/s.01k8rhncp4jt1\/2025\/11\/talking-bot-125x125.png","caption":"Telinha"},"sameAs":["https:\/\/portaltela.pt\/"],"url":"https:\/\/portaltela.pt\/por\/367410592786\/"}]}},"_links":{"self":[{"href":"https:\/\/portaltela.pt\/api\/wp\/v2\/posts\/412130","targetHints":{"allow":["GET"]}}],"collection":[{"href":"https:\/\/portaltela.pt\/api\/wp\/v2\/posts"}],"about":[{"href":"https:\/\/portaltela.pt\/api\/wp\/v2\/types\/post"}],"author":[{"embeddable":true,"href":"https:\/\/portaltela.pt\/api\/wp\/v2\/users\/2"}],"replies":[{"embeddable":true,"href":"https:\/\/portaltela.pt\/api\/wp\/v2\/comments?post=412130"}],"version-history":[{"count":0,"href":"https:\/\/portaltela.pt\/api\/wp\/v2\/posts\/412130\/revisions"}],"wp:featuredmedia":[{"embeddable":true,"href":"https:\/\/portaltela.pt\/api\/wp\/v2\/media\/412134"}],"wp:attachment":[{"href":"https:\/\/portaltela.pt\/api\/wp\/v2\/media?parent=412130"}],"wp:term":[{"taxonomy":"category","embeddable":true,"href":"https:\/\/portaltela.pt\/api\/wp\/v2\/categories?post=412130"},{"taxonomy":"post_tag","embeddable":true,"href":"https:\/\/portaltela.pt\/api\/wp\/v2\/tags?post=412130"}],"curies":[{"name":"wp","href":"https:\/\/api.w.org\/{rel}","templated":true}]}}