{"id":412109,"date":"2026-03-16T11:30:00","date_gmt":"2026-03-16T14:30:00","guid":{"rendered":"https:\/\/portaltela.pt\/noticias\/2026\/03\/16\/condicionamentos-na-linha-de-cascais-a-partir-de-6-de-abril-por-obras\/"},"modified":"2026-03-16T11:30:00","modified_gmt":"2026-03-16T14:30:00","slug":"condicionamentos-na-linha-de-cascais-a-partir-de-6-de-abril-por-obras","status":"publish","type":"post","link":"https:\/\/portaltela.pt\/noticias\/2026\/03\/16\/condicionamentos-na-linha-de-cascais-a-partir-de-6-de-abril-por-obras\/","title":{"rendered":"Condicionamentos na Linha de Cascais a partir de 6 de Abril por obras"},"content":{"rendered":"<p>A Linha de Cascais sofrer\u00e1 condicionamentos a partir de 6 de Abril devido a obras de moderniza\u00e7\u00e3o no tro\u00e7o Caxias-Cascais, anunciou a Infra-estruturas de Portugal (IP). A interven\u00e7\u00e3o integra o processo de atualiza\u00e7\u00e3o da rede ferrovi\u00e1ria da regi\u00e3o de Lisboa.<\/p>\n<p>A IP explica que a \u00e1rea de trabalho da via e da caten\u00e1ria ser\u00e1 alargada a partir de 6 de Abril, no \u00e2mbito da renova\u00e7\u00e3o em curso na Linha de Cascais. Os trabalhos incluem substitui\u00e7\u00e3o do sistema de electrifica\u00e7\u00e3o e renova\u00e7\u00e3o da via, bem como instala\u00e7\u00e3o de novos sistemas de sinaliza\u00e7\u00e3o.<\/p>\n<h3>Interven\u00e7\u00e3o em fase de moderniza\u00e7\u00e3o<\/h3>\n<p>Durante a interven\u00e7\u00e3o, a circula\u00e7\u00e3o ferrovi\u00e1ria ficar\u00e1 condicionada: nos dias \u00fateis entre as 21h50 e as 2h35 do dia seguinte; aos s\u00e1bados entre as 20h50 e 2h35; e aos domingos entre as 5h30 e as 8h40 e entre as 19h50 e as 2h35.<\/p>\n<p>Durante os per\u00edodos de interdi\u00e7\u00e3o total, a IP garante um servi\u00e7o de transbordo rodovi\u00e1rio para mitigar os impactos na mobilidade dos utilizadores da Linha de Cascais. A linha liga Lisboa, Oeiras e Cascais.<\/p>\n","protected":false},"excerpt":{"rendered":"<ul>\n<li>A partir de 6 de abril, a Linha de Cascais vai ter condicionamentos de circula\u00e7\u00e3o no tro\u00e7o Caxias-Cascais, no \u00e2mbito da obra de moderniza\u00e7\u00e3o.<\/li>\n<li>A interven\u00e7\u00e3o faz parte do prolongamento da fase de moderniza\u00e7\u00e3o da linha, que inclui substitui\u00e7\u00e3o de electrifica\u00e7\u00e3o, renova\u00e7\u00e3o da via e instala\u00e7\u00e3o de nova sinaliza\u00e7\u00e3o e controlo de velocidade.<\/li>\n<li>Durante os per\u00edodos de interdi\u00e7\u00e3o total, ser\u00e1 assegurado um servi\u00e7o de transbordo rodovi\u00e1rio para mitigar os impactos na mobilidade.<\/li>\n<li>Os condicionamentos operam nos dias de semana entre as 21h50 e as 2h35, aos s\u00e1bados entre as 20h50 e as 2h35, e aos domingos entre as 5h30 e as 8h40 e entre as 19h50 e as 2h35.<\/li>\n<\/ul>\n","protected":false},"author":2,"featured_media":412117,"comment_status":"closed","ping_status":"closed","sticky":false,"template":"","format":"standard","meta":{"footnotes":""},"categories":[1],"tags":[1111,1615,981,2110,6430,2262],"class_list":["post-412109","post","type-post","status-publish","format-standard","has-post-thumbnail","hentry","category-noticias","tag-cascais","tag-infraestrutura","tag-lisboa","tag-mobilidade","tag-renovacoes","tag-sinalizacao"],"yoast_head":"<!-- This site is optimized with the Yoast SEO plugin v27.2 - https:\/\/yoast.com\/product\/yoast-seo-wordpress\/ -->\n<title>Condicionamentos na Linha de Cascais a partir de 6 de Abril por obras - Portal Tela Portugal<\/title>\n<meta name=\"robots\" content=\"index, follow, max-snippet:-1, max-image-preview:large, max-video-preview:-1\" \/>\n<meta property=\"og:locale\" content=\"pt_PT\" \/>\n<meta property=\"og:type\" content=\"article\" \/>\n<meta property=\"og:title\" content=\"Condicionamentos na Linha de Cascais a partir de 6 de Abril por obras - Portal Tela Portugal\" \/>\n<meta property=\"og:description\" content=\"A partir de 6 de abril, a Linha de Cascais vai ter condicionamentos de circula\u00e7\u00e3o no tro\u00e7o Caxias-Cascais, no \u00e2mbito da obra de moderniza\u00e7\u00e3o. A interven\u00e7\u00e3o faz parte do prolongamento da fase de moderniza\u00e7\u00e3o da linha, que inclui substitui\u00e7\u00e3o de electrifica\u00e7\u00e3o, renova\u00e7\u00e3o da via e instala\u00e7\u00e3o de nova sinaliza\u00e7\u00e3o e controlo de velocidade. Durante os per\u00edodos de interdi\u00e7\u00e3o total, ser\u00e1 assegurado um servi\u00e7o de transbordo rodovi\u00e1rio para mitigar os impactos na mobilidade. Os condicionamentos operam nos dias de semana entre as 21h50 e as 2h35, aos s\u00e1bados entre as 20h50 e as 2h35, e aos domingos entre as 5h30 e as 8h40 e entre as 19h50 e as 2h35.\" \/>\n<meta property=\"og:url\" content=\"https:\/\/portaltela.pt\/noticias\/2026\/03\/16\/condicionamentos-na-linha-de-cascais-a-partir-de-6-de-abril-por-obras\/\" \/>\n<meta property=\"og:site_name\" content=\"Portal Tela Portugal\" \/>\n<meta property=\"article:published_time\" content=\"2026-03-16T14:30:00+00:00\" \/>\n<meta name=\"author\" content=\"Telinha\" \/>\n<meta name=\"twitter:card\" content=\"summary_large_image\" \/>\n<meta name=\"twitter:label1\" content=\"Escrito por\" \/>\n\t<meta name=\"twitter:data1\" content=\"Telinha\" \/>\n\t<meta name=\"twitter:label2\" content=\"Tempo estimado de leitura\" \/>\n\t<meta name=\"twitter:data2\" content=\"1 minuto\" \/>\n<script type=\"application\/ld+json\" class=\"yoast-schema-graph\">{\"@context\":\"https:\/\/schema.org\",\"@graph\":[{\"@type\":\"Article\",\"@id\":\"https:\/\/portaltela.pt\/noticias\/2026\/03\/16\/condicionamentos-na-linha-de-cascais-a-partir-de-6-de-abril-por-obras\/#article\",\"isPartOf\":{\"@id\":\"https:\/\/portaltela.pt\/noticias\/2026\/03\/16\/condicionamentos-na-linha-de-cascais-a-partir-de-6-de-abril-por-obras\/\"},\"author\":{\"name\":\"Telinha\",\"@id\":\"https:\/\/portaltela.pt\/#\/schema\/person\/c4278d4a6028830caff9ee44b42d32ed\"},\"headline\":\"Condicionamentos na Linha de Cascais a partir de 6 de Abril por obras\",\"datePublished\":\"2026-03-16T14:30:00+00:00\",\"mainEntityOfPage\":{\"@id\":\"https:\/\/portaltela.pt\/noticias\/2026\/03\/16\/condicionamentos-na-linha-de-cascais-a-partir-de-6-de-abril-por-obras\/\"},\"wordCount\":205,\"image\":{\"@id\":\"https:\/\/portaltela.pt\/noticias\/2026\/03\/16\/condicionamentos-na-linha-de-cascais-a-partir-de-6-de-abril-por-obras\/#primaryimage\"},\"thumbnailUrl\":\"https:\/\/portaltela.pt\/s.01k8rhncp4jt1\/2026\/03\/2074688.jpg\",\"keywords\":[\"Cascais\",\"infraestrutura\",\"Lisboa\",\"mobilidade\",\"renova\u00e7\u00f5es\",\"sinaliza\u00e7\u00e3o\"],\"articleSection\":[\"Not\u00edcias\"],\"inLanguage\":\"pt-PT\"},{\"@type\":\"WebPage\",\"@id\":\"https:\/\/portaltela.pt\/noticias\/2026\/03\/16\/condicionamentos-na-linha-de-cascais-a-partir-de-6-de-abril-por-obras\/\",\"url\":\"https:\/\/portaltela.pt\/noticias\/2026\/03\/16\/condicionamentos-na-linha-de-cascais-a-partir-de-6-de-abril-por-obras\/\",\"name\":\"Condicionamentos na Linha de Cascais a partir de 6 de Abril por obras - Portal Tela Portugal\",\"isPartOf\":{\"@id\":\"https:\/\/portaltela.pt\/#website\"},\"primaryImageOfPage\":{\"@id\":\"https:\/\/portaltela.pt\/noticias\/2026\/03\/16\/condicionamentos-na-linha-de-cascais-a-partir-de-6-de-abril-por-obras\/#primaryimage\"},\"image\":{\"@id\":\"https:\/\/portaltela.pt\/noticias\/2026\/03\/16\/condicionamentos-na-linha-de-cascais-a-partir-de-6-de-abril-por-obras\/#primaryimage\"},\"thumbnailUrl\":\"https:\/\/portaltela.pt\/s.01k8rhncp4jt1\/2026\/03\/2074688.jpg\",\"datePublished\":\"2026-03-16T14:30:00+00:00\",\"author\":{\"@id\":\"https:\/\/portaltela.pt\/#\/schema\/person\/c4278d4a6028830caff9ee44b42d32ed\"},\"breadcrumb\":{\"@id\":\"https:\/\/portaltela.pt\/noticias\/2026\/03\/16\/condicionamentos-na-linha-de-cascais-a-partir-de-6-de-abril-por-obras\/#breadcrumb\"},\"inLanguage\":\"pt-PT\",\"potentialAction\":[{\"@type\":\"ReadAction\",\"target\":[\"https:\/\/portaltela.pt\/noticias\/2026\/03\/16\/condicionamentos-na-linha-de-cascais-a-partir-de-6-de-abril-por-obras\/\"]}]},{\"@type\":\"ImageObject\",\"inLanguage\":\"pt-PT\",\"@id\":\"https:\/\/portaltela.pt\/noticias\/2026\/03\/16\/condicionamentos-na-linha-de-cascais-a-partir-de-6-de-abril-por-obras\/#primaryimage\",\"url\":\"https:\/\/portaltela.pt\/s.01k8rhncp4jt1\/2026\/03\/2074688.jpg\",\"contentUrl\":\"https:\/\/portaltela.pt\/s.01k8rhncp4jt1\/2026\/03\/2074688.jpg\",\"width\":796,\"height\":448,\"caption\":\"A linha ferrovi\u00e1ria liga os concelhos de Lisboa, Oeiras e Cascais\"},{\"@type\":\"BreadcrumbList\",\"@id\":\"https:\/\/portaltela.pt\/noticias\/2026\/03\/16\/condicionamentos-na-linha-de-cascais-a-partir-de-6-de-abril-por-obras\/#breadcrumb\",\"itemListElement\":[{\"@type\":\"ListItem\",\"position\":1,\"name\":\"In\u00edcio\",\"item\":\"https:\/\/portaltela.pt\/\"},{\"@type\":\"ListItem\",\"position\":2,\"name\":\"Condicionamentos na Linha de Cascais a partir de 6 de Abril por obras\"}]},{\"@type\":\"WebSite\",\"@id\":\"https:\/\/portaltela.pt\/#website\",\"url\":\"https:\/\/portaltela.pt\/\",\"name\":\"Portal Tela Portugal\",\"description\":\"\",\"potentialAction\":[{\"@type\":\"SearchAction\",\"target\":{\"@type\":\"EntryPoint\",\"urlTemplate\":\"https:\/\/portaltela.pt\/?s={search_term_string}\"},\"query-input\":{\"@type\":\"PropertyValueSpecification\",\"valueRequired\":true,\"valueName\":\"search_term_string\"}}],\"inLanguage\":\"pt-PT\"},{\"@type\":\"Person\",\"@id\":\"https:\/\/portaltela.pt\/#\/schema\/person\/c4278d4a6028830caff9ee44b42d32ed\",\"name\":\"Telinha\",\"image\":{\"@type\":\"ImageObject\",\"inLanguage\":\"pt-PT\",\"@id\":\"https:\/\/portaltela.pt\/s.01k8rhncp4jt1\/2025\/11\/talking-bot-125x125.png\",\"url\":\"https:\/\/portaltela.pt\/s.01k8rhncp4jt1\/2025\/11\/talking-bot-125x125.png\",\"contentUrl\":\"https:\/\/portaltela.pt\/s.01k8rhncp4jt1\/2025\/11\/talking-bot-125x125.png\",\"caption\":\"Telinha\"},\"sameAs\":[\"https:\/\/portaltela.pt\/\"],\"url\":\"https:\/\/portaltela.pt\/por\/367410592786\/\"}]}<\/script>\n<!-- \/ Yoast SEO plugin. -->","yoast_head_json":{"title":"Condicionamentos na Linha de Cascais a partir de 6 de Abril por obras - Portal Tela Portugal","robots":{"index":"index","follow":"follow","max-snippet":"max-snippet:-1","max-image-preview":"max-image-preview:large","max-video-preview":"max-video-preview:-1"},"og_locale":"pt_PT","og_type":"article","og_title":"Condicionamentos na Linha de Cascais a partir de 6 de Abril por obras - Portal Tela Portugal","og_description":"A partir de 6 de abril, a Linha de Cascais vai ter condicionamentos de circula\u00e7\u00e3o no tro\u00e7o Caxias-Cascais, no \u00e2mbito da obra de moderniza\u00e7\u00e3o. A interven\u00e7\u00e3o faz parte do prolongamento da fase de moderniza\u00e7\u00e3o da linha, que inclui substitui\u00e7\u00e3o de electrifica\u00e7\u00e3o, renova\u00e7\u00e3o da via e instala\u00e7\u00e3o de nova sinaliza\u00e7\u00e3o e controlo de velocidade. Durante os per\u00edodos de interdi\u00e7\u00e3o total, ser\u00e1 assegurado um servi\u00e7o de transbordo rodovi\u00e1rio para mitigar os impactos na mobilidade. Os condicionamentos operam nos dias de semana entre as 21h50 e as 2h35, aos s\u00e1bados entre as 20h50 e as 2h35, e aos domingos entre as 5h30 e as 8h40 e entre as 19h50 e as 2h35.","og_url":"https:\/\/portaltela.pt\/noticias\/2026\/03\/16\/condicionamentos-na-linha-de-cascais-a-partir-de-6-de-abril-por-obras\/","og_site_name":"Portal Tela Portugal","article_published_time":"2026-03-16T14:30:00+00:00","author":"Telinha","twitter_card":"summary_large_image","twitter_misc":{"Escrito por":"Telinha","Tempo estimado de leitura":"1 minuto"},"schema":{"@context":"https:\/\/schema.org","@graph":[{"@type":"Article","@id":"https:\/\/portaltela.pt\/noticias\/2026\/03\/16\/condicionamentos-na-linha-de-cascais-a-partir-de-6-de-abril-por-obras\/#article","isPartOf":{"@id":"https:\/\/portaltela.pt\/noticias\/2026\/03\/16\/condicionamentos-na-linha-de-cascais-a-partir-de-6-de-abril-por-obras\/"},"author":{"name":"Telinha","@id":"https:\/\/portaltela.pt\/#\/schema\/person\/c4278d4a6028830caff9ee44b42d32ed"},"headline":"Condicionamentos na Linha de Cascais a partir de 6 de Abril por obras","datePublished":"2026-03-16T14:30:00+00:00","mainEntityOfPage":{"@id":"https:\/\/portaltela.pt\/noticias\/2026\/03\/16\/condicionamentos-na-linha-de-cascais-a-partir-de-6-de-abril-por-obras\/"},"wordCount":205,"image":{"@id":"https:\/\/portaltela.pt\/noticias\/2026\/03\/16\/condicionamentos-na-linha-de-cascais-a-partir-de-6-de-abril-por-obras\/#primaryimage"},"thumbnailUrl":"https:\/\/portaltela.pt\/s.01k8rhncp4jt1\/2026\/03\/2074688.jpg","keywords":["Cascais","infraestrutura","Lisboa","mobilidade","renova\u00e7\u00f5es","sinaliza\u00e7\u00e3o"],"articleSection":["Not\u00edcias"],"inLanguage":"pt-PT"},{"@type":"WebPage","@id":"https:\/\/portaltela.pt\/noticias\/2026\/03\/16\/condicionamentos-na-linha-de-cascais-a-partir-de-6-de-abril-por-obras\/","url":"https:\/\/portaltela.pt\/noticias\/2026\/03\/16\/condicionamentos-na-linha-de-cascais-a-partir-de-6-de-abril-por-obras\/","name":"Condicionamentos na Linha de Cascais a partir de 6 de Abril por obras - Portal Tela Portugal","isPartOf":{"@id":"https:\/\/portaltela.pt\/#website"},"primaryImageOfPage":{"@id":"https:\/\/portaltela.pt\/noticias\/2026\/03\/16\/condicionamentos-na-linha-de-cascais-a-partir-de-6-de-abril-por-obras\/#primaryimage"},"image":{"@id":"https:\/\/portaltela.pt\/noticias\/2026\/03\/16\/condicionamentos-na-linha-de-cascais-a-partir-de-6-de-abril-por-obras\/#primaryimage"},"thumbnailUrl":"https:\/\/portaltela.pt\/s.01k8rhncp4jt1\/2026\/03\/2074688.jpg","datePublished":"2026-03-16T14:30:00+00:00","author":{"@id":"https:\/\/portaltela.pt\/#\/schema\/person\/c4278d4a6028830caff9ee44b42d32ed"},"breadcrumb":{"@id":"https:\/\/portaltela.pt\/noticias\/2026\/03\/16\/condicionamentos-na-linha-de-cascais-a-partir-de-6-de-abril-por-obras\/#breadcrumb"},"inLanguage":"pt-PT","potentialAction":[{"@type":"ReadAction","target":["https:\/\/portaltela.pt\/noticias\/2026\/03\/16\/condicionamentos-na-linha-de-cascais-a-partir-de-6-de-abril-por-obras\/"]}]},{"@type":"ImageObject","inLanguage":"pt-PT","@id":"https:\/\/portaltela.pt\/noticias\/2026\/03\/16\/condicionamentos-na-linha-de-cascais-a-partir-de-6-de-abril-por-obras\/#primaryimage","url":"https:\/\/portaltela.pt\/s.01k8rhncp4jt1\/2026\/03\/2074688.jpg","contentUrl":"https:\/\/portaltela.pt\/s.01k8rhncp4jt1\/2026\/03\/2074688.jpg","width":796,"height":448,"caption":"A linha ferrovi\u00e1ria liga os concelhos de Lisboa, Oeiras e Cascais"},{"@type":"BreadcrumbList","@id":"https:\/\/portaltela.pt\/noticias\/2026\/03\/16\/condicionamentos-na-linha-de-cascais-a-partir-de-6-de-abril-por-obras\/#breadcrumb","itemListElement":[{"@type":"ListItem","position":1,"name":"In\u00edcio","item":"https:\/\/portaltela.pt\/"},{"@type":"ListItem","position":2,"name":"Condicionamentos na Linha de Cascais a partir de 6 de Abril por obras"}]},{"@type":"WebSite","@id":"https:\/\/portaltela.pt\/#website","url":"https:\/\/portaltela.pt\/","name":"Portal Tela Portugal","description":"","potentialAction":[{"@type":"SearchAction","target":{"@type":"EntryPoint","urlTemplate":"https:\/\/portaltela.pt\/?s={search_term_string}"},"query-input":{"@type":"PropertyValueSpecification","valueRequired":true,"valueName":"search_term_string"}}],"inLanguage":"pt-PT"},{"@type":"Person","@id":"https:\/\/portaltela.pt\/#\/schema\/person\/c4278d4a6028830caff9ee44b42d32ed","name":"Telinha","image":{"@type":"ImageObject","inLanguage":"pt-PT","@id":"https:\/\/portaltela.pt\/s.01k8rhncp4jt1\/2025\/11\/talking-bot-125x125.png","url":"https:\/\/portaltela.pt\/s.01k8rhncp4jt1\/2025\/11\/talking-bot-125x125.png","contentUrl":"https:\/\/portaltela.pt\/s.01k8rhncp4jt1\/2025\/11\/talking-bot-125x125.png","caption":"Telinha"},"sameAs":["https:\/\/portaltela.pt\/"],"url":"https:\/\/portaltela.pt\/por\/367410592786\/"}]}},"_links":{"self":[{"href":"https:\/\/portaltela.pt\/api\/wp\/v2\/posts\/412109","targetHints":{"allow":["GET"]}}],"collection":[{"href":"https:\/\/portaltela.pt\/api\/wp\/v2\/posts"}],"about":[{"href":"https:\/\/portaltela.pt\/api\/wp\/v2\/types\/post"}],"author":[{"embeddable":true,"href":"https:\/\/portaltela.pt\/api\/wp\/v2\/users\/2"}],"replies":[{"embeddable":true,"href":"https:\/\/portaltela.pt\/api\/wp\/v2\/comments?post=412109"}],"version-history":[{"count":0,"href":"https:\/\/portaltela.pt\/api\/wp\/v2\/posts\/412109\/revisions"}],"wp:featuredmedia":[{"embeddable":true,"href":"https:\/\/portaltela.pt\/api\/wp\/v2\/media\/412117"}],"wp:attachment":[{"href":"https:\/\/portaltela.pt\/api\/wp\/v2\/media?parent=412109"}],"wp:term":[{"taxonomy":"category","embeddable":true,"href":"https:\/\/portaltela.pt\/api\/wp\/v2\/categories?post=412109"},{"taxonomy":"post_tag","embeddable":true,"href":"https:\/\/portaltela.pt\/api\/wp\/v2\/tags?post=412109"}],"curies":[{"name":"wp","href":"https:\/\/api.w.org\/{rel}","templated":true}]}}