{"id":412095,"date":"2026-03-16T11:36:00","date_gmt":"2026-03-16T14:36:00","guid":{"rendered":"https:\/\/portaltela.pt\/noticias\/2026\/03\/16\/quem-procura-medico-de-familia-privado-ja-tem-especialista-no-sns\/"},"modified":"2026-03-16T11:36:00","modified_gmt":"2026-03-16T14:36:00","slug":"quem-procura-medico-de-familia-privado-ja-tem-especialista-no-sns","status":"publish","type":"post","link":"https:\/\/portaltela.pt\/saude\/2026\/03\/16\/quem-procura-medico-de-familia-privado-ja-tem-especialista-no-sns\/","title":{"rendered":"Quem procura m\u00e9dico de fam\u00edlia privado j\u00e1 tem especialista no SNS"},"content":{"rendered":"<p>A maioria dos adultos que recorreu ao m\u00e9dico de fam\u00edlia no setor privado em 2025 j\u00e1 tinha cl\u00ednico atribu\u00eddo no SNS. O estudo divulgado hoje revela que o principal motivo \u00e9 a exist\u00eancia de seguro de sa\u00fade ou de outra cobertura complementar, n\u00e3o a aus\u00eancia de m\u00e9dico no SNS. A an\u00e1lise \u00e9 da Nova SBE.<\/p>\n<p>Segundo os investigadores Carolina Santos e Pedro Pita Barros, 14,1% dos adultos recorreram em 2025 ao m\u00e9dico de fam\u00edlia no privado, e cerca de 70% j\u00e1 tinham m\u00e9dico de fam\u00edlia atribu\u00eddo pelo SNS. O trabalho aponta que a dupla cobertura condiciona fortemente a escolha pelo setor privado.<\/p>\n<h3>Motivos e impacto da dupla cobertura<\/h3>\n<p>A pesquisa identifica que o fator dominante n\u00e3o \u00e9 a falta de m\u00e9dico de fam\u00edlia no SNS, mas a presen\u00e7a de seguro de sa\u00fade. Apenas 4,2% da popula\u00e7\u00e3o recorre ao privado por n\u00e3o ter m\u00e9dico no SNS, e 10% tem dupla cobertura.<\/p>\n<p>Ter seguro de sa\u00fade aumenta em cerca de 39 pontos percentuais a probabilidade de recorrer ao privado, com varia\u00e7\u00f5es por subsistema: 24,5 p.p. no conjunto dos subsistemas privados, 15,2 p.p. na ADSE e 10,8 p.p. na ADM.<\/p>\n<p>Por outro lado, n\u00e3o ter m\u00e9dico no SNS eleva a probabilidade em apenas 6,3 p.p., um impacto bem menor que o associado ao seguro privado.<\/p>\n<p>A perda de acesso ao m\u00e9dico de fam\u00edlia no SNS traduz-se num aumento moderado da procura pelo privado: 13,4% passam a recorrer ao privado, saltando para 18,7% caso o acesso seja perdido.<\/p>\n<h3>Disparidades por regi\u00e3o e perfil social<\/h3>\n<p>As maiores taxas de recurso ao privado situam-se no Algarve (19,3%) e na Grande Lisboa (16,8%), seguidas pelo Grande Porto (13,6%) e pelo Norte Litoral (11,5%). Regi\u00f5es com alta cobertura p\u00fablica, como Norte Litoral (94,6%) e Grande Porto (93,1%), tamb\u00e9m apresentam n\u00edveis significativos de dupla utiliza\u00e7\u00e3o (10,9% e 12,6%).<\/p>\n<p>A probabilidade de adquirir seguro privado aumenta com o estatuto socioecon\u00f3mico. O estudo sublinha que o seguro privado \u00e9 sens\u00edvel a condi\u00e7\u00f5es econ\u00f3micas, mesmo quando se considera educa\u00e7\u00e3o, profiss\u00e3o e regi\u00e3o.<\/p>\n<p>O autorrelato de sa\u00fade tem impacto limitado na decis\u00e3o de recorrer ao privado, sugerindo que a decis\u00e3o est\u00e1 mais ligada a cobertura financeira do que a necessidade cl\u00ednica imediata.<\/p>\n<h3>Conclus\u00f5es dos autores e contexto<\/h3>\n<p>Os investigadores concluem que o crescimento dos seguros privados amplifica o uso do m\u00e9dico de fam\u00edlia no setor privado, sem depender exclusivamente da falta de m\u00e9dicos no SNS. O estudo destaca a necessidade de entender h\u00e1bitos e motiva\u00e7\u00f5es para pol\u00edticas de sa\u00fade.<\/p>\n<p>A an\u00e1lise utiliza dados do Inqu\u00e9rito de Base ao Relat\u00f3rio de Acesso aos Cuidados de Sa\u00fade (2023 e 2025), enquadrada na Iniciativa para a Equidade Social, com apoio de Funda\u00e7\u00e3o la Caixa, BPI e Nova SBE.<\/p>\n","protected":false},"excerpt":{"rendered":"<ul>\n<li>Em 2025, 14,1% dos adultos recorreram ao m\u00e9dico de fam\u00edlia no privado, e cerca de 70% desses j\u00e1 tinham m\u00e9dico de fam\u00edlia atribu\u00eddo pelo Servi\u00e7o Nacional de Sa\u00fade (SNS).<\/li>\n<li>O principal motivo para recorrer ao privado n\u00e3o \u00e9 a aus\u00eancia de m\u00e9dico de fam\u00edlia no SNS, mas a cobertura por seguro de sa\u00fade privado ou por dupla cobertura.<\/li>\n<li>Apenas 4,2% da popula\u00e7\u00e3o total utiliza o privado por n\u00e3o ter m\u00e9dico de fam\u00edlia no SNS; cerca de 10% tem dupla cobertura.<\/li>\n<li>Ter seguro de sa\u00fade aumenta a probabilidade de recorrer ao privado em cerca de 39 pontos percentuais, com varia\u00e7\u00f5es entre subsistemas (ADSE, ADM e outros).<\/li>\n<li>As regi\u00f5es com maior recurso ao privado s\u00e3o o Algarve (19,3%) e a Grande Lisboa (16,8%), seguidas da Grande Porto (13,6%) e Norte Litoral (11,5%); mesmo em \u00e1reas com alta cobertura p\u00fablica, h\u00e1 n\u00edveis relevantes de dupla utiliza\u00e7\u00e3o.<\/li>\n<\/ul>\n","protected":false},"author":2,"featured_media":412103,"comment_status":"closed","ping_status":"closed","sticky":false,"template":"","format":"standard","meta":{"footnotes":""},"categories":[1,6745],"tags":[928,4023,5343,2765,172,271],"class_list":["post-412095","post","type-post","status-publish","format-standard","has-post-thumbnail","hentry","category-noticias","category-saude","tag-algarve","tag-grande-lisboa","tag-grande-porto","tag-norte","tag-saude","tag-saude-publica"],"yoast_head":"<!-- This site is optimized with the Yoast SEO plugin v27.2 - https:\/\/yoast.com\/product\/yoast-seo-wordpress\/ -->\n<title>Quem procura m\u00e9dico de fam\u00edlia privado j\u00e1 tem especialista no SNS - Portal Tela Portugal<\/title>\n<meta name=\"robots\" content=\"index, follow, max-snippet:-1, max-image-preview:large, max-video-preview:-1\" \/>\n<meta property=\"og:locale\" content=\"pt_PT\" \/>\n<meta property=\"og:type\" content=\"article\" \/>\n<meta property=\"og:title\" content=\"Quem procura m\u00e9dico de fam\u00edlia privado j\u00e1 tem especialista no SNS - Portal Tela Portugal\" \/>\n<meta property=\"og:description\" content=\"Em 2025, 14,1% dos adultos recorreram ao m\u00e9dico de fam\u00edlia no privado, e cerca de 70% desses j\u00e1 tinham m\u00e9dico de fam\u00edlia atribu\u00eddo pelo Servi\u00e7o Nacional de Sa\u00fade (SNS). O principal motivo para recorrer ao privado n\u00e3o \u00e9 a aus\u00eancia de m\u00e9dico de fam\u00edlia no SNS, mas a cobertura por seguro de sa\u00fade privado ou por dupla cobertura. Apenas 4,2% da popula\u00e7\u00e3o total utiliza o privado por n\u00e3o ter m\u00e9dico de fam\u00edlia no SNS; cerca de 10% tem dupla cobertura. Ter seguro de sa\u00fade aumenta a probabilidade de recorrer ao privado em cerca de 39 pontos percentuais, com varia\u00e7\u00f5es entre subsistemas (ADSE, ADM e outros). As regi\u00f5es com maior recurso ao privado s\u00e3o o Algarve (19,3%) e a Grande Lisboa (16,8%), seguidas da Grande Porto (13,6%) e Norte Litoral (11,5%); mesmo em \u00e1reas com alta cobertura p\u00fablica, h\u00e1 n\u00edveis relevantes de dupla utiliza\u00e7\u00e3o.\" \/>\n<meta property=\"og:url\" content=\"https:\/\/portaltela.pt\/noticias\/2026\/03\/16\/quem-procura-medico-de-familia-privado-ja-tem-especialista-no-sns\/\" \/>\n<meta property=\"og:site_name\" content=\"Portal Tela Portugal\" \/>\n<meta property=\"article:published_time\" content=\"2026-03-16T14:36:00+00:00\" \/>\n<meta name=\"author\" content=\"Telinha\" \/>\n<meta name=\"twitter:card\" content=\"summary_large_image\" \/>\n<meta name=\"twitter:label1\" content=\"Escrito por\" \/>\n\t<meta name=\"twitter:data1\" content=\"Telinha\" \/>\n\t<meta name=\"twitter:label2\" content=\"Tempo estimado de leitura\" \/>\n\t<meta name=\"twitter:data2\" content=\"2 minutos\" \/>\n<script type=\"application\/ld+json\" class=\"yoast-schema-graph\">{\"@context\":\"https:\/\/schema.org\",\"@graph\":[{\"@type\":\"Article\",\"@id\":\"https:\/\/portaltela.pt\/noticias\/2026\/03\/16\/quem-procura-medico-de-familia-privado-ja-tem-especialista-no-sns\/#article\",\"isPartOf\":{\"@id\":\"https:\/\/portaltela.pt\/noticias\/2026\/03\/16\/quem-procura-medico-de-familia-privado-ja-tem-especialista-no-sns\/\"},\"author\":{\"name\":\"Telinha\",\"@id\":\"https:\/\/portaltela.pt\/#\/schema\/person\/c4278d4a6028830caff9ee44b42d32ed\"},\"headline\":\"Quem procura m\u00e9dico de fam\u00edlia privado j\u00e1 tem especialista no SNS\",\"datePublished\":\"2026-03-16T14:36:00+00:00\",\"mainEntityOfPage\":{\"@id\":\"https:\/\/portaltela.pt\/noticias\/2026\/03\/16\/quem-procura-medico-de-familia-privado-ja-tem-especialista-no-sns\/\"},\"wordCount\":491,\"image\":{\"@id\":\"https:\/\/portaltela.pt\/noticias\/2026\/03\/16\/quem-procura-medico-de-familia-privado-ja-tem-especialista-no-sns\/#primaryimage\"},\"thumbnailUrl\":\"https:\/\/portaltela.pt\/s.01k8rhncp4jt1\/2026\/03\/image-70.webp\",\"keywords\":[\"Algarve\",\"Grande Lisboa\",\"Grande Porto\",\"Norte\",\"sa\u00fade\",\"sa\u00fade p\u00fablica\"],\"articleSection\":[\"Not\u00edcias\",\"Sa\u00fade\"],\"inLanguage\":\"pt-PT\"},{\"@type\":\"WebPage\",\"@id\":\"https:\/\/portaltela.pt\/noticias\/2026\/03\/16\/quem-procura-medico-de-familia-privado-ja-tem-especialista-no-sns\/\",\"url\":\"https:\/\/portaltela.pt\/noticias\/2026\/03\/16\/quem-procura-medico-de-familia-privado-ja-tem-especialista-no-sns\/\",\"name\":\"Quem procura m\u00e9dico de fam\u00edlia privado j\u00e1 tem especialista no SNS - Portal Tela Portugal\",\"isPartOf\":{\"@id\":\"https:\/\/portaltela.pt\/#website\"},\"primaryImageOfPage\":{\"@id\":\"https:\/\/portaltela.pt\/noticias\/2026\/03\/16\/quem-procura-medico-de-familia-privado-ja-tem-especialista-no-sns\/#primaryimage\"},\"image\":{\"@id\":\"https:\/\/portaltela.pt\/noticias\/2026\/03\/16\/quem-procura-medico-de-familia-privado-ja-tem-especialista-no-sns\/#primaryimage\"},\"thumbnailUrl\":\"https:\/\/portaltela.pt\/s.01k8rhncp4jt1\/2026\/03\/image-70.webp\",\"datePublished\":\"2026-03-16T14:36:00+00:00\",\"author\":{\"@id\":\"https:\/\/portaltela.pt\/#\/schema\/person\/c4278d4a6028830caff9ee44b42d32ed\"},\"breadcrumb\":{\"@id\":\"https:\/\/portaltela.pt\/noticias\/2026\/03\/16\/quem-procura-medico-de-familia-privado-ja-tem-especialista-no-sns\/#breadcrumb\"},\"inLanguage\":\"pt-PT\",\"potentialAction\":[{\"@type\":\"ReadAction\",\"target\":[\"https:\/\/portaltela.pt\/noticias\/2026\/03\/16\/quem-procura-medico-de-familia-privado-ja-tem-especialista-no-sns\/\"]}]},{\"@type\":\"ImageObject\",\"inLanguage\":\"pt-PT\",\"@id\":\"https:\/\/portaltela.pt\/noticias\/2026\/03\/16\/quem-procura-medico-de-familia-privado-ja-tem-especialista-no-sns\/#primaryimage\",\"url\":\"https:\/\/portaltela.pt\/s.01k8rhncp4jt1\/2026\/03\/image-70.webp\",\"contentUrl\":\"https:\/\/portaltela.pt\/s.01k8rhncp4jt1\/2026\/03\/image-70.webp\",\"width\":1200,\"height\":800,\"caption\":\"Foto: Artur Machado\"},{\"@type\":\"BreadcrumbList\",\"@id\":\"https:\/\/portaltela.pt\/noticias\/2026\/03\/16\/quem-procura-medico-de-familia-privado-ja-tem-especialista-no-sns\/#breadcrumb\",\"itemListElement\":[{\"@type\":\"ListItem\",\"position\":1,\"name\":\"In\u00edcio\",\"item\":\"https:\/\/portaltela.pt\/\"},{\"@type\":\"ListItem\",\"position\":2,\"name\":\"Quem procura m\u00e9dico de fam\u00edlia privado j\u00e1 tem especialista no SNS\"}]},{\"@type\":\"WebSite\",\"@id\":\"https:\/\/portaltela.pt\/#website\",\"url\":\"https:\/\/portaltela.pt\/\",\"name\":\"Portal Tela Portugal\",\"description\":\"\",\"potentialAction\":[{\"@type\":\"SearchAction\",\"target\":{\"@type\":\"EntryPoint\",\"urlTemplate\":\"https:\/\/portaltela.pt\/?s={search_term_string}\"},\"query-input\":{\"@type\":\"PropertyValueSpecification\",\"valueRequired\":true,\"valueName\":\"search_term_string\"}}],\"inLanguage\":\"pt-PT\"},{\"@type\":\"Person\",\"@id\":\"https:\/\/portaltela.pt\/#\/schema\/person\/c4278d4a6028830caff9ee44b42d32ed\",\"name\":\"Telinha\",\"image\":{\"@type\":\"ImageObject\",\"inLanguage\":\"pt-PT\",\"@id\":\"https:\/\/portaltela.pt\/s.01k8rhncp4jt1\/2025\/11\/talking-bot-125x125.png\",\"url\":\"https:\/\/portaltela.pt\/s.01k8rhncp4jt1\/2025\/11\/talking-bot-125x125.png\",\"contentUrl\":\"https:\/\/portaltela.pt\/s.01k8rhncp4jt1\/2025\/11\/talking-bot-125x125.png\",\"caption\":\"Telinha\"},\"sameAs\":[\"https:\/\/portaltela.pt\/\"],\"url\":\"https:\/\/portaltela.pt\/por\/367410592786\/\"}]}<\/script>\n<!-- \/ Yoast SEO plugin. -->","yoast_head_json":{"title":"Quem procura m\u00e9dico de fam\u00edlia privado j\u00e1 tem especialista no SNS - Portal Tela Portugal","robots":{"index":"index","follow":"follow","max-snippet":"max-snippet:-1","max-image-preview":"max-image-preview:large","max-video-preview":"max-video-preview:-1"},"og_locale":"pt_PT","og_type":"article","og_title":"Quem procura m\u00e9dico de fam\u00edlia privado j\u00e1 tem especialista no SNS - Portal Tela Portugal","og_description":"Em 2025, 14,1% dos adultos recorreram ao m\u00e9dico de fam\u00edlia no privado, e cerca de 70% desses j\u00e1 tinham m\u00e9dico de fam\u00edlia atribu\u00eddo pelo Servi\u00e7o Nacional de Sa\u00fade (SNS). O principal motivo para recorrer ao privado n\u00e3o \u00e9 a aus\u00eancia de m\u00e9dico de fam\u00edlia no SNS, mas a cobertura por seguro de sa\u00fade privado ou por dupla cobertura. Apenas 4,2% da popula\u00e7\u00e3o total utiliza o privado por n\u00e3o ter m\u00e9dico de fam\u00edlia no SNS; cerca de 10% tem dupla cobertura. Ter seguro de sa\u00fade aumenta a probabilidade de recorrer ao privado em cerca de 39 pontos percentuais, com varia\u00e7\u00f5es entre subsistemas (ADSE, ADM e outros). As regi\u00f5es com maior recurso ao privado s\u00e3o o Algarve (19,3%) e a Grande Lisboa (16,8%), seguidas da Grande Porto (13,6%) e Norte Litoral (11,5%); mesmo em \u00e1reas com alta cobertura p\u00fablica, h\u00e1 n\u00edveis relevantes de dupla utiliza\u00e7\u00e3o.","og_url":"https:\/\/portaltela.pt\/noticias\/2026\/03\/16\/quem-procura-medico-de-familia-privado-ja-tem-especialista-no-sns\/","og_site_name":"Portal Tela Portugal","article_published_time":"2026-03-16T14:36:00+00:00","author":"Telinha","twitter_card":"summary_large_image","twitter_misc":{"Escrito por":"Telinha","Tempo estimado de leitura":"2 minutos"},"schema":{"@context":"https:\/\/schema.org","@graph":[{"@type":"Article","@id":"https:\/\/portaltela.pt\/noticias\/2026\/03\/16\/quem-procura-medico-de-familia-privado-ja-tem-especialista-no-sns\/#article","isPartOf":{"@id":"https:\/\/portaltela.pt\/noticias\/2026\/03\/16\/quem-procura-medico-de-familia-privado-ja-tem-especialista-no-sns\/"},"author":{"name":"Telinha","@id":"https:\/\/portaltela.pt\/#\/schema\/person\/c4278d4a6028830caff9ee44b42d32ed"},"headline":"Quem procura m\u00e9dico de fam\u00edlia privado j\u00e1 tem especialista no SNS","datePublished":"2026-03-16T14:36:00+00:00","mainEntityOfPage":{"@id":"https:\/\/portaltela.pt\/noticias\/2026\/03\/16\/quem-procura-medico-de-familia-privado-ja-tem-especialista-no-sns\/"},"wordCount":491,"image":{"@id":"https:\/\/portaltela.pt\/noticias\/2026\/03\/16\/quem-procura-medico-de-familia-privado-ja-tem-especialista-no-sns\/#primaryimage"},"thumbnailUrl":"https:\/\/portaltela.pt\/s.01k8rhncp4jt1\/2026\/03\/image-70.webp","keywords":["Algarve","Grande Lisboa","Grande Porto","Norte","sa\u00fade","sa\u00fade p\u00fablica"],"articleSection":["Not\u00edcias","Sa\u00fade"],"inLanguage":"pt-PT"},{"@type":"WebPage","@id":"https:\/\/portaltela.pt\/noticias\/2026\/03\/16\/quem-procura-medico-de-familia-privado-ja-tem-especialista-no-sns\/","url":"https:\/\/portaltela.pt\/noticias\/2026\/03\/16\/quem-procura-medico-de-familia-privado-ja-tem-especialista-no-sns\/","name":"Quem procura m\u00e9dico de fam\u00edlia privado j\u00e1 tem especialista no SNS - Portal Tela Portugal","isPartOf":{"@id":"https:\/\/portaltela.pt\/#website"},"primaryImageOfPage":{"@id":"https:\/\/portaltela.pt\/noticias\/2026\/03\/16\/quem-procura-medico-de-familia-privado-ja-tem-especialista-no-sns\/#primaryimage"},"image":{"@id":"https:\/\/portaltela.pt\/noticias\/2026\/03\/16\/quem-procura-medico-de-familia-privado-ja-tem-especialista-no-sns\/#primaryimage"},"thumbnailUrl":"https:\/\/portaltela.pt\/s.01k8rhncp4jt1\/2026\/03\/image-70.webp","datePublished":"2026-03-16T14:36:00+00:00","author":{"@id":"https:\/\/portaltela.pt\/#\/schema\/person\/c4278d4a6028830caff9ee44b42d32ed"},"breadcrumb":{"@id":"https:\/\/portaltela.pt\/noticias\/2026\/03\/16\/quem-procura-medico-de-familia-privado-ja-tem-especialista-no-sns\/#breadcrumb"},"inLanguage":"pt-PT","potentialAction":[{"@type":"ReadAction","target":["https:\/\/portaltela.pt\/noticias\/2026\/03\/16\/quem-procura-medico-de-familia-privado-ja-tem-especialista-no-sns\/"]}]},{"@type":"ImageObject","inLanguage":"pt-PT","@id":"https:\/\/portaltela.pt\/noticias\/2026\/03\/16\/quem-procura-medico-de-familia-privado-ja-tem-especialista-no-sns\/#primaryimage","url":"https:\/\/portaltela.pt\/s.01k8rhncp4jt1\/2026\/03\/image-70.webp","contentUrl":"https:\/\/portaltela.pt\/s.01k8rhncp4jt1\/2026\/03\/image-70.webp","width":1200,"height":800,"caption":"Foto: Artur Machado"},{"@type":"BreadcrumbList","@id":"https:\/\/portaltela.pt\/noticias\/2026\/03\/16\/quem-procura-medico-de-familia-privado-ja-tem-especialista-no-sns\/#breadcrumb","itemListElement":[{"@type":"ListItem","position":1,"name":"In\u00edcio","item":"https:\/\/portaltela.pt\/"},{"@type":"ListItem","position":2,"name":"Quem procura m\u00e9dico de fam\u00edlia privado j\u00e1 tem especialista no SNS"}]},{"@type":"WebSite","@id":"https:\/\/portaltela.pt\/#website","url":"https:\/\/portaltela.pt\/","name":"Portal Tela Portugal","description":"","potentialAction":[{"@type":"SearchAction","target":{"@type":"EntryPoint","urlTemplate":"https:\/\/portaltela.pt\/?s={search_term_string}"},"query-input":{"@type":"PropertyValueSpecification","valueRequired":true,"valueName":"search_term_string"}}],"inLanguage":"pt-PT"},{"@type":"Person","@id":"https:\/\/portaltela.pt\/#\/schema\/person\/c4278d4a6028830caff9ee44b42d32ed","name":"Telinha","image":{"@type":"ImageObject","inLanguage":"pt-PT","@id":"https:\/\/portaltela.pt\/s.01k8rhncp4jt1\/2025\/11\/talking-bot-125x125.png","url":"https:\/\/portaltela.pt\/s.01k8rhncp4jt1\/2025\/11\/talking-bot-125x125.png","contentUrl":"https:\/\/portaltela.pt\/s.01k8rhncp4jt1\/2025\/11\/talking-bot-125x125.png","caption":"Telinha"},"sameAs":["https:\/\/portaltela.pt\/"],"url":"https:\/\/portaltela.pt\/por\/367410592786\/"}]}},"_links":{"self":[{"href":"https:\/\/portaltela.pt\/api\/wp\/v2\/posts\/412095","targetHints":{"allow":["GET"]}}],"collection":[{"href":"https:\/\/portaltela.pt\/api\/wp\/v2\/posts"}],"about":[{"href":"https:\/\/portaltela.pt\/api\/wp\/v2\/types\/post"}],"author":[{"embeddable":true,"href":"https:\/\/portaltela.pt\/api\/wp\/v2\/users\/2"}],"replies":[{"embeddable":true,"href":"https:\/\/portaltela.pt\/api\/wp\/v2\/comments?post=412095"}],"version-history":[{"count":0,"href":"https:\/\/portaltela.pt\/api\/wp\/v2\/posts\/412095\/revisions"}],"wp:featuredmedia":[{"embeddable":true,"href":"https:\/\/portaltela.pt\/api\/wp\/v2\/media\/412103"}],"wp:attachment":[{"href":"https:\/\/portaltela.pt\/api\/wp\/v2\/media?parent=412095"}],"wp:term":[{"taxonomy":"category","embeddable":true,"href":"https:\/\/portaltela.pt\/api\/wp\/v2\/categories?post=412095"},{"taxonomy":"post_tag","embeddable":true,"href":"https:\/\/portaltela.pt\/api\/wp\/v2\/tags?post=412095"}],"curies":[{"name":"wp","href":"https:\/\/api.w.org\/{rel}","templated":true}]}}