{"id":412085,"date":"2026-03-16T11:39:20","date_gmt":"2026-03-16T14:39:20","guid":{"rendered":"https:\/\/portaltela.pt\/noticias\/2026\/03\/16\/bastonario-aplaude-proposta-do-psd-sobre-prescricao-de-crimes\/"},"modified":"2026-03-16T11:39:20","modified_gmt":"2026-03-16T14:39:20","slug":"bastonario-aplaude-proposta-do-psd-sobre-prescricao-de-crimes","status":"publish","type":"post","link":"https:\/\/portaltela.pt\/noticias\/2026\/03\/16\/bastonario-aplaude-proposta-do-psd-sobre-prescricao-de-crimes\/","title":{"rendered":"Baston\u00e1rio aplaude proposta do PSD sobre prescri\u00e7\u00e3o de crimes"},"content":{"rendered":"<p>O baston\u00e1rio da Ordem dos Advogados elogiou a proposta do PSD para suspender os prazos de prescri\u00e7\u00e3o de crimes quando ocorre a substitui\u00e7\u00e3o de advogado. A posi\u00e7\u00e3o surgiu esta segunda-feira, ap\u00f3s a apresenta\u00e7\u00e3o da medida na Assembleia da Rep\u00fablica. A leitura \u00e9 de que a iniciativa ajuda a evitar constrangimentos temporais.<\/p>\n<p>Jo\u00e3o Massano afirmou que a proposta avan\u00e7a em dois sentidos: facilita aos advogados o acesso aos processos sem pressa e impede que a prescri\u00e7\u00e3o se aproxime, comprometendo o andamento. Ainda assim, considera que n\u00e3o chega para assegurar o desfecho de um julgamento.<\/p>\n<p>Para alcan\u00e7ar esse objetivo, o baston\u00e1rio defende que haja capacidade de nomea\u00e7\u00e3o de advogados para manter a continuidade do processo, incluindo ajustes ao regime de nomea\u00e7\u00e3o oficiosa nos megaprocessos. Refor\u00e7a a necessidade de solu\u00e7\u00f5es diferenciadas para estes casos.<\/p>\n<h3>Conte\u00fado da proposta e perspetivas<\/h3>\n<p>O PSD prop\u00f5e alterar o artigo 120.\u00ba do C\u00f3digo Penal para suspender a prescri\u00e7\u00e3o durante o per\u00edodo de suspens\u00e3o do debate instrut\u00f3rio, audi\u00eancia ou ato em que a assist\u00eancia jur\u00eddica seja necess\u00e1ria, quando decorre a substitui\u00e7\u00e3o do defensor.<\/p>\n<p>A proposta visa impedir que a substitui\u00e7\u00e3o do defensor seja usada para adiar o processo com o objetivo de extinguir a responsabilidade criminal por prescri\u00e7\u00e3o. O diploma est\u00e1 a ser discutido na comiss\u00e3o respons\u00e1vel pela especialidade.<\/p>\n","protected":false},"excerpt":{"rendered":"<ul>\n<li>O baston\u00e1rio da Ordem dos Advogados, Jo\u00e3o Massano, elogia a proposta do PSD para suspender prazos de prescri\u00e7\u00e3o durante a substitui\u00e7\u00e3o do defensor, considerando que avan\u00e7a por duas vias: permite aos advogados aceder aos processos sem constrangimentos de tempo e impede que a prescri\u00e7\u00e3o se aproxime.<\/li>\n<li>Apesar do passo em frente, Massano admite que n\u00e3o chega para chegar ao fim de um julgamento; defende a necessidade de haver advogados e de a Ordem poder nomear advogados para assegurar a continuidade do julgamento, sugerindo adaptar o regime de nomea\u00e7\u00e3o oficiosa nos megaprocessos.<\/li>\n<li>Prop\u00f5e ainda que haja ajustes nos pagamentos para que sejam feitos assim que o processo \u00e9 atribu\u00eddo e que se criem solu\u00e7\u00f5es distintas para os megaprocessos, face \u00e0s solu\u00e7\u00f5es atuais.<\/li>\n<li>O PSD apresentou uma altera\u00e7\u00e3o ao artigo 120.\u00ba do C\u00f3digo Penal que prev\u00ea a suspens\u00e3o da prescri\u00e7\u00e3o durante o tempo em que o debate instrut\u00f3rio, a audi\u00eancia ou o ato em que a assist\u00eancia for necess\u00e1ria esteja interrompido ou adiado pela substitui\u00e7\u00e3o do defensor do arguido.<\/li>\n<li>O diploma, que altera o C\u00f3digo de Processo Penal e o Regulamento das Custas Processuais, est\u00e1 em discuss\u00e3o na Assembleia da Rep\u00fablica, com a justificativa de impedir que a substitui\u00e7\u00e3o sistem\u00e1tica de defensor seja usada para atrasar o processo e estancar a responsabilidade criminal por prescri\u00e7\u00e3o.<\/li>\n<\/ul>\n","protected":false},"author":2,"featured_media":412090,"comment_status":"closed","ping_status":"closed","sticky":false,"template":"","format":"standard","meta":{"footnotes":""},"categories":[6815,1],"tags":[6618,4230,6484,6373,803,6208],"class_list":["post-412085","post","type-post","status-publish","format-standard","has-post-thumbnail","hentry","category-justica","category-noticias","tag-advogados","tag-codigo-penal","tag-direito-penal","tag-direitos","tag-justica","tag-tribunais"],"yoast_head":"<!-- This site is optimized with the Yoast SEO plugin v27.2 - https:\/\/yoast.com\/product\/yoast-seo-wordpress\/ -->\n<title>Baston\u00e1rio aplaude proposta do PSD sobre prescri\u00e7\u00e3o de crimes - Portal Tela Portugal<\/title>\n<meta name=\"robots\" content=\"index, follow, max-snippet:-1, max-image-preview:large, max-video-preview:-1\" \/>\n<meta property=\"og:locale\" content=\"pt_PT\" \/>\n<meta property=\"og:type\" content=\"article\" \/>\n<meta property=\"og:title\" content=\"Baston\u00e1rio aplaude proposta do PSD sobre prescri\u00e7\u00e3o de crimes - Portal Tela Portugal\" \/>\n<meta property=\"og:description\" content=\"O baston\u00e1rio da Ordem dos Advogados, Jo\u00e3o Massano, elogia a proposta do PSD para suspender prazos de prescri\u00e7\u00e3o durante a substitui\u00e7\u00e3o do defensor, considerando que avan\u00e7a por duas vias: permite aos advogados aceder aos processos sem constrangimentos de tempo e impede que a prescri\u00e7\u00e3o se aproxime. Apesar do passo em frente, Massano admite que n\u00e3o chega para chegar ao fim de um julgamento; defende a necessidade de haver advogados e de a Ordem poder nomear advogados para assegurar a continuidade do julgamento, sugerindo adaptar o regime de nomea\u00e7\u00e3o oficiosa nos megaprocessos. Prop\u00f5e ainda que haja ajustes nos pagamentos para que sejam feitos assim que o processo \u00e9 atribu\u00eddo e que se criem solu\u00e7\u00f5es distintas para os megaprocessos, face \u00e0s solu\u00e7\u00f5es atuais. O PSD apresentou uma altera\u00e7\u00e3o ao artigo 120.\u00ba do C\u00f3digo Penal que prev\u00ea a suspens\u00e3o da prescri\u00e7\u00e3o durante o tempo em que o debate instrut\u00f3rio, a audi\u00eancia ou o ato em que a assist\u00eancia for necess\u00e1ria esteja interrompido ou adiado pela substitui\u00e7\u00e3o do defensor do arguido. O diploma, que altera o C\u00f3digo de Processo Penal e o Regulamento das Custas Processuais, est\u00e1 em discuss\u00e3o na Assembleia da Rep\u00fablica, com a justificativa de impedir que a substitui\u00e7\u00e3o sistem\u00e1tica de defensor seja usada para atrasar o processo e estancar a responsabilidade criminal por prescri\u00e7\u00e3o.\" \/>\n<meta property=\"og:url\" content=\"https:\/\/portaltela.pt\/noticias\/2026\/03\/16\/bastonario-aplaude-proposta-do-psd-sobre-prescricao-de-crimes\/\" \/>\n<meta property=\"og:site_name\" content=\"Portal Tela Portugal\" \/>\n<meta property=\"article:published_time\" content=\"2026-03-16T14:39:20+00:00\" \/>\n<meta name=\"author\" content=\"Telinha\" \/>\n<meta name=\"twitter:card\" content=\"summary_large_image\" \/>\n<meta name=\"twitter:label1\" content=\"Escrito por\" \/>\n\t<meta name=\"twitter:data1\" content=\"Telinha\" \/>\n\t<meta name=\"twitter:label2\" content=\"Tempo estimado de leitura\" \/>\n\t<meta name=\"twitter:data2\" content=\"1 minuto\" \/>\n<script type=\"application\/ld+json\" class=\"yoast-schema-graph\">{\"@context\":\"https:\/\/schema.org\",\"@graph\":[{\"@type\":\"Article\",\"@id\":\"https:\/\/portaltela.pt\/noticias\/2026\/03\/16\/bastonario-aplaude-proposta-do-psd-sobre-prescricao-de-crimes\/#article\",\"isPartOf\":{\"@id\":\"https:\/\/portaltela.pt\/noticias\/2026\/03\/16\/bastonario-aplaude-proposta-do-psd-sobre-prescricao-de-crimes\/\"},\"author\":{\"name\":\"Telinha\",\"@id\":\"https:\/\/portaltela.pt\/#\/schema\/person\/c4278d4a6028830caff9ee44b42d32ed\"},\"headline\":\"Baston\u00e1rio aplaude proposta do PSD sobre prescri\u00e7\u00e3o de crimes\",\"datePublished\":\"2026-03-16T14:39:20+00:00\",\"mainEntityOfPage\":{\"@id\":\"https:\/\/portaltela.pt\/noticias\/2026\/03\/16\/bastonario-aplaude-proposta-do-psd-sobre-prescricao-de-crimes\/\"},\"wordCount\":252,\"image\":{\"@id\":\"https:\/\/portaltela.pt\/noticias\/2026\/03\/16\/bastonario-aplaude-proposta-do-psd-sobre-prescricao-de-crimes\/#primaryimage\"},\"thumbnailUrl\":\"https:\/\/portaltela.pt\/s.01k8rhncp4jt1\/2026\/03\/img_1500x1000uu2025-03-16-18-44-48-2198399-im-639092687364379940.jpg\",\"keywords\":[\"Advogados\",\"C\u00f3digo Penal\",\"Direito Penal\",\"direitos\",\"justi\u00e7a\",\"Tribunais\"],\"articleSection\":[\"Justi\u00e7a\",\"Not\u00edcias\"],\"inLanguage\":\"pt-PT\"},{\"@type\":\"WebPage\",\"@id\":\"https:\/\/portaltela.pt\/noticias\/2026\/03\/16\/bastonario-aplaude-proposta-do-psd-sobre-prescricao-de-crimes\/\",\"url\":\"https:\/\/portaltela.pt\/noticias\/2026\/03\/16\/bastonario-aplaude-proposta-do-psd-sobre-prescricao-de-crimes\/\",\"name\":\"Baston\u00e1rio aplaude proposta do PSD sobre prescri\u00e7\u00e3o de crimes - Portal Tela Portugal\",\"isPartOf\":{\"@id\":\"https:\/\/portaltela.pt\/#website\"},\"primaryImageOfPage\":{\"@id\":\"https:\/\/portaltela.pt\/noticias\/2026\/03\/16\/bastonario-aplaude-proposta-do-psd-sobre-prescricao-de-crimes\/#primaryimage\"},\"image\":{\"@id\":\"https:\/\/portaltela.pt\/noticias\/2026\/03\/16\/bastonario-aplaude-proposta-do-psd-sobre-prescricao-de-crimes\/#primaryimage\"},\"thumbnailUrl\":\"https:\/\/portaltela.pt\/s.01k8rhncp4jt1\/2026\/03\/img_1500x1000uu2025-03-16-18-44-48-2198399-im-639092687364379940.jpg\",\"datePublished\":\"2026-03-16T14:39:20+00:00\",\"author\":{\"@id\":\"https:\/\/portaltela.pt\/#\/schema\/person\/c4278d4a6028830caff9ee44b42d32ed\"},\"breadcrumb\":{\"@id\":\"https:\/\/portaltela.pt\/noticias\/2026\/03\/16\/bastonario-aplaude-proposta-do-psd-sobre-prescricao-de-crimes\/#breadcrumb\"},\"inLanguage\":\"pt-PT\",\"potentialAction\":[{\"@type\":\"ReadAction\",\"target\":[\"https:\/\/portaltela.pt\/noticias\/2026\/03\/16\/bastonario-aplaude-proposta-do-psd-sobre-prescricao-de-crimes\/\"]}]},{\"@type\":\"ImageObject\",\"inLanguage\":\"pt-PT\",\"@id\":\"https:\/\/portaltela.pt\/noticias\/2026\/03\/16\/bastonario-aplaude-proposta-do-psd-sobre-prescricao-de-crimes\/#primaryimage\",\"url\":\"https:\/\/portaltela.pt\/s.01k8rhncp4jt1\/2026\/03\/img_1500x1000uu2025-03-16-18-44-48-2198399-im-639092687364379940.jpg\",\"contentUrl\":\"https:\/\/portaltela.pt\/s.01k8rhncp4jt1\/2026\/03\/img_1500x1000uu2025-03-16-18-44-48-2198399-im-639092687364379940.jpg\",\"width\":1500,\"height\":1000,\"caption\":\"Baston\u00e1rio dos Advogados aplaude proposta do PSD sobre prescri\u00e7\u00e3o de crimes\"},{\"@type\":\"BreadcrumbList\",\"@id\":\"https:\/\/portaltela.pt\/noticias\/2026\/03\/16\/bastonario-aplaude-proposta-do-psd-sobre-prescricao-de-crimes\/#breadcrumb\",\"itemListElement\":[{\"@type\":\"ListItem\",\"position\":1,\"name\":\"In\u00edcio\",\"item\":\"https:\/\/portaltela.pt\/\"},{\"@type\":\"ListItem\",\"position\":2,\"name\":\"Baston\u00e1rio aplaude proposta do PSD sobre prescri\u00e7\u00e3o de crimes\"}]},{\"@type\":\"WebSite\",\"@id\":\"https:\/\/portaltela.pt\/#website\",\"url\":\"https:\/\/portaltela.pt\/\",\"name\":\"Portal Tela Portugal\",\"description\":\"\",\"potentialAction\":[{\"@type\":\"SearchAction\",\"target\":{\"@type\":\"EntryPoint\",\"urlTemplate\":\"https:\/\/portaltela.pt\/?s={search_term_string}\"},\"query-input\":{\"@type\":\"PropertyValueSpecification\",\"valueRequired\":true,\"valueName\":\"search_term_string\"}}],\"inLanguage\":\"pt-PT\"},{\"@type\":\"Person\",\"@id\":\"https:\/\/portaltela.pt\/#\/schema\/person\/c4278d4a6028830caff9ee44b42d32ed\",\"name\":\"Telinha\",\"image\":{\"@type\":\"ImageObject\",\"inLanguage\":\"pt-PT\",\"@id\":\"https:\/\/portaltela.pt\/s.01k8rhncp4jt1\/2025\/11\/talking-bot-125x125.png\",\"url\":\"https:\/\/portaltela.pt\/s.01k8rhncp4jt1\/2025\/11\/talking-bot-125x125.png\",\"contentUrl\":\"https:\/\/portaltela.pt\/s.01k8rhncp4jt1\/2025\/11\/talking-bot-125x125.png\",\"caption\":\"Telinha\"},\"sameAs\":[\"https:\/\/portaltela.pt\/\"],\"url\":\"https:\/\/portaltela.pt\/por\/367410592786\/\"}]}<\/script>\n<!-- \/ Yoast SEO plugin. -->","yoast_head_json":{"title":"Baston\u00e1rio aplaude proposta do PSD sobre prescri\u00e7\u00e3o de crimes - Portal Tela Portugal","robots":{"index":"index","follow":"follow","max-snippet":"max-snippet:-1","max-image-preview":"max-image-preview:large","max-video-preview":"max-video-preview:-1"},"og_locale":"pt_PT","og_type":"article","og_title":"Baston\u00e1rio aplaude proposta do PSD sobre prescri\u00e7\u00e3o de crimes - Portal Tela Portugal","og_description":"O baston\u00e1rio da Ordem dos Advogados, Jo\u00e3o Massano, elogia a proposta do PSD para suspender prazos de prescri\u00e7\u00e3o durante a substitui\u00e7\u00e3o do defensor, considerando que avan\u00e7a por duas vias: permite aos advogados aceder aos processos sem constrangimentos de tempo e impede que a prescri\u00e7\u00e3o se aproxime. Apesar do passo em frente, Massano admite que n\u00e3o chega para chegar ao fim de um julgamento; defende a necessidade de haver advogados e de a Ordem poder nomear advogados para assegurar a continuidade do julgamento, sugerindo adaptar o regime de nomea\u00e7\u00e3o oficiosa nos megaprocessos. Prop\u00f5e ainda que haja ajustes nos pagamentos para que sejam feitos assim que o processo \u00e9 atribu\u00eddo e que se criem solu\u00e7\u00f5es distintas para os megaprocessos, face \u00e0s solu\u00e7\u00f5es atuais. O PSD apresentou uma altera\u00e7\u00e3o ao artigo 120.\u00ba do C\u00f3digo Penal que prev\u00ea a suspens\u00e3o da prescri\u00e7\u00e3o durante o tempo em que o debate instrut\u00f3rio, a audi\u00eancia ou o ato em que a assist\u00eancia for necess\u00e1ria esteja interrompido ou adiado pela substitui\u00e7\u00e3o do defensor do arguido. O diploma, que altera o C\u00f3digo de Processo Penal e o Regulamento das Custas Processuais, est\u00e1 em discuss\u00e3o na Assembleia da Rep\u00fablica, com a justificativa de impedir que a substitui\u00e7\u00e3o sistem\u00e1tica de defensor seja usada para atrasar o processo e estancar a responsabilidade criminal por prescri\u00e7\u00e3o.","og_url":"https:\/\/portaltela.pt\/noticias\/2026\/03\/16\/bastonario-aplaude-proposta-do-psd-sobre-prescricao-de-crimes\/","og_site_name":"Portal Tela Portugal","article_published_time":"2026-03-16T14:39:20+00:00","author":"Telinha","twitter_card":"summary_large_image","twitter_misc":{"Escrito por":"Telinha","Tempo estimado de leitura":"1 minuto"},"schema":{"@context":"https:\/\/schema.org","@graph":[{"@type":"Article","@id":"https:\/\/portaltela.pt\/noticias\/2026\/03\/16\/bastonario-aplaude-proposta-do-psd-sobre-prescricao-de-crimes\/#article","isPartOf":{"@id":"https:\/\/portaltela.pt\/noticias\/2026\/03\/16\/bastonario-aplaude-proposta-do-psd-sobre-prescricao-de-crimes\/"},"author":{"name":"Telinha","@id":"https:\/\/portaltela.pt\/#\/schema\/person\/c4278d4a6028830caff9ee44b42d32ed"},"headline":"Baston\u00e1rio aplaude proposta do PSD sobre prescri\u00e7\u00e3o de crimes","datePublished":"2026-03-16T14:39:20+00:00","mainEntityOfPage":{"@id":"https:\/\/portaltela.pt\/noticias\/2026\/03\/16\/bastonario-aplaude-proposta-do-psd-sobre-prescricao-de-crimes\/"},"wordCount":252,"image":{"@id":"https:\/\/portaltela.pt\/noticias\/2026\/03\/16\/bastonario-aplaude-proposta-do-psd-sobre-prescricao-de-crimes\/#primaryimage"},"thumbnailUrl":"https:\/\/portaltela.pt\/s.01k8rhncp4jt1\/2026\/03\/img_1500x1000uu2025-03-16-18-44-48-2198399-im-639092687364379940.jpg","keywords":["Advogados","C\u00f3digo Penal","Direito Penal","direitos","justi\u00e7a","Tribunais"],"articleSection":["Justi\u00e7a","Not\u00edcias"],"inLanguage":"pt-PT"},{"@type":"WebPage","@id":"https:\/\/portaltela.pt\/noticias\/2026\/03\/16\/bastonario-aplaude-proposta-do-psd-sobre-prescricao-de-crimes\/","url":"https:\/\/portaltela.pt\/noticias\/2026\/03\/16\/bastonario-aplaude-proposta-do-psd-sobre-prescricao-de-crimes\/","name":"Baston\u00e1rio aplaude proposta do PSD sobre prescri\u00e7\u00e3o de crimes - Portal Tela Portugal","isPartOf":{"@id":"https:\/\/portaltela.pt\/#website"},"primaryImageOfPage":{"@id":"https:\/\/portaltela.pt\/noticias\/2026\/03\/16\/bastonario-aplaude-proposta-do-psd-sobre-prescricao-de-crimes\/#primaryimage"},"image":{"@id":"https:\/\/portaltela.pt\/noticias\/2026\/03\/16\/bastonario-aplaude-proposta-do-psd-sobre-prescricao-de-crimes\/#primaryimage"},"thumbnailUrl":"https:\/\/portaltela.pt\/s.01k8rhncp4jt1\/2026\/03\/img_1500x1000uu2025-03-16-18-44-48-2198399-im-639092687364379940.jpg","datePublished":"2026-03-16T14:39:20+00:00","author":{"@id":"https:\/\/portaltela.pt\/#\/schema\/person\/c4278d4a6028830caff9ee44b42d32ed"},"breadcrumb":{"@id":"https:\/\/portaltela.pt\/noticias\/2026\/03\/16\/bastonario-aplaude-proposta-do-psd-sobre-prescricao-de-crimes\/#breadcrumb"},"inLanguage":"pt-PT","potentialAction":[{"@type":"ReadAction","target":["https:\/\/portaltela.pt\/noticias\/2026\/03\/16\/bastonario-aplaude-proposta-do-psd-sobre-prescricao-de-crimes\/"]}]},{"@type":"ImageObject","inLanguage":"pt-PT","@id":"https:\/\/portaltela.pt\/noticias\/2026\/03\/16\/bastonario-aplaude-proposta-do-psd-sobre-prescricao-de-crimes\/#primaryimage","url":"https:\/\/portaltela.pt\/s.01k8rhncp4jt1\/2026\/03\/img_1500x1000uu2025-03-16-18-44-48-2198399-im-639092687364379940.jpg","contentUrl":"https:\/\/portaltela.pt\/s.01k8rhncp4jt1\/2026\/03\/img_1500x1000uu2025-03-16-18-44-48-2198399-im-639092687364379940.jpg","width":1500,"height":1000,"caption":"Baston\u00e1rio dos Advogados aplaude proposta do PSD sobre prescri\u00e7\u00e3o de crimes"},{"@type":"BreadcrumbList","@id":"https:\/\/portaltela.pt\/noticias\/2026\/03\/16\/bastonario-aplaude-proposta-do-psd-sobre-prescricao-de-crimes\/#breadcrumb","itemListElement":[{"@type":"ListItem","position":1,"name":"In\u00edcio","item":"https:\/\/portaltela.pt\/"},{"@type":"ListItem","position":2,"name":"Baston\u00e1rio aplaude proposta do PSD sobre prescri\u00e7\u00e3o de crimes"}]},{"@type":"WebSite","@id":"https:\/\/portaltela.pt\/#website","url":"https:\/\/portaltela.pt\/","name":"Portal Tela Portugal","description":"","potentialAction":[{"@type":"SearchAction","target":{"@type":"EntryPoint","urlTemplate":"https:\/\/portaltela.pt\/?s={search_term_string}"},"query-input":{"@type":"PropertyValueSpecification","valueRequired":true,"valueName":"search_term_string"}}],"inLanguage":"pt-PT"},{"@type":"Person","@id":"https:\/\/portaltela.pt\/#\/schema\/person\/c4278d4a6028830caff9ee44b42d32ed","name":"Telinha","image":{"@type":"ImageObject","inLanguage":"pt-PT","@id":"https:\/\/portaltela.pt\/s.01k8rhncp4jt1\/2025\/11\/talking-bot-125x125.png","url":"https:\/\/portaltela.pt\/s.01k8rhncp4jt1\/2025\/11\/talking-bot-125x125.png","contentUrl":"https:\/\/portaltela.pt\/s.01k8rhncp4jt1\/2025\/11\/talking-bot-125x125.png","caption":"Telinha"},"sameAs":["https:\/\/portaltela.pt\/"],"url":"https:\/\/portaltela.pt\/por\/367410592786\/"}]}},"_links":{"self":[{"href":"https:\/\/portaltela.pt\/api\/wp\/v2\/posts\/412085","targetHints":{"allow":["GET"]}}],"collection":[{"href":"https:\/\/portaltela.pt\/api\/wp\/v2\/posts"}],"about":[{"href":"https:\/\/portaltela.pt\/api\/wp\/v2\/types\/post"}],"author":[{"embeddable":true,"href":"https:\/\/portaltela.pt\/api\/wp\/v2\/users\/2"}],"replies":[{"embeddable":true,"href":"https:\/\/portaltela.pt\/api\/wp\/v2\/comments?post=412085"}],"version-history":[{"count":0,"href":"https:\/\/portaltela.pt\/api\/wp\/v2\/posts\/412085\/revisions"}],"wp:featuredmedia":[{"embeddable":true,"href":"https:\/\/portaltela.pt\/api\/wp\/v2\/media\/412090"}],"wp:attachment":[{"href":"https:\/\/portaltela.pt\/api\/wp\/v2\/media?parent=412085"}],"wp:term":[{"taxonomy":"category","embeddable":true,"href":"https:\/\/portaltela.pt\/api\/wp\/v2\/categories?post=412085"},{"taxonomy":"post_tag","embeddable":true,"href":"https:\/\/portaltela.pt\/api\/wp\/v2\/tags?post=412085"}],"curies":[{"name":"wp","href":"https:\/\/api.w.org\/{rel}","templated":true}]}}