{"id":412068,"date":"2026-03-16T11:26:00","date_gmt":"2026-03-16T14:26:00","guid":{"rendered":"https:\/\/portaltela.pt\/noticias\/2026\/03\/16\/autarcas-de-vila-franca-ficam-insatisfeitos-apos-reuniao-com-ministra-da-saude\/"},"modified":"2026-03-16T11:26:00","modified_gmt":"2026-03-16T14:26:00","slug":"autarcas-de-vila-franca-ficam-insatisfeitos-apos-reuniao-com-ministra-da-saude","status":"publish","type":"post","link":"https:\/\/portaltela.pt\/saude\/2026\/03\/16\/autarcas-de-vila-franca-ficam-insatisfeitos-apos-reuniao-com-ministra-da-saude\/","title":{"rendered":"Autarcas de Vila Franca ficam insatisfeitos ap\u00f3s reuni\u00e3o com ministra da Sa\u00fade"},"content":{"rendered":"<p>Autarcas dos munic\u00edpios abrangidos pelo Hospital de Vila Franca de Xira sa\u00edram esta segunda-feira insatisfeitos da reuni\u00e3o com a ministra da Sa\u00fade, apesar de a ministra ter dito que o encerramento das urg\u00eancias obst\u00e9tricas \u00e9 provis\u00f3rio. A decis\u00e3o ocorreu no dia em que as urg\u00eancias de ginecologia e obstetr\u00edcia daquela unidade foram encerradas, com os casos encaminhados para o Hospital Beatriz \u00c2ngelo, em Loures.<\/p>\n<p>Os representantes dos munic\u00edpios de Alenquer, Arruda dos Vinhos, Azambuja, Benavente e Vila Franca de Xira reuniram-se em Lisboa com Ana Paula Martins para analisar o encerramento. A ministra explicou que a medida decorre do reduzido n\u00famero de obstetras dispon\u00edvel na unidade. O objetivo \u00e9 manter servi\u00e7os especializados no conjunto da regi\u00e3o, mesmo com o encerramento tempor\u00e1rio.<\/p>\n<p>No final do encontro, o presidente da C\u00e2mara de Vila Franca de Xira, Fernando Paulo Ferreira, afirmou que o encerramento n\u00e3o \u00e9 definitivo e que n\u00e3o ser\u00e1 nos pr\u00f3ximos meses que o SNS conseguir\u00e1 recrutar todos os obstetras necess\u00e1rios para reabrir a maternidade. Os autarcas v\u00e3o manter a contesta\u00e7\u00e3o atrav\u00e9s de um abaixo-assinado a entregar na Assembleia da Rep\u00fablica.<\/p>\n<h3>Repercuss\u00f5es na regi\u00e3o<\/h3>\n<p>Os five munic\u00edpios v\u00e3o manter a press\u00e3o e planeiam uma reuni\u00e3o com autarcas da Pen\u00ednsula de Set\u00fabal, que enfrentam uma situa\u00e7\u00e3o semelhante com a cria\u00e7\u00e3o da urg\u00eancia regional no Hospital de Almada. A medida dever\u00e1 impactar tamb\u00e9m o Barreiro, devido ao encerramento da urg\u00eancia local quando a cl\u00ednica regional entrar em funcionamento.<\/p>\n<p>Em resposta, foi criada uma urg\u00eancia regional de ginecologia e obstetr\u00edcia no Hospital de Loures, substituindo a urg\u00eancia de Vila Franca de Xira. A nova estrutura visa colmatar a falta de profissionais, mantendo, no entanto, a maternidade para partos programados e consultas de doen\u00e7a aguda n\u00e3o urgente.<\/p>\n<h3>Novo modelo e avalia\u00e7\u00f5es<\/h3>\n<p>O modelo em vigor prev\u00ea avalia\u00e7\u00f5es semestrais ao funcionamento das urg\u00eancias centralizadas de \u00e2mbito regional. As avalia\u00e7\u00f5es v\u00e3o acompanhar o desempenho e eventual reorganiza\u00e7\u00e3o de servi\u00e7os, com impactos na rede de hospitais da regi\u00e3o.<\/p>\n","protected":false},"excerpt":{"rendered":"<ul>\n<li>Autarcas dos concelhos abrangidos pelo Hospital de Vila Franca de Xira sa\u00edram da reuni\u00e3o com a ministra da Sa\u00fade, Ana Paula Martins, sem satisfa\u00e7\u00e3o quanto ao encerramento das urg\u00eancias obst\u00e9tricas, visto como provis\u00f3rio pela governante.<\/li>\n<li>As urg\u00eancias de ginecologia e obstetr\u00edcia do hospital foram encerradas, com os casos reencaminhados para o Hospital Beatriz \u00c2ngelo, em Loures, numa medida inserida no novo modelo regional.<\/li>\n<li>O presidente da C\u00e2mara de Vila Franca de Xira, Fernando Paulo Ferreira, afirmou que a ministra reconheceu a descri\u00e7\u00e3o do encerramento como provis\u00f3ria, mas que o SNS n\u00e3o conseguir\u00e1 atrair todos os obstetras necess\u00e1rios num futuro pr\u00f3ximo para reabrir a maternidade.<\/li>\n<li>Os cinco munic\u00edpios v\u00e3o manter contesta\u00e7\u00e3o ao encerramento e j\u00e1 est\u00e1 a decorrer um abaixo-assinado a ser entregue na Assembleia da Rep\u00fablica; v\u00e3o ainda reunir-se com autarcas da Pen\u00ednsula de Set\u00fabal sobre a mesma situa\u00e7\u00e3o com a futura urg\u00eancia regional em Almada.<\/li>\n<li>Enquanto isto, o hospital de Vila Franca de Xira mant\u00e9m a maternidade para partos programados e consultas de ginecologia e obstetr\u00edcia para doen\u00e7a aguda n\u00e3o urgente; a urg\u00eancia regional passou a funcionar no Hospital de Loures, com avalia\u00e7\u00f5es semestrais previstas ao funcionamento das urg\u00eancias centralizadas.<\/li>\n<\/ul>\n","protected":false},"author":2,"featured_media":412073,"comment_status":"closed","ping_status":"closed","sticky":false,"template":"","format":"standard","meta":{"footnotes":""},"categories":[1,6745],"tags":[6312,115,1402,172,1899,3980],"class_list":["post-412068","post","type-post","status-publish","format-standard","has-post-thumbnail","hentry","category-noticias","category-saude","tag-ginecologia","tag-maternidade","tag-obstetricia","tag-saude","tag-urgencias","tag-vila-franca-de-xira"],"yoast_head":"<!-- This site is optimized with the Yoast SEO plugin v27.2 - https:\/\/yoast.com\/product\/yoast-seo-wordpress\/ -->\n<title>Autarcas de Vila Franca ficam insatisfeitos ap\u00f3s reuni\u00e3o com ministra da Sa\u00fade - Portal Tela Portugal<\/title>\n<meta name=\"robots\" content=\"index, follow, max-snippet:-1, max-image-preview:large, max-video-preview:-1\" \/>\n<meta property=\"og:locale\" content=\"pt_PT\" \/>\n<meta property=\"og:type\" content=\"article\" \/>\n<meta property=\"og:title\" content=\"Autarcas de Vila Franca ficam insatisfeitos ap\u00f3s reuni\u00e3o com ministra da Sa\u00fade - Portal Tela Portugal\" \/>\n<meta property=\"og:description\" content=\"Autarcas dos concelhos abrangidos pelo Hospital de Vila Franca de Xira sa\u00edram da reuni\u00e3o com a ministra da Sa\u00fade, Ana Paula Martins, sem satisfa\u00e7\u00e3o quanto ao encerramento das urg\u00eancias obst\u00e9tricas, visto como provis\u00f3rio pela governante. As urg\u00eancias de ginecologia e obstetr\u00edcia do hospital foram encerradas, com os casos reencaminhados para o Hospital Beatriz \u00c2ngelo, em Loures, numa medida inserida no novo modelo regional. O presidente da C\u00e2mara de Vila Franca de Xira, Fernando Paulo Ferreira, afirmou que a ministra reconheceu a descri\u00e7\u00e3o do encerramento como provis\u00f3ria, mas que o SNS n\u00e3o conseguir\u00e1 atrair todos os obstetras necess\u00e1rios num futuro pr\u00f3ximo para reabrir a maternidade. Os cinco munic\u00edpios v\u00e3o manter contesta\u00e7\u00e3o ao encerramento e j\u00e1 est\u00e1 a decorrer um abaixo-assinado a ser entregue na Assembleia da Rep\u00fablica; v\u00e3o ainda reunir-se com autarcas da Pen\u00ednsula de Set\u00fabal sobre a mesma situa\u00e7\u00e3o com a futura urg\u00eancia regional em Almada. Enquanto isto, o hospital de Vila Franca de Xira mant\u00e9m a maternidade para partos programados e consultas de ginecologia e obstetr\u00edcia para doen\u00e7a aguda n\u00e3o urgente; a urg\u00eancia regional passou a funcionar no Hospital de Loures, com avalia\u00e7\u00f5es semestrais previstas ao funcionamento das urg\u00eancias centralizadas.\" \/>\n<meta property=\"og:url\" content=\"https:\/\/portaltela.pt\/noticias\/2026\/03\/16\/autarcas-de-vila-franca-ficam-insatisfeitos-apos-reuniao-com-ministra-da-saude\/\" \/>\n<meta property=\"og:site_name\" content=\"Portal Tela Portugal\" \/>\n<meta property=\"article:published_time\" content=\"2026-03-16T14:26:00+00:00\" \/>\n<meta name=\"author\" content=\"Telinha\" \/>\n<meta name=\"twitter:card\" content=\"summary_large_image\" \/>\n<meta name=\"twitter:label1\" content=\"Escrito por\" \/>\n\t<meta name=\"twitter:data1\" content=\"Telinha\" \/>\n\t<meta name=\"twitter:label2\" content=\"Tempo estimado de leitura\" \/>\n\t<meta name=\"twitter:data2\" content=\"2 minutos\" \/>\n<script type=\"application\/ld+json\" class=\"yoast-schema-graph\">{\"@context\":\"https:\/\/schema.org\",\"@graph\":[{\"@type\":\"Article\",\"@id\":\"https:\/\/portaltela.pt\/noticias\/2026\/03\/16\/autarcas-de-vila-franca-ficam-insatisfeitos-apos-reuniao-com-ministra-da-saude\/#article\",\"isPartOf\":{\"@id\":\"https:\/\/portaltela.pt\/noticias\/2026\/03\/16\/autarcas-de-vila-franca-ficam-insatisfeitos-apos-reuniao-com-ministra-da-saude\/\"},\"author\":{\"name\":\"Telinha\",\"@id\":\"https:\/\/portaltela.pt\/#\/schema\/person\/c4278d4a6028830caff9ee44b42d32ed\"},\"headline\":\"Autarcas de Vila Franca ficam insatisfeitos ap\u00f3s reuni\u00e3o com ministra da Sa\u00fade\",\"datePublished\":\"2026-03-16T14:26:00+00:00\",\"mainEntityOfPage\":{\"@id\":\"https:\/\/portaltela.pt\/noticias\/2026\/03\/16\/autarcas-de-vila-franca-ficam-insatisfeitos-apos-reuniao-com-ministra-da-saude\/\"},\"wordCount\":384,\"image\":{\"@id\":\"https:\/\/portaltela.pt\/noticias\/2026\/03\/16\/autarcas-de-vila-franca-ficam-insatisfeitos-apos-reuniao-com-ministra-da-saude\/#primaryimage\"},\"thumbnailUrl\":\"https:\/\/portaltela.pt\/s.01k8rhncp4jt1\/2026\/03\/img_1280x721uu2026-03-16-14-26-39-2216547.jpg\",\"keywords\":[\"ginecologia\",\"maternidade\",\"Obstetr\u00edcia\",\"sa\u00fade\",\"urg\u00eancias\",\"Vila Franca de Xira\"],\"articleSection\":[\"Not\u00edcias\",\"Sa\u00fade\"],\"inLanguage\":\"pt-PT\"},{\"@type\":\"WebPage\",\"@id\":\"https:\/\/portaltela.pt\/noticias\/2026\/03\/16\/autarcas-de-vila-franca-ficam-insatisfeitos-apos-reuniao-com-ministra-da-saude\/\",\"url\":\"https:\/\/portaltela.pt\/noticias\/2026\/03\/16\/autarcas-de-vila-franca-ficam-insatisfeitos-apos-reuniao-com-ministra-da-saude\/\",\"name\":\"Autarcas de Vila Franca ficam insatisfeitos ap\u00f3s reuni\u00e3o com ministra da Sa\u00fade - Portal Tela Portugal\",\"isPartOf\":{\"@id\":\"https:\/\/portaltela.pt\/#website\"},\"primaryImageOfPage\":{\"@id\":\"https:\/\/portaltela.pt\/noticias\/2026\/03\/16\/autarcas-de-vila-franca-ficam-insatisfeitos-apos-reuniao-com-ministra-da-saude\/#primaryimage\"},\"image\":{\"@id\":\"https:\/\/portaltela.pt\/noticias\/2026\/03\/16\/autarcas-de-vila-franca-ficam-insatisfeitos-apos-reuniao-com-ministra-da-saude\/#primaryimage\"},\"thumbnailUrl\":\"https:\/\/portaltela.pt\/s.01k8rhncp4jt1\/2026\/03\/img_1280x721uu2026-03-16-14-26-39-2216547.jpg\",\"datePublished\":\"2026-03-16T14:26:00+00:00\",\"author\":{\"@id\":\"https:\/\/portaltela.pt\/#\/schema\/person\/c4278d4a6028830caff9ee44b42d32ed\"},\"breadcrumb\":{\"@id\":\"https:\/\/portaltela.pt\/noticias\/2026\/03\/16\/autarcas-de-vila-franca-ficam-insatisfeitos-apos-reuniao-com-ministra-da-saude\/#breadcrumb\"},\"inLanguage\":\"pt-PT\",\"potentialAction\":[{\"@type\":\"ReadAction\",\"target\":[\"https:\/\/portaltela.pt\/noticias\/2026\/03\/16\/autarcas-de-vila-franca-ficam-insatisfeitos-apos-reuniao-com-ministra-da-saude\/\"]}]},{\"@type\":\"ImageObject\",\"inLanguage\":\"pt-PT\",\"@id\":\"https:\/\/portaltela.pt\/noticias\/2026\/03\/16\/autarcas-de-vila-franca-ficam-insatisfeitos-apos-reuniao-com-ministra-da-saude\/#primaryimage\",\"url\":\"https:\/\/portaltela.pt\/s.01k8rhncp4jt1\/2026\/03\/img_1280x721uu2026-03-16-14-26-39-2216547.jpg\",\"contentUrl\":\"https:\/\/portaltela.pt\/s.01k8rhncp4jt1\/2026\/03\/img_1280x721uu2026-03-16-14-26-39-2216547.jpg\",\"width\":1280,\"height\":721,\"caption\":\"Photo\"},{\"@type\":\"BreadcrumbList\",\"@id\":\"https:\/\/portaltela.pt\/noticias\/2026\/03\/16\/autarcas-de-vila-franca-ficam-insatisfeitos-apos-reuniao-com-ministra-da-saude\/#breadcrumb\",\"itemListElement\":[{\"@type\":\"ListItem\",\"position\":1,\"name\":\"In\u00edcio\",\"item\":\"https:\/\/portaltela.pt\/\"},{\"@type\":\"ListItem\",\"position\":2,\"name\":\"Autarcas de Vila Franca ficam insatisfeitos ap\u00f3s reuni\u00e3o com ministra da Sa\u00fade\"}]},{\"@type\":\"WebSite\",\"@id\":\"https:\/\/portaltela.pt\/#website\",\"url\":\"https:\/\/portaltela.pt\/\",\"name\":\"Portal Tela Portugal\",\"description\":\"\",\"potentialAction\":[{\"@type\":\"SearchAction\",\"target\":{\"@type\":\"EntryPoint\",\"urlTemplate\":\"https:\/\/portaltela.pt\/?s={search_term_string}\"},\"query-input\":{\"@type\":\"PropertyValueSpecification\",\"valueRequired\":true,\"valueName\":\"search_term_string\"}}],\"inLanguage\":\"pt-PT\"},{\"@type\":\"Person\",\"@id\":\"https:\/\/portaltela.pt\/#\/schema\/person\/c4278d4a6028830caff9ee44b42d32ed\",\"name\":\"Telinha\",\"image\":{\"@type\":\"ImageObject\",\"inLanguage\":\"pt-PT\",\"@id\":\"https:\/\/portaltela.pt\/s.01k8rhncp4jt1\/2025\/11\/talking-bot-125x125.png\",\"url\":\"https:\/\/portaltela.pt\/s.01k8rhncp4jt1\/2025\/11\/talking-bot-125x125.png\",\"contentUrl\":\"https:\/\/portaltela.pt\/s.01k8rhncp4jt1\/2025\/11\/talking-bot-125x125.png\",\"caption\":\"Telinha\"},\"sameAs\":[\"https:\/\/portaltela.pt\/\"],\"url\":\"https:\/\/portaltela.pt\/por\/367410592786\/\"}]}<\/script>\n<!-- \/ Yoast SEO plugin. -->","yoast_head_json":{"title":"Autarcas de Vila Franca ficam insatisfeitos ap\u00f3s reuni\u00e3o com ministra da Sa\u00fade - Portal Tela Portugal","robots":{"index":"index","follow":"follow","max-snippet":"max-snippet:-1","max-image-preview":"max-image-preview:large","max-video-preview":"max-video-preview:-1"},"og_locale":"pt_PT","og_type":"article","og_title":"Autarcas de Vila Franca ficam insatisfeitos ap\u00f3s reuni\u00e3o com ministra da Sa\u00fade - Portal Tela Portugal","og_description":"Autarcas dos concelhos abrangidos pelo Hospital de Vila Franca de Xira sa\u00edram da reuni\u00e3o com a ministra da Sa\u00fade, Ana Paula Martins, sem satisfa\u00e7\u00e3o quanto ao encerramento das urg\u00eancias obst\u00e9tricas, visto como provis\u00f3rio pela governante. As urg\u00eancias de ginecologia e obstetr\u00edcia do hospital foram encerradas, com os casos reencaminhados para o Hospital Beatriz \u00c2ngelo, em Loures, numa medida inserida no novo modelo regional. O presidente da C\u00e2mara de Vila Franca de Xira, Fernando Paulo Ferreira, afirmou que a ministra reconheceu a descri\u00e7\u00e3o do encerramento como provis\u00f3ria, mas que o SNS n\u00e3o conseguir\u00e1 atrair todos os obstetras necess\u00e1rios num futuro pr\u00f3ximo para reabrir a maternidade. Os cinco munic\u00edpios v\u00e3o manter contesta\u00e7\u00e3o ao encerramento e j\u00e1 est\u00e1 a decorrer um abaixo-assinado a ser entregue na Assembleia da Rep\u00fablica; v\u00e3o ainda reunir-se com autarcas da Pen\u00ednsula de Set\u00fabal sobre a mesma situa\u00e7\u00e3o com a futura urg\u00eancia regional em Almada. Enquanto isto, o hospital de Vila Franca de Xira mant\u00e9m a maternidade para partos programados e consultas de ginecologia e obstetr\u00edcia para doen\u00e7a aguda n\u00e3o urgente; a urg\u00eancia regional passou a funcionar no Hospital de Loures, com avalia\u00e7\u00f5es semestrais previstas ao funcionamento das urg\u00eancias centralizadas.","og_url":"https:\/\/portaltela.pt\/noticias\/2026\/03\/16\/autarcas-de-vila-franca-ficam-insatisfeitos-apos-reuniao-com-ministra-da-saude\/","og_site_name":"Portal Tela Portugal","article_published_time":"2026-03-16T14:26:00+00:00","author":"Telinha","twitter_card":"summary_large_image","twitter_misc":{"Escrito por":"Telinha","Tempo estimado de leitura":"2 minutos"},"schema":{"@context":"https:\/\/schema.org","@graph":[{"@type":"Article","@id":"https:\/\/portaltela.pt\/noticias\/2026\/03\/16\/autarcas-de-vila-franca-ficam-insatisfeitos-apos-reuniao-com-ministra-da-saude\/#article","isPartOf":{"@id":"https:\/\/portaltela.pt\/noticias\/2026\/03\/16\/autarcas-de-vila-franca-ficam-insatisfeitos-apos-reuniao-com-ministra-da-saude\/"},"author":{"name":"Telinha","@id":"https:\/\/portaltela.pt\/#\/schema\/person\/c4278d4a6028830caff9ee44b42d32ed"},"headline":"Autarcas de Vila Franca ficam insatisfeitos ap\u00f3s reuni\u00e3o com ministra da Sa\u00fade","datePublished":"2026-03-16T14:26:00+00:00","mainEntityOfPage":{"@id":"https:\/\/portaltela.pt\/noticias\/2026\/03\/16\/autarcas-de-vila-franca-ficam-insatisfeitos-apos-reuniao-com-ministra-da-saude\/"},"wordCount":384,"image":{"@id":"https:\/\/portaltela.pt\/noticias\/2026\/03\/16\/autarcas-de-vila-franca-ficam-insatisfeitos-apos-reuniao-com-ministra-da-saude\/#primaryimage"},"thumbnailUrl":"https:\/\/portaltela.pt\/s.01k8rhncp4jt1\/2026\/03\/img_1280x721uu2026-03-16-14-26-39-2216547.jpg","keywords":["ginecologia","maternidade","Obstetr\u00edcia","sa\u00fade","urg\u00eancias","Vila Franca de Xira"],"articleSection":["Not\u00edcias","Sa\u00fade"],"inLanguage":"pt-PT"},{"@type":"WebPage","@id":"https:\/\/portaltela.pt\/noticias\/2026\/03\/16\/autarcas-de-vila-franca-ficam-insatisfeitos-apos-reuniao-com-ministra-da-saude\/","url":"https:\/\/portaltela.pt\/noticias\/2026\/03\/16\/autarcas-de-vila-franca-ficam-insatisfeitos-apos-reuniao-com-ministra-da-saude\/","name":"Autarcas de Vila Franca ficam insatisfeitos ap\u00f3s reuni\u00e3o com ministra da Sa\u00fade - Portal Tela Portugal","isPartOf":{"@id":"https:\/\/portaltela.pt\/#website"},"primaryImageOfPage":{"@id":"https:\/\/portaltela.pt\/noticias\/2026\/03\/16\/autarcas-de-vila-franca-ficam-insatisfeitos-apos-reuniao-com-ministra-da-saude\/#primaryimage"},"image":{"@id":"https:\/\/portaltela.pt\/noticias\/2026\/03\/16\/autarcas-de-vila-franca-ficam-insatisfeitos-apos-reuniao-com-ministra-da-saude\/#primaryimage"},"thumbnailUrl":"https:\/\/portaltela.pt\/s.01k8rhncp4jt1\/2026\/03\/img_1280x721uu2026-03-16-14-26-39-2216547.jpg","datePublished":"2026-03-16T14:26:00+00:00","author":{"@id":"https:\/\/portaltela.pt\/#\/schema\/person\/c4278d4a6028830caff9ee44b42d32ed"},"breadcrumb":{"@id":"https:\/\/portaltela.pt\/noticias\/2026\/03\/16\/autarcas-de-vila-franca-ficam-insatisfeitos-apos-reuniao-com-ministra-da-saude\/#breadcrumb"},"inLanguage":"pt-PT","potentialAction":[{"@type":"ReadAction","target":["https:\/\/portaltela.pt\/noticias\/2026\/03\/16\/autarcas-de-vila-franca-ficam-insatisfeitos-apos-reuniao-com-ministra-da-saude\/"]}]},{"@type":"ImageObject","inLanguage":"pt-PT","@id":"https:\/\/portaltela.pt\/noticias\/2026\/03\/16\/autarcas-de-vila-franca-ficam-insatisfeitos-apos-reuniao-com-ministra-da-saude\/#primaryimage","url":"https:\/\/portaltela.pt\/s.01k8rhncp4jt1\/2026\/03\/img_1280x721uu2026-03-16-14-26-39-2216547.jpg","contentUrl":"https:\/\/portaltela.pt\/s.01k8rhncp4jt1\/2026\/03\/img_1280x721uu2026-03-16-14-26-39-2216547.jpg","width":1280,"height":721,"caption":"Photo"},{"@type":"BreadcrumbList","@id":"https:\/\/portaltela.pt\/noticias\/2026\/03\/16\/autarcas-de-vila-franca-ficam-insatisfeitos-apos-reuniao-com-ministra-da-saude\/#breadcrumb","itemListElement":[{"@type":"ListItem","position":1,"name":"In\u00edcio","item":"https:\/\/portaltela.pt\/"},{"@type":"ListItem","position":2,"name":"Autarcas de Vila Franca ficam insatisfeitos ap\u00f3s reuni\u00e3o com ministra da Sa\u00fade"}]},{"@type":"WebSite","@id":"https:\/\/portaltela.pt\/#website","url":"https:\/\/portaltela.pt\/","name":"Portal Tela Portugal","description":"","potentialAction":[{"@type":"SearchAction","target":{"@type":"EntryPoint","urlTemplate":"https:\/\/portaltela.pt\/?s={search_term_string}"},"query-input":{"@type":"PropertyValueSpecification","valueRequired":true,"valueName":"search_term_string"}}],"inLanguage":"pt-PT"},{"@type":"Person","@id":"https:\/\/portaltela.pt\/#\/schema\/person\/c4278d4a6028830caff9ee44b42d32ed","name":"Telinha","image":{"@type":"ImageObject","inLanguage":"pt-PT","@id":"https:\/\/portaltela.pt\/s.01k8rhncp4jt1\/2025\/11\/talking-bot-125x125.png","url":"https:\/\/portaltela.pt\/s.01k8rhncp4jt1\/2025\/11\/talking-bot-125x125.png","contentUrl":"https:\/\/portaltela.pt\/s.01k8rhncp4jt1\/2025\/11\/talking-bot-125x125.png","caption":"Telinha"},"sameAs":["https:\/\/portaltela.pt\/"],"url":"https:\/\/portaltela.pt\/por\/367410592786\/"}]}},"_links":{"self":[{"href":"https:\/\/portaltela.pt\/api\/wp\/v2\/posts\/412068","targetHints":{"allow":["GET"]}}],"collection":[{"href":"https:\/\/portaltela.pt\/api\/wp\/v2\/posts"}],"about":[{"href":"https:\/\/portaltela.pt\/api\/wp\/v2\/types\/post"}],"author":[{"embeddable":true,"href":"https:\/\/portaltela.pt\/api\/wp\/v2\/users\/2"}],"replies":[{"embeddable":true,"href":"https:\/\/portaltela.pt\/api\/wp\/v2\/comments?post=412068"}],"version-history":[{"count":0,"href":"https:\/\/portaltela.pt\/api\/wp\/v2\/posts\/412068\/revisions"}],"wp:featuredmedia":[{"embeddable":true,"href":"https:\/\/portaltela.pt\/api\/wp\/v2\/media\/412073"}],"wp:attachment":[{"href":"https:\/\/portaltela.pt\/api\/wp\/v2\/media?parent=412068"}],"wp:term":[{"taxonomy":"category","embeddable":true,"href":"https:\/\/portaltela.pt\/api\/wp\/v2\/categories?post=412068"},{"taxonomy":"post_tag","embeddable":true,"href":"https:\/\/portaltela.pt\/api\/wp\/v2\/tags?post=412068"}],"curies":[{"name":"wp","href":"https:\/\/api.w.org\/{rel}","templated":true}]}}