{"id":412038,"date":"2026-03-16T11:02:20","date_gmt":"2026-03-16T14:02:20","guid":{"rendered":"https:\/\/portaltela.pt\/noticias\/2026\/03\/16\/madrid-celebra-cultura-irlandesa-com-desfile-colorido-do-dia-de-sao-patricio\/"},"modified":"2026-03-16T11:02:20","modified_gmt":"2026-03-16T14:02:20","slug":"madrid-celebra-cultura-irlandesa-com-desfile-colorido-do-dia-de-sao-patricio","status":"publish","type":"post","link":"https:\/\/portaltela.pt\/noticias\/2026\/03\/16\/madrid-celebra-cultura-irlandesa-com-desfile-colorido-do-dia-de-sao-patricio\/","title":{"rendered":"Madrid celebra cultura irlandesa com desfile colorido do Dia de S\u00e3o Patr\u00edcio"},"content":{"rendered":"<p>Milhares de pessoas reuniram-se em Madrid, no s\u00e1bado, para celebrar o Dia de S\u00e3o Patr\u00edcio. O desfile juntou bandas tradicionais, dan\u00e7as e atua\u00e7\u00f5es culturais, numa celebra\u00e7\u00e3o da heran\u00e7a irlandesa movida pela m\u00fasica c\u00e9ltica.<\/p>\n<p>Entre os participantes estiveram 700 tocadores de gaita-de-foles e 1 300 pessoas, que invadiram as ruas da capital espanhola com ritmo e cor. O evento destacou a diversidade cultural promovida pela Semana da Irlanda.<\/p>\n<p>O desfile integrou a quarta edi\u00e7\u00e3o da Semana da Irlanda em Madrid, iniciativa promovida pelo Turismo da Irlanda. A programa\u00e7\u00e3o continua at\u00e9 \u00e0 pr\u00f3xima ter\u00e7a-feira, dia em que se celebra S\u00e3o Patr\u00edcio, padroeiro da Irlanda.<\/p>\n<h3>Semana da Irlanda em Madrid<\/h3>\n<p>A edi\u00e7\u00e3o deste ano refor\u00e7a o envolvimento das comunidades locais com a cultura irlandesa. O objetivo \u00e9 apresentar m\u00fasica, dan\u00e7a e express\u00e3o cultural de forma aberta ao p\u00fablico visitante e residentes.<\/p>\n<p>O Dia de S\u00e3o Patr\u00edcio \u00e9 celebrado anualmente a 17 de mar\u00e7o e \u00e9 amplamente assinalado por comunidades irlandesas ao redor do mundo, inclusive em cidades fora da Irlanda. Madrid junta-se a essa tradi\u00e7\u00e3o com eventos e apresenta\u00e7\u00f5es p\u00fablicas.<\/p>\n","protected":false},"excerpt":{"rendered":"<ul>\n<li>Milhares reuniram-se em Madrid no s\u00e1bado para o desfile do Dia de S\u00e3o Patr\u00edcio.<\/li>\n<li>O evento contou com bandas tradicionais irlandesas, bailarinos mascarados e artistas.<\/li>\n<li>Setecentos tocadores de gaita-de-foles e 1.300 participantes tomaram as ruas da capital.<\/li>\n<li>O desfile integrou a quarta edi\u00e7\u00e3o da Semana da Irlanda em Madrid, promovida pelo Turismo da Irlanda.<\/li>\n<li>A Semana decorre at\u00e9 \u00e0 pr\u00f3xima ter\u00e7a-feira, dia em que se assinala S\u00e3o Patr\u00edcio, padroeiro da Irlanda.<\/li>\n<\/ul>\n","protected":false},"author":2,"featured_media":412044,"comment_status":"closed","ping_status":"closed","sticky":false,"template":"","format":"standard","meta":{"footnotes":""},"categories":[6676,1],"tags":[145,1683,4919,5230,122,169],"class_list":["post-412038","post","type-post","status-publish","format-standard","has-post-thumbnail","hentry","category-musica","category-noticias","tag-cultura","tag-danca","tag-festas","tag-irlanda","tag-musica","tag-turismo"],"yoast_head":"<!-- This site is optimized with the Yoast SEO plugin v27.2 - https:\/\/yoast.com\/product\/yoast-seo-wordpress\/ -->\n<title>Madrid celebra cultura irlandesa com desfile colorido do Dia de S\u00e3o Patr\u00edcio - Portal Tela Portugal<\/title>\n<meta name=\"robots\" content=\"index, follow, max-snippet:-1, max-image-preview:large, max-video-preview:-1\" \/>\n<meta property=\"og:locale\" content=\"pt_PT\" \/>\n<meta property=\"og:type\" content=\"article\" \/>\n<meta property=\"og:title\" content=\"Madrid celebra cultura irlandesa com desfile colorido do Dia de S\u00e3o Patr\u00edcio - Portal Tela Portugal\" \/>\n<meta property=\"og:description\" content=\"Milhares reuniram-se em Madrid no s\u00e1bado para o desfile do Dia de S\u00e3o Patr\u00edcio. O evento contou com bandas tradicionais irlandesas, bailarinos mascarados e artistas. Setecentos tocadores de gaita-de-foles e 1.300 participantes tomaram as ruas da capital. O desfile integrou a quarta edi\u00e7\u00e3o da Semana da Irlanda em Madrid, promovida pelo Turismo da Irlanda. A Semana decorre at\u00e9 \u00e0 pr\u00f3xima ter\u00e7a-feira, dia em que se assinala S\u00e3o Patr\u00edcio, padroeiro da Irlanda.\" \/>\n<meta property=\"og:url\" content=\"https:\/\/portaltela.pt\/noticias\/2026\/03\/16\/madrid-celebra-cultura-irlandesa-com-desfile-colorido-do-dia-de-sao-patricio\/\" \/>\n<meta property=\"og:site_name\" content=\"Portal Tela Portugal\" \/>\n<meta property=\"article:published_time\" content=\"2026-03-16T14:02:20+00:00\" \/>\n<meta name=\"author\" content=\"Telinha\" \/>\n<meta name=\"twitter:card\" content=\"summary_large_image\" \/>\n<meta name=\"twitter:label1\" content=\"Escrito por\" \/>\n\t<meta name=\"twitter:data1\" content=\"Telinha\" \/>\n\t<meta name=\"twitter:label2\" content=\"Tempo estimado de leitura\" \/>\n\t<meta name=\"twitter:data2\" content=\"1 minuto\" \/>\n<script type=\"application\/ld+json\" class=\"yoast-schema-graph\">{\"@context\":\"https:\/\/schema.org\",\"@graph\":[{\"@type\":\"Article\",\"@id\":\"https:\/\/portaltela.pt\/noticias\/2026\/03\/16\/madrid-celebra-cultura-irlandesa-com-desfile-colorido-do-dia-de-sao-patricio\/#article\",\"isPartOf\":{\"@id\":\"https:\/\/portaltela.pt\/noticias\/2026\/03\/16\/madrid-celebra-cultura-irlandesa-com-desfile-colorido-do-dia-de-sao-patricio\/\"},\"author\":{\"name\":\"Telinha\",\"@id\":\"https:\/\/portaltela.pt\/#\/schema\/person\/c4278d4a6028830caff9ee44b42d32ed\"},\"headline\":\"Madrid celebra cultura irlandesa com desfile colorido do Dia de S\u00e3o Patr\u00edcio\",\"datePublished\":\"2026-03-16T14:02:20+00:00\",\"mainEntityOfPage\":{\"@id\":\"https:\/\/portaltela.pt\/noticias\/2026\/03\/16\/madrid-celebra-cultura-irlandesa-com-desfile-colorido-do-dia-de-sao-patricio\/\"},\"wordCount\":210,\"image\":{\"@id\":\"https:\/\/portaltela.pt\/noticias\/2026\/03\/16\/madrid-celebra-cultura-irlandesa-com-desfile-colorido-do-dia-de-sao-patricio\/#primaryimage\"},\"thumbnailUrl\":\"https:\/\/portaltela.pt\/s.01k8rhncp4jt1\/2026\/03\/1200x675_cmsv2_474d905b-40b4-5a70-b8a9-f731d660b6ec-9687209.jpg\",\"keywords\":[\"cultura\",\"dan\u00e7a\",\"festas\",\"Irlanda\",\"m\u00fasica\",\"turismo\"],\"articleSection\":[\"M\u00fasica\",\"Not\u00edcias\"],\"inLanguage\":\"pt-PT\"},{\"@type\":\"WebPage\",\"@id\":\"https:\/\/portaltela.pt\/noticias\/2026\/03\/16\/madrid-celebra-cultura-irlandesa-com-desfile-colorido-do-dia-de-sao-patricio\/\",\"url\":\"https:\/\/portaltela.pt\/noticias\/2026\/03\/16\/madrid-celebra-cultura-irlandesa-com-desfile-colorido-do-dia-de-sao-patricio\/\",\"name\":\"Madrid celebra cultura irlandesa com desfile colorido do Dia de S\u00e3o Patr\u00edcio - Portal Tela Portugal\",\"isPartOf\":{\"@id\":\"https:\/\/portaltela.pt\/#website\"},\"primaryImageOfPage\":{\"@id\":\"https:\/\/portaltela.pt\/noticias\/2026\/03\/16\/madrid-celebra-cultura-irlandesa-com-desfile-colorido-do-dia-de-sao-patricio\/#primaryimage\"},\"image\":{\"@id\":\"https:\/\/portaltela.pt\/noticias\/2026\/03\/16\/madrid-celebra-cultura-irlandesa-com-desfile-colorido-do-dia-de-sao-patricio\/#primaryimage\"},\"thumbnailUrl\":\"https:\/\/portaltela.pt\/s.01k8rhncp4jt1\/2026\/03\/1200x675_cmsv2_474d905b-40b4-5a70-b8a9-f731d660b6ec-9687209.jpg\",\"datePublished\":\"2026-03-16T14:02:20+00:00\",\"author\":{\"@id\":\"https:\/\/portaltela.pt\/#\/schema\/person\/c4278d4a6028830caff9ee44b42d32ed\"},\"breadcrumb\":{\"@id\":\"https:\/\/portaltela.pt\/noticias\/2026\/03\/16\/madrid-celebra-cultura-irlandesa-com-desfile-colorido-do-dia-de-sao-patricio\/#breadcrumb\"},\"inLanguage\":\"pt-PT\",\"potentialAction\":[{\"@type\":\"ReadAction\",\"target\":[\"https:\/\/portaltela.pt\/noticias\/2026\/03\/16\/madrid-celebra-cultura-irlandesa-com-desfile-colorido-do-dia-de-sao-patricio\/\"]}]},{\"@type\":\"ImageObject\",\"inLanguage\":\"pt-PT\",\"@id\":\"https:\/\/portaltela.pt\/noticias\/2026\/03\/16\/madrid-celebra-cultura-irlandesa-com-desfile-colorido-do-dia-de-sao-patricio\/#primaryimage\",\"url\":\"https:\/\/portaltela.pt\/s.01k8rhncp4jt1\/2026\/03\/1200x675_cmsv2_474d905b-40b4-5a70-b8a9-f731d660b6ec-9687209.jpg\",\"contentUrl\":\"https:\/\/portaltela.pt\/s.01k8rhncp4jt1\/2026\/03\/1200x675_cmsv2_474d905b-40b4-5a70-b8a9-f731d660b6ec-9687209.jpg\",\"width\":796,\"height\":448,\"caption\":\"Milhares de participantes encheram as ruas de Madrid durante o desfile do Dia de S\u00e3o Patr\u00edcio.\"},{\"@type\":\"BreadcrumbList\",\"@id\":\"https:\/\/portaltela.pt\/noticias\/2026\/03\/16\/madrid-celebra-cultura-irlandesa-com-desfile-colorido-do-dia-de-sao-patricio\/#breadcrumb\",\"itemListElement\":[{\"@type\":\"ListItem\",\"position\":1,\"name\":\"In\u00edcio\",\"item\":\"https:\/\/portaltela.pt\/\"},{\"@type\":\"ListItem\",\"position\":2,\"name\":\"Madrid celebra cultura irlandesa com desfile colorido do Dia de S\u00e3o Patr\u00edcio\"}]},{\"@type\":\"WebSite\",\"@id\":\"https:\/\/portaltela.pt\/#website\",\"url\":\"https:\/\/portaltela.pt\/\",\"name\":\"Portal Tela Portugal\",\"description\":\"\",\"potentialAction\":[{\"@type\":\"SearchAction\",\"target\":{\"@type\":\"EntryPoint\",\"urlTemplate\":\"https:\/\/portaltela.pt\/?s={search_term_string}\"},\"query-input\":{\"@type\":\"PropertyValueSpecification\",\"valueRequired\":true,\"valueName\":\"search_term_string\"}}],\"inLanguage\":\"pt-PT\"},{\"@type\":\"Person\",\"@id\":\"https:\/\/portaltela.pt\/#\/schema\/person\/c4278d4a6028830caff9ee44b42d32ed\",\"name\":\"Telinha\",\"image\":{\"@type\":\"ImageObject\",\"inLanguage\":\"pt-PT\",\"@id\":\"https:\/\/portaltela.pt\/s.01k8rhncp4jt1\/2025\/11\/talking-bot-125x125.png\",\"url\":\"https:\/\/portaltela.pt\/s.01k8rhncp4jt1\/2025\/11\/talking-bot-125x125.png\",\"contentUrl\":\"https:\/\/portaltela.pt\/s.01k8rhncp4jt1\/2025\/11\/talking-bot-125x125.png\",\"caption\":\"Telinha\"},\"sameAs\":[\"https:\/\/portaltela.pt\/\"],\"url\":\"https:\/\/portaltela.pt\/por\/367410592786\/\"}]}<\/script>\n<!-- \/ Yoast SEO plugin. -->","yoast_head_json":{"title":"Madrid celebra cultura irlandesa com desfile colorido do Dia de S\u00e3o Patr\u00edcio - Portal Tela Portugal","robots":{"index":"index","follow":"follow","max-snippet":"max-snippet:-1","max-image-preview":"max-image-preview:large","max-video-preview":"max-video-preview:-1"},"og_locale":"pt_PT","og_type":"article","og_title":"Madrid celebra cultura irlandesa com desfile colorido do Dia de S\u00e3o Patr\u00edcio - Portal Tela Portugal","og_description":"Milhares reuniram-se em Madrid no s\u00e1bado para o desfile do Dia de S\u00e3o Patr\u00edcio. O evento contou com bandas tradicionais irlandesas, bailarinos mascarados e artistas. Setecentos tocadores de gaita-de-foles e 1.300 participantes tomaram as ruas da capital. O desfile integrou a quarta edi\u00e7\u00e3o da Semana da Irlanda em Madrid, promovida pelo Turismo da Irlanda. A Semana decorre at\u00e9 \u00e0 pr\u00f3xima ter\u00e7a-feira, dia em que se assinala S\u00e3o Patr\u00edcio, padroeiro da Irlanda.","og_url":"https:\/\/portaltela.pt\/noticias\/2026\/03\/16\/madrid-celebra-cultura-irlandesa-com-desfile-colorido-do-dia-de-sao-patricio\/","og_site_name":"Portal Tela Portugal","article_published_time":"2026-03-16T14:02:20+00:00","author":"Telinha","twitter_card":"summary_large_image","twitter_misc":{"Escrito por":"Telinha","Tempo estimado de leitura":"1 minuto"},"schema":{"@context":"https:\/\/schema.org","@graph":[{"@type":"Article","@id":"https:\/\/portaltela.pt\/noticias\/2026\/03\/16\/madrid-celebra-cultura-irlandesa-com-desfile-colorido-do-dia-de-sao-patricio\/#article","isPartOf":{"@id":"https:\/\/portaltela.pt\/noticias\/2026\/03\/16\/madrid-celebra-cultura-irlandesa-com-desfile-colorido-do-dia-de-sao-patricio\/"},"author":{"name":"Telinha","@id":"https:\/\/portaltela.pt\/#\/schema\/person\/c4278d4a6028830caff9ee44b42d32ed"},"headline":"Madrid celebra cultura irlandesa com desfile colorido do Dia de S\u00e3o Patr\u00edcio","datePublished":"2026-03-16T14:02:20+00:00","mainEntityOfPage":{"@id":"https:\/\/portaltela.pt\/noticias\/2026\/03\/16\/madrid-celebra-cultura-irlandesa-com-desfile-colorido-do-dia-de-sao-patricio\/"},"wordCount":210,"image":{"@id":"https:\/\/portaltela.pt\/noticias\/2026\/03\/16\/madrid-celebra-cultura-irlandesa-com-desfile-colorido-do-dia-de-sao-patricio\/#primaryimage"},"thumbnailUrl":"https:\/\/portaltela.pt\/s.01k8rhncp4jt1\/2026\/03\/1200x675_cmsv2_474d905b-40b4-5a70-b8a9-f731d660b6ec-9687209.jpg","keywords":["cultura","dan\u00e7a","festas","Irlanda","m\u00fasica","turismo"],"articleSection":["M\u00fasica","Not\u00edcias"],"inLanguage":"pt-PT"},{"@type":"WebPage","@id":"https:\/\/portaltela.pt\/noticias\/2026\/03\/16\/madrid-celebra-cultura-irlandesa-com-desfile-colorido-do-dia-de-sao-patricio\/","url":"https:\/\/portaltela.pt\/noticias\/2026\/03\/16\/madrid-celebra-cultura-irlandesa-com-desfile-colorido-do-dia-de-sao-patricio\/","name":"Madrid celebra cultura irlandesa com desfile colorido do Dia de S\u00e3o Patr\u00edcio - Portal Tela Portugal","isPartOf":{"@id":"https:\/\/portaltela.pt\/#website"},"primaryImageOfPage":{"@id":"https:\/\/portaltela.pt\/noticias\/2026\/03\/16\/madrid-celebra-cultura-irlandesa-com-desfile-colorido-do-dia-de-sao-patricio\/#primaryimage"},"image":{"@id":"https:\/\/portaltela.pt\/noticias\/2026\/03\/16\/madrid-celebra-cultura-irlandesa-com-desfile-colorido-do-dia-de-sao-patricio\/#primaryimage"},"thumbnailUrl":"https:\/\/portaltela.pt\/s.01k8rhncp4jt1\/2026\/03\/1200x675_cmsv2_474d905b-40b4-5a70-b8a9-f731d660b6ec-9687209.jpg","datePublished":"2026-03-16T14:02:20+00:00","author":{"@id":"https:\/\/portaltela.pt\/#\/schema\/person\/c4278d4a6028830caff9ee44b42d32ed"},"breadcrumb":{"@id":"https:\/\/portaltela.pt\/noticias\/2026\/03\/16\/madrid-celebra-cultura-irlandesa-com-desfile-colorido-do-dia-de-sao-patricio\/#breadcrumb"},"inLanguage":"pt-PT","potentialAction":[{"@type":"ReadAction","target":["https:\/\/portaltela.pt\/noticias\/2026\/03\/16\/madrid-celebra-cultura-irlandesa-com-desfile-colorido-do-dia-de-sao-patricio\/"]}]},{"@type":"ImageObject","inLanguage":"pt-PT","@id":"https:\/\/portaltela.pt\/noticias\/2026\/03\/16\/madrid-celebra-cultura-irlandesa-com-desfile-colorido-do-dia-de-sao-patricio\/#primaryimage","url":"https:\/\/portaltela.pt\/s.01k8rhncp4jt1\/2026\/03\/1200x675_cmsv2_474d905b-40b4-5a70-b8a9-f731d660b6ec-9687209.jpg","contentUrl":"https:\/\/portaltela.pt\/s.01k8rhncp4jt1\/2026\/03\/1200x675_cmsv2_474d905b-40b4-5a70-b8a9-f731d660b6ec-9687209.jpg","width":796,"height":448,"caption":"Milhares de participantes encheram as ruas de Madrid durante o desfile do Dia de S\u00e3o Patr\u00edcio."},{"@type":"BreadcrumbList","@id":"https:\/\/portaltela.pt\/noticias\/2026\/03\/16\/madrid-celebra-cultura-irlandesa-com-desfile-colorido-do-dia-de-sao-patricio\/#breadcrumb","itemListElement":[{"@type":"ListItem","position":1,"name":"In\u00edcio","item":"https:\/\/portaltela.pt\/"},{"@type":"ListItem","position":2,"name":"Madrid celebra cultura irlandesa com desfile colorido do Dia de S\u00e3o Patr\u00edcio"}]},{"@type":"WebSite","@id":"https:\/\/portaltela.pt\/#website","url":"https:\/\/portaltela.pt\/","name":"Portal Tela Portugal","description":"","potentialAction":[{"@type":"SearchAction","target":{"@type":"EntryPoint","urlTemplate":"https:\/\/portaltela.pt\/?s={search_term_string}"},"query-input":{"@type":"PropertyValueSpecification","valueRequired":true,"valueName":"search_term_string"}}],"inLanguage":"pt-PT"},{"@type":"Person","@id":"https:\/\/portaltela.pt\/#\/schema\/person\/c4278d4a6028830caff9ee44b42d32ed","name":"Telinha","image":{"@type":"ImageObject","inLanguage":"pt-PT","@id":"https:\/\/portaltela.pt\/s.01k8rhncp4jt1\/2025\/11\/talking-bot-125x125.png","url":"https:\/\/portaltela.pt\/s.01k8rhncp4jt1\/2025\/11\/talking-bot-125x125.png","contentUrl":"https:\/\/portaltela.pt\/s.01k8rhncp4jt1\/2025\/11\/talking-bot-125x125.png","caption":"Telinha"},"sameAs":["https:\/\/portaltela.pt\/"],"url":"https:\/\/portaltela.pt\/por\/367410592786\/"}]}},"_links":{"self":[{"href":"https:\/\/portaltela.pt\/api\/wp\/v2\/posts\/412038","targetHints":{"allow":["GET"]}}],"collection":[{"href":"https:\/\/portaltela.pt\/api\/wp\/v2\/posts"}],"about":[{"href":"https:\/\/portaltela.pt\/api\/wp\/v2\/types\/post"}],"author":[{"embeddable":true,"href":"https:\/\/portaltela.pt\/api\/wp\/v2\/users\/2"}],"replies":[{"embeddable":true,"href":"https:\/\/portaltela.pt\/api\/wp\/v2\/comments?post=412038"}],"version-history":[{"count":0,"href":"https:\/\/portaltela.pt\/api\/wp\/v2\/posts\/412038\/revisions"}],"wp:featuredmedia":[{"embeddable":true,"href":"https:\/\/portaltela.pt\/api\/wp\/v2\/media\/412044"}],"wp:attachment":[{"href":"https:\/\/portaltela.pt\/api\/wp\/v2\/media?parent=412038"}],"wp:term":[{"taxonomy":"category","embeddable":true,"href":"https:\/\/portaltela.pt\/api\/wp\/v2\/categories?post=412038"},{"taxonomy":"post_tag","embeddable":true,"href":"https:\/\/portaltela.pt\/api\/wp\/v2\/tags?post=412038"}],"curies":[{"name":"wp","href":"https:\/\/api.w.org\/{rel}","templated":true}]}}