{"id":412030,"date":"2026-03-16T10:48:30","date_gmt":"2026-03-16T13:48:30","guid":{"rendered":"https:\/\/portaltela.pt\/noticias\/2026\/03\/16\/tiago-gouveia-afirma-que-joao-neves-e-fundamental-para-o-psg\/"},"modified":"2026-03-16T10:48:30","modified_gmt":"2026-03-16T13:48:30","slug":"tiago-gouveia-afirma-que-joao-neves-e-fundamental-para-o-psg","status":"publish","type":"post","link":"https:\/\/portaltela.pt\/desporto\/futebol\/2026\/03\/16\/tiago-gouveia-afirma-que-joao-neves-e-fundamental-para-o-psg\/","title":{"rendered":"Tiago Gouveia afirma que Jo\u00e3o Neves \u00e9 fundamental para o PSG"},"content":{"rendered":"<p>Tiago Gouveia, jogador do Nice por empr\u00e9stimo do Benfica, participa na liga francesa ao lado de Jo\u00e3o Neves, que pertence ao PSG. Numa entrevista ao podcast Final Cut, o atleta lusitano falou sobre a import\u00e2ncia do compatriota no clube parisiense.<\/p>\n<p>Gouveia referiu que Neves \u00e9 amplamente reconhecido pela sua influ\u00eancia no PSG, destacando o papel do m\u00e9dio no funcionamento da equipa. O jogador do Nice n\u00e3o deixou de mencionar a continuidade da sua pr\u00f3pria carreira e o objetivo que tra\u00e7ou.<\/p>\n<h3>Contexto e Liga Francesa<\/h3>\n<p>Os dois jogadores j\u00e1 partilhavam o balne\u00e1rio no Benfica antes de partirem para caminhos distintos na Europa. Em Fran\u00e7a, mant\u00eam uma rela\u00e7\u00e3o pr\u00f3xima enquanto competem no campeonato franc\u00eas, onde o PSG procura manter o topo da classifica\u00e7\u00e3o.<\/p>\n","protected":false},"excerpt":{"rendered":"<ul>\n<li>Tiago Gouveia, ex-Benfica, joga no Nice por empr\u00e9stimo e elogia Jo\u00e3o Neves, jogador do PSG.<\/li>\n<li>Os dois atletas j\u00e1 foram colegas no balne\u00e1rio do Benfica e agora disputam a Liga francesa.<\/li>\n<li>Gouveia falou no podcast Final Cut sobre a import\u00e2ncia de Jo\u00e3o Neves para o PSG.<\/li>\n<li>O jogador do Nice refere ter um objetivo claro na carreira.<\/li>\n<li>A entrevista destacou o papel de Jo\u00e3o Neves no PSG e a continuidade na Ligue 1.<\/li>\n<\/ul>\n","protected":false},"author":2,"featured_media":412033,"comment_status":"closed","ping_status":"closed","sticky":false,"template":"","format":"standard","meta":{"footnotes":""},"categories":[21,24],"tags":[1946,32,2626,242,1822,1982],"class_list":["post-412030","post","type-post","status-publish","format-standard","has-post-thumbnail","hentry","category-desporto","category-futebol","tag-benfica","tag-futebol","tag-joao-neves","tag-jogadores","tag-ligue-1","tag-paris-saint-germain"],"yoast_head":"<!-- This site is optimized with the Yoast SEO plugin v27.2 - https:\/\/yoast.com\/product\/yoast-seo-wordpress\/ -->\n<title>Tiago Gouveia afirma que Jo\u00e3o Neves \u00e9 fundamental para o PSG - Portal Tela Portugal<\/title>\n<meta name=\"robots\" content=\"index, follow, max-snippet:-1, max-image-preview:large, max-video-preview:-1\" \/>\n<meta property=\"og:locale\" content=\"pt_PT\" \/>\n<meta property=\"og:type\" content=\"article\" \/>\n<meta property=\"og:title\" content=\"Tiago Gouveia afirma que Jo\u00e3o Neves \u00e9 fundamental para o PSG - Portal Tela Portugal\" \/>\n<meta property=\"og:description\" content=\"Tiago Gouveia, ex-Benfica, joga no Nice por empr\u00e9stimo e elogia Jo\u00e3o Neves, jogador do PSG. Os dois atletas j\u00e1 foram colegas no balne\u00e1rio do Benfica e agora disputam a Liga francesa. Gouveia falou no podcast Final Cut sobre a import\u00e2ncia de Jo\u00e3o Neves para o PSG. O jogador do Nice refere ter um objetivo claro na carreira. A entrevista destacou o papel de Jo\u00e3o Neves no PSG e a continuidade na Ligue 1.\" \/>\n<meta property=\"og:url\" content=\"https:\/\/portaltela.pt\/noticias\/2026\/03\/16\/tiago-gouveia-afirma-que-joao-neves-e-fundamental-para-o-psg\/\" \/>\n<meta property=\"og:site_name\" content=\"Portal Tela Portugal\" \/>\n<meta property=\"article:published_time\" content=\"2026-03-16T13:48:30+00:00\" \/>\n<meta name=\"author\" content=\"Telinha\" \/>\n<meta name=\"twitter:card\" content=\"summary_large_image\" \/>\n<meta name=\"twitter:label1\" content=\"Escrito por\" \/>\n\t<meta name=\"twitter:data1\" content=\"Telinha\" \/>\n\t<meta name=\"twitter:label2\" content=\"Tempo estimado de leitura\" \/>\n\t<meta name=\"twitter:data2\" content=\"1 minuto\" \/>\n<script type=\"application\/ld+json\" class=\"yoast-schema-graph\">{\"@context\":\"https:\/\/schema.org\",\"@graph\":[{\"@type\":\"Article\",\"@id\":\"https:\/\/portaltela.pt\/noticias\/2026\/03\/16\/tiago-gouveia-afirma-que-joao-neves-e-fundamental-para-o-psg\/#article\",\"isPartOf\":{\"@id\":\"https:\/\/portaltela.pt\/noticias\/2026\/03\/16\/tiago-gouveia-afirma-que-joao-neves-e-fundamental-para-o-psg\/\"},\"author\":{\"name\":\"Telinha\",\"@id\":\"https:\/\/portaltela.pt\/#\/schema\/person\/c4278d4a6028830caff9ee44b42d32ed\"},\"headline\":\"Tiago Gouveia afirma que Jo\u00e3o Neves \u00e9 fundamental para o PSG\",\"datePublished\":\"2026-03-16T13:48:30+00:00\",\"mainEntityOfPage\":{\"@id\":\"https:\/\/portaltela.pt\/noticias\/2026\/03\/16\/tiago-gouveia-afirma-que-joao-neves-e-fundamental-para-o-psg\/\"},\"wordCount\":146,\"image\":{\"@id\":\"https:\/\/portaltela.pt\/noticias\/2026\/03\/16\/tiago-gouveia-afirma-que-joao-neves-e-fundamental-para-o-psg\/#primaryimage\"},\"thumbnailUrl\":\"https:\/\/portaltela.pt\/s.01k8rhncp4jt1\/2026\/03\/img_293x165uu2026-03-16-13-42-36-2427385.jpg\",\"keywords\":[\"Benfica\",\"futebol\",\"Jo\u00e3o Neves\",\"jogadores\",\"Ligue 1\",\"Paris Saint-Germain\"],\"articleSection\":[\"Desporto\",\"Futebol\"],\"inLanguage\":\"pt-PT\"},{\"@type\":\"WebPage\",\"@id\":\"https:\/\/portaltela.pt\/noticias\/2026\/03\/16\/tiago-gouveia-afirma-que-joao-neves-e-fundamental-para-o-psg\/\",\"url\":\"https:\/\/portaltela.pt\/noticias\/2026\/03\/16\/tiago-gouveia-afirma-que-joao-neves-e-fundamental-para-o-psg\/\",\"name\":\"Tiago Gouveia afirma que Jo\u00e3o Neves \u00e9 fundamental para o PSG - Portal Tela Portugal\",\"isPartOf\":{\"@id\":\"https:\/\/portaltela.pt\/#website\"},\"primaryImageOfPage\":{\"@id\":\"https:\/\/portaltela.pt\/noticias\/2026\/03\/16\/tiago-gouveia-afirma-que-joao-neves-e-fundamental-para-o-psg\/#primaryimage\"},\"image\":{\"@id\":\"https:\/\/portaltela.pt\/noticias\/2026\/03\/16\/tiago-gouveia-afirma-que-joao-neves-e-fundamental-para-o-psg\/#primaryimage\"},\"thumbnailUrl\":\"https:\/\/portaltela.pt\/s.01k8rhncp4jt1\/2026\/03\/img_293x165uu2026-03-16-13-42-36-2427385.jpg\",\"datePublished\":\"2026-03-16T13:48:30+00:00\",\"author\":{\"@id\":\"https:\/\/portaltela.pt\/#\/schema\/person\/c4278d4a6028830caff9ee44b42d32ed\"},\"breadcrumb\":{\"@id\":\"https:\/\/portaltela.pt\/noticias\/2026\/03\/16\/tiago-gouveia-afirma-que-joao-neves-e-fundamental-para-o-psg\/#breadcrumb\"},\"inLanguage\":\"pt-PT\",\"potentialAction\":[{\"@type\":\"ReadAction\",\"target\":[\"https:\/\/portaltela.pt\/noticias\/2026\/03\/16\/tiago-gouveia-afirma-que-joao-neves-e-fundamental-para-o-psg\/\"]}]},{\"@type\":\"ImageObject\",\"inLanguage\":\"pt-PT\",\"@id\":\"https:\/\/portaltela.pt\/noticias\/2026\/03\/16\/tiago-gouveia-afirma-que-joao-neves-e-fundamental-para-o-psg\/#primaryimage\",\"url\":\"https:\/\/portaltela.pt\/s.01k8rhncp4jt1\/2026\/03\/img_293x165uu2026-03-16-13-42-36-2427385.jpg\",\"contentUrl\":\"https:\/\/portaltela.pt\/s.01k8rhncp4jt1\/2026\/03\/img_293x165uu2026-03-16-13-42-36-2427385.jpg\",\"width\":796,\"height\":448,\"caption\":\"Tiago Gouveia: \u00abToda a gente reconhece que Jo\u00e3o Neves \u00e9 important\u00edssimo para o PSG\u00bb\"},{\"@type\":\"BreadcrumbList\",\"@id\":\"https:\/\/portaltela.pt\/noticias\/2026\/03\/16\/tiago-gouveia-afirma-que-joao-neves-e-fundamental-para-o-psg\/#breadcrumb\",\"itemListElement\":[{\"@type\":\"ListItem\",\"position\":1,\"name\":\"In\u00edcio\",\"item\":\"https:\/\/portaltela.pt\/\"},{\"@type\":\"ListItem\",\"position\":2,\"name\":\"Tiago Gouveia afirma que Jo\u00e3o Neves \u00e9 fundamental para o PSG\"}]},{\"@type\":\"WebSite\",\"@id\":\"https:\/\/portaltela.pt\/#website\",\"url\":\"https:\/\/portaltela.pt\/\",\"name\":\"Portal Tela Portugal\",\"description\":\"\",\"potentialAction\":[{\"@type\":\"SearchAction\",\"target\":{\"@type\":\"EntryPoint\",\"urlTemplate\":\"https:\/\/portaltela.pt\/?s={search_term_string}\"},\"query-input\":{\"@type\":\"PropertyValueSpecification\",\"valueRequired\":true,\"valueName\":\"search_term_string\"}}],\"inLanguage\":\"pt-PT\"},{\"@type\":\"Person\",\"@id\":\"https:\/\/portaltela.pt\/#\/schema\/person\/c4278d4a6028830caff9ee44b42d32ed\",\"name\":\"Telinha\",\"image\":{\"@type\":\"ImageObject\",\"inLanguage\":\"pt-PT\",\"@id\":\"https:\/\/portaltela.pt\/s.01k8rhncp4jt1\/2025\/11\/talking-bot-125x125.png\",\"url\":\"https:\/\/portaltela.pt\/s.01k8rhncp4jt1\/2025\/11\/talking-bot-125x125.png\",\"contentUrl\":\"https:\/\/portaltela.pt\/s.01k8rhncp4jt1\/2025\/11\/talking-bot-125x125.png\",\"caption\":\"Telinha\"},\"sameAs\":[\"https:\/\/portaltela.pt\/\"],\"url\":\"https:\/\/portaltela.pt\/por\/367410592786\/\"}]}<\/script>\n<!-- \/ Yoast SEO plugin. -->","yoast_head_json":{"title":"Tiago Gouveia afirma que Jo\u00e3o Neves \u00e9 fundamental para o PSG - Portal Tela Portugal","robots":{"index":"index","follow":"follow","max-snippet":"max-snippet:-1","max-image-preview":"max-image-preview:large","max-video-preview":"max-video-preview:-1"},"og_locale":"pt_PT","og_type":"article","og_title":"Tiago Gouveia afirma que Jo\u00e3o Neves \u00e9 fundamental para o PSG - Portal Tela Portugal","og_description":"Tiago Gouveia, ex-Benfica, joga no Nice por empr\u00e9stimo e elogia Jo\u00e3o Neves, jogador do PSG. Os dois atletas j\u00e1 foram colegas no balne\u00e1rio do Benfica e agora disputam a Liga francesa. Gouveia falou no podcast Final Cut sobre a import\u00e2ncia de Jo\u00e3o Neves para o PSG. O jogador do Nice refere ter um objetivo claro na carreira. A entrevista destacou o papel de Jo\u00e3o Neves no PSG e a continuidade na Ligue 1.","og_url":"https:\/\/portaltela.pt\/noticias\/2026\/03\/16\/tiago-gouveia-afirma-que-joao-neves-e-fundamental-para-o-psg\/","og_site_name":"Portal Tela Portugal","article_published_time":"2026-03-16T13:48:30+00:00","author":"Telinha","twitter_card":"summary_large_image","twitter_misc":{"Escrito por":"Telinha","Tempo estimado de leitura":"1 minuto"},"schema":{"@context":"https:\/\/schema.org","@graph":[{"@type":"Article","@id":"https:\/\/portaltela.pt\/noticias\/2026\/03\/16\/tiago-gouveia-afirma-que-joao-neves-e-fundamental-para-o-psg\/#article","isPartOf":{"@id":"https:\/\/portaltela.pt\/noticias\/2026\/03\/16\/tiago-gouveia-afirma-que-joao-neves-e-fundamental-para-o-psg\/"},"author":{"name":"Telinha","@id":"https:\/\/portaltela.pt\/#\/schema\/person\/c4278d4a6028830caff9ee44b42d32ed"},"headline":"Tiago Gouveia afirma que Jo\u00e3o Neves \u00e9 fundamental para o PSG","datePublished":"2026-03-16T13:48:30+00:00","mainEntityOfPage":{"@id":"https:\/\/portaltela.pt\/noticias\/2026\/03\/16\/tiago-gouveia-afirma-que-joao-neves-e-fundamental-para-o-psg\/"},"wordCount":146,"image":{"@id":"https:\/\/portaltela.pt\/noticias\/2026\/03\/16\/tiago-gouveia-afirma-que-joao-neves-e-fundamental-para-o-psg\/#primaryimage"},"thumbnailUrl":"https:\/\/portaltela.pt\/s.01k8rhncp4jt1\/2026\/03\/img_293x165uu2026-03-16-13-42-36-2427385.jpg","keywords":["Benfica","futebol","Jo\u00e3o Neves","jogadores","Ligue 1","Paris Saint-Germain"],"articleSection":["Desporto","Futebol"],"inLanguage":"pt-PT"},{"@type":"WebPage","@id":"https:\/\/portaltela.pt\/noticias\/2026\/03\/16\/tiago-gouveia-afirma-que-joao-neves-e-fundamental-para-o-psg\/","url":"https:\/\/portaltela.pt\/noticias\/2026\/03\/16\/tiago-gouveia-afirma-que-joao-neves-e-fundamental-para-o-psg\/","name":"Tiago Gouveia afirma que Jo\u00e3o Neves \u00e9 fundamental para o PSG - Portal Tela Portugal","isPartOf":{"@id":"https:\/\/portaltela.pt\/#website"},"primaryImageOfPage":{"@id":"https:\/\/portaltela.pt\/noticias\/2026\/03\/16\/tiago-gouveia-afirma-que-joao-neves-e-fundamental-para-o-psg\/#primaryimage"},"image":{"@id":"https:\/\/portaltela.pt\/noticias\/2026\/03\/16\/tiago-gouveia-afirma-que-joao-neves-e-fundamental-para-o-psg\/#primaryimage"},"thumbnailUrl":"https:\/\/portaltela.pt\/s.01k8rhncp4jt1\/2026\/03\/img_293x165uu2026-03-16-13-42-36-2427385.jpg","datePublished":"2026-03-16T13:48:30+00:00","author":{"@id":"https:\/\/portaltela.pt\/#\/schema\/person\/c4278d4a6028830caff9ee44b42d32ed"},"breadcrumb":{"@id":"https:\/\/portaltela.pt\/noticias\/2026\/03\/16\/tiago-gouveia-afirma-que-joao-neves-e-fundamental-para-o-psg\/#breadcrumb"},"inLanguage":"pt-PT","potentialAction":[{"@type":"ReadAction","target":["https:\/\/portaltela.pt\/noticias\/2026\/03\/16\/tiago-gouveia-afirma-que-joao-neves-e-fundamental-para-o-psg\/"]}]},{"@type":"ImageObject","inLanguage":"pt-PT","@id":"https:\/\/portaltela.pt\/noticias\/2026\/03\/16\/tiago-gouveia-afirma-que-joao-neves-e-fundamental-para-o-psg\/#primaryimage","url":"https:\/\/portaltela.pt\/s.01k8rhncp4jt1\/2026\/03\/img_293x165uu2026-03-16-13-42-36-2427385.jpg","contentUrl":"https:\/\/portaltela.pt\/s.01k8rhncp4jt1\/2026\/03\/img_293x165uu2026-03-16-13-42-36-2427385.jpg","width":796,"height":448,"caption":"Tiago Gouveia: \u00abToda a gente reconhece que Jo\u00e3o Neves \u00e9 important\u00edssimo para o PSG\u00bb"},{"@type":"BreadcrumbList","@id":"https:\/\/portaltela.pt\/noticias\/2026\/03\/16\/tiago-gouveia-afirma-que-joao-neves-e-fundamental-para-o-psg\/#breadcrumb","itemListElement":[{"@type":"ListItem","position":1,"name":"In\u00edcio","item":"https:\/\/portaltela.pt\/"},{"@type":"ListItem","position":2,"name":"Tiago Gouveia afirma que Jo\u00e3o Neves \u00e9 fundamental para o PSG"}]},{"@type":"WebSite","@id":"https:\/\/portaltela.pt\/#website","url":"https:\/\/portaltela.pt\/","name":"Portal Tela Portugal","description":"","potentialAction":[{"@type":"SearchAction","target":{"@type":"EntryPoint","urlTemplate":"https:\/\/portaltela.pt\/?s={search_term_string}"},"query-input":{"@type":"PropertyValueSpecification","valueRequired":true,"valueName":"search_term_string"}}],"inLanguage":"pt-PT"},{"@type":"Person","@id":"https:\/\/portaltela.pt\/#\/schema\/person\/c4278d4a6028830caff9ee44b42d32ed","name":"Telinha","image":{"@type":"ImageObject","inLanguage":"pt-PT","@id":"https:\/\/portaltela.pt\/s.01k8rhncp4jt1\/2025\/11\/talking-bot-125x125.png","url":"https:\/\/portaltela.pt\/s.01k8rhncp4jt1\/2025\/11\/talking-bot-125x125.png","contentUrl":"https:\/\/portaltela.pt\/s.01k8rhncp4jt1\/2025\/11\/talking-bot-125x125.png","caption":"Telinha"},"sameAs":["https:\/\/portaltela.pt\/"],"url":"https:\/\/portaltela.pt\/por\/367410592786\/"}]}},"_links":{"self":[{"href":"https:\/\/portaltela.pt\/api\/wp\/v2\/posts\/412030","targetHints":{"allow":["GET"]}}],"collection":[{"href":"https:\/\/portaltela.pt\/api\/wp\/v2\/posts"}],"about":[{"href":"https:\/\/portaltela.pt\/api\/wp\/v2\/types\/post"}],"author":[{"embeddable":true,"href":"https:\/\/portaltela.pt\/api\/wp\/v2\/users\/2"}],"replies":[{"embeddable":true,"href":"https:\/\/portaltela.pt\/api\/wp\/v2\/comments?post=412030"}],"version-history":[{"count":0,"href":"https:\/\/portaltela.pt\/api\/wp\/v2\/posts\/412030\/revisions"}],"wp:featuredmedia":[{"embeddable":true,"href":"https:\/\/portaltela.pt\/api\/wp\/v2\/media\/412033"}],"wp:attachment":[{"href":"https:\/\/portaltela.pt\/api\/wp\/v2\/media?parent=412030"}],"wp:term":[{"taxonomy":"category","embeddable":true,"href":"https:\/\/portaltela.pt\/api\/wp\/v2\/categories?post=412030"},{"taxonomy":"post_tag","embeddable":true,"href":"https:\/\/portaltela.pt\/api\/wp\/v2\/tags?post=412030"}],"curies":[{"name":"wp","href":"https:\/\/api.w.org\/{rel}","templated":true}]}}