{"id":412022,"date":"2026-03-16T10:23:00","date_gmt":"2026-03-16T13:23:00","guid":{"rendered":"https:\/\/portaltela.pt\/noticias\/2026\/03\/16\/antiga-diretora-do-museu-do-traje-madalena-braz-teixeira-morre-aos-87-anos\/"},"modified":"2026-03-16T10:23:00","modified_gmt":"2026-03-16T13:23:00","slug":"antiga-diretora-do-museu-do-traje-madalena-braz-teixeira-morre-aos-87-anos","status":"publish","type":"post","link":"https:\/\/portaltela.pt\/noticias\/2026\/03\/16\/antiga-diretora-do-museu-do-traje-madalena-braz-teixeira-morre-aos-87-anos\/","title":{"rendered":"Antiga diretora do Museu do Traje, Madalena Braz Teixeira, morre aos 87 anos"},"content":{"rendered":"<p>Madalena Braz Teixeira, antiga diretora do Museu Nacional do Traje, falleceu aos 87 anos em Set\u00fabal, no hospital, v\u00edtima de acidente vascular cerebral. A informa\u00e7\u00e3o foi confirmada pela fam\u00edlia \u00e0 Lusa. O \u00f3bito ocorreu no fim de semana passado.<\/p>\n<p>Nascida em Lisboa, em 1938, a muse\u00f3loga licenciou-se em Hist\u00f3rico-Filos\u00f3ficas e aprofundou estudos em museologia, onde concluiu mestrado e doutoramento. Ao longo da carreira foi professora universit\u00e1ria e investigadora nas \u00e1reas da hist\u00f3ria da arte, museologia e patrim\u00f3nio cultural.<\/p>\n<p>Madalena Braz Teixeira dirigiu o Museu Nacional do Traje entre 1983 e 2008, per\u00edodo em que o espa\u00e7o ganhou import\u00e2ncia na museologia do vestu\u00e1rio em Portugal. Sob a sua lideran\u00e7a, valorizou o traje como testemunho das transforma\u00e7\u00f5es sociais, pol\u00edticas e culturais.<\/p>\n<p>Entre as iniciativas associadas ao seu nome destacam-se a valoriza\u00e7\u00e3o da moda como documento hist\u00f3rico e exposi\u00e7\u00f5es marcantes, como a Travessia sobre a \u00e9poca de Fernando Pessoa, que levou 120 mil visitantes, e a exibi\u00e7\u00e3o da coroa do Pr\u00edncipe de Gales, que permaneceu no museu durante tr\u00eas semanas.<\/p>\n<p>Ao longo da carreira, a investigadora publicou e coordenou estudos sobre a hist\u00f3ria do traje e a evolu\u00e7\u00e3o da moda portuguesa, incluindo obras como Moda do S\u00e9culo 1900-2000 e Os Primeiros Museus Criados em Portugal. O seu trabalho dinamizou a museologia do vestu\u00e1rio no pa\u00eds.<\/p>\n<p>Al\u00e9m do Museu do Traje, colaborou em a\u00e7\u00f5es de valoriza\u00e7\u00e3o do patrim\u00f3nio ligado a figuras culturais portuguesas, nomeadamente na transforma\u00e7\u00e3o da resid\u00eancia de Am\u00e1lia Rodrigues em casa-museu. Em reconhecimento, recebeu o Pr\u00e9mio Personalidade, da Associa\u00e7\u00e3o Portuguesa de Museologia, em 2012.<\/p>\n<p>Em 2008, ap\u00f3s a aposenta\u00e7\u00e3o, a dirigente recordou ter entrado como volunt\u00e1ria em 1975 e, mais tarde, ter chefiado a Divis\u00e3o de Museus do IPPC. O Museu do Traje encontra-se hoje encerrado temporariamente para obras de requalifica\u00e7\u00e3o sob o Plano de Recupera\u00e7\u00e3o e Resili\u00eancia.<\/p>\n","protected":false},"excerpt":{"rendered":"<ul>\n<li>Morreu, em Set\u00fabal, no domingo, Madalena Braz Teixeira, aos 87 anos, antiga diretora do Museu Nacional do Traje entre 1983 e 2008, v\u00edtima de acidente vascular cerebral.<\/li>\n<li>Nascida em Lisboa em 1938, foi muse\u00f3loga, professora universit\u00e1ria e investigadora nas \u00e1reas de hist\u00f3ria da arte, museologia e patrim\u00f3nio cultural.<\/li>\n<li>Durante a sua dire\u00e7\u00e3o, o Museu Nacional do Traje modernizou a museologia do traje em Portugal e valorizou o vestu\u00e1rio como testemunho das transforma\u00e7\u00f5es sociais.<\/li>\n<li>publicou e coordenou v\u00e1rios estudos sobre a hist\u00f3ria do traje e a evolu\u00e7\u00e3o da moda em Portugal, incluindo Moda do S\u00e9culo 1900-2000 (2000) e Os Primeiros Museus Criados em Portugal (1984).<\/li>\n<li>Em 2012 recebeu o Pr\u00e9mio Personalidade da Associa\u00e7\u00e3o Portuguesa de Museologia, reconhecimento pelo contributo para museus, museologia e patrim\u00f3nio cultural.<\/li>\n<\/ul>\n","protected":false},"author":2,"featured_media":412027,"comment_status":"closed","ping_status":"closed","sticky":false,"template":"","format":"standard","meta":{"footnotes":""},"categories":[1],"tags":[299,7273,2954,1175,1014,994],"class_list":["post-412022","post","type-post","status-publish","format-standard","has-post-thumbnail","hentry","category-noticias","tag-historia","tag-museologia","tag-museus-e-monumentos-de-portugal","tag-patrimonio-cultural","tag-portugal","tag-setubal"],"yoast_head":"<!-- This site is optimized with the Yoast SEO plugin v27.2 - https:\/\/yoast.com\/product\/yoast-seo-wordpress\/ -->\n<title>Antiga diretora do Museu do Traje, Madalena Braz Teixeira, morre aos 87 anos - Portal Tela Portugal<\/title>\n<meta name=\"robots\" content=\"index, follow, max-snippet:-1, max-image-preview:large, max-video-preview:-1\" \/>\n<meta property=\"og:locale\" content=\"pt_PT\" \/>\n<meta property=\"og:type\" content=\"article\" \/>\n<meta property=\"og:title\" content=\"Antiga diretora do Museu do Traje, Madalena Braz Teixeira, morre aos 87 anos - Portal Tela Portugal\" \/>\n<meta property=\"og:description\" content=\"Morreu, em Set\u00fabal, no domingo, Madalena Braz Teixeira, aos 87 anos, antiga diretora do Museu Nacional do Traje entre 1983 e 2008, v\u00edtima de acidente vascular cerebral. Nascida em Lisboa em 1938, foi muse\u00f3loga, professora universit\u00e1ria e investigadora nas \u00e1reas de hist\u00f3ria da arte, museologia e patrim\u00f3nio cultural. Durante a sua dire\u00e7\u00e3o, o Museu Nacional do Traje modernizou a museologia do traje em Portugal e valorizou o vestu\u00e1rio como testemunho das transforma\u00e7\u00f5es sociais. publicou e coordenou v\u00e1rios estudos sobre a hist\u00f3ria do traje e a evolu\u00e7\u00e3o da moda em Portugal, incluindo Moda do S\u00e9culo 1900-2000 (2000) e Os Primeiros Museus Criados em Portugal (1984). Em 2012 recebeu o Pr\u00e9mio Personalidade da Associa\u00e7\u00e3o Portuguesa de Museologia, reconhecimento pelo contributo para museus, museologia e patrim\u00f3nio cultural.\" \/>\n<meta property=\"og:url\" content=\"https:\/\/portaltela.pt\/noticias\/2026\/03\/16\/antiga-diretora-do-museu-do-traje-madalena-braz-teixeira-morre-aos-87-anos\/\" \/>\n<meta property=\"og:site_name\" content=\"Portal Tela Portugal\" \/>\n<meta property=\"article:published_time\" content=\"2026-03-16T13:23:00+00:00\" \/>\n<meta name=\"author\" content=\"Telinha\" \/>\n<meta name=\"twitter:card\" content=\"summary_large_image\" \/>\n<meta name=\"twitter:label1\" content=\"Escrito por\" \/>\n\t<meta name=\"twitter:data1\" content=\"Telinha\" \/>\n\t<meta name=\"twitter:label2\" content=\"Tempo estimado de leitura\" \/>\n\t<meta name=\"twitter:data2\" content=\"2 minutos\" \/>\n<script type=\"application\/ld+json\" class=\"yoast-schema-graph\">{\"@context\":\"https:\/\/schema.org\",\"@graph\":[{\"@type\":\"Article\",\"@id\":\"https:\/\/portaltela.pt\/noticias\/2026\/03\/16\/antiga-diretora-do-museu-do-traje-madalena-braz-teixeira-morre-aos-87-anos\/#article\",\"isPartOf\":{\"@id\":\"https:\/\/portaltela.pt\/noticias\/2026\/03\/16\/antiga-diretora-do-museu-do-traje-madalena-braz-teixeira-morre-aos-87-anos\/\"},\"author\":{\"name\":\"Telinha\",\"@id\":\"https:\/\/portaltela.pt\/#\/schema\/person\/c4278d4a6028830caff9ee44b42d32ed\"},\"headline\":\"Antiga diretora do Museu do Traje, Madalena Braz Teixeira, morre aos 87 anos\",\"datePublished\":\"2026-03-16T13:23:00+00:00\",\"mainEntityOfPage\":{\"@id\":\"https:\/\/portaltela.pt\/noticias\/2026\/03\/16\/antiga-diretora-do-museu-do-traje-madalena-braz-teixeira-morre-aos-87-anos\/\"},\"wordCount\":343,\"image\":{\"@id\":\"https:\/\/portaltela.pt\/noticias\/2026\/03\/16\/antiga-diretora-do-museu-do-traje-madalena-braz-teixeira-morre-aos-87-anos\/#primaryimage\"},\"thumbnailUrl\":\"https:\/\/portaltela.pt\/s.01k8rhncp4jt1\/2026\/03\/2074671.jpg\",\"keywords\":[\"hist\u00f3ria\",\"museologia\",\"Museus e Monumentos de Portugal\",\"Patrim\u00f3nio Cultural\",\"Portugal\",\"Set\u00fabal\"],\"articleSection\":[\"Not\u00edcias\"],\"inLanguage\":\"pt-PT\"},{\"@type\":\"WebPage\",\"@id\":\"https:\/\/portaltela.pt\/noticias\/2026\/03\/16\/antiga-diretora-do-museu-do-traje-madalena-braz-teixeira-morre-aos-87-anos\/\",\"url\":\"https:\/\/portaltela.pt\/noticias\/2026\/03\/16\/antiga-diretora-do-museu-do-traje-madalena-braz-teixeira-morre-aos-87-anos\/\",\"name\":\"Antiga diretora do Museu do Traje, Madalena Braz Teixeira, morre aos 87 anos - Portal Tela Portugal\",\"isPartOf\":{\"@id\":\"https:\/\/portaltela.pt\/#website\"},\"primaryImageOfPage\":{\"@id\":\"https:\/\/portaltela.pt\/noticias\/2026\/03\/16\/antiga-diretora-do-museu-do-traje-madalena-braz-teixeira-morre-aos-87-anos\/#primaryimage\"},\"image\":{\"@id\":\"https:\/\/portaltela.pt\/noticias\/2026\/03\/16\/antiga-diretora-do-museu-do-traje-madalena-braz-teixeira-morre-aos-87-anos\/#primaryimage\"},\"thumbnailUrl\":\"https:\/\/portaltela.pt\/s.01k8rhncp4jt1\/2026\/03\/2074671.jpg\",\"datePublished\":\"2026-03-16T13:23:00+00:00\",\"author\":{\"@id\":\"https:\/\/portaltela.pt\/#\/schema\/person\/c4278d4a6028830caff9ee44b42d32ed\"},\"breadcrumb\":{\"@id\":\"https:\/\/portaltela.pt\/noticias\/2026\/03\/16\/antiga-diretora-do-museu-do-traje-madalena-braz-teixeira-morre-aos-87-anos\/#breadcrumb\"},\"inLanguage\":\"pt-PT\",\"potentialAction\":[{\"@type\":\"ReadAction\",\"target\":[\"https:\/\/portaltela.pt\/noticias\/2026\/03\/16\/antiga-diretora-do-museu-do-traje-madalena-braz-teixeira-morre-aos-87-anos\/\"]}]},{\"@type\":\"ImageObject\",\"inLanguage\":\"pt-PT\",\"@id\":\"https:\/\/portaltela.pt\/noticias\/2026\/03\/16\/antiga-diretora-do-museu-do-traje-madalena-braz-teixeira-morre-aos-87-anos\/#primaryimage\",\"url\":\"https:\/\/portaltela.pt\/s.01k8rhncp4jt1\/2026\/03\/2074671.jpg\",\"contentUrl\":\"https:\/\/portaltela.pt\/s.01k8rhncp4jt1\/2026\/03\/2074671.jpg\",\"width\":796,\"height\":448,\"caption\":\"Madalena Braz Teixeira dirigiu o Museu Nacional do Traje entre 1983 e 2008\"},{\"@type\":\"BreadcrumbList\",\"@id\":\"https:\/\/portaltela.pt\/noticias\/2026\/03\/16\/antiga-diretora-do-museu-do-traje-madalena-braz-teixeira-morre-aos-87-anos\/#breadcrumb\",\"itemListElement\":[{\"@type\":\"ListItem\",\"position\":1,\"name\":\"In\u00edcio\",\"item\":\"https:\/\/portaltela.pt\/\"},{\"@type\":\"ListItem\",\"position\":2,\"name\":\"Antiga diretora do Museu do Traje, Madalena Braz Teixeira, morre aos 87 anos\"}]},{\"@type\":\"WebSite\",\"@id\":\"https:\/\/portaltela.pt\/#website\",\"url\":\"https:\/\/portaltela.pt\/\",\"name\":\"Portal Tela Portugal\",\"description\":\"\",\"potentialAction\":[{\"@type\":\"SearchAction\",\"target\":{\"@type\":\"EntryPoint\",\"urlTemplate\":\"https:\/\/portaltela.pt\/?s={search_term_string}\"},\"query-input\":{\"@type\":\"PropertyValueSpecification\",\"valueRequired\":true,\"valueName\":\"search_term_string\"}}],\"inLanguage\":\"pt-PT\"},{\"@type\":\"Person\",\"@id\":\"https:\/\/portaltela.pt\/#\/schema\/person\/c4278d4a6028830caff9ee44b42d32ed\",\"name\":\"Telinha\",\"image\":{\"@type\":\"ImageObject\",\"inLanguage\":\"pt-PT\",\"@id\":\"https:\/\/portaltela.pt\/s.01k8rhncp4jt1\/2025\/11\/talking-bot-125x125.png\",\"url\":\"https:\/\/portaltela.pt\/s.01k8rhncp4jt1\/2025\/11\/talking-bot-125x125.png\",\"contentUrl\":\"https:\/\/portaltela.pt\/s.01k8rhncp4jt1\/2025\/11\/talking-bot-125x125.png\",\"caption\":\"Telinha\"},\"sameAs\":[\"https:\/\/portaltela.pt\/\"],\"url\":\"https:\/\/portaltela.pt\/por\/367410592786\/\"}]}<\/script>\n<!-- \/ Yoast SEO plugin. -->","yoast_head_json":{"title":"Antiga diretora do Museu do Traje, Madalena Braz Teixeira, morre aos 87 anos - Portal Tela Portugal","robots":{"index":"index","follow":"follow","max-snippet":"max-snippet:-1","max-image-preview":"max-image-preview:large","max-video-preview":"max-video-preview:-1"},"og_locale":"pt_PT","og_type":"article","og_title":"Antiga diretora do Museu do Traje, Madalena Braz Teixeira, morre aos 87 anos - Portal Tela Portugal","og_description":"Morreu, em Set\u00fabal, no domingo, Madalena Braz Teixeira, aos 87 anos, antiga diretora do Museu Nacional do Traje entre 1983 e 2008, v\u00edtima de acidente vascular cerebral. Nascida em Lisboa em 1938, foi muse\u00f3loga, professora universit\u00e1ria e investigadora nas \u00e1reas de hist\u00f3ria da arte, museologia e patrim\u00f3nio cultural. Durante a sua dire\u00e7\u00e3o, o Museu Nacional do Traje modernizou a museologia do traje em Portugal e valorizou o vestu\u00e1rio como testemunho das transforma\u00e7\u00f5es sociais. publicou e coordenou v\u00e1rios estudos sobre a hist\u00f3ria do traje e a evolu\u00e7\u00e3o da moda em Portugal, incluindo Moda do S\u00e9culo 1900-2000 (2000) e Os Primeiros Museus Criados em Portugal (1984). Em 2012 recebeu o Pr\u00e9mio Personalidade da Associa\u00e7\u00e3o Portuguesa de Museologia, reconhecimento pelo contributo para museus, museologia e patrim\u00f3nio cultural.","og_url":"https:\/\/portaltela.pt\/noticias\/2026\/03\/16\/antiga-diretora-do-museu-do-traje-madalena-braz-teixeira-morre-aos-87-anos\/","og_site_name":"Portal Tela Portugal","article_published_time":"2026-03-16T13:23:00+00:00","author":"Telinha","twitter_card":"summary_large_image","twitter_misc":{"Escrito por":"Telinha","Tempo estimado de leitura":"2 minutos"},"schema":{"@context":"https:\/\/schema.org","@graph":[{"@type":"Article","@id":"https:\/\/portaltela.pt\/noticias\/2026\/03\/16\/antiga-diretora-do-museu-do-traje-madalena-braz-teixeira-morre-aos-87-anos\/#article","isPartOf":{"@id":"https:\/\/portaltela.pt\/noticias\/2026\/03\/16\/antiga-diretora-do-museu-do-traje-madalena-braz-teixeira-morre-aos-87-anos\/"},"author":{"name":"Telinha","@id":"https:\/\/portaltela.pt\/#\/schema\/person\/c4278d4a6028830caff9ee44b42d32ed"},"headline":"Antiga diretora do Museu do Traje, Madalena Braz Teixeira, morre aos 87 anos","datePublished":"2026-03-16T13:23:00+00:00","mainEntityOfPage":{"@id":"https:\/\/portaltela.pt\/noticias\/2026\/03\/16\/antiga-diretora-do-museu-do-traje-madalena-braz-teixeira-morre-aos-87-anos\/"},"wordCount":343,"image":{"@id":"https:\/\/portaltela.pt\/noticias\/2026\/03\/16\/antiga-diretora-do-museu-do-traje-madalena-braz-teixeira-morre-aos-87-anos\/#primaryimage"},"thumbnailUrl":"https:\/\/portaltela.pt\/s.01k8rhncp4jt1\/2026\/03\/2074671.jpg","keywords":["hist\u00f3ria","museologia","Museus e Monumentos de Portugal","Patrim\u00f3nio Cultural","Portugal","Set\u00fabal"],"articleSection":["Not\u00edcias"],"inLanguage":"pt-PT"},{"@type":"WebPage","@id":"https:\/\/portaltela.pt\/noticias\/2026\/03\/16\/antiga-diretora-do-museu-do-traje-madalena-braz-teixeira-morre-aos-87-anos\/","url":"https:\/\/portaltela.pt\/noticias\/2026\/03\/16\/antiga-diretora-do-museu-do-traje-madalena-braz-teixeira-morre-aos-87-anos\/","name":"Antiga diretora do Museu do Traje, Madalena Braz Teixeira, morre aos 87 anos - Portal Tela Portugal","isPartOf":{"@id":"https:\/\/portaltela.pt\/#website"},"primaryImageOfPage":{"@id":"https:\/\/portaltela.pt\/noticias\/2026\/03\/16\/antiga-diretora-do-museu-do-traje-madalena-braz-teixeira-morre-aos-87-anos\/#primaryimage"},"image":{"@id":"https:\/\/portaltela.pt\/noticias\/2026\/03\/16\/antiga-diretora-do-museu-do-traje-madalena-braz-teixeira-morre-aos-87-anos\/#primaryimage"},"thumbnailUrl":"https:\/\/portaltela.pt\/s.01k8rhncp4jt1\/2026\/03\/2074671.jpg","datePublished":"2026-03-16T13:23:00+00:00","author":{"@id":"https:\/\/portaltela.pt\/#\/schema\/person\/c4278d4a6028830caff9ee44b42d32ed"},"breadcrumb":{"@id":"https:\/\/portaltela.pt\/noticias\/2026\/03\/16\/antiga-diretora-do-museu-do-traje-madalena-braz-teixeira-morre-aos-87-anos\/#breadcrumb"},"inLanguage":"pt-PT","potentialAction":[{"@type":"ReadAction","target":["https:\/\/portaltela.pt\/noticias\/2026\/03\/16\/antiga-diretora-do-museu-do-traje-madalena-braz-teixeira-morre-aos-87-anos\/"]}]},{"@type":"ImageObject","inLanguage":"pt-PT","@id":"https:\/\/portaltela.pt\/noticias\/2026\/03\/16\/antiga-diretora-do-museu-do-traje-madalena-braz-teixeira-morre-aos-87-anos\/#primaryimage","url":"https:\/\/portaltela.pt\/s.01k8rhncp4jt1\/2026\/03\/2074671.jpg","contentUrl":"https:\/\/portaltela.pt\/s.01k8rhncp4jt1\/2026\/03\/2074671.jpg","width":796,"height":448,"caption":"Madalena Braz Teixeira dirigiu o Museu Nacional do Traje entre 1983 e 2008"},{"@type":"BreadcrumbList","@id":"https:\/\/portaltela.pt\/noticias\/2026\/03\/16\/antiga-diretora-do-museu-do-traje-madalena-braz-teixeira-morre-aos-87-anos\/#breadcrumb","itemListElement":[{"@type":"ListItem","position":1,"name":"In\u00edcio","item":"https:\/\/portaltela.pt\/"},{"@type":"ListItem","position":2,"name":"Antiga diretora do Museu do Traje, Madalena Braz Teixeira, morre aos 87 anos"}]},{"@type":"WebSite","@id":"https:\/\/portaltela.pt\/#website","url":"https:\/\/portaltela.pt\/","name":"Portal Tela Portugal","description":"","potentialAction":[{"@type":"SearchAction","target":{"@type":"EntryPoint","urlTemplate":"https:\/\/portaltela.pt\/?s={search_term_string}"},"query-input":{"@type":"PropertyValueSpecification","valueRequired":true,"valueName":"search_term_string"}}],"inLanguage":"pt-PT"},{"@type":"Person","@id":"https:\/\/portaltela.pt\/#\/schema\/person\/c4278d4a6028830caff9ee44b42d32ed","name":"Telinha","image":{"@type":"ImageObject","inLanguage":"pt-PT","@id":"https:\/\/portaltela.pt\/s.01k8rhncp4jt1\/2025\/11\/talking-bot-125x125.png","url":"https:\/\/portaltela.pt\/s.01k8rhncp4jt1\/2025\/11\/talking-bot-125x125.png","contentUrl":"https:\/\/portaltela.pt\/s.01k8rhncp4jt1\/2025\/11\/talking-bot-125x125.png","caption":"Telinha"},"sameAs":["https:\/\/portaltela.pt\/"],"url":"https:\/\/portaltela.pt\/por\/367410592786\/"}]}},"_links":{"self":[{"href":"https:\/\/portaltela.pt\/api\/wp\/v2\/posts\/412022","targetHints":{"allow":["GET"]}}],"collection":[{"href":"https:\/\/portaltela.pt\/api\/wp\/v2\/posts"}],"about":[{"href":"https:\/\/portaltela.pt\/api\/wp\/v2\/types\/post"}],"author":[{"embeddable":true,"href":"https:\/\/portaltela.pt\/api\/wp\/v2\/users\/2"}],"replies":[{"embeddable":true,"href":"https:\/\/portaltela.pt\/api\/wp\/v2\/comments?post=412022"}],"version-history":[{"count":0,"href":"https:\/\/portaltela.pt\/api\/wp\/v2\/posts\/412022\/revisions"}],"wp:featuredmedia":[{"embeddable":true,"href":"https:\/\/portaltela.pt\/api\/wp\/v2\/media\/412027"}],"wp:attachment":[{"href":"https:\/\/portaltela.pt\/api\/wp\/v2\/media?parent=412022"}],"wp:term":[{"taxonomy":"category","embeddable":true,"href":"https:\/\/portaltela.pt\/api\/wp\/v2\/categories?post=412022"},{"taxonomy":"post_tag","embeddable":true,"href":"https:\/\/portaltela.pt\/api\/wp\/v2\/tags?post=412022"}],"curies":[{"name":"wp","href":"https:\/\/api.w.org\/{rel}","templated":true}]}}