{"id":412016,"date":"2026-03-16T10:36:00","date_gmt":"2026-03-16T13:36:00","guid":{"rendered":"https:\/\/portaltela.pt\/noticias\/2026\/03\/16\/icnf-afirma-que-abate-de-pinheiros-em-sesimbra-nao-precisava-de-autorizacao\/"},"modified":"2026-03-16T10:36:00","modified_gmt":"2026-03-16T13:36:00","slug":"icnf-afirma-que-abate-de-pinheiros-em-sesimbra-nao-precisava-de-autorizacao","status":"publish","type":"post","link":"https:\/\/portaltela.pt\/noticias\/2026\/03\/16\/icnf-afirma-que-abate-de-pinheiros-em-sesimbra-nao-precisava-de-autorizacao\/","title":{"rendered":"ICNF afirma que abate de pinheiros em Sesimbra n\u00e3o precisava de autoriza\u00e7\u00e3o"},"content":{"rendered":"<p>O ICNF informou que o abate de pinheiros na regi\u00e3o de Sesimbra n\u00e3o exigia autoriza\u00e7\u00e3o pr\u00e9via. A declara\u00e7\u00e3o foi divulgada pela institui\u00e7\u00e3o, sem detalhar os fundamentos legais que sustentaram a decis\u00e3o.<\/p>\n<p>Segundo o comunicado, a opera\u00e7\u00e3o ocorreu no concelho de Sesimbra, em territ\u00f3rio nacional, e n\u00e3o ficou sujeita ao processo de autoriza\u00e7\u00e3o que normalmente se aplica a trabalhos de desbaste ou corte de floresta. O ICNF n\u00e3o especificou as condi\u00e7\u00f5es que levaram a esta conclus\u00e3o.<\/p>\n<p>As informa\u00e7\u00f5es dispon\u00edveis n\u00e3o incluem datas espec\u00edficas ou o enquadramento exato da atividade, nem eventuais impactos ambientais ou contramedidas previstas. O conte\u00fado completo n\u00e3o est\u00e1 acess\u00edvel publicamente, limitando-se a quem tiver acesso autorizado ou assinante.<\/p>\n","protected":false},"excerpt":{"rendered":"<ul>\n<li>O Instituto da Conserva\u00e7\u00e3o da Natureza e das Florestas (ICNF) afirmou que o abate de pinheiros em Sesimbra n\u00e3o precisava de autoriza\u00e7\u00e3o.<\/li>\n<li>A informa\u00e7\u00e3o completa est\u00e1 dispon\u00edvel apenas para subscritores.<\/li>\n<li>A not\u00edcia n\u00e3o traz detalhes adicionais sobre datas, n\u00fameros ou impacto do abate.<\/li>\n<li>N\u00e3o h\u00e1 indica\u00e7\u00e3o de responsabiliza\u00e7\u00e3o ou consequ\u00eancias administrativas associadas ao ato.<\/li>\n<\/ul>\n","protected":false},"author":2,"featured_media":412023,"comment_status":"closed","ping_status":"closed","sticky":false,"template":"","format":"standard","meta":{"footnotes":""},"categories":[6725,1],"tags":[4576,559,5706,45,1065,5506],"class_list":["post-412016","post","type-post","status-publish","format-standard","has-post-thumbnail","hentry","category-meio-ambiente","category-noticias","tag-florestal","tag-licenciamento-ambiental","tag-licenciamentos","tag-meio-ambiente","tag-sesimbra","tag-silvicultura"],"yoast_head":"<!-- This site is optimized with the Yoast SEO plugin v27.2 - https:\/\/yoast.com\/product\/yoast-seo-wordpress\/ -->\n<title>ICNF afirma que abate de pinheiros em Sesimbra n\u00e3o precisava de autoriza\u00e7\u00e3o - Portal Tela Portugal<\/title>\n<meta name=\"robots\" content=\"index, follow, max-snippet:-1, max-image-preview:large, max-video-preview:-1\" \/>\n<meta property=\"og:locale\" content=\"pt_PT\" \/>\n<meta property=\"og:type\" content=\"article\" \/>\n<meta property=\"og:title\" content=\"ICNF afirma que abate de pinheiros em Sesimbra n\u00e3o precisava de autoriza\u00e7\u00e3o - Portal Tela Portugal\" \/>\n<meta property=\"og:description\" content=\"O Instituto da Conserva\u00e7\u00e3o da Natureza e das Florestas (ICNF) afirmou que o abate de pinheiros em Sesimbra n\u00e3o precisava de autoriza\u00e7\u00e3o. A informa\u00e7\u00e3o completa est\u00e1 dispon\u00edvel apenas para subscritores. A not\u00edcia n\u00e3o traz detalhes adicionais sobre datas, n\u00fameros ou impacto do abate. N\u00e3o h\u00e1 indica\u00e7\u00e3o de responsabiliza\u00e7\u00e3o ou consequ\u00eancias administrativas associadas ao ato.\" \/>\n<meta property=\"og:url\" content=\"https:\/\/portaltela.pt\/noticias\/2026\/03\/16\/icnf-afirma-que-abate-de-pinheiros-em-sesimbra-nao-precisava-de-autorizacao\/\" \/>\n<meta property=\"og:site_name\" content=\"Portal Tela Portugal\" \/>\n<meta property=\"article:published_time\" content=\"2026-03-16T13:36:00+00:00\" \/>\n<meta name=\"author\" content=\"Telinha\" \/>\n<meta name=\"twitter:card\" content=\"summary_large_image\" \/>\n<meta name=\"twitter:label1\" content=\"Escrito por\" \/>\n\t<meta name=\"twitter:data1\" content=\"Telinha\" \/>\n\t<meta name=\"twitter:label2\" content=\"Tempo estimado de leitura\" \/>\n\t<meta name=\"twitter:data2\" content=\"1 minuto\" \/>\n<script type=\"application\/ld+json\" class=\"yoast-schema-graph\">{\"@context\":\"https:\/\/schema.org\",\"@graph\":[{\"@type\":\"Article\",\"@id\":\"https:\/\/portaltela.pt\/noticias\/2026\/03\/16\/icnf-afirma-que-abate-de-pinheiros-em-sesimbra-nao-precisava-de-autorizacao\/#article\",\"isPartOf\":{\"@id\":\"https:\/\/portaltela.pt\/noticias\/2026\/03\/16\/icnf-afirma-que-abate-de-pinheiros-em-sesimbra-nao-precisava-de-autorizacao\/\"},\"author\":{\"name\":\"Telinha\",\"@id\":\"https:\/\/portaltela.pt\/#\/schema\/person\/c4278d4a6028830caff9ee44b42d32ed\"},\"headline\":\"ICNF afirma que abate de pinheiros em Sesimbra n\u00e3o precisava de autoriza\u00e7\u00e3o\",\"datePublished\":\"2026-03-16T13:36:00+00:00\",\"mainEntityOfPage\":{\"@id\":\"https:\/\/portaltela.pt\/noticias\/2026\/03\/16\/icnf-afirma-que-abate-de-pinheiros-em-sesimbra-nao-precisava-de-autorizacao\/\"},\"wordCount\":145,\"image\":{\"@id\":\"https:\/\/portaltela.pt\/noticias\/2026\/03\/16\/icnf-afirma-que-abate-de-pinheiros-em-sesimbra-nao-precisava-de-autorizacao\/#primaryimage\"},\"thumbnailUrl\":\"https:\/\/portaltela.pt\/s.01k8rhncp4jt1\/2026\/03\/CACHE_780X1200_ANALOG_WATERMARKED_44287031_5687805_24012025043914.jpg\",\"keywords\":[\"florestal\",\"licenciamento ambiental\",\"licenciamentos\",\"meio-ambiente\",\"Sesimbra\",\"silvicultura\"],\"articleSection\":[\"Meio Ambiente\",\"Not\u00edcias\"],\"inLanguage\":\"pt-PT\"},{\"@type\":\"WebPage\",\"@id\":\"https:\/\/portaltela.pt\/noticias\/2026\/03\/16\/icnf-afirma-que-abate-de-pinheiros-em-sesimbra-nao-precisava-de-autorizacao\/\",\"url\":\"https:\/\/portaltela.pt\/noticias\/2026\/03\/16\/icnf-afirma-que-abate-de-pinheiros-em-sesimbra-nao-precisava-de-autorizacao\/\",\"name\":\"ICNF afirma que abate de pinheiros em Sesimbra n\u00e3o precisava de autoriza\u00e7\u00e3o - Portal Tela Portugal\",\"isPartOf\":{\"@id\":\"https:\/\/portaltela.pt\/#website\"},\"primaryImageOfPage\":{\"@id\":\"https:\/\/portaltela.pt\/noticias\/2026\/03\/16\/icnf-afirma-que-abate-de-pinheiros-em-sesimbra-nao-precisava-de-autorizacao\/#primaryimage\"},\"image\":{\"@id\":\"https:\/\/portaltela.pt\/noticias\/2026\/03\/16\/icnf-afirma-que-abate-de-pinheiros-em-sesimbra-nao-precisava-de-autorizacao\/#primaryimage\"},\"thumbnailUrl\":\"https:\/\/portaltela.pt\/s.01k8rhncp4jt1\/2026\/03\/CACHE_780X1200_ANALOG_WATERMARKED_44287031_5687805_24012025043914.jpg\",\"datePublished\":\"2026-03-16T13:36:00+00:00\",\"author\":{\"@id\":\"https:\/\/portaltela.pt\/#\/schema\/person\/c4278d4a6028830caff9ee44b42d32ed\"},\"breadcrumb\":{\"@id\":\"https:\/\/portaltela.pt\/noticias\/2026\/03\/16\/icnf-afirma-que-abate-de-pinheiros-em-sesimbra-nao-precisava-de-autorizacao\/#breadcrumb\"},\"inLanguage\":\"pt-PT\",\"potentialAction\":[{\"@type\":\"ReadAction\",\"target\":[\"https:\/\/portaltela.pt\/noticias\/2026\/03\/16\/icnf-afirma-que-abate-de-pinheiros-em-sesimbra-nao-precisava-de-autorizacao\/\"]}]},{\"@type\":\"ImageObject\",\"inLanguage\":\"pt-PT\",\"@id\":\"https:\/\/portaltela.pt\/noticias\/2026\/03\/16\/icnf-afirma-que-abate-de-pinheiros-em-sesimbra-nao-precisava-de-autorizacao\/#primaryimage\",\"url\":\"https:\/\/portaltela.pt\/s.01k8rhncp4jt1\/2026\/03\/CACHE_780X1200_ANALOG_WATERMARKED_44287031_5687805_24012025043914.jpg\",\"contentUrl\":\"https:\/\/portaltela.pt\/s.01k8rhncp4jt1\/2026\/03\/CACHE_780X1200_ANALOG_WATERMARKED_44287031_5687805_24012025043914.jpg\",\"width\":796,\"height\":448,\"caption\":\"ICNF diz que abate de pinheiros em Sesimbra n\u00e3o precisava de autoriza\u00e7\u00e3o\"},{\"@type\":\"BreadcrumbList\",\"@id\":\"https:\/\/portaltela.pt\/noticias\/2026\/03\/16\/icnf-afirma-que-abate-de-pinheiros-em-sesimbra-nao-precisava-de-autorizacao\/#breadcrumb\",\"itemListElement\":[{\"@type\":\"ListItem\",\"position\":1,\"name\":\"In\u00edcio\",\"item\":\"https:\/\/portaltela.pt\/\"},{\"@type\":\"ListItem\",\"position\":2,\"name\":\"ICNF afirma que abate de pinheiros em Sesimbra n\u00e3o precisava de autoriza\u00e7\u00e3o\"}]},{\"@type\":\"WebSite\",\"@id\":\"https:\/\/portaltela.pt\/#website\",\"url\":\"https:\/\/portaltela.pt\/\",\"name\":\"Portal Tela Portugal\",\"description\":\"\",\"potentialAction\":[{\"@type\":\"SearchAction\",\"target\":{\"@type\":\"EntryPoint\",\"urlTemplate\":\"https:\/\/portaltela.pt\/?s={search_term_string}\"},\"query-input\":{\"@type\":\"PropertyValueSpecification\",\"valueRequired\":true,\"valueName\":\"search_term_string\"}}],\"inLanguage\":\"pt-PT\"},{\"@type\":\"Person\",\"@id\":\"https:\/\/portaltela.pt\/#\/schema\/person\/c4278d4a6028830caff9ee44b42d32ed\",\"name\":\"Telinha\",\"image\":{\"@type\":\"ImageObject\",\"inLanguage\":\"pt-PT\",\"@id\":\"https:\/\/portaltela.pt\/s.01k8rhncp4jt1\/2025\/11\/talking-bot-125x125.png\",\"url\":\"https:\/\/portaltela.pt\/s.01k8rhncp4jt1\/2025\/11\/talking-bot-125x125.png\",\"contentUrl\":\"https:\/\/portaltela.pt\/s.01k8rhncp4jt1\/2025\/11\/talking-bot-125x125.png\",\"caption\":\"Telinha\"},\"sameAs\":[\"https:\/\/portaltela.pt\/\"],\"url\":\"https:\/\/portaltela.pt\/por\/367410592786\/\"}]}<\/script>\n<!-- \/ Yoast SEO plugin. -->","yoast_head_json":{"title":"ICNF afirma que abate de pinheiros em Sesimbra n\u00e3o precisava de autoriza\u00e7\u00e3o - Portal Tela Portugal","robots":{"index":"index","follow":"follow","max-snippet":"max-snippet:-1","max-image-preview":"max-image-preview:large","max-video-preview":"max-video-preview:-1"},"og_locale":"pt_PT","og_type":"article","og_title":"ICNF afirma que abate de pinheiros em Sesimbra n\u00e3o precisava de autoriza\u00e7\u00e3o - Portal Tela Portugal","og_description":"O Instituto da Conserva\u00e7\u00e3o da Natureza e das Florestas (ICNF) afirmou que o abate de pinheiros em Sesimbra n\u00e3o precisava de autoriza\u00e7\u00e3o. A informa\u00e7\u00e3o completa est\u00e1 dispon\u00edvel apenas para subscritores. A not\u00edcia n\u00e3o traz detalhes adicionais sobre datas, n\u00fameros ou impacto do abate. N\u00e3o h\u00e1 indica\u00e7\u00e3o de responsabiliza\u00e7\u00e3o ou consequ\u00eancias administrativas associadas ao ato.","og_url":"https:\/\/portaltela.pt\/noticias\/2026\/03\/16\/icnf-afirma-que-abate-de-pinheiros-em-sesimbra-nao-precisava-de-autorizacao\/","og_site_name":"Portal Tela Portugal","article_published_time":"2026-03-16T13:36:00+00:00","author":"Telinha","twitter_card":"summary_large_image","twitter_misc":{"Escrito por":"Telinha","Tempo estimado de leitura":"1 minuto"},"schema":{"@context":"https:\/\/schema.org","@graph":[{"@type":"Article","@id":"https:\/\/portaltela.pt\/noticias\/2026\/03\/16\/icnf-afirma-que-abate-de-pinheiros-em-sesimbra-nao-precisava-de-autorizacao\/#article","isPartOf":{"@id":"https:\/\/portaltela.pt\/noticias\/2026\/03\/16\/icnf-afirma-que-abate-de-pinheiros-em-sesimbra-nao-precisava-de-autorizacao\/"},"author":{"name":"Telinha","@id":"https:\/\/portaltela.pt\/#\/schema\/person\/c4278d4a6028830caff9ee44b42d32ed"},"headline":"ICNF afirma que abate de pinheiros em Sesimbra n\u00e3o precisava de autoriza\u00e7\u00e3o","datePublished":"2026-03-16T13:36:00+00:00","mainEntityOfPage":{"@id":"https:\/\/portaltela.pt\/noticias\/2026\/03\/16\/icnf-afirma-que-abate-de-pinheiros-em-sesimbra-nao-precisava-de-autorizacao\/"},"wordCount":145,"image":{"@id":"https:\/\/portaltela.pt\/noticias\/2026\/03\/16\/icnf-afirma-que-abate-de-pinheiros-em-sesimbra-nao-precisava-de-autorizacao\/#primaryimage"},"thumbnailUrl":"https:\/\/portaltela.pt\/s.01k8rhncp4jt1\/2026\/03\/CACHE_780X1200_ANALOG_WATERMARKED_44287031_5687805_24012025043914.jpg","keywords":["florestal","licenciamento ambiental","licenciamentos","meio-ambiente","Sesimbra","silvicultura"],"articleSection":["Meio Ambiente","Not\u00edcias"],"inLanguage":"pt-PT"},{"@type":"WebPage","@id":"https:\/\/portaltela.pt\/noticias\/2026\/03\/16\/icnf-afirma-que-abate-de-pinheiros-em-sesimbra-nao-precisava-de-autorizacao\/","url":"https:\/\/portaltela.pt\/noticias\/2026\/03\/16\/icnf-afirma-que-abate-de-pinheiros-em-sesimbra-nao-precisava-de-autorizacao\/","name":"ICNF afirma que abate de pinheiros em Sesimbra n\u00e3o precisava de autoriza\u00e7\u00e3o - Portal Tela Portugal","isPartOf":{"@id":"https:\/\/portaltela.pt\/#website"},"primaryImageOfPage":{"@id":"https:\/\/portaltela.pt\/noticias\/2026\/03\/16\/icnf-afirma-que-abate-de-pinheiros-em-sesimbra-nao-precisava-de-autorizacao\/#primaryimage"},"image":{"@id":"https:\/\/portaltela.pt\/noticias\/2026\/03\/16\/icnf-afirma-que-abate-de-pinheiros-em-sesimbra-nao-precisava-de-autorizacao\/#primaryimage"},"thumbnailUrl":"https:\/\/portaltela.pt\/s.01k8rhncp4jt1\/2026\/03\/CACHE_780X1200_ANALOG_WATERMARKED_44287031_5687805_24012025043914.jpg","datePublished":"2026-03-16T13:36:00+00:00","author":{"@id":"https:\/\/portaltela.pt\/#\/schema\/person\/c4278d4a6028830caff9ee44b42d32ed"},"breadcrumb":{"@id":"https:\/\/portaltela.pt\/noticias\/2026\/03\/16\/icnf-afirma-que-abate-de-pinheiros-em-sesimbra-nao-precisava-de-autorizacao\/#breadcrumb"},"inLanguage":"pt-PT","potentialAction":[{"@type":"ReadAction","target":["https:\/\/portaltela.pt\/noticias\/2026\/03\/16\/icnf-afirma-que-abate-de-pinheiros-em-sesimbra-nao-precisava-de-autorizacao\/"]}]},{"@type":"ImageObject","inLanguage":"pt-PT","@id":"https:\/\/portaltela.pt\/noticias\/2026\/03\/16\/icnf-afirma-que-abate-de-pinheiros-em-sesimbra-nao-precisava-de-autorizacao\/#primaryimage","url":"https:\/\/portaltela.pt\/s.01k8rhncp4jt1\/2026\/03\/CACHE_780X1200_ANALOG_WATERMARKED_44287031_5687805_24012025043914.jpg","contentUrl":"https:\/\/portaltela.pt\/s.01k8rhncp4jt1\/2026\/03\/CACHE_780X1200_ANALOG_WATERMARKED_44287031_5687805_24012025043914.jpg","width":796,"height":448,"caption":"ICNF diz que abate de pinheiros em Sesimbra n\u00e3o precisava de autoriza\u00e7\u00e3o"},{"@type":"BreadcrumbList","@id":"https:\/\/portaltela.pt\/noticias\/2026\/03\/16\/icnf-afirma-que-abate-de-pinheiros-em-sesimbra-nao-precisava-de-autorizacao\/#breadcrumb","itemListElement":[{"@type":"ListItem","position":1,"name":"In\u00edcio","item":"https:\/\/portaltela.pt\/"},{"@type":"ListItem","position":2,"name":"ICNF afirma que abate de pinheiros em Sesimbra n\u00e3o precisava de autoriza\u00e7\u00e3o"}]},{"@type":"WebSite","@id":"https:\/\/portaltela.pt\/#website","url":"https:\/\/portaltela.pt\/","name":"Portal Tela Portugal","description":"","potentialAction":[{"@type":"SearchAction","target":{"@type":"EntryPoint","urlTemplate":"https:\/\/portaltela.pt\/?s={search_term_string}"},"query-input":{"@type":"PropertyValueSpecification","valueRequired":true,"valueName":"search_term_string"}}],"inLanguage":"pt-PT"},{"@type":"Person","@id":"https:\/\/portaltela.pt\/#\/schema\/person\/c4278d4a6028830caff9ee44b42d32ed","name":"Telinha","image":{"@type":"ImageObject","inLanguage":"pt-PT","@id":"https:\/\/portaltela.pt\/s.01k8rhncp4jt1\/2025\/11\/talking-bot-125x125.png","url":"https:\/\/portaltela.pt\/s.01k8rhncp4jt1\/2025\/11\/talking-bot-125x125.png","contentUrl":"https:\/\/portaltela.pt\/s.01k8rhncp4jt1\/2025\/11\/talking-bot-125x125.png","caption":"Telinha"},"sameAs":["https:\/\/portaltela.pt\/"],"url":"https:\/\/portaltela.pt\/por\/367410592786\/"}]}},"_links":{"self":[{"href":"https:\/\/portaltela.pt\/api\/wp\/v2\/posts\/412016","targetHints":{"allow":["GET"]}}],"collection":[{"href":"https:\/\/portaltela.pt\/api\/wp\/v2\/posts"}],"about":[{"href":"https:\/\/portaltela.pt\/api\/wp\/v2\/types\/post"}],"author":[{"embeddable":true,"href":"https:\/\/portaltela.pt\/api\/wp\/v2\/users\/2"}],"replies":[{"embeddable":true,"href":"https:\/\/portaltela.pt\/api\/wp\/v2\/comments?post=412016"}],"version-history":[{"count":0,"href":"https:\/\/portaltela.pt\/api\/wp\/v2\/posts\/412016\/revisions"}],"wp:featuredmedia":[{"embeddable":true,"href":"https:\/\/portaltela.pt\/api\/wp\/v2\/media\/412023"}],"wp:attachment":[{"href":"https:\/\/portaltela.pt\/api\/wp\/v2\/media?parent=412016"}],"wp:term":[{"taxonomy":"category","embeddable":true,"href":"https:\/\/portaltela.pt\/api\/wp\/v2\/categories?post=412016"},{"taxonomy":"post_tag","embeddable":true,"href":"https:\/\/portaltela.pt\/api\/wp\/v2\/tags?post=412016"}],"curies":[{"name":"wp","href":"https:\/\/api.w.org\/{rel}","templated":true}]}}