{"id":412003,"date":"2026-03-16T10:18:18","date_gmt":"2026-03-16T13:18:18","guid":{"rendered":"https:\/\/portaltela.pt\/noticias\/2026\/03\/16\/terceira-mantem-alerta-sismovulcanico-em-v2\/"},"modified":"2026-03-16T10:18:18","modified_gmt":"2026-03-16T13:18:18","slug":"terceira-mantem-alerta-sismovulcanico-em-v2","status":"publish","type":"post","link":"https:\/\/portaltela.pt\/meio-ambiente\/2026\/03\/16\/terceira-mantem-alerta-sismovulcanico-em-v2\/","title":{"rendered":"Terceira mant\u00e9m alerta sismovulc\u00e2nico em V2"},"content":{"rendered":"<p>Na ilha Terceira, os n\u00edveis de alerta sismovulc\u00e2nico continuam em V2 para o Vulc\u00e3o de Santa B\u00e1rbara e para o Sistema Vulc\u00e2nico Fissural Oeste, segundo presta\u00e7\u00e3o do IVAR. A mudan\u00e7a de V3 para V2 ocorreu no in\u00edcio de fevereiro.<\/p>\n<p>O IVAR informou, em comunicado, que o Gabinete de Crise manteve o Alerta Vulc\u00e2nico nos mesmos sistemas da Terceira. A decis\u00e3o acompanha a atividade s\u00edsmica da ilha no per\u00edodo, ainda que de baixa magnitude.<\/p>\n<p>Segundo a nota, a atividade s\u00edsmica manteve-se acima dos n\u00edveis de refer\u00eancia, pr\u00f3xima dos registos de janeiro, com maior incid\u00eancia no Vulc\u00e3o de Santa B\u00e1rbara e no Sistema Vulc\u00e2nico Fissural Oeste.<\/p>\n<p>Registou-se sismicidade mais ao sul e a leste da \u00e1rea de influ\u00eancia, junto a Angra do Hero\u00edsmo, sem que se tenham observado sismos relacionados com a crise. O sismo mais forte atingiu magnitude 1,7 na escala de Richter.<\/p>\n<p>No per\u00edodo analisado, verificou-se deforma\u00e7\u00e3o crustal residual na \u00e1rea da crise, enquanto n\u00e3o foram detetadas anomalias gasosas relevantes para a crise sismovulc\u00e2nica. N\u00e3o houve eventos relacion\u00e1veis com a crise de maior intensidade.<\/p>\n<p>O Gabinete de Crise reiterou a necessidade de acompanhar a situa\u00e7\u00e3o pelos canais oficiais de prote\u00e7\u00e3o civil. Mant\u00e9m-se o alerta V2, com a ressalva de que altera\u00e7\u00f5es no padr\u00e3o de atividade poder\u00e3o exigir reajustes.<\/p>\n","protected":false},"excerpt":{"rendered":"<ul>\n<li>O IVAR reduziu, no in\u00edcio de fevereiro, o alerta de V3 (fase de reativa\u00e7\u00e3o) para V2 (fase de instabilidade) no Vulc\u00e3o de Santa B\u00e1rbara e no Sistema Vulc\u00e2nico Fissural Oeste da Terceira.<\/li>\n<li>A atividade s\u00edsmica na ilha Terceira manteve-se acima dos n\u00edveis de refer\u00eancia, com o sismo mais forte registado a magnitude 1,7 na escala de Richter.<\/li>\n<li>N\u00e3o foram sentidos sismos ligados \u00e0 crise no per\u00edodo e houve deforma\u00e7\u00e3o crustal cont\u00ednua, sem anomalias de gases associadas \u00e0 crise s\u00edsmovulc\u00e2nica.<\/li>\n<li>O Gabinete de Crise mant\u00e9m V2 para as duas estruturas, mas alerta para poss\u00edvel ajuste dos n\u00edveis se o padr\u00e3o de atividade sofrer altera\u00e7\u00f5es.<\/li>\n<li>Publico recomendado seguir as medidas de autoprote\u00e7\u00e3o adequadas e acompanhar os canais oficiais de prote\u00e7\u00e3o civil para atualiza\u00e7\u00f5es.<\/li>\n<\/ul>\n","protected":false},"author":2,"featured_media":412007,"comment_status":"closed","ping_status":"closed","sticky":false,"template":"","format":"standard","meta":{"footnotes":""},"categories":[6725],"tags":[822,5289,2919,5215,320,6385],"class_list":["post-412003","post","type-post","status-publish","format-standard","has-post-thumbnail","hentry","category-meio-ambiente","tag-acores","tag-alerta-amarelo","tag-angra-do-heroismo","tag-catastrofes-naturais","tag-protecao-civil","tag-sismos"],"yoast_head":"<!-- This site is optimized with the Yoast SEO plugin v27.2 - https:\/\/yoast.com\/product\/yoast-seo-wordpress\/ -->\n<title>Terceira mant\u00e9m alerta sismovulc\u00e2nico em V2 - Portal Tela Portugal<\/title>\n<meta name=\"robots\" content=\"index, follow, max-snippet:-1, max-image-preview:large, max-video-preview:-1\" \/>\n<meta property=\"og:locale\" content=\"pt_PT\" \/>\n<meta property=\"og:type\" content=\"article\" \/>\n<meta property=\"og:title\" content=\"Terceira mant\u00e9m alerta sismovulc\u00e2nico em V2 - Portal Tela Portugal\" \/>\n<meta property=\"og:description\" content=\"O IVAR reduziu, no in\u00edcio de fevereiro, o alerta de V3 (fase de reativa\u00e7\u00e3o) para V2 (fase de instabilidade) no Vulc\u00e3o de Santa B\u00e1rbara e no Sistema Vulc\u00e2nico Fissural Oeste da Terceira. A atividade s\u00edsmica na ilha Terceira manteve-se acima dos n\u00edveis de refer\u00eancia, com o sismo mais forte registado a magnitude 1,7 na escala de Richter. N\u00e3o foram sentidos sismos ligados \u00e0 crise no per\u00edodo e houve deforma\u00e7\u00e3o crustal cont\u00ednua, sem anomalias de gases associadas \u00e0 crise s\u00edsmovulc\u00e2nica. O Gabinete de Crise mant\u00e9m V2 para as duas estruturas, mas alerta para poss\u00edvel ajuste dos n\u00edveis se o padr\u00e3o de atividade sofrer altera\u00e7\u00f5es. Publico recomendado seguir as medidas de autoprote\u00e7\u00e3o adequadas e acompanhar os canais oficiais de prote\u00e7\u00e3o civil para atualiza\u00e7\u00f5es.\" \/>\n<meta property=\"og:url\" content=\"https:\/\/portaltela.pt\/noticias\/2026\/03\/16\/terceira-mantem-alerta-sismovulcanico-em-v2\/\" \/>\n<meta property=\"og:site_name\" content=\"Portal Tela Portugal\" \/>\n<meta property=\"article:published_time\" content=\"2026-03-16T13:18:18+00:00\" \/>\n<meta name=\"author\" content=\"Telinha\" \/>\n<meta name=\"twitter:card\" content=\"summary_large_image\" \/>\n<meta name=\"twitter:label1\" content=\"Escrito por\" \/>\n\t<meta name=\"twitter:data1\" content=\"Telinha\" \/>\n\t<meta name=\"twitter:label2\" content=\"Tempo estimado de leitura\" \/>\n\t<meta name=\"twitter:data2\" content=\"1 minuto\" \/>\n<script type=\"application\/ld+json\" class=\"yoast-schema-graph\">{\"@context\":\"https:\/\/schema.org\",\"@graph\":[{\"@type\":\"Article\",\"@id\":\"https:\/\/portaltela.pt\/noticias\/2026\/03\/16\/terceira-mantem-alerta-sismovulcanico-em-v2\/#article\",\"isPartOf\":{\"@id\":\"https:\/\/portaltela.pt\/noticias\/2026\/03\/16\/terceira-mantem-alerta-sismovulcanico-em-v2\/\"},\"author\":{\"name\":\"Telinha\",\"@id\":\"https:\/\/portaltela.pt\/#\/schema\/person\/c4278d4a6028830caff9ee44b42d32ed\"},\"headline\":\"Terceira mant\u00e9m alerta sismovulc\u00e2nico em V2\",\"datePublished\":\"2026-03-16T13:18:18+00:00\",\"mainEntityOfPage\":{\"@id\":\"https:\/\/portaltela.pt\/noticias\/2026\/03\/16\/terceira-mantem-alerta-sismovulcanico-em-v2\/\"},\"wordCount\":249,\"image\":{\"@id\":\"https:\/\/portaltela.pt\/noticias\/2026\/03\/16\/terceira-mantem-alerta-sismovulcanico-em-v2\/#primaryimage\"},\"thumbnailUrl\":\"https:\/\/portaltela.pt\/s.01k8rhncp4jt1\/2026\/03\/img_1500x1000uu2020-10-20-09-57-14-984761.jpg\",\"keywords\":[\"A\u00e7ores\",\"alerta amarelo\",\"Angra do Hero\u00edsmo\",\"cat\u00e1strofes naturais\",\"prote\u00e7\u00e3o civil\",\"sismos\"],\"articleSection\":[\"Meio Ambiente\"],\"inLanguage\":\"pt-PT\"},{\"@type\":\"WebPage\",\"@id\":\"https:\/\/portaltela.pt\/noticias\/2026\/03\/16\/terceira-mantem-alerta-sismovulcanico-em-v2\/\",\"url\":\"https:\/\/portaltela.pt\/noticias\/2026\/03\/16\/terceira-mantem-alerta-sismovulcanico-em-v2\/\",\"name\":\"Terceira mant\u00e9m alerta sismovulc\u00e2nico em V2 - Portal Tela Portugal\",\"isPartOf\":{\"@id\":\"https:\/\/portaltela.pt\/#website\"},\"primaryImageOfPage\":{\"@id\":\"https:\/\/portaltela.pt\/noticias\/2026\/03\/16\/terceira-mantem-alerta-sismovulcanico-em-v2\/#primaryimage\"},\"image\":{\"@id\":\"https:\/\/portaltela.pt\/noticias\/2026\/03\/16\/terceira-mantem-alerta-sismovulcanico-em-v2\/#primaryimage\"},\"thumbnailUrl\":\"https:\/\/portaltela.pt\/s.01k8rhncp4jt1\/2026\/03\/img_1500x1000uu2020-10-20-09-57-14-984761.jpg\",\"datePublished\":\"2026-03-16T13:18:18+00:00\",\"author\":{\"@id\":\"https:\/\/portaltela.pt\/#\/schema\/person\/c4278d4a6028830caff9ee44b42d32ed\"},\"breadcrumb\":{\"@id\":\"https:\/\/portaltela.pt\/noticias\/2026\/03\/16\/terceira-mantem-alerta-sismovulcanico-em-v2\/#breadcrumb\"},\"inLanguage\":\"pt-PT\",\"potentialAction\":[{\"@type\":\"ReadAction\",\"target\":[\"https:\/\/portaltela.pt\/noticias\/2026\/03\/16\/terceira-mantem-alerta-sismovulcanico-em-v2\/\"]}]},{\"@type\":\"ImageObject\",\"inLanguage\":\"pt-PT\",\"@id\":\"https:\/\/portaltela.pt\/noticias\/2026\/03\/16\/terceira-mantem-alerta-sismovulcanico-em-v2\/#primaryimage\",\"url\":\"https:\/\/portaltela.pt\/s.01k8rhncp4jt1\/2026\/03\/img_1500x1000uu2020-10-20-09-57-14-984761.jpg\",\"contentUrl\":\"https:\/\/portaltela.pt\/s.01k8rhncp4jt1\/2026\/03\/img_1500x1000uu2020-10-20-09-57-14-984761.jpg\",\"width\":1500,\"height\":1000,\"caption\":\"Vulc\u00e3o dos Capelinhos nos A\u00e7ores\"},{\"@type\":\"BreadcrumbList\",\"@id\":\"https:\/\/portaltela.pt\/noticias\/2026\/03\/16\/terceira-mantem-alerta-sismovulcanico-em-v2\/#breadcrumb\",\"itemListElement\":[{\"@type\":\"ListItem\",\"position\":1,\"name\":\"In\u00edcio\",\"item\":\"https:\/\/portaltela.pt\/\"},{\"@type\":\"ListItem\",\"position\":2,\"name\":\"Terceira mant\u00e9m alerta sismovulc\u00e2nico em V2\"}]},{\"@type\":\"WebSite\",\"@id\":\"https:\/\/portaltela.pt\/#website\",\"url\":\"https:\/\/portaltela.pt\/\",\"name\":\"Portal Tela Portugal\",\"description\":\"\",\"potentialAction\":[{\"@type\":\"SearchAction\",\"target\":{\"@type\":\"EntryPoint\",\"urlTemplate\":\"https:\/\/portaltela.pt\/?s={search_term_string}\"},\"query-input\":{\"@type\":\"PropertyValueSpecification\",\"valueRequired\":true,\"valueName\":\"search_term_string\"}}],\"inLanguage\":\"pt-PT\"},{\"@type\":\"Person\",\"@id\":\"https:\/\/portaltela.pt\/#\/schema\/person\/c4278d4a6028830caff9ee44b42d32ed\",\"name\":\"Telinha\",\"image\":{\"@type\":\"ImageObject\",\"inLanguage\":\"pt-PT\",\"@id\":\"https:\/\/portaltela.pt\/s.01k8rhncp4jt1\/2025\/11\/talking-bot-125x125.png\",\"url\":\"https:\/\/portaltela.pt\/s.01k8rhncp4jt1\/2025\/11\/talking-bot-125x125.png\",\"contentUrl\":\"https:\/\/portaltela.pt\/s.01k8rhncp4jt1\/2025\/11\/talking-bot-125x125.png\",\"caption\":\"Telinha\"},\"sameAs\":[\"https:\/\/portaltela.pt\/\"],\"url\":\"https:\/\/portaltela.pt\/por\/367410592786\/\"}]}<\/script>\n<!-- \/ Yoast SEO plugin. -->","yoast_head_json":{"title":"Terceira mant\u00e9m alerta sismovulc\u00e2nico em V2 - Portal Tela Portugal","robots":{"index":"index","follow":"follow","max-snippet":"max-snippet:-1","max-image-preview":"max-image-preview:large","max-video-preview":"max-video-preview:-1"},"og_locale":"pt_PT","og_type":"article","og_title":"Terceira mant\u00e9m alerta sismovulc\u00e2nico em V2 - Portal Tela Portugal","og_description":"O IVAR reduziu, no in\u00edcio de fevereiro, o alerta de V3 (fase de reativa\u00e7\u00e3o) para V2 (fase de instabilidade) no Vulc\u00e3o de Santa B\u00e1rbara e no Sistema Vulc\u00e2nico Fissural Oeste da Terceira. A atividade s\u00edsmica na ilha Terceira manteve-se acima dos n\u00edveis de refer\u00eancia, com o sismo mais forte registado a magnitude 1,7 na escala de Richter. N\u00e3o foram sentidos sismos ligados \u00e0 crise no per\u00edodo e houve deforma\u00e7\u00e3o crustal cont\u00ednua, sem anomalias de gases associadas \u00e0 crise s\u00edsmovulc\u00e2nica. O Gabinete de Crise mant\u00e9m V2 para as duas estruturas, mas alerta para poss\u00edvel ajuste dos n\u00edveis se o padr\u00e3o de atividade sofrer altera\u00e7\u00f5es. Publico recomendado seguir as medidas de autoprote\u00e7\u00e3o adequadas e acompanhar os canais oficiais de prote\u00e7\u00e3o civil para atualiza\u00e7\u00f5es.","og_url":"https:\/\/portaltela.pt\/noticias\/2026\/03\/16\/terceira-mantem-alerta-sismovulcanico-em-v2\/","og_site_name":"Portal Tela Portugal","article_published_time":"2026-03-16T13:18:18+00:00","author":"Telinha","twitter_card":"summary_large_image","twitter_misc":{"Escrito por":"Telinha","Tempo estimado de leitura":"1 minuto"},"schema":{"@context":"https:\/\/schema.org","@graph":[{"@type":"Article","@id":"https:\/\/portaltela.pt\/noticias\/2026\/03\/16\/terceira-mantem-alerta-sismovulcanico-em-v2\/#article","isPartOf":{"@id":"https:\/\/portaltela.pt\/noticias\/2026\/03\/16\/terceira-mantem-alerta-sismovulcanico-em-v2\/"},"author":{"name":"Telinha","@id":"https:\/\/portaltela.pt\/#\/schema\/person\/c4278d4a6028830caff9ee44b42d32ed"},"headline":"Terceira mant\u00e9m alerta sismovulc\u00e2nico em V2","datePublished":"2026-03-16T13:18:18+00:00","mainEntityOfPage":{"@id":"https:\/\/portaltela.pt\/noticias\/2026\/03\/16\/terceira-mantem-alerta-sismovulcanico-em-v2\/"},"wordCount":249,"image":{"@id":"https:\/\/portaltela.pt\/noticias\/2026\/03\/16\/terceira-mantem-alerta-sismovulcanico-em-v2\/#primaryimage"},"thumbnailUrl":"https:\/\/portaltela.pt\/s.01k8rhncp4jt1\/2026\/03\/img_1500x1000uu2020-10-20-09-57-14-984761.jpg","keywords":["A\u00e7ores","alerta amarelo","Angra do Hero\u00edsmo","cat\u00e1strofes naturais","prote\u00e7\u00e3o civil","sismos"],"articleSection":["Meio Ambiente"],"inLanguage":"pt-PT"},{"@type":"WebPage","@id":"https:\/\/portaltela.pt\/noticias\/2026\/03\/16\/terceira-mantem-alerta-sismovulcanico-em-v2\/","url":"https:\/\/portaltela.pt\/noticias\/2026\/03\/16\/terceira-mantem-alerta-sismovulcanico-em-v2\/","name":"Terceira mant\u00e9m alerta sismovulc\u00e2nico em V2 - Portal Tela Portugal","isPartOf":{"@id":"https:\/\/portaltela.pt\/#website"},"primaryImageOfPage":{"@id":"https:\/\/portaltela.pt\/noticias\/2026\/03\/16\/terceira-mantem-alerta-sismovulcanico-em-v2\/#primaryimage"},"image":{"@id":"https:\/\/portaltela.pt\/noticias\/2026\/03\/16\/terceira-mantem-alerta-sismovulcanico-em-v2\/#primaryimage"},"thumbnailUrl":"https:\/\/portaltela.pt\/s.01k8rhncp4jt1\/2026\/03\/img_1500x1000uu2020-10-20-09-57-14-984761.jpg","datePublished":"2026-03-16T13:18:18+00:00","author":{"@id":"https:\/\/portaltela.pt\/#\/schema\/person\/c4278d4a6028830caff9ee44b42d32ed"},"breadcrumb":{"@id":"https:\/\/portaltela.pt\/noticias\/2026\/03\/16\/terceira-mantem-alerta-sismovulcanico-em-v2\/#breadcrumb"},"inLanguage":"pt-PT","potentialAction":[{"@type":"ReadAction","target":["https:\/\/portaltela.pt\/noticias\/2026\/03\/16\/terceira-mantem-alerta-sismovulcanico-em-v2\/"]}]},{"@type":"ImageObject","inLanguage":"pt-PT","@id":"https:\/\/portaltela.pt\/noticias\/2026\/03\/16\/terceira-mantem-alerta-sismovulcanico-em-v2\/#primaryimage","url":"https:\/\/portaltela.pt\/s.01k8rhncp4jt1\/2026\/03\/img_1500x1000uu2020-10-20-09-57-14-984761.jpg","contentUrl":"https:\/\/portaltela.pt\/s.01k8rhncp4jt1\/2026\/03\/img_1500x1000uu2020-10-20-09-57-14-984761.jpg","width":1500,"height":1000,"caption":"Vulc\u00e3o dos Capelinhos nos A\u00e7ores"},{"@type":"BreadcrumbList","@id":"https:\/\/portaltela.pt\/noticias\/2026\/03\/16\/terceira-mantem-alerta-sismovulcanico-em-v2\/#breadcrumb","itemListElement":[{"@type":"ListItem","position":1,"name":"In\u00edcio","item":"https:\/\/portaltela.pt\/"},{"@type":"ListItem","position":2,"name":"Terceira mant\u00e9m alerta sismovulc\u00e2nico em V2"}]},{"@type":"WebSite","@id":"https:\/\/portaltela.pt\/#website","url":"https:\/\/portaltela.pt\/","name":"Portal Tela Portugal","description":"","potentialAction":[{"@type":"SearchAction","target":{"@type":"EntryPoint","urlTemplate":"https:\/\/portaltela.pt\/?s={search_term_string}"},"query-input":{"@type":"PropertyValueSpecification","valueRequired":true,"valueName":"search_term_string"}}],"inLanguage":"pt-PT"},{"@type":"Person","@id":"https:\/\/portaltela.pt\/#\/schema\/person\/c4278d4a6028830caff9ee44b42d32ed","name":"Telinha","image":{"@type":"ImageObject","inLanguage":"pt-PT","@id":"https:\/\/portaltela.pt\/s.01k8rhncp4jt1\/2025\/11\/talking-bot-125x125.png","url":"https:\/\/portaltela.pt\/s.01k8rhncp4jt1\/2025\/11\/talking-bot-125x125.png","contentUrl":"https:\/\/portaltela.pt\/s.01k8rhncp4jt1\/2025\/11\/talking-bot-125x125.png","caption":"Telinha"},"sameAs":["https:\/\/portaltela.pt\/"],"url":"https:\/\/portaltela.pt\/por\/367410592786\/"}]}},"_links":{"self":[{"href":"https:\/\/portaltela.pt\/api\/wp\/v2\/posts\/412003","targetHints":{"allow":["GET"]}}],"collection":[{"href":"https:\/\/portaltela.pt\/api\/wp\/v2\/posts"}],"about":[{"href":"https:\/\/portaltela.pt\/api\/wp\/v2\/types\/post"}],"author":[{"embeddable":true,"href":"https:\/\/portaltela.pt\/api\/wp\/v2\/users\/2"}],"replies":[{"embeddable":true,"href":"https:\/\/portaltela.pt\/api\/wp\/v2\/comments?post=412003"}],"version-history":[{"count":0,"href":"https:\/\/portaltela.pt\/api\/wp\/v2\/posts\/412003\/revisions"}],"wp:featuredmedia":[{"embeddable":true,"href":"https:\/\/portaltela.pt\/api\/wp\/v2\/media\/412007"}],"wp:attachment":[{"href":"https:\/\/portaltela.pt\/api\/wp\/v2\/media?parent=412003"}],"wp:term":[{"taxonomy":"category","embeddable":true,"href":"https:\/\/portaltela.pt\/api\/wp\/v2\/categories?post=412003"},{"taxonomy":"post_tag","embeddable":true,"href":"https:\/\/portaltela.pt\/api\/wp\/v2\/tags?post=412003"}],"curies":[{"name":"wp","href":"https:\/\/api.w.org\/{rel}","templated":true}]}}