{"id":411985,"date":"2026-03-16T10:04:00","date_gmt":"2026-03-16T13:04:00","guid":{"rendered":"https:\/\/portaltela.pt\/noticias\/2026\/03\/16\/homem-de-51-detido-por-maus-tratos-a-ex-companheira-em-alandroal\/"},"modified":"2026-03-16T10:04:00","modified_gmt":"2026-03-16T13:04:00","slug":"homem-de-51-detido-por-maus-tratos-a-ex-companheira-em-alandroal","status":"publish","type":"post","link":"https:\/\/portaltela.pt\/noticias\/2026\/03\/16\/homem-de-51-detido-por-maus-tratos-a-ex-companheira-em-alandroal\/","title":{"rendered":"Homem de 51 detido por maus-tratos a ex-companheira em Alandroal"},"content":{"rendered":"<p>Um homem de 51 anos foi detido por suspeitas de ter maltratado a ex-companheira, com 65 anos, em Alandroal, no distrito de \u00c9vora. A deten\u00e7\u00e3o foi anunciada esta segunda-feira pelo Minist\u00e9rio P\u00fablico (MP). A v\u00edtima era a ex-parceira do arguido, que estava em rela\u00e7\u00e3o desde in\u00edcio de 2024 at\u00e9 janeiro de 2026.<\/p>\n<p>Segundo o MP, o alegado arguido praticou viol\u00eancia f\u00edsica, psicol\u00f3gica e sexual durante o relacionamento. Ap\u00f3s a separa\u00e7\u00e3o, o contacto foi retomado e os comportamentos agressivos intensificaram-se nos \u00faltimos dias, incluindo mensagens de amea\u00e7a com refer\u00eancia a matar a v\u00edtima e uso de uma arma que ter\u00e1 adquirido.<\/p>\n<p>O MP recorda ainda que o homem j\u00e1 tinha sido condenado, em 2019, a uma pena de 2 anos e 5 meses de pris\u00e3o por um crime de viol\u00eancia dom\u00e9stica envolvendo outra mulher. A pena foi suspensa na sua execu\u00e7\u00e3o, mediante condi\u00e7\u00f5es como tratamento de depend\u00eancia de \u00e1lcool e proibi\u00e7\u00e3o de contacto.<\/p>\n<h3>Medidas de coa\u00e7\u00e3o e investiga\u00e7\u00e3o<\/h3>\n<p>O suspeito foi detido fora de flagrante delito e presente a primeiro interrogat\u00f3rio judicial na passada sexta-feira. O MP pediu pris\u00e3o preventiva, mas o tribunal imp\u00f4s medidas de coa\u00e7\u00e3o que incluem a proibi\u00e7\u00e3o de contactos por qualquer meio, com controlo atrav\u00e9s de pulseira eletr\u00f3nica.<\/p>\n<p>Ele permanece proibido de permanecer perto da resid\u00eancia e do local de trabalho da v\u00edtima, de adquirir ou usar armas, e ficou obrigado a entregar as armas que possua. Ainda deve frequentar um programa para arguidos em crimes de viol\u00eancia dom\u00e9stica e um programa de tratamento de depend\u00eancias.<\/p>\n<p>As dilig\u00eancias continuam sob a dire\u00e7\u00e3o do Departamento de Investiga\u00e7\u00e3o e A\u00e7\u00e3o Penal (DIAP) de Redondo, com a colabora\u00e7\u00e3o da GNR.<\/p>\n","protected":false},"excerpt":{"rendered":"<ul>\n<li>Um homem de 51 anos foi detido em Alandroal, \u00c9vora, por suspeitas de maltratar a ex-companheira de 65, f\u00edsica, psicol\u00f3gica e sexualmente, durante o relacionamento entre 2024 e janeiro de 2026.<\/li>\n<li>O MP indicou que, ap\u00f3s a separa\u00e7\u00e3o, o arguido voltou a contactar a v\u00edtima e intensificou comportamentos agressivos nos \u00faltimos dias, incluindo mensagens a amea\u00e7ar matar a v\u00edtima e o uso de uma arma.<\/li>\n<li>O suspeito j\u00e1 tinha sido condenado, em 2019, a dois anos e cinco meses de pris\u00e3o por viol\u00eancia dom\u00e9stica contra outra mulher, com pena suspensa e regime de conduta.<\/li>\n<li>Foi apresentada a pedido de pris\u00e3o preventiva, mas a decis\u00e3o judicial validou a proibi\u00e7\u00e3o de contactos, com controlo por pulseira eletr\u00f3nica, bem como outras medidas de prote\u00e7\u00e3o \u00e0 v\u00edtima.<\/li>\n<li>As medidas incluem proibi\u00e7\u00e3o de permanecer ou aproximar-se da resid\u00eancia e local de trabalho da v\u00edtima, entrega de armas, frequ\u00eancia de programa para arguidos em viol\u00eancia dom\u00e9stica e tratamento de depend\u00eancias; as investiga\u00e7\u00f5es continuam.<\/li>\n<\/ul>\n","protected":false},"author":2,"featured_media":411992,"comment_status":"closed","ping_status":"closed","sticky":false,"template":"","format":"standard","meta":{"footnotes":""},"categories":[6815,1],"tags":[4979,182,1074,5869,3315,214],"class_list":["post-411985","post","type-post","status-publish","format-standard","has-post-thumbnail","hentry","category-justica","category-noticias","tag-alandroal","tag-armas","tag-evora","tag-maus-tratos","tag-pulseira-eletronica","tag-violencia-domestica"],"yoast_head":"<!-- This site is optimized with the Yoast SEO plugin v27.2 - https:\/\/yoast.com\/product\/yoast-seo-wordpress\/ -->\n<title>Homem de 51 detido por maus-tratos a ex-companheira em Alandroal - Portal Tela Portugal<\/title>\n<meta name=\"robots\" content=\"index, follow, max-snippet:-1, max-image-preview:large, max-video-preview:-1\" \/>\n<meta property=\"og:locale\" content=\"pt_PT\" \/>\n<meta property=\"og:type\" content=\"article\" \/>\n<meta property=\"og:title\" content=\"Homem de 51 detido por maus-tratos a ex-companheira em Alandroal - Portal Tela Portugal\" \/>\n<meta property=\"og:description\" content=\"Um homem de 51 anos foi detido em Alandroal, \u00c9vora, por suspeitas de maltratar a ex-companheira de 65, f\u00edsica, psicol\u00f3gica e sexualmente, durante o relacionamento entre 2024 e janeiro de 2026. O MP indicou que, ap\u00f3s a separa\u00e7\u00e3o, o arguido voltou a contactar a v\u00edtima e intensificou comportamentos agressivos nos \u00faltimos dias, incluindo mensagens a amea\u00e7ar matar a v\u00edtima e o uso de uma arma. O suspeito j\u00e1 tinha sido condenado, em 2019, a dois anos e cinco meses de pris\u00e3o por viol\u00eancia dom\u00e9stica contra outra mulher, com pena suspensa e regime de conduta. Foi apresentada a pedido de pris\u00e3o preventiva, mas a decis\u00e3o judicial validou a proibi\u00e7\u00e3o de contactos, com controlo por pulseira eletr\u00f3nica, bem como outras medidas de prote\u00e7\u00e3o \u00e0 v\u00edtima. As medidas incluem proibi\u00e7\u00e3o de permanecer ou aproximar-se da resid\u00eancia e local de trabalho da v\u00edtima, entrega de armas, frequ\u00eancia de programa para arguidos em viol\u00eancia dom\u00e9stica e tratamento de depend\u00eancias; as investiga\u00e7\u00f5es continuam.\" \/>\n<meta property=\"og:url\" content=\"https:\/\/portaltela.pt\/noticias\/2026\/03\/16\/homem-de-51-detido-por-maus-tratos-a-ex-companheira-em-alandroal\/\" \/>\n<meta property=\"og:site_name\" content=\"Portal Tela Portugal\" \/>\n<meta property=\"article:published_time\" content=\"2026-03-16T13:04:00+00:00\" \/>\n<meta name=\"author\" content=\"Telinha\" \/>\n<meta name=\"twitter:card\" content=\"summary_large_image\" \/>\n<meta name=\"twitter:label1\" content=\"Escrito por\" \/>\n\t<meta name=\"twitter:data1\" content=\"Telinha\" \/>\n\t<meta name=\"twitter:label2\" content=\"Tempo estimado de leitura\" \/>\n\t<meta name=\"twitter:data2\" content=\"2 minutos\" \/>\n<script type=\"application\/ld+json\" class=\"yoast-schema-graph\">{\"@context\":\"https:\/\/schema.org\",\"@graph\":[{\"@type\":\"Article\",\"@id\":\"https:\/\/portaltela.pt\/noticias\/2026\/03\/16\/homem-de-51-detido-por-maus-tratos-a-ex-companheira-em-alandroal\/#article\",\"isPartOf\":{\"@id\":\"https:\/\/portaltela.pt\/noticias\/2026\/03\/16\/homem-de-51-detido-por-maus-tratos-a-ex-companheira-em-alandroal\/\"},\"author\":{\"name\":\"Telinha\",\"@id\":\"https:\/\/portaltela.pt\/#\/schema\/person\/c4278d4a6028830caff9ee44b42d32ed\"},\"headline\":\"Homem de 51 detido por maus-tratos a ex-companheira em Alandroal\",\"datePublished\":\"2026-03-16T13:04:00+00:00\",\"mainEntityOfPage\":{\"@id\":\"https:\/\/portaltela.pt\/noticias\/2026\/03\/16\/homem-de-51-detido-por-maus-tratos-a-ex-companheira-em-alandroal\/\"},\"wordCount\":312,\"image\":{\"@id\":\"https:\/\/portaltela.pt\/noticias\/2026\/03\/16\/homem-de-51-detido-por-maus-tratos-a-ex-companheira-em-alandroal\/#primaryimage\"},\"thumbnailUrl\":\"https:\/\/portaltela.pt\/s.01k8rhncp4jt1\/2026\/03\/img_1500x1000uu2020-11-19-14-34-36-992098.jpg\",\"keywords\":[\"Alandroal\",\"armas\",\"\u00c9vora\",\"maus-tratos\",\"pulseira eletr\u00f3nica\",\"viol\u00eancia dom\u00e9stica\"],\"articleSection\":[\"Justi\u00e7a\",\"Not\u00edcias\"],\"inLanguage\":\"pt-PT\"},{\"@type\":\"WebPage\",\"@id\":\"https:\/\/portaltela.pt\/noticias\/2026\/03\/16\/homem-de-51-detido-por-maus-tratos-a-ex-companheira-em-alandroal\/\",\"url\":\"https:\/\/portaltela.pt\/noticias\/2026\/03\/16\/homem-de-51-detido-por-maus-tratos-a-ex-companheira-em-alandroal\/\",\"name\":\"Homem de 51 detido por maus-tratos a ex-companheira em Alandroal - Portal Tela Portugal\",\"isPartOf\":{\"@id\":\"https:\/\/portaltela.pt\/#website\"},\"primaryImageOfPage\":{\"@id\":\"https:\/\/portaltela.pt\/noticias\/2026\/03\/16\/homem-de-51-detido-por-maus-tratos-a-ex-companheira-em-alandroal\/#primaryimage\"},\"image\":{\"@id\":\"https:\/\/portaltela.pt\/noticias\/2026\/03\/16\/homem-de-51-detido-por-maus-tratos-a-ex-companheira-em-alandroal\/#primaryimage\"},\"thumbnailUrl\":\"https:\/\/portaltela.pt\/s.01k8rhncp4jt1\/2026\/03\/img_1500x1000uu2020-11-19-14-34-36-992098.jpg\",\"datePublished\":\"2026-03-16T13:04:00+00:00\",\"author\":{\"@id\":\"https:\/\/portaltela.pt\/#\/schema\/person\/c4278d4a6028830caff9ee44b42d32ed\"},\"breadcrumb\":{\"@id\":\"https:\/\/portaltela.pt\/noticias\/2026\/03\/16\/homem-de-51-detido-por-maus-tratos-a-ex-companheira-em-alandroal\/#breadcrumb\"},\"inLanguage\":\"pt-PT\",\"potentialAction\":[{\"@type\":\"ReadAction\",\"target\":[\"https:\/\/portaltela.pt\/noticias\/2026\/03\/16\/homem-de-51-detido-por-maus-tratos-a-ex-companheira-em-alandroal\/\"]}]},{\"@type\":\"ImageObject\",\"inLanguage\":\"pt-PT\",\"@id\":\"https:\/\/portaltela.pt\/noticias\/2026\/03\/16\/homem-de-51-detido-por-maus-tratos-a-ex-companheira-em-alandroal\/#primaryimage\",\"url\":\"https:\/\/portaltela.pt\/s.01k8rhncp4jt1\/2026\/03\/img_1500x1000uu2020-11-19-14-34-36-992098.jpg\",\"contentUrl\":\"https:\/\/portaltela.pt\/s.01k8rhncp4jt1\/2026\/03\/img_1500x1000uu2020-11-19-14-34-36-992098.jpg\",\"width\":796,\"height\":448,\"caption\":\"Homem de 51 anos detido por maltratar ex-companheira em Alandroal\"},{\"@type\":\"BreadcrumbList\",\"@id\":\"https:\/\/portaltela.pt\/noticias\/2026\/03\/16\/homem-de-51-detido-por-maus-tratos-a-ex-companheira-em-alandroal\/#breadcrumb\",\"itemListElement\":[{\"@type\":\"ListItem\",\"position\":1,\"name\":\"In\u00edcio\",\"item\":\"https:\/\/portaltela.pt\/\"},{\"@type\":\"ListItem\",\"position\":2,\"name\":\"Homem de 51 detido por maus-tratos a ex-companheira em Alandroal\"}]},{\"@type\":\"WebSite\",\"@id\":\"https:\/\/portaltela.pt\/#website\",\"url\":\"https:\/\/portaltela.pt\/\",\"name\":\"Portal Tela Portugal\",\"description\":\"\",\"potentialAction\":[{\"@type\":\"SearchAction\",\"target\":{\"@type\":\"EntryPoint\",\"urlTemplate\":\"https:\/\/portaltela.pt\/?s={search_term_string}\"},\"query-input\":{\"@type\":\"PropertyValueSpecification\",\"valueRequired\":true,\"valueName\":\"search_term_string\"}}],\"inLanguage\":\"pt-PT\"},{\"@type\":\"Person\",\"@id\":\"https:\/\/portaltela.pt\/#\/schema\/person\/c4278d4a6028830caff9ee44b42d32ed\",\"name\":\"Telinha\",\"image\":{\"@type\":\"ImageObject\",\"inLanguage\":\"pt-PT\",\"@id\":\"https:\/\/portaltela.pt\/s.01k8rhncp4jt1\/2025\/11\/talking-bot-125x125.png\",\"url\":\"https:\/\/portaltela.pt\/s.01k8rhncp4jt1\/2025\/11\/talking-bot-125x125.png\",\"contentUrl\":\"https:\/\/portaltela.pt\/s.01k8rhncp4jt1\/2025\/11\/talking-bot-125x125.png\",\"caption\":\"Telinha\"},\"sameAs\":[\"https:\/\/portaltela.pt\/\"],\"url\":\"https:\/\/portaltela.pt\/por\/367410592786\/\"}]}<\/script>\n<!-- \/ Yoast SEO plugin. -->","yoast_head_json":{"title":"Homem de 51 detido por maus-tratos a ex-companheira em Alandroal - Portal Tela Portugal","robots":{"index":"index","follow":"follow","max-snippet":"max-snippet:-1","max-image-preview":"max-image-preview:large","max-video-preview":"max-video-preview:-1"},"og_locale":"pt_PT","og_type":"article","og_title":"Homem de 51 detido por maus-tratos a ex-companheira em Alandroal - Portal Tela Portugal","og_description":"Um homem de 51 anos foi detido em Alandroal, \u00c9vora, por suspeitas de maltratar a ex-companheira de 65, f\u00edsica, psicol\u00f3gica e sexualmente, durante o relacionamento entre 2024 e janeiro de 2026. O MP indicou que, ap\u00f3s a separa\u00e7\u00e3o, o arguido voltou a contactar a v\u00edtima e intensificou comportamentos agressivos nos \u00faltimos dias, incluindo mensagens a amea\u00e7ar matar a v\u00edtima e o uso de uma arma. O suspeito j\u00e1 tinha sido condenado, em 2019, a dois anos e cinco meses de pris\u00e3o por viol\u00eancia dom\u00e9stica contra outra mulher, com pena suspensa e regime de conduta. Foi apresentada a pedido de pris\u00e3o preventiva, mas a decis\u00e3o judicial validou a proibi\u00e7\u00e3o de contactos, com controlo por pulseira eletr\u00f3nica, bem como outras medidas de prote\u00e7\u00e3o \u00e0 v\u00edtima. As medidas incluem proibi\u00e7\u00e3o de permanecer ou aproximar-se da resid\u00eancia e local de trabalho da v\u00edtima, entrega de armas, frequ\u00eancia de programa para arguidos em viol\u00eancia dom\u00e9stica e tratamento de depend\u00eancias; as investiga\u00e7\u00f5es continuam.","og_url":"https:\/\/portaltela.pt\/noticias\/2026\/03\/16\/homem-de-51-detido-por-maus-tratos-a-ex-companheira-em-alandroal\/","og_site_name":"Portal Tela Portugal","article_published_time":"2026-03-16T13:04:00+00:00","author":"Telinha","twitter_card":"summary_large_image","twitter_misc":{"Escrito por":"Telinha","Tempo estimado de leitura":"2 minutos"},"schema":{"@context":"https:\/\/schema.org","@graph":[{"@type":"Article","@id":"https:\/\/portaltela.pt\/noticias\/2026\/03\/16\/homem-de-51-detido-por-maus-tratos-a-ex-companheira-em-alandroal\/#article","isPartOf":{"@id":"https:\/\/portaltela.pt\/noticias\/2026\/03\/16\/homem-de-51-detido-por-maus-tratos-a-ex-companheira-em-alandroal\/"},"author":{"name":"Telinha","@id":"https:\/\/portaltela.pt\/#\/schema\/person\/c4278d4a6028830caff9ee44b42d32ed"},"headline":"Homem de 51 detido por maus-tratos a ex-companheira em Alandroal","datePublished":"2026-03-16T13:04:00+00:00","mainEntityOfPage":{"@id":"https:\/\/portaltela.pt\/noticias\/2026\/03\/16\/homem-de-51-detido-por-maus-tratos-a-ex-companheira-em-alandroal\/"},"wordCount":312,"image":{"@id":"https:\/\/portaltela.pt\/noticias\/2026\/03\/16\/homem-de-51-detido-por-maus-tratos-a-ex-companheira-em-alandroal\/#primaryimage"},"thumbnailUrl":"https:\/\/portaltela.pt\/s.01k8rhncp4jt1\/2026\/03\/img_1500x1000uu2020-11-19-14-34-36-992098.jpg","keywords":["Alandroal","armas","\u00c9vora","maus-tratos","pulseira eletr\u00f3nica","viol\u00eancia dom\u00e9stica"],"articleSection":["Justi\u00e7a","Not\u00edcias"],"inLanguage":"pt-PT"},{"@type":"WebPage","@id":"https:\/\/portaltela.pt\/noticias\/2026\/03\/16\/homem-de-51-detido-por-maus-tratos-a-ex-companheira-em-alandroal\/","url":"https:\/\/portaltela.pt\/noticias\/2026\/03\/16\/homem-de-51-detido-por-maus-tratos-a-ex-companheira-em-alandroal\/","name":"Homem de 51 detido por maus-tratos a ex-companheira em Alandroal - Portal Tela Portugal","isPartOf":{"@id":"https:\/\/portaltela.pt\/#website"},"primaryImageOfPage":{"@id":"https:\/\/portaltela.pt\/noticias\/2026\/03\/16\/homem-de-51-detido-por-maus-tratos-a-ex-companheira-em-alandroal\/#primaryimage"},"image":{"@id":"https:\/\/portaltela.pt\/noticias\/2026\/03\/16\/homem-de-51-detido-por-maus-tratos-a-ex-companheira-em-alandroal\/#primaryimage"},"thumbnailUrl":"https:\/\/portaltela.pt\/s.01k8rhncp4jt1\/2026\/03\/img_1500x1000uu2020-11-19-14-34-36-992098.jpg","datePublished":"2026-03-16T13:04:00+00:00","author":{"@id":"https:\/\/portaltela.pt\/#\/schema\/person\/c4278d4a6028830caff9ee44b42d32ed"},"breadcrumb":{"@id":"https:\/\/portaltela.pt\/noticias\/2026\/03\/16\/homem-de-51-detido-por-maus-tratos-a-ex-companheira-em-alandroal\/#breadcrumb"},"inLanguage":"pt-PT","potentialAction":[{"@type":"ReadAction","target":["https:\/\/portaltela.pt\/noticias\/2026\/03\/16\/homem-de-51-detido-por-maus-tratos-a-ex-companheira-em-alandroal\/"]}]},{"@type":"ImageObject","inLanguage":"pt-PT","@id":"https:\/\/portaltela.pt\/noticias\/2026\/03\/16\/homem-de-51-detido-por-maus-tratos-a-ex-companheira-em-alandroal\/#primaryimage","url":"https:\/\/portaltela.pt\/s.01k8rhncp4jt1\/2026\/03\/img_1500x1000uu2020-11-19-14-34-36-992098.jpg","contentUrl":"https:\/\/portaltela.pt\/s.01k8rhncp4jt1\/2026\/03\/img_1500x1000uu2020-11-19-14-34-36-992098.jpg","width":796,"height":448,"caption":"Homem de 51 anos detido por maltratar ex-companheira em Alandroal"},{"@type":"BreadcrumbList","@id":"https:\/\/portaltela.pt\/noticias\/2026\/03\/16\/homem-de-51-detido-por-maus-tratos-a-ex-companheira-em-alandroal\/#breadcrumb","itemListElement":[{"@type":"ListItem","position":1,"name":"In\u00edcio","item":"https:\/\/portaltela.pt\/"},{"@type":"ListItem","position":2,"name":"Homem de 51 detido por maus-tratos a ex-companheira em Alandroal"}]},{"@type":"WebSite","@id":"https:\/\/portaltela.pt\/#website","url":"https:\/\/portaltela.pt\/","name":"Portal Tela Portugal","description":"","potentialAction":[{"@type":"SearchAction","target":{"@type":"EntryPoint","urlTemplate":"https:\/\/portaltela.pt\/?s={search_term_string}"},"query-input":{"@type":"PropertyValueSpecification","valueRequired":true,"valueName":"search_term_string"}}],"inLanguage":"pt-PT"},{"@type":"Person","@id":"https:\/\/portaltela.pt\/#\/schema\/person\/c4278d4a6028830caff9ee44b42d32ed","name":"Telinha","image":{"@type":"ImageObject","inLanguage":"pt-PT","@id":"https:\/\/portaltela.pt\/s.01k8rhncp4jt1\/2025\/11\/talking-bot-125x125.png","url":"https:\/\/portaltela.pt\/s.01k8rhncp4jt1\/2025\/11\/talking-bot-125x125.png","contentUrl":"https:\/\/portaltela.pt\/s.01k8rhncp4jt1\/2025\/11\/talking-bot-125x125.png","caption":"Telinha"},"sameAs":["https:\/\/portaltela.pt\/"],"url":"https:\/\/portaltela.pt\/por\/367410592786\/"}]}},"_links":{"self":[{"href":"https:\/\/portaltela.pt\/api\/wp\/v2\/posts\/411985","targetHints":{"allow":["GET"]}}],"collection":[{"href":"https:\/\/portaltela.pt\/api\/wp\/v2\/posts"}],"about":[{"href":"https:\/\/portaltela.pt\/api\/wp\/v2\/types\/post"}],"author":[{"embeddable":true,"href":"https:\/\/portaltela.pt\/api\/wp\/v2\/users\/2"}],"replies":[{"embeddable":true,"href":"https:\/\/portaltela.pt\/api\/wp\/v2\/comments?post=411985"}],"version-history":[{"count":0,"href":"https:\/\/portaltela.pt\/api\/wp\/v2\/posts\/411985\/revisions"}],"wp:featuredmedia":[{"embeddable":true,"href":"https:\/\/portaltela.pt\/api\/wp\/v2\/media\/411992"}],"wp:attachment":[{"href":"https:\/\/portaltela.pt\/api\/wp\/v2\/media?parent=411985"}],"wp:term":[{"taxonomy":"category","embeddable":true,"href":"https:\/\/portaltela.pt\/api\/wp\/v2\/categories?post=411985"},{"taxonomy":"post_tag","embeddable":true,"href":"https:\/\/portaltela.pt\/api\/wp\/v2\/tags?post=411985"}],"curies":[{"name":"wp","href":"https:\/\/api.w.org\/{rel}","templated":true}]}}