{"id":411984,"date":"2026-03-16T10:11:27","date_gmt":"2026-03-16T13:11:27","guid":{"rendered":"https:\/\/portaltela.pt\/noticias\/2026\/03\/16\/pcp-acusa-grandes-empresas-de-apoiar-guerra-no-irao-sem-enfrentar-consequencias\/"},"modified":"2026-03-16T10:11:27","modified_gmt":"2026-03-16T13:11:27","slug":"pcp-acusa-grandes-empresas-de-apoiar-guerra-no-irao-sem-enfrentar-consequencias","status":"publish","type":"post","link":"https:\/\/portaltela.pt\/noticias\/politica\/2026\/03\/16\/pcp-acusa-grandes-empresas-de-apoiar-guerra-no-irao-sem-enfrentar-consequencias\/","title":{"rendered":"PCP acusa grandes empresas de apoiar guerra no Ir\u00e3o sem enfrentar consequ\u00eancias"},"content":{"rendered":"<p>O secret\u00e1rio-geral do PCP, Paulo Raimundo, criticou nesta segunda-feira a forma como grandes empresas atuam no mercado de combust\u00edveis, assegurando que o setor lucra com a subida de pre\u00e7os durante o atual conflito no Ir\u00e3o. O discurso ocorreu na sess\u00e3o de abertura das jornadas parlamentares do partido, em Viana do Castelo.<\/p>\n<p>Raimundo afirmou que as petrol\u00edferas pressionam os pre\u00e7os com combust\u00edveis j\u00e1 adquiridos h\u00e1 meses, destacando a Galp entre os exemplos apontados. O objetivo, segundo o l\u00edder comunista, \u00e9 manter as margens de lucro enquanto o pa\u00eds enfrenta as consequ\u00eancias do conflito internacional.<\/p>\n<p>O dirigente mencionou ainda o Governo, o Chega e a IL, acusando-os de apoiar a linha de interven\u00e7\u00e3o dos Estados Unidos e de Israel, e de facilitarem medidas que, na vis\u00e3o do PCP, transferem custos para o povo. Pedidos de posi\u00e7\u00e3o sobre propostas do PCP para combater a especula\u00e7\u00e3o foram apresentadas durante o plen\u00e1rio.<\/p>\n<p>Paula Santos, l\u00edder parlamentar, refor\u00e7ou a cr\u00edtica \u00e0 transfer\u00eancia de custos para os cidad\u00e3os, mencionando impactos da guerra no M\u00e9dio Oriente e o que chamou de oportunismo de grupos econ\u00f3micos. O PCP tamb\u00e9m vincou a sua oposi\u00e7\u00e3o a uma nova pol\u00edtica que favore\u00e7a privados com recursos p\u00fablicos.<\/p>\n<p>No debate, o PCP reiterou a necessidade de reformar o Estado e de travar benef\u00edcios e perd\u00f5es fiscais para grandes grupos, incluindo a descida do IRC. O partido pediu ainda uma pol\u00edtica que reduza transfer\u00eancias de riqueza para privados e avaliou a privatiza\u00e7\u00e3o dos Estaleiros Navais de Viana do Castelo.<\/p>\n<p>A terminar, Raimundo abordou quest\u00f5es locais, incluindo a gest\u00e3o de \u00e1guas na regi\u00e3o do Alto Minho e a concess\u00e3o privada da radiologia do Hospital de Santa Luzia, em Viana do Castelo, apontando impactos econ\u00f3micos e sociais na regi\u00e3o.<\/p>\n","protected":false},"excerpt":{"rendered":"<ul>\n<li>O PCP acusa grandes empresas de especula\u00e7\u00e3o e de apoiarem a guerra no Ir\u00e3o, sem cederem quaisquer margens de lucro para enfrentar as consequ\u00eancias do conflito, citando a Galp como exemplo.<\/li>\n<li>Paulo Raimundo afirmou que os pre\u00e7os dos combust\u00edveis sobem devido \u00e0 especula\u00e7\u00e3o, com os combust\u00edveis j\u00e1 comprados h\u00e1 meses a serem usados para este ganho.<\/li>\n<li>O secret\u00e1rio-geral do PCP criticou o Governo, o Chega e a IL por apoiarem, segundo ele, uma posi\u00e7\u00e3o pr\u00f3-Estados Unidos e Israel, associando Portugal \u00e0 base das Lajes.<\/li>\n<li>Raimundo defendeu uma nova pol\u00edtica que impe\u00e7a transfer\u00eancias de recursos para grupos privados e conteste benef\u00edcios fiscais, como a descida do IRC, que, segundo ele, retira riqueza ao pa\u00eds.<\/li>\n<li>O l\u00edder comunista tamb\u00e9m comentou a privatiza\u00e7\u00e3o dos Estaleiros Navais de Viana do Castelo e quest\u00f5es locais, incluindo a gest\u00e3o de \u00e1guas no Alto Minho e a privatiza\u00e7\u00e3o do servi\u00e7o de radiologia do Hospital de Santa Luzia.<\/li>\n<\/ul>\n","protected":false},"author":2,"featured_media":411989,"comment_status":"closed","ping_status":"closed","sticky":false,"template":"","format":"standard","meta":{"footnotes":""},"categories":[5,7127],"tags":[28,4485,2832,5698,6571,1530],"class_list":["post-411984","post","type-post","status-publish","format-standard","has-post-thumbnail","hentry","category-politica","category-politica-internacional","tag-economia","tag-irc","tag-politica","tag-politica-internacional","tag-privatizacoes","tag-viana-do-castelo"],"yoast_head":"<!-- This site is optimized with the Yoast SEO plugin v27.2 - https:\/\/yoast.com\/product\/yoast-seo-wordpress\/ -->\n<title>PCP acusa grandes empresas de apoiar guerra no Ir\u00e3o sem enfrentar consequ\u00eancias - Portal Tela Portugal<\/title>\n<meta name=\"robots\" content=\"index, follow, max-snippet:-1, max-image-preview:large, max-video-preview:-1\" \/>\n<meta property=\"og:locale\" content=\"pt_PT\" \/>\n<meta property=\"og:type\" content=\"article\" \/>\n<meta property=\"og:title\" content=\"PCP acusa grandes empresas de apoiar guerra no Ir\u00e3o sem enfrentar consequ\u00eancias - Portal Tela Portugal\" \/>\n<meta property=\"og:description\" content=\"O PCP acusa grandes empresas de especula\u00e7\u00e3o e de apoiarem a guerra no Ir\u00e3o, sem cederem quaisquer margens de lucro para enfrentar as consequ\u00eancias do conflito, citando a Galp como exemplo. Paulo Raimundo afirmou que os pre\u00e7os dos combust\u00edveis sobem devido \u00e0 especula\u00e7\u00e3o, com os combust\u00edveis j\u00e1 comprados h\u00e1 meses a serem usados para este ganho. O secret\u00e1rio-geral do PCP criticou o Governo, o Chega e a IL por apoiarem, segundo ele, uma posi\u00e7\u00e3o pr\u00f3-Estados Unidos e Israel, associando Portugal \u00e0 base das Lajes. Raimundo defendeu uma nova pol\u00edtica que impe\u00e7a transfer\u00eancias de recursos para grupos privados e conteste benef\u00edcios fiscais, como a descida do IRC, que, segundo ele, retira riqueza ao pa\u00eds. O l\u00edder comunista tamb\u00e9m comentou a privatiza\u00e7\u00e3o dos Estaleiros Navais de Viana do Castelo e quest\u00f5es locais, incluindo a gest\u00e3o de \u00e1guas no Alto Minho e a privatiza\u00e7\u00e3o do servi\u00e7o de radiologia do Hospital de Santa Luzia.\" \/>\n<meta property=\"og:url\" content=\"https:\/\/portaltela.pt\/noticias\/2026\/03\/16\/pcp-acusa-grandes-empresas-de-apoiar-guerra-no-irao-sem-enfrentar-consequencias\/\" \/>\n<meta property=\"og:site_name\" content=\"Portal Tela Portugal\" \/>\n<meta property=\"article:published_time\" content=\"2026-03-16T13:11:27+00:00\" \/>\n<meta name=\"author\" content=\"Telinha\" \/>\n<meta name=\"twitter:card\" content=\"summary_large_image\" \/>\n<meta name=\"twitter:label1\" content=\"Escrito por\" \/>\n\t<meta name=\"twitter:data1\" content=\"Telinha\" \/>\n\t<meta name=\"twitter:label2\" content=\"Tempo estimado de leitura\" \/>\n\t<meta name=\"twitter:data2\" content=\"2 minutos\" \/>\n<script type=\"application\/ld+json\" class=\"yoast-schema-graph\">{\"@context\":\"https:\/\/schema.org\",\"@graph\":[{\"@type\":\"Article\",\"@id\":\"https:\/\/portaltela.pt\/noticias\/2026\/03\/16\/pcp-acusa-grandes-empresas-de-apoiar-guerra-no-irao-sem-enfrentar-consequencias\/#article\",\"isPartOf\":{\"@id\":\"https:\/\/portaltela.pt\/noticias\/2026\/03\/16\/pcp-acusa-grandes-empresas-de-apoiar-guerra-no-irao-sem-enfrentar-consequencias\/\"},\"author\":{\"name\":\"Telinha\",\"@id\":\"https:\/\/portaltela.pt\/#\/schema\/person\/c4278d4a6028830caff9ee44b42d32ed\"},\"headline\":\"PCP acusa grandes empresas de apoiar guerra no Ir\u00e3o sem enfrentar consequ\u00eancias\",\"datePublished\":\"2026-03-16T13:11:27+00:00\",\"mainEntityOfPage\":{\"@id\":\"https:\/\/portaltela.pt\/noticias\/2026\/03\/16\/pcp-acusa-grandes-empresas-de-apoiar-guerra-no-irao-sem-enfrentar-consequencias\/\"},\"wordCount\":333,\"image\":{\"@id\":\"https:\/\/portaltela.pt\/noticias\/2026\/03\/16\/pcp-acusa-grandes-empresas-de-apoiar-guerra-no-irao-sem-enfrentar-consequencias\/#primaryimage\"},\"thumbnailUrl\":\"https:\/\/portaltela.pt\/s.01k8rhncp4jt1\/2026\/03\/img_1500x1000uu2025-10-04-13-40-49-2239389.jpg\",\"keywords\":[\"economia\",\"IRC\",\"pol\u00edtica\",\"pol\u00edtica internacional\",\"privatiza\u00e7\u00f5es\",\"Viana do Castelo\"],\"articleSection\":[\"Pol\u00edtica\",\"Pol\u00edtica Internacional\"],\"inLanguage\":\"pt-PT\"},{\"@type\":\"WebPage\",\"@id\":\"https:\/\/portaltela.pt\/noticias\/2026\/03\/16\/pcp-acusa-grandes-empresas-de-apoiar-guerra-no-irao-sem-enfrentar-consequencias\/\",\"url\":\"https:\/\/portaltela.pt\/noticias\/2026\/03\/16\/pcp-acusa-grandes-empresas-de-apoiar-guerra-no-irao-sem-enfrentar-consequencias\/\",\"name\":\"PCP acusa grandes empresas de apoiar guerra no Ir\u00e3o sem enfrentar consequ\u00eancias - Portal Tela Portugal\",\"isPartOf\":{\"@id\":\"https:\/\/portaltela.pt\/#website\"},\"primaryImageOfPage\":{\"@id\":\"https:\/\/portaltela.pt\/noticias\/2026\/03\/16\/pcp-acusa-grandes-empresas-de-apoiar-guerra-no-irao-sem-enfrentar-consequencias\/#primaryimage\"},\"image\":{\"@id\":\"https:\/\/portaltela.pt\/noticias\/2026\/03\/16\/pcp-acusa-grandes-empresas-de-apoiar-guerra-no-irao-sem-enfrentar-consequencias\/#primaryimage\"},\"thumbnailUrl\":\"https:\/\/portaltela.pt\/s.01k8rhncp4jt1\/2026\/03\/img_1500x1000uu2025-10-04-13-40-49-2239389.jpg\",\"datePublished\":\"2026-03-16T13:11:27+00:00\",\"author\":{\"@id\":\"https:\/\/portaltela.pt\/#\/schema\/person\/c4278d4a6028830caff9ee44b42d32ed\"},\"breadcrumb\":{\"@id\":\"https:\/\/portaltela.pt\/noticias\/2026\/03\/16\/pcp-acusa-grandes-empresas-de-apoiar-guerra-no-irao-sem-enfrentar-consequencias\/#breadcrumb\"},\"inLanguage\":\"pt-PT\",\"potentialAction\":[{\"@type\":\"ReadAction\",\"target\":[\"https:\/\/portaltela.pt\/noticias\/2026\/03\/16\/pcp-acusa-grandes-empresas-de-apoiar-guerra-no-irao-sem-enfrentar-consequencias\/\"]}]},{\"@type\":\"ImageObject\",\"inLanguage\":\"pt-PT\",\"@id\":\"https:\/\/portaltela.pt\/noticias\/2026\/03\/16\/pcp-acusa-grandes-empresas-de-apoiar-guerra-no-irao-sem-enfrentar-consequencias\/#primaryimage\",\"url\":\"https:\/\/portaltela.pt\/s.01k8rhncp4jt1\/2026\/03\/img_1500x1000uu2025-10-04-13-40-49-2239389.jpg\",\"contentUrl\":\"https:\/\/portaltela.pt\/s.01k8rhncp4jt1\/2026\/03\/img_1500x1000uu2025-10-04-13-40-49-2239389.jpg\",\"width\":796,\"height\":448,\"caption\":\"PCP diz que grandes empresas apoiam a guerra no Ir\u00e3o mas n\u00e3o contribuem para enfrentar consequ\u00eancias\"},{\"@type\":\"BreadcrumbList\",\"@id\":\"https:\/\/portaltela.pt\/noticias\/2026\/03\/16\/pcp-acusa-grandes-empresas-de-apoiar-guerra-no-irao-sem-enfrentar-consequencias\/#breadcrumb\",\"itemListElement\":[{\"@type\":\"ListItem\",\"position\":1,\"name\":\"In\u00edcio\",\"item\":\"https:\/\/portaltela.pt\/\"},{\"@type\":\"ListItem\",\"position\":2,\"name\":\"PCP acusa grandes empresas de apoiar guerra no Ir\u00e3o sem enfrentar consequ\u00eancias\"}]},{\"@type\":\"WebSite\",\"@id\":\"https:\/\/portaltela.pt\/#website\",\"url\":\"https:\/\/portaltela.pt\/\",\"name\":\"Portal Tela Portugal\",\"description\":\"\",\"potentialAction\":[{\"@type\":\"SearchAction\",\"target\":{\"@type\":\"EntryPoint\",\"urlTemplate\":\"https:\/\/portaltela.pt\/?s={search_term_string}\"},\"query-input\":{\"@type\":\"PropertyValueSpecification\",\"valueRequired\":true,\"valueName\":\"search_term_string\"}}],\"inLanguage\":\"pt-PT\"},{\"@type\":\"Person\",\"@id\":\"https:\/\/portaltela.pt\/#\/schema\/person\/c4278d4a6028830caff9ee44b42d32ed\",\"name\":\"Telinha\",\"image\":{\"@type\":\"ImageObject\",\"inLanguage\":\"pt-PT\",\"@id\":\"https:\/\/portaltela.pt\/s.01k8rhncp4jt1\/2025\/11\/talking-bot-125x125.png\",\"url\":\"https:\/\/portaltela.pt\/s.01k8rhncp4jt1\/2025\/11\/talking-bot-125x125.png\",\"contentUrl\":\"https:\/\/portaltela.pt\/s.01k8rhncp4jt1\/2025\/11\/talking-bot-125x125.png\",\"caption\":\"Telinha\"},\"sameAs\":[\"https:\/\/portaltela.pt\/\"],\"url\":\"https:\/\/portaltela.pt\/por\/367410592786\/\"}]}<\/script>\n<!-- \/ Yoast SEO plugin. -->","yoast_head_json":{"title":"PCP acusa grandes empresas de apoiar guerra no Ir\u00e3o sem enfrentar consequ\u00eancias - Portal Tela Portugal","robots":{"index":"index","follow":"follow","max-snippet":"max-snippet:-1","max-image-preview":"max-image-preview:large","max-video-preview":"max-video-preview:-1"},"og_locale":"pt_PT","og_type":"article","og_title":"PCP acusa grandes empresas de apoiar guerra no Ir\u00e3o sem enfrentar consequ\u00eancias - Portal Tela Portugal","og_description":"O PCP acusa grandes empresas de especula\u00e7\u00e3o e de apoiarem a guerra no Ir\u00e3o, sem cederem quaisquer margens de lucro para enfrentar as consequ\u00eancias do conflito, citando a Galp como exemplo. Paulo Raimundo afirmou que os pre\u00e7os dos combust\u00edveis sobem devido \u00e0 especula\u00e7\u00e3o, com os combust\u00edveis j\u00e1 comprados h\u00e1 meses a serem usados para este ganho. O secret\u00e1rio-geral do PCP criticou o Governo, o Chega e a IL por apoiarem, segundo ele, uma posi\u00e7\u00e3o pr\u00f3-Estados Unidos e Israel, associando Portugal \u00e0 base das Lajes. Raimundo defendeu uma nova pol\u00edtica que impe\u00e7a transfer\u00eancias de recursos para grupos privados e conteste benef\u00edcios fiscais, como a descida do IRC, que, segundo ele, retira riqueza ao pa\u00eds. O l\u00edder comunista tamb\u00e9m comentou a privatiza\u00e7\u00e3o dos Estaleiros Navais de Viana do Castelo e quest\u00f5es locais, incluindo a gest\u00e3o de \u00e1guas no Alto Minho e a privatiza\u00e7\u00e3o do servi\u00e7o de radiologia do Hospital de Santa Luzia.","og_url":"https:\/\/portaltela.pt\/noticias\/2026\/03\/16\/pcp-acusa-grandes-empresas-de-apoiar-guerra-no-irao-sem-enfrentar-consequencias\/","og_site_name":"Portal Tela Portugal","article_published_time":"2026-03-16T13:11:27+00:00","author":"Telinha","twitter_card":"summary_large_image","twitter_misc":{"Escrito por":"Telinha","Tempo estimado de leitura":"2 minutos"},"schema":{"@context":"https:\/\/schema.org","@graph":[{"@type":"Article","@id":"https:\/\/portaltela.pt\/noticias\/2026\/03\/16\/pcp-acusa-grandes-empresas-de-apoiar-guerra-no-irao-sem-enfrentar-consequencias\/#article","isPartOf":{"@id":"https:\/\/portaltela.pt\/noticias\/2026\/03\/16\/pcp-acusa-grandes-empresas-de-apoiar-guerra-no-irao-sem-enfrentar-consequencias\/"},"author":{"name":"Telinha","@id":"https:\/\/portaltela.pt\/#\/schema\/person\/c4278d4a6028830caff9ee44b42d32ed"},"headline":"PCP acusa grandes empresas de apoiar guerra no Ir\u00e3o sem enfrentar consequ\u00eancias","datePublished":"2026-03-16T13:11:27+00:00","mainEntityOfPage":{"@id":"https:\/\/portaltela.pt\/noticias\/2026\/03\/16\/pcp-acusa-grandes-empresas-de-apoiar-guerra-no-irao-sem-enfrentar-consequencias\/"},"wordCount":333,"image":{"@id":"https:\/\/portaltela.pt\/noticias\/2026\/03\/16\/pcp-acusa-grandes-empresas-de-apoiar-guerra-no-irao-sem-enfrentar-consequencias\/#primaryimage"},"thumbnailUrl":"https:\/\/portaltela.pt\/s.01k8rhncp4jt1\/2026\/03\/img_1500x1000uu2025-10-04-13-40-49-2239389.jpg","keywords":["economia","IRC","pol\u00edtica","pol\u00edtica internacional","privatiza\u00e7\u00f5es","Viana do Castelo"],"articleSection":["Pol\u00edtica","Pol\u00edtica Internacional"],"inLanguage":"pt-PT"},{"@type":"WebPage","@id":"https:\/\/portaltela.pt\/noticias\/2026\/03\/16\/pcp-acusa-grandes-empresas-de-apoiar-guerra-no-irao-sem-enfrentar-consequencias\/","url":"https:\/\/portaltela.pt\/noticias\/2026\/03\/16\/pcp-acusa-grandes-empresas-de-apoiar-guerra-no-irao-sem-enfrentar-consequencias\/","name":"PCP acusa grandes empresas de apoiar guerra no Ir\u00e3o sem enfrentar consequ\u00eancias - Portal Tela Portugal","isPartOf":{"@id":"https:\/\/portaltela.pt\/#website"},"primaryImageOfPage":{"@id":"https:\/\/portaltela.pt\/noticias\/2026\/03\/16\/pcp-acusa-grandes-empresas-de-apoiar-guerra-no-irao-sem-enfrentar-consequencias\/#primaryimage"},"image":{"@id":"https:\/\/portaltela.pt\/noticias\/2026\/03\/16\/pcp-acusa-grandes-empresas-de-apoiar-guerra-no-irao-sem-enfrentar-consequencias\/#primaryimage"},"thumbnailUrl":"https:\/\/portaltela.pt\/s.01k8rhncp4jt1\/2026\/03\/img_1500x1000uu2025-10-04-13-40-49-2239389.jpg","datePublished":"2026-03-16T13:11:27+00:00","author":{"@id":"https:\/\/portaltela.pt\/#\/schema\/person\/c4278d4a6028830caff9ee44b42d32ed"},"breadcrumb":{"@id":"https:\/\/portaltela.pt\/noticias\/2026\/03\/16\/pcp-acusa-grandes-empresas-de-apoiar-guerra-no-irao-sem-enfrentar-consequencias\/#breadcrumb"},"inLanguage":"pt-PT","potentialAction":[{"@type":"ReadAction","target":["https:\/\/portaltela.pt\/noticias\/2026\/03\/16\/pcp-acusa-grandes-empresas-de-apoiar-guerra-no-irao-sem-enfrentar-consequencias\/"]}]},{"@type":"ImageObject","inLanguage":"pt-PT","@id":"https:\/\/portaltela.pt\/noticias\/2026\/03\/16\/pcp-acusa-grandes-empresas-de-apoiar-guerra-no-irao-sem-enfrentar-consequencias\/#primaryimage","url":"https:\/\/portaltela.pt\/s.01k8rhncp4jt1\/2026\/03\/img_1500x1000uu2025-10-04-13-40-49-2239389.jpg","contentUrl":"https:\/\/portaltela.pt\/s.01k8rhncp4jt1\/2026\/03\/img_1500x1000uu2025-10-04-13-40-49-2239389.jpg","width":796,"height":448,"caption":"PCP diz que grandes empresas apoiam a guerra no Ir\u00e3o mas n\u00e3o contribuem para enfrentar consequ\u00eancias"},{"@type":"BreadcrumbList","@id":"https:\/\/portaltela.pt\/noticias\/2026\/03\/16\/pcp-acusa-grandes-empresas-de-apoiar-guerra-no-irao-sem-enfrentar-consequencias\/#breadcrumb","itemListElement":[{"@type":"ListItem","position":1,"name":"In\u00edcio","item":"https:\/\/portaltela.pt\/"},{"@type":"ListItem","position":2,"name":"PCP acusa grandes empresas de apoiar guerra no Ir\u00e3o sem enfrentar consequ\u00eancias"}]},{"@type":"WebSite","@id":"https:\/\/portaltela.pt\/#website","url":"https:\/\/portaltela.pt\/","name":"Portal Tela Portugal","description":"","potentialAction":[{"@type":"SearchAction","target":{"@type":"EntryPoint","urlTemplate":"https:\/\/portaltela.pt\/?s={search_term_string}"},"query-input":{"@type":"PropertyValueSpecification","valueRequired":true,"valueName":"search_term_string"}}],"inLanguage":"pt-PT"},{"@type":"Person","@id":"https:\/\/portaltela.pt\/#\/schema\/person\/c4278d4a6028830caff9ee44b42d32ed","name":"Telinha","image":{"@type":"ImageObject","inLanguage":"pt-PT","@id":"https:\/\/portaltela.pt\/s.01k8rhncp4jt1\/2025\/11\/talking-bot-125x125.png","url":"https:\/\/portaltela.pt\/s.01k8rhncp4jt1\/2025\/11\/talking-bot-125x125.png","contentUrl":"https:\/\/portaltela.pt\/s.01k8rhncp4jt1\/2025\/11\/talking-bot-125x125.png","caption":"Telinha"},"sameAs":["https:\/\/portaltela.pt\/"],"url":"https:\/\/portaltela.pt\/por\/367410592786\/"}]}},"_links":{"self":[{"href":"https:\/\/portaltela.pt\/api\/wp\/v2\/posts\/411984","targetHints":{"allow":["GET"]}}],"collection":[{"href":"https:\/\/portaltela.pt\/api\/wp\/v2\/posts"}],"about":[{"href":"https:\/\/portaltela.pt\/api\/wp\/v2\/types\/post"}],"author":[{"embeddable":true,"href":"https:\/\/portaltela.pt\/api\/wp\/v2\/users\/2"}],"replies":[{"embeddable":true,"href":"https:\/\/portaltela.pt\/api\/wp\/v2\/comments?post=411984"}],"version-history":[{"count":0,"href":"https:\/\/portaltela.pt\/api\/wp\/v2\/posts\/411984\/revisions"}],"wp:featuredmedia":[{"embeddable":true,"href":"https:\/\/portaltela.pt\/api\/wp\/v2\/media\/411989"}],"wp:attachment":[{"href":"https:\/\/portaltela.pt\/api\/wp\/v2\/media?parent=411984"}],"wp:term":[{"taxonomy":"category","embeddable":true,"href":"https:\/\/portaltela.pt\/api\/wp\/v2\/categories?post=411984"},{"taxonomy":"post_tag","embeddable":true,"href":"https:\/\/portaltela.pt\/api\/wp\/v2\/tags?post=411984"}],"curies":[{"name":"wp","href":"https:\/\/api.w.org\/{rel}","templated":true}]}}