{"id":411953,"date":"2026-03-16T09:42:00","date_gmt":"2026-03-16T12:42:00","guid":{"rendered":"https:\/\/portaltela.pt\/noticias\/2026\/03\/16\/o-dia-a-dia-de-um-estudante-da-margem-sul\/"},"modified":"2026-03-16T09:42:00","modified_gmt":"2026-03-16T12:42:00","slug":"o-dia-a-dia-de-um-estudante-da-margem-sul","status":"publish","type":"post","link":"https:\/\/portaltela.pt\/sociedade\/2026\/03\/16\/o-dia-a-dia-de-um-estudante-da-margem-sul\/","title":{"rendered":"O dia-a-dia de um estudante da Margem Sul"},"content":{"rendered":"<p>O dia come\u00e7a cedo para um estudante da Margem Sul, que acorda \u00e0s cinco e meia, prepara-se entre o frio e o aroma do caf\u00e9 e corre para n\u00e3o perder a Fertagus. Todos os dias atravessa o Tejo com centenas de colegas, na busca por um diploma.<\/p>\n<p>Na carruagem, o esfor\u00e7o junta-se \u00e0 fome. O estudante come uma sandes da pressa e abre uma sebenta gasto, a tentar concentrar-se apesar do barulho e do ranger dos carris. O objetivo \u00e9 seguir com a frequ\u00eancia.<\/p>\n<p>\u00c0s sete e meia, o comboio avan\u00e7a pouco e fica im\u00f3vel no meio da linha. A avaria \u00e9 anunciada pelo maquinista, o sil\u00eancio instala-se e o calor aperta. Por quase dez minutos todos permanecem de p\u00e9, sem clareza sobre o que vir\u00e1 a seguir.<\/p>\n<h3>Atrasos e planeamento imposs\u00edvel<\/h3>\n<p>O regresso \u00e0 marcha \u00e9 lento e o atraso j\u00e1 parece inevit\u00e1vel. A caminho da escola, o estudante percebe que o hor\u00e1rio de in\u00edcio \u00e9 \u00e0s oito e meia, mas o autocarro pode n\u00e3o aparecer a tempo, tornando o dia ainda mais exigente.<\/p>\n<p>Chegados \u00e0 esta\u00e7\u00e3o, a segunda fase \u00e9 o autocarro, que raramente cumpre hor\u00e1rios. Quando questionado sobre o pr\u00f3ximo servi\u00e7o, o estudante recebe a resposta de que os hor\u00e1rios n\u00e3o funcionam: \u00e9 preciso apanhar o primeiro que aparecer, com previs\u00e3o incerta.<\/p>\n<h3>Contexto mais amplo<\/h3>\n<p>A cena repete-se diariamente: estudos, cansa\u00e7o, e a perspetiva de uma vida com menos transportes eficientes. Entre falas de reformas e promessas de melhoria, permanece a perce\u00e7\u00e3o de que as condi\u00e7\u00f5es de mobilidade afetam quem escolhe continuar a estudar.<\/p>\n<p>No meio da incerteza, o grupo de estudantes persiste. S\u00e3o jovens da Margem Sul que, apesar dos obst\u00e1culos, continuam a perseguir o sonho acad\u00e9mico, mesmo que para tal tenham de enfrentar longas desloca\u00e7\u00f5es e hor\u00e1rios vol\u00e1teis.<\/p>\n<p>Este \u00e9 o retrato cotidiano de quem depende de transportes p\u00fablicos para investir no futuro. A narrativa evidencia o impacto real que as falhas do servi\u00e7o p\u00fablico t\u00eam nas rotinas estudantis e no planeamento de carreira.<\/p>\n","protected":false},"excerpt":{"rendered":"<ul>\n<li>Um estudante da Margem Sul acorda \u00e0s cinco e meia para atravessar o Tejo pela Fertagus e seguir para a universidade, entre coerentes sinais de cansa\u00e7o e fome.<\/li>\n<li>J\u00e1 na carruagem, l\u00ea uma sebenta gasta enquanto o barulho e o calor dificultam a concentra\u00e7\u00e3o durante a manh\u00e3 de estudo.<\/li>\n<li>O comboio fica parado quase dez minutos por uma avaria, com passageiros agrupados e sil\u00eancio intenso, aumentando o receio de chegar atrasado \u00e0s aulas.<\/li>\n<li>Na sa\u00edda da esta\u00e7\u00e3o, segue para o autocarro, enfrentando uma realidade de hor\u00e1rios imprevis\u00edveis e esperas que podem ser r\u00e1pidas ou longas.<\/li>\n<li>No fim, o texto questiona o futuro dos jovens da margem sul: esfor\u00e7o di\u00e1rio, d\u00favidas sobre emprego, habita\u00e7\u00e3o e condi\u00e7\u00f5es de vida, e a sensa\u00e7\u00e3o de permanecer na rotina sem hor\u00e1rios est\u00e1veis.<\/li>\n<\/ul>\n","protected":false},"author":2,"featured_media":411963,"comment_status":"closed","ping_status":"closed","sticky":false,"template":"","format":"standard","meta":{"footnotes":""},"categories":[1,6871],"tags":[5029,163,2110,3263,363,7269],"class_list":["post-411953","post","type-post","status-publish","format-standard","has-post-thumbnail","hentry","category-noticias","category-sociedade","tag-deslocamentos","tag-educacao","tag-mobilidade","tag-mobilidade-urbana","tag-transportes","tag-transportes-publicos"],"yoast_head":"<!-- This site is optimized with the Yoast SEO plugin v27.2 - https:\/\/yoast.com\/product\/yoast-seo-wordpress\/ -->\n<title>O dia-a-dia de um estudante da Margem Sul - Portal Tela Portugal<\/title>\n<meta name=\"robots\" content=\"index, follow, max-snippet:-1, max-image-preview:large, max-video-preview:-1\" \/>\n<meta property=\"og:locale\" content=\"pt_PT\" \/>\n<meta property=\"og:type\" content=\"article\" \/>\n<meta property=\"og:title\" content=\"O dia-a-dia de um estudante da Margem Sul - Portal Tela Portugal\" \/>\n<meta property=\"og:description\" content=\"Um estudante da Margem Sul acorda \u00e0s cinco e meia para atravessar o Tejo pela Fertagus e seguir para a universidade, entre coerentes sinais de cansa\u00e7o e fome. J\u00e1 na carruagem, l\u00ea uma sebenta gasta enquanto o barulho e o calor dificultam a concentra\u00e7\u00e3o durante a manh\u00e3 de estudo. O comboio fica parado quase dez minutos por uma avaria, com passageiros agrupados e sil\u00eancio intenso, aumentando o receio de chegar atrasado \u00e0s aulas. Na sa\u00edda da esta\u00e7\u00e3o, segue para o autocarro, enfrentando uma realidade de hor\u00e1rios imprevis\u00edveis e esperas que podem ser r\u00e1pidas ou longas. No fim, o texto questiona o futuro dos jovens da margem sul: esfor\u00e7o di\u00e1rio, d\u00favidas sobre emprego, habita\u00e7\u00e3o e condi\u00e7\u00f5es de vida, e a sensa\u00e7\u00e3o de permanecer na rotina sem hor\u00e1rios est\u00e1veis.\" \/>\n<meta property=\"og:url\" content=\"https:\/\/portaltela.pt\/noticias\/2026\/03\/16\/o-dia-a-dia-de-um-estudante-da-margem-sul\/\" \/>\n<meta property=\"og:site_name\" content=\"Portal Tela Portugal\" \/>\n<meta property=\"article:published_time\" content=\"2026-03-16T12:42:00+00:00\" \/>\n<meta name=\"author\" content=\"Telinha\" \/>\n<meta name=\"twitter:card\" content=\"summary_large_image\" \/>\n<meta name=\"twitter:label1\" content=\"Escrito por\" \/>\n\t<meta name=\"twitter:data1\" content=\"Telinha\" \/>\n\t<meta name=\"twitter:label2\" content=\"Tempo estimado de leitura\" \/>\n\t<meta name=\"twitter:data2\" content=\"2 minutos\" \/>\n<script type=\"application\/ld+json\" class=\"yoast-schema-graph\">{\"@context\":\"https:\/\/schema.org\",\"@graph\":[{\"@type\":\"Article\",\"@id\":\"https:\/\/portaltela.pt\/noticias\/2026\/03\/16\/o-dia-a-dia-de-um-estudante-da-margem-sul\/#article\",\"isPartOf\":{\"@id\":\"https:\/\/portaltela.pt\/noticias\/2026\/03\/16\/o-dia-a-dia-de-um-estudante-da-margem-sul\/\"},\"author\":{\"name\":\"Telinha\",\"@id\":\"https:\/\/portaltela.pt\/#\/schema\/person\/c4278d4a6028830caff9ee44b42d32ed\"},\"headline\":\"O dia-a-dia de um estudante da Margem Sul\",\"datePublished\":\"2026-03-16T12:42:00+00:00\",\"mainEntityOfPage\":{\"@id\":\"https:\/\/portaltela.pt\/noticias\/2026\/03\/16\/o-dia-a-dia-de-um-estudante-da-margem-sul\/\"},\"wordCount\":359,\"image\":{\"@id\":\"https:\/\/portaltela.pt\/noticias\/2026\/03\/16\/o-dia-a-dia-de-um-estudante-da-margem-sul\/#primaryimage\"},\"thumbnailUrl\":\"https:\/\/portaltela.pt\/s.01k8rhncp4jt1\/2026\/03\/2074653.jpg\",\"keywords\":[\"deslocamentos\",\"educa\u00e7\u00e3o\",\"mobilidade\",\"mobilidade urbana\",\"transportes\",\"transportes p\u00fablicos\"],\"articleSection\":[\"Not\u00edcias\",\"Sociedade\"],\"inLanguage\":\"pt-PT\"},{\"@type\":\"WebPage\",\"@id\":\"https:\/\/portaltela.pt\/noticias\/2026\/03\/16\/o-dia-a-dia-de-um-estudante-da-margem-sul\/\",\"url\":\"https:\/\/portaltela.pt\/noticias\/2026\/03\/16\/o-dia-a-dia-de-um-estudante-da-margem-sul\/\",\"name\":\"O dia-a-dia de um estudante da Margem Sul - Portal Tela Portugal\",\"isPartOf\":{\"@id\":\"https:\/\/portaltela.pt\/#website\"},\"primaryImageOfPage\":{\"@id\":\"https:\/\/portaltela.pt\/noticias\/2026\/03\/16\/o-dia-a-dia-de-um-estudante-da-margem-sul\/#primaryimage\"},\"image\":{\"@id\":\"https:\/\/portaltela.pt\/noticias\/2026\/03\/16\/o-dia-a-dia-de-um-estudante-da-margem-sul\/#primaryimage\"},\"thumbnailUrl\":\"https:\/\/portaltela.pt\/s.01k8rhncp4jt1\/2026\/03\/2074653.jpg\",\"datePublished\":\"2026-03-16T12:42:00+00:00\",\"author\":{\"@id\":\"https:\/\/portaltela.pt\/#\/schema\/person\/c4278d4a6028830caff9ee44b42d32ed\"},\"breadcrumb\":{\"@id\":\"https:\/\/portaltela.pt\/noticias\/2026\/03\/16\/o-dia-a-dia-de-um-estudante-da-margem-sul\/#breadcrumb\"},\"inLanguage\":\"pt-PT\",\"potentialAction\":[{\"@type\":\"ReadAction\",\"target\":[\"https:\/\/portaltela.pt\/noticias\/2026\/03\/16\/o-dia-a-dia-de-um-estudante-da-margem-sul\/\"]}]},{\"@type\":\"ImageObject\",\"inLanguage\":\"pt-PT\",\"@id\":\"https:\/\/portaltela.pt\/noticias\/2026\/03\/16\/o-dia-a-dia-de-um-estudante-da-margem-sul\/#primaryimage\",\"url\":\"https:\/\/portaltela.pt\/s.01k8rhncp4jt1\/2026\/03\/2074653.jpg\",\"contentUrl\":\"https:\/\/portaltela.pt\/s.01k8rhncp4jt1\/2026\/03\/2074653.jpg\",\"width\":796,\"height\":448,\"caption\":\"Megafone P3\"},{\"@type\":\"BreadcrumbList\",\"@id\":\"https:\/\/portaltela.pt\/noticias\/2026\/03\/16\/o-dia-a-dia-de-um-estudante-da-margem-sul\/#breadcrumb\",\"itemListElement\":[{\"@type\":\"ListItem\",\"position\":1,\"name\":\"In\u00edcio\",\"item\":\"https:\/\/portaltela.pt\/\"},{\"@type\":\"ListItem\",\"position\":2,\"name\":\"O dia-a-dia de um estudante da Margem Sul\"}]},{\"@type\":\"WebSite\",\"@id\":\"https:\/\/portaltela.pt\/#website\",\"url\":\"https:\/\/portaltela.pt\/\",\"name\":\"Portal Tela Portugal\",\"description\":\"\",\"potentialAction\":[{\"@type\":\"SearchAction\",\"target\":{\"@type\":\"EntryPoint\",\"urlTemplate\":\"https:\/\/portaltela.pt\/?s={search_term_string}\"},\"query-input\":{\"@type\":\"PropertyValueSpecification\",\"valueRequired\":true,\"valueName\":\"search_term_string\"}}],\"inLanguage\":\"pt-PT\"},{\"@type\":\"Person\",\"@id\":\"https:\/\/portaltela.pt\/#\/schema\/person\/c4278d4a6028830caff9ee44b42d32ed\",\"name\":\"Telinha\",\"image\":{\"@type\":\"ImageObject\",\"inLanguage\":\"pt-PT\",\"@id\":\"https:\/\/portaltela.pt\/s.01k8rhncp4jt1\/2025\/11\/talking-bot-125x125.png\",\"url\":\"https:\/\/portaltela.pt\/s.01k8rhncp4jt1\/2025\/11\/talking-bot-125x125.png\",\"contentUrl\":\"https:\/\/portaltela.pt\/s.01k8rhncp4jt1\/2025\/11\/talking-bot-125x125.png\",\"caption\":\"Telinha\"},\"sameAs\":[\"https:\/\/portaltela.pt\/\"],\"url\":\"https:\/\/portaltela.pt\/por\/367410592786\/\"}]}<\/script>\n<!-- \/ Yoast SEO plugin. -->","yoast_head_json":{"title":"O dia-a-dia de um estudante da Margem Sul - Portal Tela Portugal","robots":{"index":"index","follow":"follow","max-snippet":"max-snippet:-1","max-image-preview":"max-image-preview:large","max-video-preview":"max-video-preview:-1"},"og_locale":"pt_PT","og_type":"article","og_title":"O dia-a-dia de um estudante da Margem Sul - Portal Tela Portugal","og_description":"Um estudante da Margem Sul acorda \u00e0s cinco e meia para atravessar o Tejo pela Fertagus e seguir para a universidade, entre coerentes sinais de cansa\u00e7o e fome. J\u00e1 na carruagem, l\u00ea uma sebenta gasta enquanto o barulho e o calor dificultam a concentra\u00e7\u00e3o durante a manh\u00e3 de estudo. O comboio fica parado quase dez minutos por uma avaria, com passageiros agrupados e sil\u00eancio intenso, aumentando o receio de chegar atrasado \u00e0s aulas. Na sa\u00edda da esta\u00e7\u00e3o, segue para o autocarro, enfrentando uma realidade de hor\u00e1rios imprevis\u00edveis e esperas que podem ser r\u00e1pidas ou longas. No fim, o texto questiona o futuro dos jovens da margem sul: esfor\u00e7o di\u00e1rio, d\u00favidas sobre emprego, habita\u00e7\u00e3o e condi\u00e7\u00f5es de vida, e a sensa\u00e7\u00e3o de permanecer na rotina sem hor\u00e1rios est\u00e1veis.","og_url":"https:\/\/portaltela.pt\/noticias\/2026\/03\/16\/o-dia-a-dia-de-um-estudante-da-margem-sul\/","og_site_name":"Portal Tela Portugal","article_published_time":"2026-03-16T12:42:00+00:00","author":"Telinha","twitter_card":"summary_large_image","twitter_misc":{"Escrito por":"Telinha","Tempo estimado de leitura":"2 minutos"},"schema":{"@context":"https:\/\/schema.org","@graph":[{"@type":"Article","@id":"https:\/\/portaltela.pt\/noticias\/2026\/03\/16\/o-dia-a-dia-de-um-estudante-da-margem-sul\/#article","isPartOf":{"@id":"https:\/\/portaltela.pt\/noticias\/2026\/03\/16\/o-dia-a-dia-de-um-estudante-da-margem-sul\/"},"author":{"name":"Telinha","@id":"https:\/\/portaltela.pt\/#\/schema\/person\/c4278d4a6028830caff9ee44b42d32ed"},"headline":"O dia-a-dia de um estudante da Margem Sul","datePublished":"2026-03-16T12:42:00+00:00","mainEntityOfPage":{"@id":"https:\/\/portaltela.pt\/noticias\/2026\/03\/16\/o-dia-a-dia-de-um-estudante-da-margem-sul\/"},"wordCount":359,"image":{"@id":"https:\/\/portaltela.pt\/noticias\/2026\/03\/16\/o-dia-a-dia-de-um-estudante-da-margem-sul\/#primaryimage"},"thumbnailUrl":"https:\/\/portaltela.pt\/s.01k8rhncp4jt1\/2026\/03\/2074653.jpg","keywords":["deslocamentos","educa\u00e7\u00e3o","mobilidade","mobilidade urbana","transportes","transportes p\u00fablicos"],"articleSection":["Not\u00edcias","Sociedade"],"inLanguage":"pt-PT"},{"@type":"WebPage","@id":"https:\/\/portaltela.pt\/noticias\/2026\/03\/16\/o-dia-a-dia-de-um-estudante-da-margem-sul\/","url":"https:\/\/portaltela.pt\/noticias\/2026\/03\/16\/o-dia-a-dia-de-um-estudante-da-margem-sul\/","name":"O dia-a-dia de um estudante da Margem Sul - Portal Tela Portugal","isPartOf":{"@id":"https:\/\/portaltela.pt\/#website"},"primaryImageOfPage":{"@id":"https:\/\/portaltela.pt\/noticias\/2026\/03\/16\/o-dia-a-dia-de-um-estudante-da-margem-sul\/#primaryimage"},"image":{"@id":"https:\/\/portaltela.pt\/noticias\/2026\/03\/16\/o-dia-a-dia-de-um-estudante-da-margem-sul\/#primaryimage"},"thumbnailUrl":"https:\/\/portaltela.pt\/s.01k8rhncp4jt1\/2026\/03\/2074653.jpg","datePublished":"2026-03-16T12:42:00+00:00","author":{"@id":"https:\/\/portaltela.pt\/#\/schema\/person\/c4278d4a6028830caff9ee44b42d32ed"},"breadcrumb":{"@id":"https:\/\/portaltela.pt\/noticias\/2026\/03\/16\/o-dia-a-dia-de-um-estudante-da-margem-sul\/#breadcrumb"},"inLanguage":"pt-PT","potentialAction":[{"@type":"ReadAction","target":["https:\/\/portaltela.pt\/noticias\/2026\/03\/16\/o-dia-a-dia-de-um-estudante-da-margem-sul\/"]}]},{"@type":"ImageObject","inLanguage":"pt-PT","@id":"https:\/\/portaltela.pt\/noticias\/2026\/03\/16\/o-dia-a-dia-de-um-estudante-da-margem-sul\/#primaryimage","url":"https:\/\/portaltela.pt\/s.01k8rhncp4jt1\/2026\/03\/2074653.jpg","contentUrl":"https:\/\/portaltela.pt\/s.01k8rhncp4jt1\/2026\/03\/2074653.jpg","width":796,"height":448,"caption":"Megafone P3"},{"@type":"BreadcrumbList","@id":"https:\/\/portaltela.pt\/noticias\/2026\/03\/16\/o-dia-a-dia-de-um-estudante-da-margem-sul\/#breadcrumb","itemListElement":[{"@type":"ListItem","position":1,"name":"In\u00edcio","item":"https:\/\/portaltela.pt\/"},{"@type":"ListItem","position":2,"name":"O dia-a-dia de um estudante da Margem Sul"}]},{"@type":"WebSite","@id":"https:\/\/portaltela.pt\/#website","url":"https:\/\/portaltela.pt\/","name":"Portal Tela Portugal","description":"","potentialAction":[{"@type":"SearchAction","target":{"@type":"EntryPoint","urlTemplate":"https:\/\/portaltela.pt\/?s={search_term_string}"},"query-input":{"@type":"PropertyValueSpecification","valueRequired":true,"valueName":"search_term_string"}}],"inLanguage":"pt-PT"},{"@type":"Person","@id":"https:\/\/portaltela.pt\/#\/schema\/person\/c4278d4a6028830caff9ee44b42d32ed","name":"Telinha","image":{"@type":"ImageObject","inLanguage":"pt-PT","@id":"https:\/\/portaltela.pt\/s.01k8rhncp4jt1\/2025\/11\/talking-bot-125x125.png","url":"https:\/\/portaltela.pt\/s.01k8rhncp4jt1\/2025\/11\/talking-bot-125x125.png","contentUrl":"https:\/\/portaltela.pt\/s.01k8rhncp4jt1\/2025\/11\/talking-bot-125x125.png","caption":"Telinha"},"sameAs":["https:\/\/portaltela.pt\/"],"url":"https:\/\/portaltela.pt\/por\/367410592786\/"}]}},"_links":{"self":[{"href":"https:\/\/portaltela.pt\/api\/wp\/v2\/posts\/411953","targetHints":{"allow":["GET"]}}],"collection":[{"href":"https:\/\/portaltela.pt\/api\/wp\/v2\/posts"}],"about":[{"href":"https:\/\/portaltela.pt\/api\/wp\/v2\/types\/post"}],"author":[{"embeddable":true,"href":"https:\/\/portaltela.pt\/api\/wp\/v2\/users\/2"}],"replies":[{"embeddable":true,"href":"https:\/\/portaltela.pt\/api\/wp\/v2\/comments?post=411953"}],"version-history":[{"count":0,"href":"https:\/\/portaltela.pt\/api\/wp\/v2\/posts\/411953\/revisions"}],"wp:featuredmedia":[{"embeddable":true,"href":"https:\/\/portaltela.pt\/api\/wp\/v2\/media\/411963"}],"wp:attachment":[{"href":"https:\/\/portaltela.pt\/api\/wp\/v2\/media?parent=411953"}],"wp:term":[{"taxonomy":"category","embeddable":true,"href":"https:\/\/portaltela.pt\/api\/wp\/v2\/categories?post=411953"},{"taxonomy":"post_tag","embeddable":true,"href":"https:\/\/portaltela.pt\/api\/wp\/v2\/tags?post=411953"}],"curies":[{"name":"wp","href":"https:\/\/api.w.org\/{rel}","templated":true}]}}