{"id":411940,"date":"2026-03-16T09:51:00","date_gmt":"2026-03-16T12:51:00","guid":{"rendered":"https:\/\/portaltela.pt\/noticias\/2026\/03\/16\/apeadeiros-da-linha-do-corgo-em-chaves-passam-a-alojamentos-turisticos\/"},"modified":"2026-03-16T09:51:00","modified_gmt":"2026-03-16T12:51:00","slug":"apeadeiros-da-linha-do-corgo-em-chaves-passam-a-alojamentos-turisticos","status":"publish","type":"post","link":"https:\/\/portaltela.pt\/noticias\/2026\/03\/16\/apeadeiros-da-linha-do-corgo-em-chaves-passam-a-alojamentos-turisticos\/","title":{"rendered":"Apeadeiros da Linha do Corgo em Chaves passam a alojamentos tur\u00edsticos"},"content":{"rendered":"<p>Dois apeadeiros da antiga Linha Ferrovi\u00e1ria do Corgo, situados em Chaves, v\u00e3o ser convertidos em alojamento tur\u00edstico sustent\u00e1vel. O investimento total \u00e9 de 576 mil euros.<\/p>\n<p>O projeto inclui a reabilita\u00e7\u00e3o do patrim\u00f3nio ferrovi\u00e1rio hist\u00f3rico, transformando os apeadeiros em alojamento em modelo de hostel, preservando a identidade arquitect\u00f3nica.<\/p>\n<p>Al\u00e9m disso, prev\u00ea a cria\u00e7\u00e3o de pontos de apoio \u00e0 Ecovia Internacional do T\u00e2mega e do Corgo, visando refor\u00e7ar o ecoturismo, o cicloturismo e o turismo de natureza na regi\u00e3o.<\/p>\n<h3>Apoios e financiamento<\/h3>\n<p>A iniciativa faz parte do projeto de Requalifica\u00e7\u00e3o dos Apeadeiros de Vilela do T\u00e2mega e Vilarinho das Paranheiras, inserido no programa Crescer com o Turismo. O contrato de financiamento foi assinado na sexta-feira.<\/p>\n<p>O investimento total \u00e9 de 576 mil euros, com um incentivo financeiro de 400 mil euros. O programa foi lan\u00e7ado em fevereiro de 2025, tendo uma dota\u00e7\u00e3o de 30 milh\u00f5es de euros.<\/p>\n<p>O Crescer com o Turismo pretende apoiar o desenvolvimento sustent\u00e1vel dos territ\u00f3rios, com foco em responsabilidade social e ambiental, bem como na qualifica\u00e7\u00e3o e inova\u00e7\u00e3o dos recursos tur\u00edsticos.<\/p>\n","protected":false},"excerpt":{"rendered":"<ul>\n<li>Dois apeadeiros da antiga Linha Ferrovi\u00e1ria do Corgo, em Chaves, v\u00e3o ser transformados em alojamento tur\u00edstico sustent\u00e1vel, num investimento total de 576 mil euros.<\/li>\n<li>O projeto prev\u00ea a reabilita\u00e7\u00e3o dos apeadeiros, preservando a identidade arquitet\u00f3nica, e o funcionamento como hostel acess\u00edvel.<\/li>\n<li>Ser\u00e1 ainda criado um conjunto de pontos de apoio \u00e0 Ecovia Internacional do T\u00e2mega e do Corgo, para refor\u00e7ar ecoturismo, cicloturismo e turismo de natureza.<\/li>\n<li>A iniciativa est\u00e1 integrada no projeto de requalifica\u00e7\u00e3o dos Apeadeiros de Vilela do T\u00e2mega e Vilarinho das Paranheiras, no \u00e2mbito do programa Crescer com o Turismo, com contrato de financiamento assinado.<\/li>\n<li>O investimento total \u00e9 de 576 mil euros, com um incentivo financeiro de 400 mil euros, e o programa Crescer com o Turismo foi lan\u00e7ado em fevereiro de 2025.<\/li>\n<\/ul>\n","protected":false},"author":2,"featured_media":411945,"comment_status":"closed","ping_status":"closed","sticky":false,"template":"","format":"standard","meta":{"footnotes":""},"categories":[1],"tags":[491,3734,6923,814,169,3445],"class_list":["post-411940","post","type-post","status-publish","format-standard","has-post-thumbnail","hentry","category-noticias","tag-alojamento-local","tag-chaves","tag-ecoturismo","tag-patrimonio","tag-turismo","tag-turismo-sustentavel"],"yoast_head":"<!-- This site is optimized with the Yoast SEO plugin v27.2 - https:\/\/yoast.com\/product\/yoast-seo-wordpress\/ -->\n<title>Apeadeiros da Linha do Corgo em Chaves passam a alojamentos tur\u00edsticos - Portal Tela Portugal<\/title>\n<meta name=\"robots\" content=\"index, follow, max-snippet:-1, max-image-preview:large, max-video-preview:-1\" \/>\n<meta property=\"og:locale\" content=\"pt_PT\" \/>\n<meta property=\"og:type\" content=\"article\" \/>\n<meta property=\"og:title\" content=\"Apeadeiros da Linha do Corgo em Chaves passam a alojamentos tur\u00edsticos - Portal Tela Portugal\" \/>\n<meta property=\"og:description\" content=\"Dois apeadeiros da antiga Linha Ferrovi\u00e1ria do Corgo, em Chaves, v\u00e3o ser transformados em alojamento tur\u00edstico sustent\u00e1vel, num investimento total de 576 mil euros. O projeto prev\u00ea a reabilita\u00e7\u00e3o dos apeadeiros, preservando a identidade arquitet\u00f3nica, e o funcionamento como hostel acess\u00edvel. Ser\u00e1 ainda criado um conjunto de pontos de apoio \u00e0 Ecovia Internacional do T\u00e2mega e do Corgo, para refor\u00e7ar ecoturismo, cicloturismo e turismo de natureza. A iniciativa est\u00e1 integrada no projeto de requalifica\u00e7\u00e3o dos Apeadeiros de Vilela do T\u00e2mega e Vilarinho das Paranheiras, no \u00e2mbito do programa Crescer com o Turismo, com contrato de financiamento assinado. O investimento total \u00e9 de 576 mil euros, com um incentivo financeiro de 400 mil euros, e o programa Crescer com o Turismo foi lan\u00e7ado em fevereiro de 2025.\" \/>\n<meta property=\"og:url\" content=\"https:\/\/portaltela.pt\/noticias\/2026\/03\/16\/apeadeiros-da-linha-do-corgo-em-chaves-passam-a-alojamentos-turisticos\/\" \/>\n<meta property=\"og:site_name\" content=\"Portal Tela Portugal\" \/>\n<meta property=\"article:published_time\" content=\"2026-03-16T12:51:00+00:00\" \/>\n<meta name=\"author\" content=\"Telinha\" \/>\n<meta name=\"twitter:card\" content=\"summary_large_image\" \/>\n<meta name=\"twitter:label1\" content=\"Escrito por\" \/>\n\t<meta name=\"twitter:data1\" content=\"Telinha\" \/>\n\t<meta name=\"twitter:label2\" content=\"Tempo estimado de leitura\" \/>\n\t<meta name=\"twitter:data2\" content=\"1 minuto\" \/>\n<script type=\"application\/ld+json\" class=\"yoast-schema-graph\">{\"@context\":\"https:\/\/schema.org\",\"@graph\":[{\"@type\":\"Article\",\"@id\":\"https:\/\/portaltela.pt\/noticias\/2026\/03\/16\/apeadeiros-da-linha-do-corgo-em-chaves-passam-a-alojamentos-turisticos\/#article\",\"isPartOf\":{\"@id\":\"https:\/\/portaltela.pt\/noticias\/2026\/03\/16\/apeadeiros-da-linha-do-corgo-em-chaves-passam-a-alojamentos-turisticos\/\"},\"author\":{\"name\":\"Telinha\",\"@id\":\"https:\/\/portaltela.pt\/#\/schema\/person\/c4278d4a6028830caff9ee44b42d32ed\"},\"headline\":\"Apeadeiros da Linha do Corgo em Chaves passam a alojamentos tur\u00edsticos\",\"datePublished\":\"2026-03-16T12:51:00+00:00\",\"mainEntityOfPage\":{\"@id\":\"https:\/\/portaltela.pt\/noticias\/2026\/03\/16\/apeadeiros-da-linha-do-corgo-em-chaves-passam-a-alojamentos-turisticos\/\"},\"wordCount\":202,\"image\":{\"@id\":\"https:\/\/portaltela.pt\/noticias\/2026\/03\/16\/apeadeiros-da-linha-do-corgo-em-chaves-passam-a-alojamentos-turisticos\/#primaryimage\"},\"thumbnailUrl\":\"https:\/\/portaltela.pt\/s.01k8rhncp4jt1\/2026\/03\/2074654.jpg\",\"keywords\":[\"alojamento local\",\"Chaves\",\"ecoturismo\",\"patrim\u00f3nio\",\"turismo\",\"Turismo Sustent\u00e1vel\"],\"articleSection\":[\"Not\u00edcias\"],\"inLanguage\":\"pt-PT\"},{\"@type\":\"WebPage\",\"@id\":\"https:\/\/portaltela.pt\/noticias\/2026\/03\/16\/apeadeiros-da-linha-do-corgo-em-chaves-passam-a-alojamentos-turisticos\/\",\"url\":\"https:\/\/portaltela.pt\/noticias\/2026\/03\/16\/apeadeiros-da-linha-do-corgo-em-chaves-passam-a-alojamentos-turisticos\/\",\"name\":\"Apeadeiros da Linha do Corgo em Chaves passam a alojamentos tur\u00edsticos - Portal Tela Portugal\",\"isPartOf\":{\"@id\":\"https:\/\/portaltela.pt\/#website\"},\"primaryImageOfPage\":{\"@id\":\"https:\/\/portaltela.pt\/noticias\/2026\/03\/16\/apeadeiros-da-linha-do-corgo-em-chaves-passam-a-alojamentos-turisticos\/#primaryimage\"},\"image\":{\"@id\":\"https:\/\/portaltela.pt\/noticias\/2026\/03\/16\/apeadeiros-da-linha-do-corgo-em-chaves-passam-a-alojamentos-turisticos\/#primaryimage\"},\"thumbnailUrl\":\"https:\/\/portaltela.pt\/s.01k8rhncp4jt1\/2026\/03\/2074654.jpg\",\"datePublished\":\"2026-03-16T12:51:00+00:00\",\"author\":{\"@id\":\"https:\/\/portaltela.pt\/#\/schema\/person\/c4278d4a6028830caff9ee44b42d32ed\"},\"breadcrumb\":{\"@id\":\"https:\/\/portaltela.pt\/noticias\/2026\/03\/16\/apeadeiros-da-linha-do-corgo-em-chaves-passam-a-alojamentos-turisticos\/#breadcrumb\"},\"inLanguage\":\"pt-PT\",\"potentialAction\":[{\"@type\":\"ReadAction\",\"target\":[\"https:\/\/portaltela.pt\/noticias\/2026\/03\/16\/apeadeiros-da-linha-do-corgo-em-chaves-passam-a-alojamentos-turisticos\/\"]}]},{\"@type\":\"ImageObject\",\"inLanguage\":\"pt-PT\",\"@id\":\"https:\/\/portaltela.pt\/noticias\/2026\/03\/16\/apeadeiros-da-linha-do-corgo-em-chaves-passam-a-alojamentos-turisticos\/#primaryimage\",\"url\":\"https:\/\/portaltela.pt\/s.01k8rhncp4jt1\/2026\/03\/2074654.jpg\",\"contentUrl\":\"https:\/\/portaltela.pt\/s.01k8rhncp4jt1\/2026\/03\/2074654.jpg\",\"width\":796,\"height\":448,\"caption\":\"As linhas do Corgo e do T\u00e2mega fecharam para obras em 2009 e foram dadas como oficialmente encerradas em 2010\"},{\"@type\":\"BreadcrumbList\",\"@id\":\"https:\/\/portaltela.pt\/noticias\/2026\/03\/16\/apeadeiros-da-linha-do-corgo-em-chaves-passam-a-alojamentos-turisticos\/#breadcrumb\",\"itemListElement\":[{\"@type\":\"ListItem\",\"position\":1,\"name\":\"In\u00edcio\",\"item\":\"https:\/\/portaltela.pt\/\"},{\"@type\":\"ListItem\",\"position\":2,\"name\":\"Apeadeiros da Linha do Corgo em Chaves passam a alojamentos tur\u00edsticos\"}]},{\"@type\":\"WebSite\",\"@id\":\"https:\/\/portaltela.pt\/#website\",\"url\":\"https:\/\/portaltela.pt\/\",\"name\":\"Portal Tela Portugal\",\"description\":\"\",\"potentialAction\":[{\"@type\":\"SearchAction\",\"target\":{\"@type\":\"EntryPoint\",\"urlTemplate\":\"https:\/\/portaltela.pt\/?s={search_term_string}\"},\"query-input\":{\"@type\":\"PropertyValueSpecification\",\"valueRequired\":true,\"valueName\":\"search_term_string\"}}],\"inLanguage\":\"pt-PT\"},{\"@type\":\"Person\",\"@id\":\"https:\/\/portaltela.pt\/#\/schema\/person\/c4278d4a6028830caff9ee44b42d32ed\",\"name\":\"Telinha\",\"image\":{\"@type\":\"ImageObject\",\"inLanguage\":\"pt-PT\",\"@id\":\"https:\/\/portaltela.pt\/s.01k8rhncp4jt1\/2025\/11\/talking-bot-125x125.png\",\"url\":\"https:\/\/portaltela.pt\/s.01k8rhncp4jt1\/2025\/11\/talking-bot-125x125.png\",\"contentUrl\":\"https:\/\/portaltela.pt\/s.01k8rhncp4jt1\/2025\/11\/talking-bot-125x125.png\",\"caption\":\"Telinha\"},\"sameAs\":[\"https:\/\/portaltela.pt\/\"],\"url\":\"https:\/\/portaltela.pt\/por\/367410592786\/\"}]}<\/script>\n<!-- \/ Yoast SEO plugin. -->","yoast_head_json":{"title":"Apeadeiros da Linha do Corgo em Chaves passam a alojamentos tur\u00edsticos - Portal Tela Portugal","robots":{"index":"index","follow":"follow","max-snippet":"max-snippet:-1","max-image-preview":"max-image-preview:large","max-video-preview":"max-video-preview:-1"},"og_locale":"pt_PT","og_type":"article","og_title":"Apeadeiros da Linha do Corgo em Chaves passam a alojamentos tur\u00edsticos - Portal Tela Portugal","og_description":"Dois apeadeiros da antiga Linha Ferrovi\u00e1ria do Corgo, em Chaves, v\u00e3o ser transformados em alojamento tur\u00edstico sustent\u00e1vel, num investimento total de 576 mil euros. O projeto prev\u00ea a reabilita\u00e7\u00e3o dos apeadeiros, preservando a identidade arquitet\u00f3nica, e o funcionamento como hostel acess\u00edvel. Ser\u00e1 ainda criado um conjunto de pontos de apoio \u00e0 Ecovia Internacional do T\u00e2mega e do Corgo, para refor\u00e7ar ecoturismo, cicloturismo e turismo de natureza. A iniciativa est\u00e1 integrada no projeto de requalifica\u00e7\u00e3o dos Apeadeiros de Vilela do T\u00e2mega e Vilarinho das Paranheiras, no \u00e2mbito do programa Crescer com o Turismo, com contrato de financiamento assinado. O investimento total \u00e9 de 576 mil euros, com um incentivo financeiro de 400 mil euros, e o programa Crescer com o Turismo foi lan\u00e7ado em fevereiro de 2025.","og_url":"https:\/\/portaltela.pt\/noticias\/2026\/03\/16\/apeadeiros-da-linha-do-corgo-em-chaves-passam-a-alojamentos-turisticos\/","og_site_name":"Portal Tela Portugal","article_published_time":"2026-03-16T12:51:00+00:00","author":"Telinha","twitter_card":"summary_large_image","twitter_misc":{"Escrito por":"Telinha","Tempo estimado de leitura":"1 minuto"},"schema":{"@context":"https:\/\/schema.org","@graph":[{"@type":"Article","@id":"https:\/\/portaltela.pt\/noticias\/2026\/03\/16\/apeadeiros-da-linha-do-corgo-em-chaves-passam-a-alojamentos-turisticos\/#article","isPartOf":{"@id":"https:\/\/portaltela.pt\/noticias\/2026\/03\/16\/apeadeiros-da-linha-do-corgo-em-chaves-passam-a-alojamentos-turisticos\/"},"author":{"name":"Telinha","@id":"https:\/\/portaltela.pt\/#\/schema\/person\/c4278d4a6028830caff9ee44b42d32ed"},"headline":"Apeadeiros da Linha do Corgo em Chaves passam a alojamentos tur\u00edsticos","datePublished":"2026-03-16T12:51:00+00:00","mainEntityOfPage":{"@id":"https:\/\/portaltela.pt\/noticias\/2026\/03\/16\/apeadeiros-da-linha-do-corgo-em-chaves-passam-a-alojamentos-turisticos\/"},"wordCount":202,"image":{"@id":"https:\/\/portaltela.pt\/noticias\/2026\/03\/16\/apeadeiros-da-linha-do-corgo-em-chaves-passam-a-alojamentos-turisticos\/#primaryimage"},"thumbnailUrl":"https:\/\/portaltela.pt\/s.01k8rhncp4jt1\/2026\/03\/2074654.jpg","keywords":["alojamento local","Chaves","ecoturismo","patrim\u00f3nio","turismo","Turismo Sustent\u00e1vel"],"articleSection":["Not\u00edcias"],"inLanguage":"pt-PT"},{"@type":"WebPage","@id":"https:\/\/portaltela.pt\/noticias\/2026\/03\/16\/apeadeiros-da-linha-do-corgo-em-chaves-passam-a-alojamentos-turisticos\/","url":"https:\/\/portaltela.pt\/noticias\/2026\/03\/16\/apeadeiros-da-linha-do-corgo-em-chaves-passam-a-alojamentos-turisticos\/","name":"Apeadeiros da Linha do Corgo em Chaves passam a alojamentos tur\u00edsticos - Portal Tela Portugal","isPartOf":{"@id":"https:\/\/portaltela.pt\/#website"},"primaryImageOfPage":{"@id":"https:\/\/portaltela.pt\/noticias\/2026\/03\/16\/apeadeiros-da-linha-do-corgo-em-chaves-passam-a-alojamentos-turisticos\/#primaryimage"},"image":{"@id":"https:\/\/portaltela.pt\/noticias\/2026\/03\/16\/apeadeiros-da-linha-do-corgo-em-chaves-passam-a-alojamentos-turisticos\/#primaryimage"},"thumbnailUrl":"https:\/\/portaltela.pt\/s.01k8rhncp4jt1\/2026\/03\/2074654.jpg","datePublished":"2026-03-16T12:51:00+00:00","author":{"@id":"https:\/\/portaltela.pt\/#\/schema\/person\/c4278d4a6028830caff9ee44b42d32ed"},"breadcrumb":{"@id":"https:\/\/portaltela.pt\/noticias\/2026\/03\/16\/apeadeiros-da-linha-do-corgo-em-chaves-passam-a-alojamentos-turisticos\/#breadcrumb"},"inLanguage":"pt-PT","potentialAction":[{"@type":"ReadAction","target":["https:\/\/portaltela.pt\/noticias\/2026\/03\/16\/apeadeiros-da-linha-do-corgo-em-chaves-passam-a-alojamentos-turisticos\/"]}]},{"@type":"ImageObject","inLanguage":"pt-PT","@id":"https:\/\/portaltela.pt\/noticias\/2026\/03\/16\/apeadeiros-da-linha-do-corgo-em-chaves-passam-a-alojamentos-turisticos\/#primaryimage","url":"https:\/\/portaltela.pt\/s.01k8rhncp4jt1\/2026\/03\/2074654.jpg","contentUrl":"https:\/\/portaltela.pt\/s.01k8rhncp4jt1\/2026\/03\/2074654.jpg","width":796,"height":448,"caption":"As linhas do Corgo e do T\u00e2mega fecharam para obras em 2009 e foram dadas como oficialmente encerradas em 2010"},{"@type":"BreadcrumbList","@id":"https:\/\/portaltela.pt\/noticias\/2026\/03\/16\/apeadeiros-da-linha-do-corgo-em-chaves-passam-a-alojamentos-turisticos\/#breadcrumb","itemListElement":[{"@type":"ListItem","position":1,"name":"In\u00edcio","item":"https:\/\/portaltela.pt\/"},{"@type":"ListItem","position":2,"name":"Apeadeiros da Linha do Corgo em Chaves passam a alojamentos tur\u00edsticos"}]},{"@type":"WebSite","@id":"https:\/\/portaltela.pt\/#website","url":"https:\/\/portaltela.pt\/","name":"Portal Tela Portugal","description":"","potentialAction":[{"@type":"SearchAction","target":{"@type":"EntryPoint","urlTemplate":"https:\/\/portaltela.pt\/?s={search_term_string}"},"query-input":{"@type":"PropertyValueSpecification","valueRequired":true,"valueName":"search_term_string"}}],"inLanguage":"pt-PT"},{"@type":"Person","@id":"https:\/\/portaltela.pt\/#\/schema\/person\/c4278d4a6028830caff9ee44b42d32ed","name":"Telinha","image":{"@type":"ImageObject","inLanguage":"pt-PT","@id":"https:\/\/portaltela.pt\/s.01k8rhncp4jt1\/2025\/11\/talking-bot-125x125.png","url":"https:\/\/portaltela.pt\/s.01k8rhncp4jt1\/2025\/11\/talking-bot-125x125.png","contentUrl":"https:\/\/portaltela.pt\/s.01k8rhncp4jt1\/2025\/11\/talking-bot-125x125.png","caption":"Telinha"},"sameAs":["https:\/\/portaltela.pt\/"],"url":"https:\/\/portaltela.pt\/por\/367410592786\/"}]}},"_links":{"self":[{"href":"https:\/\/portaltela.pt\/api\/wp\/v2\/posts\/411940","targetHints":{"allow":["GET"]}}],"collection":[{"href":"https:\/\/portaltela.pt\/api\/wp\/v2\/posts"}],"about":[{"href":"https:\/\/portaltela.pt\/api\/wp\/v2\/types\/post"}],"author":[{"embeddable":true,"href":"https:\/\/portaltela.pt\/api\/wp\/v2\/users\/2"}],"replies":[{"embeddable":true,"href":"https:\/\/portaltela.pt\/api\/wp\/v2\/comments?post=411940"}],"version-history":[{"count":0,"href":"https:\/\/portaltela.pt\/api\/wp\/v2\/posts\/411940\/revisions"}],"wp:featuredmedia":[{"embeddable":true,"href":"https:\/\/portaltela.pt\/api\/wp\/v2\/media\/411945"}],"wp:attachment":[{"href":"https:\/\/portaltela.pt\/api\/wp\/v2\/media?parent=411940"}],"wp:term":[{"taxonomy":"category","embeddable":true,"href":"https:\/\/portaltela.pt\/api\/wp\/v2\/categories?post=411940"},{"taxonomy":"post_tag","embeddable":true,"href":"https:\/\/portaltela.pt\/api\/wp\/v2\/tags?post=411940"}],"curies":[{"name":"wp","href":"https:\/\/api.w.org\/{rel}","templated":true}]}}