{"id":411934,"date":"2026-03-16T09:05:00","date_gmt":"2026-03-16T12:05:00","guid":{"rendered":"https:\/\/portaltela.pt\/noticias\/2026\/03\/16\/depressao-therese-coloca-acores-sob-avisos-laranja-e-amarelo\/"},"modified":"2026-03-16T09:05:00","modified_gmt":"2026-03-16T12:05:00","slug":"depressao-therese-coloca-acores-sob-avisos-laranja-e-amarelo","status":"publish","type":"post","link":"https:\/\/portaltela.pt\/noticias\/2026\/03\/16\/depressao-therese-coloca-acores-sob-avisos-laranja-e-amarelo\/","title":{"rendered":"Depress\u00e3o Therese coloca A\u00e7ores sob avisos laranja e amarelo"},"content":{"rendered":"<p>A depress\u00e3o Therese levou as autoridades meteorol\u00f3gicas a emitir avisos de tempo severo para todas as ilhas do arquip\u00e9lago dos A\u00e7ores. Os avisos de laranja e amarelo indicam condi\u00e7\u00f5es adversas com potencial de impacto em transports, infraestrutura e atividades ao ar livre. A decis\u00e3o foi tomada na sequ\u00eancia do fen\u00f3meno meteorol\u00f3gico ativo, que afetou a regi\u00e3o.<\/p>\n<p>As informa\u00e7\u00f5es oficiais descrevem que o aviso laranja sinaliza risco elevado, enquanto o amarelo indica possibilidade de efeitos significativos. Assim, as ilhas ficam sob vigil\u00e2ncia e recomenda-se cautela aos habitantes e \u00e0s autoridades locais. A monitoriza\u00e7\u00e3o permanece em curso para eventuais mudan\u00e7as de intensidade ou extens\u00e3o.<\/p>\n<h3>Impacto esperado<\/h3>\n<p>O organismo respons\u00e1vel mant\u00e9m contacto com servi\u00e7os de emerg\u00eancia e autoridades locais para coordenar eventual mobiliza\u00e7\u00e3o de recursos. N\u00e3o foram reportados detalhes sobre encerramentos de servi\u00e7os p\u00fablicos ou restri\u00e7\u00f5es de circula\u00e7\u00e3o at\u00e9 ao momento, mas as autoridades aconselham a seguir as orienta\u00e7\u00f5es oficiais e evitar \u00e1reas de risco.<\/p>\n<p>As atualiza\u00e7\u00f5es sobre o estado da depress\u00e3o Therese e sobre os avisos permanecem em emiss\u00e3o pelas entidades competentes. As informa\u00e7\u00f5es s\u00e3o atualizadas \u00e0 medida que surgem novos dados meteorol\u00f3gicos.<\/p>\n","protected":false},"excerpt":{"rendered":"<ul>\n<li>A depress\u00e3o Therese colocou todas as ilhas dos A\u00e7ores sob avisos laranja e amarelo.<\/li>\n<li>O aviso aplica-se a todo o arquip\u00e9lago.<\/li>\n<li>O conte\u00fado completo da not\u00edcia est\u00e1 dispon\u00edvel apenas para subscritores.<\/li>\n<li>N\u00e3o foram fornecidos detalhes adicionais no material enviado.<\/li>\n<\/ul>\n","protected":false},"author":2,"featured_media":411936,"comment_status":"closed","ping_status":"closed","sticky":false,"template":"","format":"standard","meta":{"footnotes":""},"categories":[1],"tags":[822,3658,3762,5215,5224],"class_list":["post-411934","post","type-post","status-publish","format-standard","has-post-thumbnail","hentry","category-noticias","tag-acores","tag-aviso-amarelo","tag-aviso-laranja","tag-catastrofes-naturais","tag-clima"],"yoast_head":"<!-- This site is optimized with the Yoast SEO plugin v27.2 - https:\/\/yoast.com\/product\/yoast-seo-wordpress\/ -->\n<title>Depress\u00e3o Therese coloca A\u00e7ores sob avisos laranja e amarelo - Portal Tela Portugal<\/title>\n<meta name=\"robots\" content=\"index, follow, max-snippet:-1, max-image-preview:large, max-video-preview:-1\" \/>\n<meta property=\"og:locale\" content=\"pt_PT\" \/>\n<meta property=\"og:type\" content=\"article\" \/>\n<meta property=\"og:title\" content=\"Depress\u00e3o Therese coloca A\u00e7ores sob avisos laranja e amarelo - Portal Tela Portugal\" \/>\n<meta property=\"og:description\" content=\"A depress\u00e3o Therese colocou todas as ilhas dos A\u00e7ores sob avisos laranja e amarelo. O aviso aplica-se a todo o arquip\u00e9lago. O conte\u00fado completo da not\u00edcia est\u00e1 dispon\u00edvel apenas para subscritores. N\u00e3o foram fornecidos detalhes adicionais no material enviado.\" \/>\n<meta property=\"og:url\" content=\"https:\/\/portaltela.pt\/noticias\/2026\/03\/16\/depressao-therese-coloca-acores-sob-avisos-laranja-e-amarelo\/\" \/>\n<meta property=\"og:site_name\" content=\"Portal Tela Portugal\" \/>\n<meta property=\"article:published_time\" content=\"2026-03-16T12:05:00+00:00\" \/>\n<meta name=\"author\" content=\"Telinha\" \/>\n<meta name=\"twitter:card\" content=\"summary_large_image\" \/>\n<meta name=\"twitter:label1\" content=\"Escrito por\" \/>\n\t<meta name=\"twitter:data1\" content=\"Telinha\" \/>\n\t<meta name=\"twitter:label2\" content=\"Tempo estimado de leitura\" \/>\n\t<meta name=\"twitter:data2\" content=\"1 minuto\" \/>\n<script type=\"application\/ld+json\" class=\"yoast-schema-graph\">{\"@context\":\"https:\/\/schema.org\",\"@graph\":[{\"@type\":\"Article\",\"@id\":\"https:\/\/portaltela.pt\/noticias\/2026\/03\/16\/depressao-therese-coloca-acores-sob-avisos-laranja-e-amarelo\/#article\",\"isPartOf\":{\"@id\":\"https:\/\/portaltela.pt\/noticias\/2026\/03\/16\/depressao-therese-coloca-acores-sob-avisos-laranja-e-amarelo\/\"},\"author\":{\"name\":\"Telinha\",\"@id\":\"https:\/\/portaltela.pt\/#\/schema\/person\/c4278d4a6028830caff9ee44b42d32ed\"},\"headline\":\"Depress\u00e3o Therese coloca A\u00e7ores sob avisos laranja e amarelo\",\"datePublished\":\"2026-03-16T12:05:00+00:00\",\"mainEntityOfPage\":{\"@id\":\"https:\/\/portaltela.pt\/noticias\/2026\/03\/16\/depressao-therese-coloca-acores-sob-avisos-laranja-e-amarelo\/\"},\"wordCount\":223,\"image\":{\"@id\":\"https:\/\/portaltela.pt\/noticias\/2026\/03\/16\/depressao-therese-coloca-acores-sob-avisos-laranja-e-amarelo\/#primaryimage\"},\"thumbnailUrl\":\"https:\/\/portaltela.pt\/s.01k8rhncp4jt1\/2026\/03\/CACHE_780X1200_ANALOG_WATERMARKED_21875527_1250687_19032019025035.jpg\",\"keywords\":[\"A\u00e7ores\",\"aviso amarelo\",\"aviso laranja\",\"cat\u00e1strofes naturais\",\"clima\"],\"articleSection\":[\"Not\u00edcias\"],\"inLanguage\":\"pt-PT\"},{\"@type\":\"WebPage\",\"@id\":\"https:\/\/portaltela.pt\/noticias\/2026\/03\/16\/depressao-therese-coloca-acores-sob-avisos-laranja-e-amarelo\/\",\"url\":\"https:\/\/portaltela.pt\/noticias\/2026\/03\/16\/depressao-therese-coloca-acores-sob-avisos-laranja-e-amarelo\/\",\"name\":\"Depress\u00e3o Therese coloca A\u00e7ores sob avisos laranja e amarelo - Portal Tela Portugal\",\"isPartOf\":{\"@id\":\"https:\/\/portaltela.pt\/#website\"},\"primaryImageOfPage\":{\"@id\":\"https:\/\/portaltela.pt\/noticias\/2026\/03\/16\/depressao-therese-coloca-acores-sob-avisos-laranja-e-amarelo\/#primaryimage\"},\"image\":{\"@id\":\"https:\/\/portaltela.pt\/noticias\/2026\/03\/16\/depressao-therese-coloca-acores-sob-avisos-laranja-e-amarelo\/#primaryimage\"},\"thumbnailUrl\":\"https:\/\/portaltela.pt\/s.01k8rhncp4jt1\/2026\/03\/CACHE_780X1200_ANALOG_WATERMARKED_21875527_1250687_19032019025035.jpg\",\"datePublished\":\"2026-03-16T12:05:00+00:00\",\"author\":{\"@id\":\"https:\/\/portaltela.pt\/#\/schema\/person\/c4278d4a6028830caff9ee44b42d32ed\"},\"breadcrumb\":{\"@id\":\"https:\/\/portaltela.pt\/noticias\/2026\/03\/16\/depressao-therese-coloca-acores-sob-avisos-laranja-e-amarelo\/#breadcrumb\"},\"inLanguage\":\"pt-PT\",\"potentialAction\":[{\"@type\":\"ReadAction\",\"target\":[\"https:\/\/portaltela.pt\/noticias\/2026\/03\/16\/depressao-therese-coloca-acores-sob-avisos-laranja-e-amarelo\/\"]}]},{\"@type\":\"ImageObject\",\"inLanguage\":\"pt-PT\",\"@id\":\"https:\/\/portaltela.pt\/noticias\/2026\/03\/16\/depressao-therese-coloca-acores-sob-avisos-laranja-e-amarelo\/#primaryimage\",\"url\":\"https:\/\/portaltela.pt\/s.01k8rhncp4jt1\/2026\/03\/CACHE_780X1200_ANALOG_WATERMARKED_21875527_1250687_19032019025035.jpg\",\"contentUrl\":\"https:\/\/portaltela.pt\/s.01k8rhncp4jt1\/2026\/03\/CACHE_780X1200_ANALOG_WATERMARKED_21875527_1250687_19032019025035.jpg\",\"width\":796,\"height\":448,\"caption\":\"Depress\u00e3o Therese coloca todas as ilhas dos A\u00e7ores sob avisos laranja e amarelo\"},{\"@type\":\"BreadcrumbList\",\"@id\":\"https:\/\/portaltela.pt\/noticias\/2026\/03\/16\/depressao-therese-coloca-acores-sob-avisos-laranja-e-amarelo\/#breadcrumb\",\"itemListElement\":[{\"@type\":\"ListItem\",\"position\":1,\"name\":\"In\u00edcio\",\"item\":\"https:\/\/portaltela.pt\/\"},{\"@type\":\"ListItem\",\"position\":2,\"name\":\"Depress\u00e3o Therese coloca A\u00e7ores sob avisos laranja e amarelo\"}]},{\"@type\":\"WebSite\",\"@id\":\"https:\/\/portaltela.pt\/#website\",\"url\":\"https:\/\/portaltela.pt\/\",\"name\":\"Portal Tela Portugal\",\"description\":\"\",\"potentialAction\":[{\"@type\":\"SearchAction\",\"target\":{\"@type\":\"EntryPoint\",\"urlTemplate\":\"https:\/\/portaltela.pt\/?s={search_term_string}\"},\"query-input\":{\"@type\":\"PropertyValueSpecification\",\"valueRequired\":true,\"valueName\":\"search_term_string\"}}],\"inLanguage\":\"pt-PT\"},{\"@type\":\"Person\",\"@id\":\"https:\/\/portaltela.pt\/#\/schema\/person\/c4278d4a6028830caff9ee44b42d32ed\",\"name\":\"Telinha\",\"image\":{\"@type\":\"ImageObject\",\"inLanguage\":\"pt-PT\",\"@id\":\"https:\/\/portaltela.pt\/s.01k8rhncp4jt1\/2025\/11\/talking-bot-125x125.png\",\"url\":\"https:\/\/portaltela.pt\/s.01k8rhncp4jt1\/2025\/11\/talking-bot-125x125.png\",\"contentUrl\":\"https:\/\/portaltela.pt\/s.01k8rhncp4jt1\/2025\/11\/talking-bot-125x125.png\",\"caption\":\"Telinha\"},\"sameAs\":[\"https:\/\/portaltela.pt\/\"],\"url\":\"https:\/\/portaltela.pt\/por\/367410592786\/\"}]}<\/script>\n<!-- \/ Yoast SEO plugin. -->","yoast_head_json":{"title":"Depress\u00e3o Therese coloca A\u00e7ores sob avisos laranja e amarelo - Portal Tela Portugal","robots":{"index":"index","follow":"follow","max-snippet":"max-snippet:-1","max-image-preview":"max-image-preview:large","max-video-preview":"max-video-preview:-1"},"og_locale":"pt_PT","og_type":"article","og_title":"Depress\u00e3o Therese coloca A\u00e7ores sob avisos laranja e amarelo - Portal Tela Portugal","og_description":"A depress\u00e3o Therese colocou todas as ilhas dos A\u00e7ores sob avisos laranja e amarelo. O aviso aplica-se a todo o arquip\u00e9lago. O conte\u00fado completo da not\u00edcia est\u00e1 dispon\u00edvel apenas para subscritores. N\u00e3o foram fornecidos detalhes adicionais no material enviado.","og_url":"https:\/\/portaltela.pt\/noticias\/2026\/03\/16\/depressao-therese-coloca-acores-sob-avisos-laranja-e-amarelo\/","og_site_name":"Portal Tela Portugal","article_published_time":"2026-03-16T12:05:00+00:00","author":"Telinha","twitter_card":"summary_large_image","twitter_misc":{"Escrito por":"Telinha","Tempo estimado de leitura":"1 minuto"},"schema":{"@context":"https:\/\/schema.org","@graph":[{"@type":"Article","@id":"https:\/\/portaltela.pt\/noticias\/2026\/03\/16\/depressao-therese-coloca-acores-sob-avisos-laranja-e-amarelo\/#article","isPartOf":{"@id":"https:\/\/portaltela.pt\/noticias\/2026\/03\/16\/depressao-therese-coloca-acores-sob-avisos-laranja-e-amarelo\/"},"author":{"name":"Telinha","@id":"https:\/\/portaltela.pt\/#\/schema\/person\/c4278d4a6028830caff9ee44b42d32ed"},"headline":"Depress\u00e3o Therese coloca A\u00e7ores sob avisos laranja e amarelo","datePublished":"2026-03-16T12:05:00+00:00","mainEntityOfPage":{"@id":"https:\/\/portaltela.pt\/noticias\/2026\/03\/16\/depressao-therese-coloca-acores-sob-avisos-laranja-e-amarelo\/"},"wordCount":223,"image":{"@id":"https:\/\/portaltela.pt\/noticias\/2026\/03\/16\/depressao-therese-coloca-acores-sob-avisos-laranja-e-amarelo\/#primaryimage"},"thumbnailUrl":"https:\/\/portaltela.pt\/s.01k8rhncp4jt1\/2026\/03\/CACHE_780X1200_ANALOG_WATERMARKED_21875527_1250687_19032019025035.jpg","keywords":["A\u00e7ores","aviso amarelo","aviso laranja","cat\u00e1strofes naturais","clima"],"articleSection":["Not\u00edcias"],"inLanguage":"pt-PT"},{"@type":"WebPage","@id":"https:\/\/portaltela.pt\/noticias\/2026\/03\/16\/depressao-therese-coloca-acores-sob-avisos-laranja-e-amarelo\/","url":"https:\/\/portaltela.pt\/noticias\/2026\/03\/16\/depressao-therese-coloca-acores-sob-avisos-laranja-e-amarelo\/","name":"Depress\u00e3o Therese coloca A\u00e7ores sob avisos laranja e amarelo - Portal Tela Portugal","isPartOf":{"@id":"https:\/\/portaltela.pt\/#website"},"primaryImageOfPage":{"@id":"https:\/\/portaltela.pt\/noticias\/2026\/03\/16\/depressao-therese-coloca-acores-sob-avisos-laranja-e-amarelo\/#primaryimage"},"image":{"@id":"https:\/\/portaltela.pt\/noticias\/2026\/03\/16\/depressao-therese-coloca-acores-sob-avisos-laranja-e-amarelo\/#primaryimage"},"thumbnailUrl":"https:\/\/portaltela.pt\/s.01k8rhncp4jt1\/2026\/03\/CACHE_780X1200_ANALOG_WATERMARKED_21875527_1250687_19032019025035.jpg","datePublished":"2026-03-16T12:05:00+00:00","author":{"@id":"https:\/\/portaltela.pt\/#\/schema\/person\/c4278d4a6028830caff9ee44b42d32ed"},"breadcrumb":{"@id":"https:\/\/portaltela.pt\/noticias\/2026\/03\/16\/depressao-therese-coloca-acores-sob-avisos-laranja-e-amarelo\/#breadcrumb"},"inLanguage":"pt-PT","potentialAction":[{"@type":"ReadAction","target":["https:\/\/portaltela.pt\/noticias\/2026\/03\/16\/depressao-therese-coloca-acores-sob-avisos-laranja-e-amarelo\/"]}]},{"@type":"ImageObject","inLanguage":"pt-PT","@id":"https:\/\/portaltela.pt\/noticias\/2026\/03\/16\/depressao-therese-coloca-acores-sob-avisos-laranja-e-amarelo\/#primaryimage","url":"https:\/\/portaltela.pt\/s.01k8rhncp4jt1\/2026\/03\/CACHE_780X1200_ANALOG_WATERMARKED_21875527_1250687_19032019025035.jpg","contentUrl":"https:\/\/portaltela.pt\/s.01k8rhncp4jt1\/2026\/03\/CACHE_780X1200_ANALOG_WATERMARKED_21875527_1250687_19032019025035.jpg","width":796,"height":448,"caption":"Depress\u00e3o Therese coloca todas as ilhas dos A\u00e7ores sob avisos laranja e amarelo"},{"@type":"BreadcrumbList","@id":"https:\/\/portaltela.pt\/noticias\/2026\/03\/16\/depressao-therese-coloca-acores-sob-avisos-laranja-e-amarelo\/#breadcrumb","itemListElement":[{"@type":"ListItem","position":1,"name":"In\u00edcio","item":"https:\/\/portaltela.pt\/"},{"@type":"ListItem","position":2,"name":"Depress\u00e3o Therese coloca A\u00e7ores sob avisos laranja e amarelo"}]},{"@type":"WebSite","@id":"https:\/\/portaltela.pt\/#website","url":"https:\/\/portaltela.pt\/","name":"Portal Tela Portugal","description":"","potentialAction":[{"@type":"SearchAction","target":{"@type":"EntryPoint","urlTemplate":"https:\/\/portaltela.pt\/?s={search_term_string}"},"query-input":{"@type":"PropertyValueSpecification","valueRequired":true,"valueName":"search_term_string"}}],"inLanguage":"pt-PT"},{"@type":"Person","@id":"https:\/\/portaltela.pt\/#\/schema\/person\/c4278d4a6028830caff9ee44b42d32ed","name":"Telinha","image":{"@type":"ImageObject","inLanguage":"pt-PT","@id":"https:\/\/portaltela.pt\/s.01k8rhncp4jt1\/2025\/11\/talking-bot-125x125.png","url":"https:\/\/portaltela.pt\/s.01k8rhncp4jt1\/2025\/11\/talking-bot-125x125.png","contentUrl":"https:\/\/portaltela.pt\/s.01k8rhncp4jt1\/2025\/11\/talking-bot-125x125.png","caption":"Telinha"},"sameAs":["https:\/\/portaltela.pt\/"],"url":"https:\/\/portaltela.pt\/por\/367410592786\/"}]}},"_links":{"self":[{"href":"https:\/\/portaltela.pt\/api\/wp\/v2\/posts\/411934","targetHints":{"allow":["GET"]}}],"collection":[{"href":"https:\/\/portaltela.pt\/api\/wp\/v2\/posts"}],"about":[{"href":"https:\/\/portaltela.pt\/api\/wp\/v2\/types\/post"}],"author":[{"embeddable":true,"href":"https:\/\/portaltela.pt\/api\/wp\/v2\/users\/2"}],"replies":[{"embeddable":true,"href":"https:\/\/portaltela.pt\/api\/wp\/v2\/comments?post=411934"}],"version-history":[{"count":0,"href":"https:\/\/portaltela.pt\/api\/wp\/v2\/posts\/411934\/revisions"}],"wp:featuredmedia":[{"embeddable":true,"href":"https:\/\/portaltela.pt\/api\/wp\/v2\/media\/411936"}],"wp:attachment":[{"href":"https:\/\/portaltela.pt\/api\/wp\/v2\/media?parent=411934"}],"wp:term":[{"taxonomy":"category","embeddable":true,"href":"https:\/\/portaltela.pt\/api\/wp\/v2\/categories?post=411934"},{"taxonomy":"post_tag","embeddable":true,"href":"https:\/\/portaltela.pt\/api\/wp\/v2\/tags?post=411934"}],"curies":[{"name":"wp","href":"https:\/\/api.w.org\/{rel}","templated":true}]}}