{"id":411922,"date":"2026-03-16T09:42:37","date_gmt":"2026-03-16T12:42:37","guid":{"rendered":"https:\/\/portaltela.pt\/noticias\/2026\/03\/16\/acores-enfrentam-episodio-de-frio-incomum\/"},"modified":"2026-03-16T09:42:37","modified_gmt":"2026-03-16T12:42:37","slug":"acores-enfrentam-episodio-de-frio-incomum","status":"publish","type":"post","link":"https:\/\/portaltela.pt\/noticias\/2026\/03\/16\/acores-enfrentam-episodio-de-frio-incomum\/","title":{"rendered":"A\u00e7ores enfrentam epis\u00f3dio de frio incomum"},"content":{"rendered":"<p>O arquip\u00e9lago dos A\u00e7ores est\u00e1 a enfrentar uma descida acentuada das temperaturas, causada por uma corrente de nortes associada ao cruzamento entre um anticiclone a oeste e uma depress\u00e3o que se forma a leste. A situa\u00e7\u00e3o ocorre entre ter\u00e7a e quarta-feira e n\u00e3o \u00e9 frequente.<\/p>\n<p>Aodela\u00e7\u00e3o meteorol\u00f3gica do IPMA A\u00e7ores explica que a combina\u00e7\u00e3o favorece o transporte de uma massa de ar polar, fria e inst\u00e1vel, proveniente de latitudes elevadas, originando tempo mais frio. A previs\u00e3o aponta quedas significativas de temperatura.<\/p>\n<p>As m\u00ednimas devem ficar entre 7 e 9\u00b0C no grupo Ocidental (Flores e Corvo), e entre 3\u00b0C e 5\u00b0C nos grupos Central (Terceira, Faial, Graciosa, Pico, S\u00e3o Jorge) e Oriental (S\u00e3o Miguel e Santa Maria). As m\u00e1ximas variam entre 10 e 12\u00b0C no Ocidental e entre 8 e 12\u00b0C nos grupos Central e Oriental.<\/p>\n<p>Aguaceiros s\u00e3o esperados, com possibilidade de granizo devido \u00e0s temperaturas baixas e, por vezes, trovoadas. Existe ainda a possibilidade de queda de neve acima dos 800 metros nas ilhas dos grupos Central e Oriental. O vento dever\u00e1 intensificar-se, agravando a sensa\u00e7\u00e3o de frio.<\/p>\n<h3>Avisos emitidos pelo IPMA<\/h3>\n<p>O IPMA colocou avisos laranja e amarelo para os A\u00e7ores entre ter\u00e7a e quinta, devido \u00e0 agita\u00e7\u00e3o mar\u00edtima, vento e chuva, com a passagem da depress\u00e3o Therese pelo arquip\u00e9lago. Therese dever\u00e1 localizar-se \u00e0s 20:00 de quarta-feira a cerca de 560 km a leste de S\u00e3o Miguel, com centro de press\u00e3o estimado em 985 hPa.<\/p>\n","protected":false},"excerpt":{"rendered":"<ul>\n<li>O IPMA explica que a queda acentuada das temperaturas nos A\u00e7ores resulta de uma corrente de norte, associada ao anticiclone a oeste e a uma depress\u00e3o a formar a leste, com a massa de ar polar a dominar entre ter\u00e7a-feira e quarta-feira.<\/li>\n<li>Valores m\u00ednimos previstos: Ocidental (Flores e Corvo) entre 7 e 9 \u00b0C; Central e Oriental entre 3 \u00b0C e 5 \u00b0C.<\/li>\n<li>Valores m\u00e1ximos esperados: entre 10 e 12 \u00b0C no Grupo Ocidental, e entre 8 e 12 \u00b0C no Grupo Central e no Grupo Oriental.<\/li>\n<li>Poder\u00e1 chover com possibilidade de granizo e, por vezes, trovoada; neve pode ocorrer acima de 800 metros nas ilhas do Central e Oriental.<\/li>\n<li>O arquip\u00e9lago fica sob avisos laranja e amarelo devido \u00e0 agita\u00e7\u00e3o mar\u00edtima, vento e chuva, com a depress\u00e3o Therese a passar pelo arquip\u00e9lago entre ter\u00e7a-feira e quinta-feira; Therese encontra-se a cerca de 560 km a leste de S\u00e3o Miguel \u00e0s 20:00 de quarta-feira, com centro de press\u00e3o de 985 hPa.<\/li>\n<\/ul>\n","protected":false},"author":2,"featured_media":411927,"comment_status":"closed","ping_status":"closed","sticky":false,"template":"","format":"standard","meta":{"footnotes":""},"categories":[1],"tags":[822,3658,3762,5329,5224,4782],"class_list":["post-411922","post","type-post","status-publish","format-standard","has-post-thumbnail","hentry","category-noticias","tag-acores","tag-aviso-amarelo","tag-aviso-laranja","tag-chuva","tag-clima","tag-vento"],"yoast_head":"<!-- This site is optimized with the Yoast SEO plugin v27.2 - https:\/\/yoast.com\/product\/yoast-seo-wordpress\/ -->\n<title>A\u00e7ores enfrentam epis\u00f3dio de frio incomum - Portal Tela Portugal<\/title>\n<meta name=\"robots\" content=\"index, follow, max-snippet:-1, max-image-preview:large, max-video-preview:-1\" \/>\n<meta property=\"og:locale\" content=\"pt_PT\" \/>\n<meta property=\"og:type\" content=\"article\" \/>\n<meta property=\"og:title\" content=\"A\u00e7ores enfrentam epis\u00f3dio de frio incomum - Portal Tela Portugal\" \/>\n<meta property=\"og:description\" content=\"O IPMA explica que a queda acentuada das temperaturas nos A\u00e7ores resulta de uma corrente de norte, associada ao anticiclone a oeste e a uma depress\u00e3o a formar a leste, com a massa de ar polar a dominar entre ter\u00e7a-feira e quarta-feira. Valores m\u00ednimos previstos: Ocidental (Flores e Corvo) entre 7 e 9 \u00b0C; Central e Oriental entre 3 \u00b0C e 5 \u00b0C. Valores m\u00e1ximos esperados: entre 10 e 12 \u00b0C no Grupo Ocidental, e entre 8 e 12 \u00b0C no Grupo Central e no Grupo Oriental. Poder\u00e1 chover com possibilidade de granizo e, por vezes, trovoada; neve pode ocorrer acima de 800 metros nas ilhas do Central e Oriental. O arquip\u00e9lago fica sob avisos laranja e amarelo devido \u00e0 agita\u00e7\u00e3o mar\u00edtima, vento e chuva, com a depress\u00e3o Therese a passar pelo arquip\u00e9lago entre ter\u00e7a-feira e quinta-feira; Therese encontra-se a cerca de 560 km a leste de S\u00e3o Miguel \u00e0s 20:00 de quarta-feira, com centro de press\u00e3o de 985 hPa.\" \/>\n<meta property=\"og:url\" content=\"https:\/\/portaltela.pt\/noticias\/2026\/03\/16\/acores-enfrentam-episodio-de-frio-incomum\/\" \/>\n<meta property=\"og:site_name\" content=\"Portal Tela Portugal\" \/>\n<meta property=\"article:published_time\" content=\"2026-03-16T12:42:37+00:00\" \/>\n<meta name=\"author\" content=\"Telinha\" \/>\n<meta name=\"twitter:card\" content=\"summary_large_image\" \/>\n<meta name=\"twitter:label1\" content=\"Escrito por\" \/>\n\t<meta name=\"twitter:data1\" content=\"Telinha\" \/>\n\t<meta name=\"twitter:label2\" content=\"Tempo estimado de leitura\" \/>\n\t<meta name=\"twitter:data2\" content=\"1 minuto\" \/>\n<script type=\"application\/ld+json\" class=\"yoast-schema-graph\">{\"@context\":\"https:\/\/schema.org\",\"@graph\":[{\"@type\":\"Article\",\"@id\":\"https:\/\/portaltela.pt\/noticias\/2026\/03\/16\/acores-enfrentam-episodio-de-frio-incomum\/#article\",\"isPartOf\":{\"@id\":\"https:\/\/portaltela.pt\/noticias\/2026\/03\/16\/acores-enfrentam-episodio-de-frio-incomum\/\"},\"author\":{\"name\":\"Telinha\",\"@id\":\"https:\/\/portaltela.pt\/#\/schema\/person\/c4278d4a6028830caff9ee44b42d32ed\"},\"headline\":\"A\u00e7ores enfrentam epis\u00f3dio de frio incomum\",\"datePublished\":\"2026-03-16T12:42:37+00:00\",\"mainEntityOfPage\":{\"@id\":\"https:\/\/portaltela.pt\/noticias\/2026\/03\/16\/acores-enfrentam-episodio-de-frio-incomum\/\"},\"wordCount\":261,\"image\":{\"@id\":\"https:\/\/portaltela.pt\/noticias\/2026\/03\/16\/acores-enfrentam-episodio-de-frio-incomum\/#primaryimage\"},\"thumbnailUrl\":\"https:\/\/portaltela.pt\/s.01k8rhncp4jt1\/2026\/03\/img_1500x1000uu2010-12-03-10-18-00-115513.jpg\",\"keywords\":[\"A\u00e7ores\",\"aviso amarelo\",\"aviso laranja\",\"chuva\",\"clima\",\"vento\"],\"articleSection\":[\"Not\u00edcias\"],\"inLanguage\":\"pt-PT\"},{\"@type\":\"WebPage\",\"@id\":\"https:\/\/portaltela.pt\/noticias\/2026\/03\/16\/acores-enfrentam-episodio-de-frio-incomum\/\",\"url\":\"https:\/\/portaltela.pt\/noticias\/2026\/03\/16\/acores-enfrentam-episodio-de-frio-incomum\/\",\"name\":\"A\u00e7ores enfrentam epis\u00f3dio de frio incomum - Portal Tela Portugal\",\"isPartOf\":{\"@id\":\"https:\/\/portaltela.pt\/#website\"},\"primaryImageOfPage\":{\"@id\":\"https:\/\/portaltela.pt\/noticias\/2026\/03\/16\/acores-enfrentam-episodio-de-frio-incomum\/#primaryimage\"},\"image\":{\"@id\":\"https:\/\/portaltela.pt\/noticias\/2026\/03\/16\/acores-enfrentam-episodio-de-frio-incomum\/#primaryimage\"},\"thumbnailUrl\":\"https:\/\/portaltela.pt\/s.01k8rhncp4jt1\/2026\/03\/img_1500x1000uu2010-12-03-10-18-00-115513.jpg\",\"datePublished\":\"2026-03-16T12:42:37+00:00\",\"author\":{\"@id\":\"https:\/\/portaltela.pt\/#\/schema\/person\/c4278d4a6028830caff9ee44b42d32ed\"},\"breadcrumb\":{\"@id\":\"https:\/\/portaltela.pt\/noticias\/2026\/03\/16\/acores-enfrentam-episodio-de-frio-incomum\/#breadcrumb\"},\"inLanguage\":\"pt-PT\",\"potentialAction\":[{\"@type\":\"ReadAction\",\"target\":[\"https:\/\/portaltela.pt\/noticias\/2026\/03\/16\/acores-enfrentam-episodio-de-frio-incomum\/\"]}]},{\"@type\":\"ImageObject\",\"inLanguage\":\"pt-PT\",\"@id\":\"https:\/\/portaltela.pt\/noticias\/2026\/03\/16\/acores-enfrentam-episodio-de-frio-incomum\/#primaryimage\",\"url\":\"https:\/\/portaltela.pt\/s.01k8rhncp4jt1\/2026\/03\/img_1500x1000uu2010-12-03-10-18-00-115513.jpg\",\"contentUrl\":\"https:\/\/portaltela.pt\/s.01k8rhncp4jt1\/2026\/03\/img_1500x1000uu2010-12-03-10-18-00-115513.jpg\",\"width\":796,\"height\":448,\"caption\":\"A\u00e7ores afetados por situa\u00e7\u00e3o de frio pouco comum\"},{\"@type\":\"BreadcrumbList\",\"@id\":\"https:\/\/portaltela.pt\/noticias\/2026\/03\/16\/acores-enfrentam-episodio-de-frio-incomum\/#breadcrumb\",\"itemListElement\":[{\"@type\":\"ListItem\",\"position\":1,\"name\":\"In\u00edcio\",\"item\":\"https:\/\/portaltela.pt\/\"},{\"@type\":\"ListItem\",\"position\":2,\"name\":\"A\u00e7ores enfrentam epis\u00f3dio de frio incomum\"}]},{\"@type\":\"WebSite\",\"@id\":\"https:\/\/portaltela.pt\/#website\",\"url\":\"https:\/\/portaltela.pt\/\",\"name\":\"Portal Tela Portugal\",\"description\":\"\",\"potentialAction\":[{\"@type\":\"SearchAction\",\"target\":{\"@type\":\"EntryPoint\",\"urlTemplate\":\"https:\/\/portaltela.pt\/?s={search_term_string}\"},\"query-input\":{\"@type\":\"PropertyValueSpecification\",\"valueRequired\":true,\"valueName\":\"search_term_string\"}}],\"inLanguage\":\"pt-PT\"},{\"@type\":\"Person\",\"@id\":\"https:\/\/portaltela.pt\/#\/schema\/person\/c4278d4a6028830caff9ee44b42d32ed\",\"name\":\"Telinha\",\"image\":{\"@type\":\"ImageObject\",\"inLanguage\":\"pt-PT\",\"@id\":\"https:\/\/portaltela.pt\/s.01k8rhncp4jt1\/2025\/11\/talking-bot-125x125.png\",\"url\":\"https:\/\/portaltela.pt\/s.01k8rhncp4jt1\/2025\/11\/talking-bot-125x125.png\",\"contentUrl\":\"https:\/\/portaltela.pt\/s.01k8rhncp4jt1\/2025\/11\/talking-bot-125x125.png\",\"caption\":\"Telinha\"},\"sameAs\":[\"https:\/\/portaltela.pt\/\"],\"url\":\"https:\/\/portaltela.pt\/por\/367410592786\/\"}]}<\/script>\n<!-- \/ Yoast SEO plugin. -->","yoast_head_json":{"title":"A\u00e7ores enfrentam epis\u00f3dio de frio incomum - Portal Tela Portugal","robots":{"index":"index","follow":"follow","max-snippet":"max-snippet:-1","max-image-preview":"max-image-preview:large","max-video-preview":"max-video-preview:-1"},"og_locale":"pt_PT","og_type":"article","og_title":"A\u00e7ores enfrentam epis\u00f3dio de frio incomum - Portal Tela Portugal","og_description":"O IPMA explica que a queda acentuada das temperaturas nos A\u00e7ores resulta de uma corrente de norte, associada ao anticiclone a oeste e a uma depress\u00e3o a formar a leste, com a massa de ar polar a dominar entre ter\u00e7a-feira e quarta-feira. Valores m\u00ednimos previstos: Ocidental (Flores e Corvo) entre 7 e 9 \u00b0C; Central e Oriental entre 3 \u00b0C e 5 \u00b0C. Valores m\u00e1ximos esperados: entre 10 e 12 \u00b0C no Grupo Ocidental, e entre 8 e 12 \u00b0C no Grupo Central e no Grupo Oriental. Poder\u00e1 chover com possibilidade de granizo e, por vezes, trovoada; neve pode ocorrer acima de 800 metros nas ilhas do Central e Oriental. O arquip\u00e9lago fica sob avisos laranja e amarelo devido \u00e0 agita\u00e7\u00e3o mar\u00edtima, vento e chuva, com a depress\u00e3o Therese a passar pelo arquip\u00e9lago entre ter\u00e7a-feira e quinta-feira; Therese encontra-se a cerca de 560 km a leste de S\u00e3o Miguel \u00e0s 20:00 de quarta-feira, com centro de press\u00e3o de 985 hPa.","og_url":"https:\/\/portaltela.pt\/noticias\/2026\/03\/16\/acores-enfrentam-episodio-de-frio-incomum\/","og_site_name":"Portal Tela Portugal","article_published_time":"2026-03-16T12:42:37+00:00","author":"Telinha","twitter_card":"summary_large_image","twitter_misc":{"Escrito por":"Telinha","Tempo estimado de leitura":"1 minuto"},"schema":{"@context":"https:\/\/schema.org","@graph":[{"@type":"Article","@id":"https:\/\/portaltela.pt\/noticias\/2026\/03\/16\/acores-enfrentam-episodio-de-frio-incomum\/#article","isPartOf":{"@id":"https:\/\/portaltela.pt\/noticias\/2026\/03\/16\/acores-enfrentam-episodio-de-frio-incomum\/"},"author":{"name":"Telinha","@id":"https:\/\/portaltela.pt\/#\/schema\/person\/c4278d4a6028830caff9ee44b42d32ed"},"headline":"A\u00e7ores enfrentam epis\u00f3dio de frio incomum","datePublished":"2026-03-16T12:42:37+00:00","mainEntityOfPage":{"@id":"https:\/\/portaltela.pt\/noticias\/2026\/03\/16\/acores-enfrentam-episodio-de-frio-incomum\/"},"wordCount":261,"image":{"@id":"https:\/\/portaltela.pt\/noticias\/2026\/03\/16\/acores-enfrentam-episodio-de-frio-incomum\/#primaryimage"},"thumbnailUrl":"https:\/\/portaltela.pt\/s.01k8rhncp4jt1\/2026\/03\/img_1500x1000uu2010-12-03-10-18-00-115513.jpg","keywords":["A\u00e7ores","aviso amarelo","aviso laranja","chuva","clima","vento"],"articleSection":["Not\u00edcias"],"inLanguage":"pt-PT"},{"@type":"WebPage","@id":"https:\/\/portaltela.pt\/noticias\/2026\/03\/16\/acores-enfrentam-episodio-de-frio-incomum\/","url":"https:\/\/portaltela.pt\/noticias\/2026\/03\/16\/acores-enfrentam-episodio-de-frio-incomum\/","name":"A\u00e7ores enfrentam epis\u00f3dio de frio incomum - Portal Tela Portugal","isPartOf":{"@id":"https:\/\/portaltela.pt\/#website"},"primaryImageOfPage":{"@id":"https:\/\/portaltela.pt\/noticias\/2026\/03\/16\/acores-enfrentam-episodio-de-frio-incomum\/#primaryimage"},"image":{"@id":"https:\/\/portaltela.pt\/noticias\/2026\/03\/16\/acores-enfrentam-episodio-de-frio-incomum\/#primaryimage"},"thumbnailUrl":"https:\/\/portaltela.pt\/s.01k8rhncp4jt1\/2026\/03\/img_1500x1000uu2010-12-03-10-18-00-115513.jpg","datePublished":"2026-03-16T12:42:37+00:00","author":{"@id":"https:\/\/portaltela.pt\/#\/schema\/person\/c4278d4a6028830caff9ee44b42d32ed"},"breadcrumb":{"@id":"https:\/\/portaltela.pt\/noticias\/2026\/03\/16\/acores-enfrentam-episodio-de-frio-incomum\/#breadcrumb"},"inLanguage":"pt-PT","potentialAction":[{"@type":"ReadAction","target":["https:\/\/portaltela.pt\/noticias\/2026\/03\/16\/acores-enfrentam-episodio-de-frio-incomum\/"]}]},{"@type":"ImageObject","inLanguage":"pt-PT","@id":"https:\/\/portaltela.pt\/noticias\/2026\/03\/16\/acores-enfrentam-episodio-de-frio-incomum\/#primaryimage","url":"https:\/\/portaltela.pt\/s.01k8rhncp4jt1\/2026\/03\/img_1500x1000uu2010-12-03-10-18-00-115513.jpg","contentUrl":"https:\/\/portaltela.pt\/s.01k8rhncp4jt1\/2026\/03\/img_1500x1000uu2010-12-03-10-18-00-115513.jpg","width":796,"height":448,"caption":"A\u00e7ores afetados por situa\u00e7\u00e3o de frio pouco comum"},{"@type":"BreadcrumbList","@id":"https:\/\/portaltela.pt\/noticias\/2026\/03\/16\/acores-enfrentam-episodio-de-frio-incomum\/#breadcrumb","itemListElement":[{"@type":"ListItem","position":1,"name":"In\u00edcio","item":"https:\/\/portaltela.pt\/"},{"@type":"ListItem","position":2,"name":"A\u00e7ores enfrentam epis\u00f3dio de frio incomum"}]},{"@type":"WebSite","@id":"https:\/\/portaltela.pt\/#website","url":"https:\/\/portaltela.pt\/","name":"Portal Tela Portugal","description":"","potentialAction":[{"@type":"SearchAction","target":{"@type":"EntryPoint","urlTemplate":"https:\/\/portaltela.pt\/?s={search_term_string}"},"query-input":{"@type":"PropertyValueSpecification","valueRequired":true,"valueName":"search_term_string"}}],"inLanguage":"pt-PT"},{"@type":"Person","@id":"https:\/\/portaltela.pt\/#\/schema\/person\/c4278d4a6028830caff9ee44b42d32ed","name":"Telinha","image":{"@type":"ImageObject","inLanguage":"pt-PT","@id":"https:\/\/portaltela.pt\/s.01k8rhncp4jt1\/2025\/11\/talking-bot-125x125.png","url":"https:\/\/portaltela.pt\/s.01k8rhncp4jt1\/2025\/11\/talking-bot-125x125.png","contentUrl":"https:\/\/portaltela.pt\/s.01k8rhncp4jt1\/2025\/11\/talking-bot-125x125.png","caption":"Telinha"},"sameAs":["https:\/\/portaltela.pt\/"],"url":"https:\/\/portaltela.pt\/por\/367410592786\/"}]}},"_links":{"self":[{"href":"https:\/\/portaltela.pt\/api\/wp\/v2\/posts\/411922","targetHints":{"allow":["GET"]}}],"collection":[{"href":"https:\/\/portaltela.pt\/api\/wp\/v2\/posts"}],"about":[{"href":"https:\/\/portaltela.pt\/api\/wp\/v2\/types\/post"}],"author":[{"embeddable":true,"href":"https:\/\/portaltela.pt\/api\/wp\/v2\/users\/2"}],"replies":[{"embeddable":true,"href":"https:\/\/portaltela.pt\/api\/wp\/v2\/comments?post=411922"}],"version-history":[{"count":0,"href":"https:\/\/portaltela.pt\/api\/wp\/v2\/posts\/411922\/revisions"}],"wp:featuredmedia":[{"embeddable":true,"href":"https:\/\/portaltela.pt\/api\/wp\/v2\/media\/411927"}],"wp:attachment":[{"href":"https:\/\/portaltela.pt\/api\/wp\/v2\/media?parent=411922"}],"wp:term":[{"taxonomy":"category","embeddable":true,"href":"https:\/\/portaltela.pt\/api\/wp\/v2\/categories?post=411922"},{"taxonomy":"post_tag","embeddable":true,"href":"https:\/\/portaltela.pt\/api\/wp\/v2\/tags?post=411922"}],"curies":[{"name":"wp","href":"https:\/\/api.w.org\/{rel}","templated":true}]}}