{"id":411918,"date":"2026-03-16T09:32:00","date_gmt":"2026-03-16T12:32:00","guid":{"rendered":"https:\/\/portaltela.pt\/noticias\/2026\/03\/16\/sigur-ros-regressa-a-portugal-com-sinfonietta-de-lisboa-e-coro-ricercare\/"},"modified":"2026-03-16T09:32:00","modified_gmt":"2026-03-16T12:32:00","slug":"sigur-ros-regressa-a-portugal-com-sinfonietta-de-lisboa-e-coro-ricercare","status":"publish","type":"post","link":"https:\/\/portaltela.pt\/musica\/2026\/03\/16\/sigur-ros-regressa-a-portugal-com-sinfonietta-de-lisboa-e-coro-ricercare\/","title":{"rendered":"Sigur R\u00f3s regressa a Portugal com Sinfonietta de Lisboa e Coro Ricercare"},"content":{"rendered":"<p>A Sigur R\u00f3s est\u00e1 de regresso a Portugal para apresentar concertos em parceria com a Sinfonietta de Lisboa e o Coro Ricercare. A digress\u00e3o inclui atua\u00e7\u00f5es em conjunto com as duas forma\u00e7\u00f5es portuguesas.<\/p>\n<p>Os concertos juntam a sonoridade da banda islandesa a elementos orquestrais, oferecendo uma apresenta\u00e7\u00e3o que combina m\u00fasica contempor\u00e2nea com coros cl\u00e1ssicos. Detalhes sobre repert\u00f3rio ainda n\u00e3o foram divulgados.<\/p>\n<p>At\u00e9 ao momento n\u00e3o foram comunicadas datas, locais ou informa\u00e7\u00f5es adicionais pela banda ou pela organiza\u00e7\u00e3o envolvida. A produ\u00e7\u00e3o recomenda aguardar fontes oficiais para confirma\u00e7\u00e3o de hor\u00e1rios e pontos de venda.<\/p>\n","protected":false},"excerpt":{"rendered":"<ul>\n<li>Sigur R\u00f3s regressa a Portugal para concertos.<\/li>\n<li>A atua\u00e7\u00e3o conta com a Sinfonietta de Lisboa e o Coro Ricercare.<\/li>\n<li>A not\u00edcia \u00e9 publicada pela Ag\u00eancia Lusa.<\/li>\n<\/ul>\n","protected":false},"author":2,"featured_media":411919,"comment_status":"closed","ping_status":"closed","sticky":false,"template":"","format":"standard","meta":{"footnotes":""},"categories":[6676],"tags":[593,122,3039,1014],"class_list":["post-411918","post","type-post","status-publish","format-standard","has-post-thumbnail","hentry","category-musica","tag-concertos","tag-musica","tag-musica-teatro-concertos","tag-portugal"],"yoast_head":"<!-- This site is optimized with the Yoast SEO plugin v27.2 - https:\/\/yoast.com\/product\/yoast-seo-wordpress\/ -->\n<title>Sigur R\u00f3s regressa a Portugal com Sinfonietta de Lisboa e Coro Ricercare - Portal Tela Portugal<\/title>\n<meta name=\"robots\" content=\"index, follow, max-snippet:-1, max-image-preview:large, max-video-preview:-1\" \/>\n<meta property=\"og:locale\" content=\"pt_PT\" \/>\n<meta property=\"og:type\" content=\"article\" \/>\n<meta property=\"og:title\" content=\"Sigur R\u00f3s regressa a Portugal com Sinfonietta de Lisboa e Coro Ricercare - Portal Tela Portugal\" \/>\n<meta property=\"og:description\" content=\"Sigur R\u00f3s regressa a Portugal para concertos. A atua\u00e7\u00e3o conta com a Sinfonietta de Lisboa e o Coro Ricercare. A not\u00edcia \u00e9 publicada pela Ag\u00eancia Lusa.\" \/>\n<meta property=\"og:url\" content=\"https:\/\/portaltela.pt\/noticias\/2026\/03\/16\/sigur-ros-regressa-a-portugal-com-sinfonietta-de-lisboa-e-coro-ricercare\/\" \/>\n<meta property=\"og:site_name\" content=\"Portal Tela Portugal\" \/>\n<meta property=\"article:published_time\" content=\"2026-03-16T12:32:00+00:00\" \/>\n<meta name=\"author\" content=\"Telinha\" \/>\n<meta name=\"twitter:card\" content=\"summary_large_image\" \/>\n<meta name=\"twitter:label1\" content=\"Escrito por\" \/>\n\t<meta name=\"twitter:data1\" content=\"Telinha\" \/>\n\t<meta name=\"twitter:label2\" content=\"Tempo estimado de leitura\" \/>\n\t<meta name=\"twitter:data2\" content=\"1 minuto\" \/>\n<script type=\"application\/ld+json\" class=\"yoast-schema-graph\">{\"@context\":\"https:\/\/schema.org\",\"@graph\":[{\"@type\":\"Article\",\"@id\":\"https:\/\/portaltela.pt\/noticias\/2026\/03\/16\/sigur-ros-regressa-a-portugal-com-sinfonietta-de-lisboa-e-coro-ricercare\/#article\",\"isPartOf\":{\"@id\":\"https:\/\/portaltela.pt\/noticias\/2026\/03\/16\/sigur-ros-regressa-a-portugal-com-sinfonietta-de-lisboa-e-coro-ricercare\/\"},\"author\":{\"name\":\"Telinha\",\"@id\":\"https:\/\/portaltela.pt\/#\/schema\/person\/c4278d4a6028830caff9ee44b42d32ed\"},\"headline\":\"Sigur R\u00f3s regressa a Portugal com Sinfonietta de Lisboa e Coro Ricercare\",\"datePublished\":\"2026-03-16T12:32:00+00:00\",\"mainEntityOfPage\":{\"@id\":\"https:\/\/portaltela.pt\/noticias\/2026\/03\/16\/sigur-ros-regressa-a-portugal-com-sinfonietta-de-lisboa-e-coro-ricercare\/\"},\"wordCount\":121,\"image\":{\"@id\":\"https:\/\/portaltela.pt\/noticias\/2026\/03\/16\/sigur-ros-regressa-a-portugal-com-sinfonietta-de-lisboa-e-coro-ricercare\/#primaryimage\"},\"thumbnailUrl\":\"https:\/\/portaltela.pt\/s.01k8rhncp4jt1\/2026\/03\/CACHE_780X1200_ANALOG_WATERMARKED_45794012_1039136336783533.jpg\",\"keywords\":[\"concertos\",\"m\u00fasica\",\"m\u00fasica\/teatro\/concertos\",\"Portugal\"],\"articleSection\":[\"M\u00fasica\"],\"inLanguage\":\"pt-PT\"},{\"@type\":\"WebPage\",\"@id\":\"https:\/\/portaltela.pt\/noticias\/2026\/03\/16\/sigur-ros-regressa-a-portugal-com-sinfonietta-de-lisboa-e-coro-ricercare\/\",\"url\":\"https:\/\/portaltela.pt\/noticias\/2026\/03\/16\/sigur-ros-regressa-a-portugal-com-sinfonietta-de-lisboa-e-coro-ricercare\/\",\"name\":\"Sigur R\u00f3s regressa a Portugal com Sinfonietta de Lisboa e Coro Ricercare - Portal Tela Portugal\",\"isPartOf\":{\"@id\":\"https:\/\/portaltela.pt\/#website\"},\"primaryImageOfPage\":{\"@id\":\"https:\/\/portaltela.pt\/noticias\/2026\/03\/16\/sigur-ros-regressa-a-portugal-com-sinfonietta-de-lisboa-e-coro-ricercare\/#primaryimage\"},\"image\":{\"@id\":\"https:\/\/portaltela.pt\/noticias\/2026\/03\/16\/sigur-ros-regressa-a-portugal-com-sinfonietta-de-lisboa-e-coro-ricercare\/#primaryimage\"},\"thumbnailUrl\":\"https:\/\/portaltela.pt\/s.01k8rhncp4jt1\/2026\/03\/CACHE_780X1200_ANALOG_WATERMARKED_45794012_1039136336783533.jpg\",\"datePublished\":\"2026-03-16T12:32:00+00:00\",\"author\":{\"@id\":\"https:\/\/portaltela.pt\/#\/schema\/person\/c4278d4a6028830caff9ee44b42d32ed\"},\"breadcrumb\":{\"@id\":\"https:\/\/portaltela.pt\/noticias\/2026\/03\/16\/sigur-ros-regressa-a-portugal-com-sinfonietta-de-lisboa-e-coro-ricercare\/#breadcrumb\"},\"inLanguage\":\"pt-PT\",\"potentialAction\":[{\"@type\":\"ReadAction\",\"target\":[\"https:\/\/portaltela.pt\/noticias\/2026\/03\/16\/sigur-ros-regressa-a-portugal-com-sinfonietta-de-lisboa-e-coro-ricercare\/\"]}]},{\"@type\":\"ImageObject\",\"inLanguage\":\"pt-PT\",\"@id\":\"https:\/\/portaltela.pt\/noticias\/2026\/03\/16\/sigur-ros-regressa-a-portugal-com-sinfonietta-de-lisboa-e-coro-ricercare\/#primaryimage\",\"url\":\"https:\/\/portaltela.pt\/s.01k8rhncp4jt1\/2026\/03\/CACHE_780X1200_ANALOG_WATERMARKED_45794012_1039136336783533.jpg\",\"contentUrl\":\"https:\/\/portaltela.pt\/s.01k8rhncp4jt1\/2026\/03\/CACHE_780X1200_ANALOG_WATERMARKED_45794012_1039136336783533.jpg\",\"width\":768,\"height\":512,\"caption\":\"Sigur R\u00f3s de volta a Portugal para concertos com Sinfonietta de Lisboa e Coro Ricercare\"},{\"@type\":\"BreadcrumbList\",\"@id\":\"https:\/\/portaltela.pt\/noticias\/2026\/03\/16\/sigur-ros-regressa-a-portugal-com-sinfonietta-de-lisboa-e-coro-ricercare\/#breadcrumb\",\"itemListElement\":[{\"@type\":\"ListItem\",\"position\":1,\"name\":\"In\u00edcio\",\"item\":\"https:\/\/portaltela.pt\/\"},{\"@type\":\"ListItem\",\"position\":2,\"name\":\"Sigur R\u00f3s regressa a Portugal com Sinfonietta de Lisboa e Coro Ricercare\"}]},{\"@type\":\"WebSite\",\"@id\":\"https:\/\/portaltela.pt\/#website\",\"url\":\"https:\/\/portaltela.pt\/\",\"name\":\"Portal Tela Portugal\",\"description\":\"\",\"potentialAction\":[{\"@type\":\"SearchAction\",\"target\":{\"@type\":\"EntryPoint\",\"urlTemplate\":\"https:\/\/portaltela.pt\/?s={search_term_string}\"},\"query-input\":{\"@type\":\"PropertyValueSpecification\",\"valueRequired\":true,\"valueName\":\"search_term_string\"}}],\"inLanguage\":\"pt-PT\"},{\"@type\":\"Person\",\"@id\":\"https:\/\/portaltela.pt\/#\/schema\/person\/c4278d4a6028830caff9ee44b42d32ed\",\"name\":\"Telinha\",\"image\":{\"@type\":\"ImageObject\",\"inLanguage\":\"pt-PT\",\"@id\":\"https:\/\/portaltela.pt\/s.01k8rhncp4jt1\/2025\/11\/talking-bot-125x125.png\",\"url\":\"https:\/\/portaltela.pt\/s.01k8rhncp4jt1\/2025\/11\/talking-bot-125x125.png\",\"contentUrl\":\"https:\/\/portaltela.pt\/s.01k8rhncp4jt1\/2025\/11\/talking-bot-125x125.png\",\"caption\":\"Telinha\"},\"sameAs\":[\"https:\/\/portaltela.pt\/\"],\"url\":\"https:\/\/portaltela.pt\/por\/367410592786\/\"}]}<\/script>\n<!-- \/ Yoast SEO plugin. -->","yoast_head_json":{"title":"Sigur R\u00f3s regressa a Portugal com Sinfonietta de Lisboa e Coro Ricercare - Portal Tela Portugal","robots":{"index":"index","follow":"follow","max-snippet":"max-snippet:-1","max-image-preview":"max-image-preview:large","max-video-preview":"max-video-preview:-1"},"og_locale":"pt_PT","og_type":"article","og_title":"Sigur R\u00f3s regressa a Portugal com Sinfonietta de Lisboa e Coro Ricercare - Portal Tela Portugal","og_description":"Sigur R\u00f3s regressa a Portugal para concertos. A atua\u00e7\u00e3o conta com a Sinfonietta de Lisboa e o Coro Ricercare. A not\u00edcia \u00e9 publicada pela Ag\u00eancia Lusa.","og_url":"https:\/\/portaltela.pt\/noticias\/2026\/03\/16\/sigur-ros-regressa-a-portugal-com-sinfonietta-de-lisboa-e-coro-ricercare\/","og_site_name":"Portal Tela Portugal","article_published_time":"2026-03-16T12:32:00+00:00","author":"Telinha","twitter_card":"summary_large_image","twitter_misc":{"Escrito por":"Telinha","Tempo estimado de leitura":"1 minuto"},"schema":{"@context":"https:\/\/schema.org","@graph":[{"@type":"Article","@id":"https:\/\/portaltela.pt\/noticias\/2026\/03\/16\/sigur-ros-regressa-a-portugal-com-sinfonietta-de-lisboa-e-coro-ricercare\/#article","isPartOf":{"@id":"https:\/\/portaltela.pt\/noticias\/2026\/03\/16\/sigur-ros-regressa-a-portugal-com-sinfonietta-de-lisboa-e-coro-ricercare\/"},"author":{"name":"Telinha","@id":"https:\/\/portaltela.pt\/#\/schema\/person\/c4278d4a6028830caff9ee44b42d32ed"},"headline":"Sigur R\u00f3s regressa a Portugal com Sinfonietta de Lisboa e Coro Ricercare","datePublished":"2026-03-16T12:32:00+00:00","mainEntityOfPage":{"@id":"https:\/\/portaltela.pt\/noticias\/2026\/03\/16\/sigur-ros-regressa-a-portugal-com-sinfonietta-de-lisboa-e-coro-ricercare\/"},"wordCount":121,"image":{"@id":"https:\/\/portaltela.pt\/noticias\/2026\/03\/16\/sigur-ros-regressa-a-portugal-com-sinfonietta-de-lisboa-e-coro-ricercare\/#primaryimage"},"thumbnailUrl":"https:\/\/portaltela.pt\/s.01k8rhncp4jt1\/2026\/03\/CACHE_780X1200_ANALOG_WATERMARKED_45794012_1039136336783533.jpg","keywords":["concertos","m\u00fasica","m\u00fasica\/teatro\/concertos","Portugal"],"articleSection":["M\u00fasica"],"inLanguage":"pt-PT"},{"@type":"WebPage","@id":"https:\/\/portaltela.pt\/noticias\/2026\/03\/16\/sigur-ros-regressa-a-portugal-com-sinfonietta-de-lisboa-e-coro-ricercare\/","url":"https:\/\/portaltela.pt\/noticias\/2026\/03\/16\/sigur-ros-regressa-a-portugal-com-sinfonietta-de-lisboa-e-coro-ricercare\/","name":"Sigur R\u00f3s regressa a Portugal com Sinfonietta de Lisboa e Coro Ricercare - Portal Tela Portugal","isPartOf":{"@id":"https:\/\/portaltela.pt\/#website"},"primaryImageOfPage":{"@id":"https:\/\/portaltela.pt\/noticias\/2026\/03\/16\/sigur-ros-regressa-a-portugal-com-sinfonietta-de-lisboa-e-coro-ricercare\/#primaryimage"},"image":{"@id":"https:\/\/portaltela.pt\/noticias\/2026\/03\/16\/sigur-ros-regressa-a-portugal-com-sinfonietta-de-lisboa-e-coro-ricercare\/#primaryimage"},"thumbnailUrl":"https:\/\/portaltela.pt\/s.01k8rhncp4jt1\/2026\/03\/CACHE_780X1200_ANALOG_WATERMARKED_45794012_1039136336783533.jpg","datePublished":"2026-03-16T12:32:00+00:00","author":{"@id":"https:\/\/portaltela.pt\/#\/schema\/person\/c4278d4a6028830caff9ee44b42d32ed"},"breadcrumb":{"@id":"https:\/\/portaltela.pt\/noticias\/2026\/03\/16\/sigur-ros-regressa-a-portugal-com-sinfonietta-de-lisboa-e-coro-ricercare\/#breadcrumb"},"inLanguage":"pt-PT","potentialAction":[{"@type":"ReadAction","target":["https:\/\/portaltela.pt\/noticias\/2026\/03\/16\/sigur-ros-regressa-a-portugal-com-sinfonietta-de-lisboa-e-coro-ricercare\/"]}]},{"@type":"ImageObject","inLanguage":"pt-PT","@id":"https:\/\/portaltela.pt\/noticias\/2026\/03\/16\/sigur-ros-regressa-a-portugal-com-sinfonietta-de-lisboa-e-coro-ricercare\/#primaryimage","url":"https:\/\/portaltela.pt\/s.01k8rhncp4jt1\/2026\/03\/CACHE_780X1200_ANALOG_WATERMARKED_45794012_1039136336783533.jpg","contentUrl":"https:\/\/portaltela.pt\/s.01k8rhncp4jt1\/2026\/03\/CACHE_780X1200_ANALOG_WATERMARKED_45794012_1039136336783533.jpg","width":768,"height":512,"caption":"Sigur R\u00f3s de volta a Portugal para concertos com Sinfonietta de Lisboa e Coro Ricercare"},{"@type":"BreadcrumbList","@id":"https:\/\/portaltela.pt\/noticias\/2026\/03\/16\/sigur-ros-regressa-a-portugal-com-sinfonietta-de-lisboa-e-coro-ricercare\/#breadcrumb","itemListElement":[{"@type":"ListItem","position":1,"name":"In\u00edcio","item":"https:\/\/portaltela.pt\/"},{"@type":"ListItem","position":2,"name":"Sigur R\u00f3s regressa a Portugal com Sinfonietta de Lisboa e Coro Ricercare"}]},{"@type":"WebSite","@id":"https:\/\/portaltela.pt\/#website","url":"https:\/\/portaltela.pt\/","name":"Portal Tela Portugal","description":"","potentialAction":[{"@type":"SearchAction","target":{"@type":"EntryPoint","urlTemplate":"https:\/\/portaltela.pt\/?s={search_term_string}"},"query-input":{"@type":"PropertyValueSpecification","valueRequired":true,"valueName":"search_term_string"}}],"inLanguage":"pt-PT"},{"@type":"Person","@id":"https:\/\/portaltela.pt\/#\/schema\/person\/c4278d4a6028830caff9ee44b42d32ed","name":"Telinha","image":{"@type":"ImageObject","inLanguage":"pt-PT","@id":"https:\/\/portaltela.pt\/s.01k8rhncp4jt1\/2025\/11\/talking-bot-125x125.png","url":"https:\/\/portaltela.pt\/s.01k8rhncp4jt1\/2025\/11\/talking-bot-125x125.png","contentUrl":"https:\/\/portaltela.pt\/s.01k8rhncp4jt1\/2025\/11\/talking-bot-125x125.png","caption":"Telinha"},"sameAs":["https:\/\/portaltela.pt\/"],"url":"https:\/\/portaltela.pt\/por\/367410592786\/"}]}},"_links":{"self":[{"href":"https:\/\/portaltela.pt\/api\/wp\/v2\/posts\/411918","targetHints":{"allow":["GET"]}}],"collection":[{"href":"https:\/\/portaltela.pt\/api\/wp\/v2\/posts"}],"about":[{"href":"https:\/\/portaltela.pt\/api\/wp\/v2\/types\/post"}],"author":[{"embeddable":true,"href":"https:\/\/portaltela.pt\/api\/wp\/v2\/users\/2"}],"replies":[{"embeddable":true,"href":"https:\/\/portaltela.pt\/api\/wp\/v2\/comments?post=411918"}],"version-history":[{"count":0,"href":"https:\/\/portaltela.pt\/api\/wp\/v2\/posts\/411918\/revisions"}],"wp:featuredmedia":[{"embeddable":true,"href":"https:\/\/portaltela.pt\/api\/wp\/v2\/media\/411919"}],"wp:attachment":[{"href":"https:\/\/portaltela.pt\/api\/wp\/v2\/media?parent=411918"}],"wp:term":[{"taxonomy":"category","embeddable":true,"href":"https:\/\/portaltela.pt\/api\/wp\/v2\/categories?post=411918"},{"taxonomy":"post_tag","embeddable":true,"href":"https:\/\/portaltela.pt\/api\/wp\/v2\/tags?post=411918"}],"curies":[{"name":"wp","href":"https:\/\/api.w.org\/{rel}","templated":true}]}}