{"id":411882,"date":"2026-03-16T09:00:00","date_gmt":"2026-03-16T12:00:00","guid":{"rendered":"https:\/\/portaltela.pt\/noticias\/2026\/03\/16\/alteracoes-no-regime-de-refeicoes-dependem-do-ministerio-da-educacao\/"},"modified":"2026-03-16T09:00:00","modified_gmt":"2026-03-16T12:00:00","slug":"alteracoes-no-regime-de-refeicoes-dependem-do-ministerio-da-educacao","status":"publish","type":"post","link":"https:\/\/portaltela.pt\/noticias\/2026\/03\/16\/alteracoes-no-regime-de-refeicoes-dependem-do-ministerio-da-educacao\/","title":{"rendered":"Altera\u00e7\u00f5es no regime de refei\u00e7\u00f5es dependem do Minist\u00e9rio da Educa\u00e7\u00e3o"},"content":{"rendered":"<p>Os Salesianos de Manique afirmaram, nesta segunda-feira, que a altera\u00e7\u00e3o do regime de refei\u00e7\u00f5es depende de autoriza\u00e7\u00e3o do Minist\u00e9rio da Educa\u00e7\u00e3o. A dire\u00e7\u00e3o mostrou disponibilidade para adaptar o regime, caso haja espa\u00e7o legal para isso.<\/p>\n<p>A escola em Cascais tem 770 alunos em regime privado e 797 no regime financiado pelo Estado. Os alunos sem custos contam com diferentes op\u00e7\u00f5es de menus, que, segundo a dire\u00e7\u00e3o, chegam a ser superiores aos dispon\u00edveis aos alunos com contrato de associa\u00e7\u00e3o.<\/p>\n<p>Durante anos, as fam\u00edlias de alunos financiados podiam pagar a diferen\u00e7a para aceder ao menu dos alunos privados. O valor di\u00e1rio na altura rondava os seis euros, hoje j\u00e1 fixado em 1,46 euros por almo\u00e7o, com coimas e devolu\u00e7\u00f5es aplicadas pela inspe\u00e7\u00e3o.<\/p>\n<h3>Enquadramento legal e alega\u00e7\u00f5es dos pais<\/h3>\n<p>A dire\u00e7\u00e3o sustenta que a separa\u00e7\u00e3o entre turmas de contrato de associa\u00e7\u00e3o e de regime privado resulta de imposi\u00e7\u00e3o legal do Minist\u00e9rio da Educa\u00e7\u00e3o. Admite, no entanto, acompanhar qualquer clarifica\u00e7\u00e3o ou revis\u00e3o legal que venha a ocorrer.<\/p>\n<p>Pais contactaram a Lusa para indicar que as refei\u00e7\u00f5es dos alunos privados s\u00e3o mais variadas e saud\u00e1veis, acusa\u00e7\u00e3o que a escola afirma n\u00e3o poder confirmar sem o enquadramento financeiro adequado. Todas as refei\u00e7\u00f5es cumprem normas de seguran\u00e7a alimentar.<\/p>\n<p>A escola garante que n\u00e3o h\u00e1 distin\u00e7\u00e3o de oportunidades educativas entre os alunos, mantendo igualdade de acesso a atividades. A separa\u00e7\u00e3o refere-se apenas \u00e0 gest\u00e3o de turmas e ao fornecimento do almo\u00e7o, obedecendo ao enquadramento legal vigente.<\/p>\n<p>A dire\u00e7\u00e3o adianta que o Estado atribui um valor por turma muito baixo nos contratos de associa\u00e7\u00e3o e que a escola tem assumido custos adicionais para manter condi\u00e7\u00f5es educativas equivalentes. A institui\u00e7\u00e3o sublinha o apoio financeiro cont\u00ednuo para manter o modelo inclusivo.<\/p>\n<p>A Lusa questionou o Minist\u00e9rio da Educa\u00e7\u00e3o, Ci\u00eancia e Inova\u00e7\u00e3o sobre o tema, mas ainda n\u00e3o obteve uma resposta.<\/p>\n","protected":false},"excerpt":{"rendered":"<ul>\n<li>A dire\u00e7\u00e3o dos Salesianos de Manique diz estar dispon\u00edvel para alterar o regime de refei\u00e7\u00f5es, se o Minist\u00e9rio da Educa\u00e7\u00e3o permitir, para reduzir diferen\u00e7as entre alunos que estudam gratuitamente e os que pagam mensalidades.<\/li>\n<li>A posi\u00e7\u00e3o surge ap\u00f3s a not\u00edcia da Lusa de que as refei\u00e7\u00f5es dos alunos que pagam mensalidades seriam melhores, algo que a escola atribui a imposi\u00e7\u00e3o do Minist\u00e9rio da Educa\u00e7\u00e3o.<\/li>\n<li>Na escola de Cascais, h\u00e1 770 alunos em regime privado e 797 financiados pelo Estado; anteriormente os financiados podiam escolher entre menus, pagando a diferen\u00e7a em rela\u00e7\u00e3o ao privado.<\/li>\n<li>H\u00e1 dois anos, as fam\u00edlias pagavam cerca de seis euros por dia para escolher o menu privado; o valor atual por almo\u00e7o nos contratos de associa\u00e7\u00e3o \u00e9 de 1,46 euros, o que levou o minist\u00e9rio a aplicar coimas e a exigir a devolu\u00e7\u00e3o dessas verbas.<\/li>\n<li>Os pais defendem o regresso ao regime anterior, mas a escola afirma que qualquer altera\u00e7\u00e3o depende de clarifica\u00e7\u00e3o legal e garante que todas as refei\u00e7\u00f5es cumprem normas de seguran\u00e7a; a separa\u00e7\u00e3o de turmas resulta apenas de imposi\u00e7\u00e3o legal.<\/li>\n<\/ul>\n","protected":false},"author":2,"featured_media":411890,"comment_status":"closed","ping_status":"closed","sticky":false,"template":"","format":"standard","meta":{"footnotes":""},"categories":[1],"tags":[2072,163,2443,133,1014,1221],"class_list":["post-411882","post","type-post","status-publish","format-standard","has-post-thumbnail","hentry","category-noticias","tag-alimentacao-escolar","tag-educacao","tag-educacao-publica","tag-politicas-publicas","tag-portugal","tag-servicos-publicos"],"yoast_head":"<!-- This site is optimized with the Yoast SEO plugin v27.2 - https:\/\/yoast.com\/product\/yoast-seo-wordpress\/ -->\n<title>Altera\u00e7\u00f5es no regime de refei\u00e7\u00f5es dependem do Minist\u00e9rio da Educa\u00e7\u00e3o - Portal Tela Portugal<\/title>\n<meta name=\"robots\" content=\"index, follow, max-snippet:-1, max-image-preview:large, max-video-preview:-1\" \/>\n<meta property=\"og:locale\" content=\"pt_PT\" \/>\n<meta property=\"og:type\" content=\"article\" \/>\n<meta property=\"og:title\" content=\"Altera\u00e7\u00f5es no regime de refei\u00e7\u00f5es dependem do Minist\u00e9rio da Educa\u00e7\u00e3o - Portal Tela Portugal\" \/>\n<meta property=\"og:description\" content=\"A dire\u00e7\u00e3o dos Salesianos de Manique diz estar dispon\u00edvel para alterar o regime de refei\u00e7\u00f5es, se o Minist\u00e9rio da Educa\u00e7\u00e3o permitir, para reduzir diferen\u00e7as entre alunos que estudam gratuitamente e os que pagam mensalidades. A posi\u00e7\u00e3o surge ap\u00f3s a not\u00edcia da Lusa de que as refei\u00e7\u00f5es dos alunos que pagam mensalidades seriam melhores, algo que a escola atribui a imposi\u00e7\u00e3o do Minist\u00e9rio da Educa\u00e7\u00e3o. Na escola de Cascais, h\u00e1 770 alunos em regime privado e 797 financiados pelo Estado; anteriormente os financiados podiam escolher entre menus, pagando a diferen\u00e7a em rela\u00e7\u00e3o ao privado. H\u00e1 dois anos, as fam\u00edlias pagavam cerca de seis euros por dia para escolher o menu privado; o valor atual por almo\u00e7o nos contratos de associa\u00e7\u00e3o \u00e9 de 1,46 euros, o que levou o minist\u00e9rio a aplicar coimas e a exigir a devolu\u00e7\u00e3o dessas verbas. Os pais defendem o regresso ao regime anterior, mas a escola afirma que qualquer altera\u00e7\u00e3o depende de clarifica\u00e7\u00e3o legal e garante que todas as refei\u00e7\u00f5es cumprem normas de seguran\u00e7a; a separa\u00e7\u00e3o de turmas resulta apenas de imposi\u00e7\u00e3o legal.\" \/>\n<meta property=\"og:url\" content=\"https:\/\/portaltela.pt\/noticias\/2026\/03\/16\/alteracoes-no-regime-de-refeicoes-dependem-do-ministerio-da-educacao\/\" \/>\n<meta property=\"og:site_name\" content=\"Portal Tela Portugal\" \/>\n<meta property=\"article:published_time\" content=\"2026-03-16T12:00:00+00:00\" \/>\n<meta name=\"author\" content=\"Telinha\" \/>\n<meta name=\"twitter:card\" content=\"summary_large_image\" \/>\n<meta name=\"twitter:label1\" content=\"Escrito por\" \/>\n\t<meta name=\"twitter:data1\" content=\"Telinha\" \/>\n\t<meta name=\"twitter:label2\" content=\"Tempo estimado de leitura\" \/>\n\t<meta name=\"twitter:data2\" content=\"2 minutos\" \/>\n<script type=\"application\/ld+json\" class=\"yoast-schema-graph\">{\"@context\":\"https:\/\/schema.org\",\"@graph\":[{\"@type\":\"Article\",\"@id\":\"https:\/\/portaltela.pt\/noticias\/2026\/03\/16\/alteracoes-no-regime-de-refeicoes-dependem-do-ministerio-da-educacao\/#article\",\"isPartOf\":{\"@id\":\"https:\/\/portaltela.pt\/noticias\/2026\/03\/16\/alteracoes-no-regime-de-refeicoes-dependem-do-ministerio-da-educacao\/\"},\"author\":{\"name\":\"Telinha\",\"@id\":\"https:\/\/portaltela.pt\/#\/schema\/person\/c4278d4a6028830caff9ee44b42d32ed\"},\"headline\":\"Altera\u00e7\u00f5es no regime de refei\u00e7\u00f5es dependem do Minist\u00e9rio da Educa\u00e7\u00e3o\",\"datePublished\":\"2026-03-16T12:00:00+00:00\",\"mainEntityOfPage\":{\"@id\":\"https:\/\/portaltela.pt\/noticias\/2026\/03\/16\/alteracoes-no-regime-de-refeicoes-dependem-do-ministerio-da-educacao\/\"},\"wordCount\":357,\"image\":{\"@id\":\"https:\/\/portaltela.pt\/noticias\/2026\/03\/16\/alteracoes-no-regime-de-refeicoes-dependem-do-ministerio-da-educacao\/#primaryimage\"},\"thumbnailUrl\":\"https:\/\/portaltela.pt\/s.01k8rhncp4jt1\/2026\/03\/image-1055.jpg\",\"keywords\":[\"alimenta\u00e7\u00e3o escolar\",\"educa\u00e7\u00e3o\",\"educa\u00e7\u00e3o p\u00fablica\",\"pol\u00edticas p\u00fablicas\",\"Portugal\",\"servi\u00e7os p\u00fablicos\"],\"articleSection\":[\"Not\u00edcias\"],\"inLanguage\":\"pt-PT\"},{\"@type\":\"WebPage\",\"@id\":\"https:\/\/portaltela.pt\/noticias\/2026\/03\/16\/alteracoes-no-regime-de-refeicoes-dependem-do-ministerio-da-educacao\/\",\"url\":\"https:\/\/portaltela.pt\/noticias\/2026\/03\/16\/alteracoes-no-regime-de-refeicoes-dependem-do-ministerio-da-educacao\/\",\"name\":\"Altera\u00e7\u00f5es no regime de refei\u00e7\u00f5es dependem do Minist\u00e9rio da Educa\u00e7\u00e3o - Portal Tela Portugal\",\"isPartOf\":{\"@id\":\"https:\/\/portaltela.pt\/#website\"},\"primaryImageOfPage\":{\"@id\":\"https:\/\/portaltela.pt\/noticias\/2026\/03\/16\/alteracoes-no-regime-de-refeicoes-dependem-do-ministerio-da-educacao\/#primaryimage\"},\"image\":{\"@id\":\"https:\/\/portaltela.pt\/noticias\/2026\/03\/16\/alteracoes-no-regime-de-refeicoes-dependem-do-ministerio-da-educacao\/#primaryimage\"},\"thumbnailUrl\":\"https:\/\/portaltela.pt\/s.01k8rhncp4jt1\/2026\/03\/image-1055.jpg\",\"datePublished\":\"2026-03-16T12:00:00+00:00\",\"author\":{\"@id\":\"https:\/\/portaltela.pt\/#\/schema\/person\/c4278d4a6028830caff9ee44b42d32ed\"},\"breadcrumb\":{\"@id\":\"https:\/\/portaltela.pt\/noticias\/2026\/03\/16\/alteracoes-no-regime-de-refeicoes-dependem-do-ministerio-da-educacao\/#breadcrumb\"},\"inLanguage\":\"pt-PT\",\"potentialAction\":[{\"@type\":\"ReadAction\",\"target\":[\"https:\/\/portaltela.pt\/noticias\/2026\/03\/16\/alteracoes-no-regime-de-refeicoes-dependem-do-ministerio-da-educacao\/\"]}]},{\"@type\":\"ImageObject\",\"inLanguage\":\"pt-PT\",\"@id\":\"https:\/\/portaltela.pt\/noticias\/2026\/03\/16\/alteracoes-no-regime-de-refeicoes-dependem-do-ministerio-da-educacao\/#primaryimage\",\"url\":\"https:\/\/portaltela.pt\/s.01k8rhncp4jt1\/2026\/03\/image-1055.jpg\",\"contentUrl\":\"https:\/\/portaltela.pt\/s.01k8rhncp4jt1\/2026\/03\/image-1055.jpg\",\"width\":796,\"height\":448,\"caption\":\"Foto: Col\u00e9gio dos Salesianos de Manique\"},{\"@type\":\"BreadcrumbList\",\"@id\":\"https:\/\/portaltela.pt\/noticias\/2026\/03\/16\/alteracoes-no-regime-de-refeicoes-dependem-do-ministerio-da-educacao\/#breadcrumb\",\"itemListElement\":[{\"@type\":\"ListItem\",\"position\":1,\"name\":\"In\u00edcio\",\"item\":\"https:\/\/portaltela.pt\/\"},{\"@type\":\"ListItem\",\"position\":2,\"name\":\"Altera\u00e7\u00f5es no regime de refei\u00e7\u00f5es dependem do Minist\u00e9rio da Educa\u00e7\u00e3o\"}]},{\"@type\":\"WebSite\",\"@id\":\"https:\/\/portaltela.pt\/#website\",\"url\":\"https:\/\/portaltela.pt\/\",\"name\":\"Portal Tela Portugal\",\"description\":\"\",\"potentialAction\":[{\"@type\":\"SearchAction\",\"target\":{\"@type\":\"EntryPoint\",\"urlTemplate\":\"https:\/\/portaltela.pt\/?s={search_term_string}\"},\"query-input\":{\"@type\":\"PropertyValueSpecification\",\"valueRequired\":true,\"valueName\":\"search_term_string\"}}],\"inLanguage\":\"pt-PT\"},{\"@type\":\"Person\",\"@id\":\"https:\/\/portaltela.pt\/#\/schema\/person\/c4278d4a6028830caff9ee44b42d32ed\",\"name\":\"Telinha\",\"image\":{\"@type\":\"ImageObject\",\"inLanguage\":\"pt-PT\",\"@id\":\"https:\/\/portaltela.pt\/s.01k8rhncp4jt1\/2025\/11\/talking-bot-125x125.png\",\"url\":\"https:\/\/portaltela.pt\/s.01k8rhncp4jt1\/2025\/11\/talking-bot-125x125.png\",\"contentUrl\":\"https:\/\/portaltela.pt\/s.01k8rhncp4jt1\/2025\/11\/talking-bot-125x125.png\",\"caption\":\"Telinha\"},\"sameAs\":[\"https:\/\/portaltela.pt\/\"],\"url\":\"https:\/\/portaltela.pt\/por\/367410592786\/\"}]}<\/script>\n<!-- \/ Yoast SEO plugin. -->","yoast_head_json":{"title":"Altera\u00e7\u00f5es no regime de refei\u00e7\u00f5es dependem do Minist\u00e9rio da Educa\u00e7\u00e3o - Portal Tela Portugal","robots":{"index":"index","follow":"follow","max-snippet":"max-snippet:-1","max-image-preview":"max-image-preview:large","max-video-preview":"max-video-preview:-1"},"og_locale":"pt_PT","og_type":"article","og_title":"Altera\u00e7\u00f5es no regime de refei\u00e7\u00f5es dependem do Minist\u00e9rio da Educa\u00e7\u00e3o - Portal Tela Portugal","og_description":"A dire\u00e7\u00e3o dos Salesianos de Manique diz estar dispon\u00edvel para alterar o regime de refei\u00e7\u00f5es, se o Minist\u00e9rio da Educa\u00e7\u00e3o permitir, para reduzir diferen\u00e7as entre alunos que estudam gratuitamente e os que pagam mensalidades. A posi\u00e7\u00e3o surge ap\u00f3s a not\u00edcia da Lusa de que as refei\u00e7\u00f5es dos alunos que pagam mensalidades seriam melhores, algo que a escola atribui a imposi\u00e7\u00e3o do Minist\u00e9rio da Educa\u00e7\u00e3o. Na escola de Cascais, h\u00e1 770 alunos em regime privado e 797 financiados pelo Estado; anteriormente os financiados podiam escolher entre menus, pagando a diferen\u00e7a em rela\u00e7\u00e3o ao privado. H\u00e1 dois anos, as fam\u00edlias pagavam cerca de seis euros por dia para escolher o menu privado; o valor atual por almo\u00e7o nos contratos de associa\u00e7\u00e3o \u00e9 de 1,46 euros, o que levou o minist\u00e9rio a aplicar coimas e a exigir a devolu\u00e7\u00e3o dessas verbas. Os pais defendem o regresso ao regime anterior, mas a escola afirma que qualquer altera\u00e7\u00e3o depende de clarifica\u00e7\u00e3o legal e garante que todas as refei\u00e7\u00f5es cumprem normas de seguran\u00e7a; a separa\u00e7\u00e3o de turmas resulta apenas de imposi\u00e7\u00e3o legal.","og_url":"https:\/\/portaltela.pt\/noticias\/2026\/03\/16\/alteracoes-no-regime-de-refeicoes-dependem-do-ministerio-da-educacao\/","og_site_name":"Portal Tela Portugal","article_published_time":"2026-03-16T12:00:00+00:00","author":"Telinha","twitter_card":"summary_large_image","twitter_misc":{"Escrito por":"Telinha","Tempo estimado de leitura":"2 minutos"},"schema":{"@context":"https:\/\/schema.org","@graph":[{"@type":"Article","@id":"https:\/\/portaltela.pt\/noticias\/2026\/03\/16\/alteracoes-no-regime-de-refeicoes-dependem-do-ministerio-da-educacao\/#article","isPartOf":{"@id":"https:\/\/portaltela.pt\/noticias\/2026\/03\/16\/alteracoes-no-regime-de-refeicoes-dependem-do-ministerio-da-educacao\/"},"author":{"name":"Telinha","@id":"https:\/\/portaltela.pt\/#\/schema\/person\/c4278d4a6028830caff9ee44b42d32ed"},"headline":"Altera\u00e7\u00f5es no regime de refei\u00e7\u00f5es dependem do Minist\u00e9rio da Educa\u00e7\u00e3o","datePublished":"2026-03-16T12:00:00+00:00","mainEntityOfPage":{"@id":"https:\/\/portaltela.pt\/noticias\/2026\/03\/16\/alteracoes-no-regime-de-refeicoes-dependem-do-ministerio-da-educacao\/"},"wordCount":357,"image":{"@id":"https:\/\/portaltela.pt\/noticias\/2026\/03\/16\/alteracoes-no-regime-de-refeicoes-dependem-do-ministerio-da-educacao\/#primaryimage"},"thumbnailUrl":"https:\/\/portaltela.pt\/s.01k8rhncp4jt1\/2026\/03\/image-1055.jpg","keywords":["alimenta\u00e7\u00e3o escolar","educa\u00e7\u00e3o","educa\u00e7\u00e3o p\u00fablica","pol\u00edticas p\u00fablicas","Portugal","servi\u00e7os p\u00fablicos"],"articleSection":["Not\u00edcias"],"inLanguage":"pt-PT"},{"@type":"WebPage","@id":"https:\/\/portaltela.pt\/noticias\/2026\/03\/16\/alteracoes-no-regime-de-refeicoes-dependem-do-ministerio-da-educacao\/","url":"https:\/\/portaltela.pt\/noticias\/2026\/03\/16\/alteracoes-no-regime-de-refeicoes-dependem-do-ministerio-da-educacao\/","name":"Altera\u00e7\u00f5es no regime de refei\u00e7\u00f5es dependem do Minist\u00e9rio da Educa\u00e7\u00e3o - Portal Tela Portugal","isPartOf":{"@id":"https:\/\/portaltela.pt\/#website"},"primaryImageOfPage":{"@id":"https:\/\/portaltela.pt\/noticias\/2026\/03\/16\/alteracoes-no-regime-de-refeicoes-dependem-do-ministerio-da-educacao\/#primaryimage"},"image":{"@id":"https:\/\/portaltela.pt\/noticias\/2026\/03\/16\/alteracoes-no-regime-de-refeicoes-dependem-do-ministerio-da-educacao\/#primaryimage"},"thumbnailUrl":"https:\/\/portaltela.pt\/s.01k8rhncp4jt1\/2026\/03\/image-1055.jpg","datePublished":"2026-03-16T12:00:00+00:00","author":{"@id":"https:\/\/portaltela.pt\/#\/schema\/person\/c4278d4a6028830caff9ee44b42d32ed"},"breadcrumb":{"@id":"https:\/\/portaltela.pt\/noticias\/2026\/03\/16\/alteracoes-no-regime-de-refeicoes-dependem-do-ministerio-da-educacao\/#breadcrumb"},"inLanguage":"pt-PT","potentialAction":[{"@type":"ReadAction","target":["https:\/\/portaltela.pt\/noticias\/2026\/03\/16\/alteracoes-no-regime-de-refeicoes-dependem-do-ministerio-da-educacao\/"]}]},{"@type":"ImageObject","inLanguage":"pt-PT","@id":"https:\/\/portaltela.pt\/noticias\/2026\/03\/16\/alteracoes-no-regime-de-refeicoes-dependem-do-ministerio-da-educacao\/#primaryimage","url":"https:\/\/portaltela.pt\/s.01k8rhncp4jt1\/2026\/03\/image-1055.jpg","contentUrl":"https:\/\/portaltela.pt\/s.01k8rhncp4jt1\/2026\/03\/image-1055.jpg","width":796,"height":448,"caption":"Foto: Col\u00e9gio dos Salesianos de Manique"},{"@type":"BreadcrumbList","@id":"https:\/\/portaltela.pt\/noticias\/2026\/03\/16\/alteracoes-no-regime-de-refeicoes-dependem-do-ministerio-da-educacao\/#breadcrumb","itemListElement":[{"@type":"ListItem","position":1,"name":"In\u00edcio","item":"https:\/\/portaltela.pt\/"},{"@type":"ListItem","position":2,"name":"Altera\u00e7\u00f5es no regime de refei\u00e7\u00f5es dependem do Minist\u00e9rio da Educa\u00e7\u00e3o"}]},{"@type":"WebSite","@id":"https:\/\/portaltela.pt\/#website","url":"https:\/\/portaltela.pt\/","name":"Portal Tela Portugal","description":"","potentialAction":[{"@type":"SearchAction","target":{"@type":"EntryPoint","urlTemplate":"https:\/\/portaltela.pt\/?s={search_term_string}"},"query-input":{"@type":"PropertyValueSpecification","valueRequired":true,"valueName":"search_term_string"}}],"inLanguage":"pt-PT"},{"@type":"Person","@id":"https:\/\/portaltela.pt\/#\/schema\/person\/c4278d4a6028830caff9ee44b42d32ed","name":"Telinha","image":{"@type":"ImageObject","inLanguage":"pt-PT","@id":"https:\/\/portaltela.pt\/s.01k8rhncp4jt1\/2025\/11\/talking-bot-125x125.png","url":"https:\/\/portaltela.pt\/s.01k8rhncp4jt1\/2025\/11\/talking-bot-125x125.png","contentUrl":"https:\/\/portaltela.pt\/s.01k8rhncp4jt1\/2025\/11\/talking-bot-125x125.png","caption":"Telinha"},"sameAs":["https:\/\/portaltela.pt\/"],"url":"https:\/\/portaltela.pt\/por\/367410592786\/"}]}},"_links":{"self":[{"href":"https:\/\/portaltela.pt\/api\/wp\/v2\/posts\/411882","targetHints":{"allow":["GET"]}}],"collection":[{"href":"https:\/\/portaltela.pt\/api\/wp\/v2\/posts"}],"about":[{"href":"https:\/\/portaltela.pt\/api\/wp\/v2\/types\/post"}],"author":[{"embeddable":true,"href":"https:\/\/portaltela.pt\/api\/wp\/v2\/users\/2"}],"replies":[{"embeddable":true,"href":"https:\/\/portaltela.pt\/api\/wp\/v2\/comments?post=411882"}],"version-history":[{"count":0,"href":"https:\/\/portaltela.pt\/api\/wp\/v2\/posts\/411882\/revisions"}],"wp:featuredmedia":[{"embeddable":true,"href":"https:\/\/portaltela.pt\/api\/wp\/v2\/media\/411890"}],"wp:attachment":[{"href":"https:\/\/portaltela.pt\/api\/wp\/v2\/media?parent=411882"}],"wp:term":[{"taxonomy":"category","embeddable":true,"href":"https:\/\/portaltela.pt\/api\/wp\/v2\/categories?post=411882"},{"taxonomy":"post_tag","embeddable":true,"href":"https:\/\/portaltela.pt\/api\/wp\/v2\/tags?post=411882"}],"curies":[{"name":"wp","href":"https:\/\/api.w.org\/{rel}","templated":true}]}}