{"id":411879,"date":"2026-03-16T09:00:00","date_gmt":"2026-03-16T12:00:00","guid":{"rendered":"https:\/\/portaltela.pt\/noticias\/2026\/03\/16\/no-dia-da-arvore-apoios-a-serra-de-sintra-e-visitas-ao-palacio-a-noite\/"},"modified":"2026-03-16T09:00:00","modified_gmt":"2026-03-16T12:00:00","slug":"no-dia-da-arvore-apoios-a-serra-de-sintra-e-visitas-ao-palacio-a-noite","status":"publish","type":"post","link":"https:\/\/portaltela.pt\/noticias\/2026\/03\/16\/no-dia-da-arvore-apoios-a-serra-de-sintra-e-visitas-ao-palacio-a-noite\/","title":{"rendered":"No Dia da \u00c1rvore, apoios \u00e0 Serra de Sintra e visitas ao Pal\u00e1cio \u00e0 noite"},"content":{"rendered":"<p>Na noite do Dia Mundial da \u00c1rvore, o Pal\u00e1cio Nacional de Sintra transforma-se para uma causa solid\u00e1ria. O monumento recebe o p\u00fablico com uma a\u00e7\u00e3o l\u00fadica, educativa e com uma finalidade ambiental.<\/p>\n<p>No s\u00e1bado, 21 de mar\u00e7o, o Pal\u00e1cio abre entre as 19h e as 23h (\u00faltima entrada \u00e0s 22h), para apoiar o Parque Natural de Sintra-Cascais. A iniciativa \u00e9 dedicada \u00e0 refloresta\u00e7\u00e3o da serra ap\u00f3s as tempestades deste inverno.<\/p>\n<p>A a\u00e7\u00e3o designa-se <strong>Uma Noite pelo Futuro da Serra de Sintra<\/strong> e convida os visitantes a contribuir para a refloresta\u00e7\u00e3o comprando uma \u00e1rvore por 2 euros. As \u00e1rvores, de esp\u00e9cies aut\u00f3ctones, s\u00e3o vendidas a produtores locais e colocadas na escadaria do Terreiro.<\/p>\n<p>As \u00e1rvores adquiridas ser\u00e3o replantadas pela Parques de Sintra, com o objetivo de regenerar a serra e aumentar a resili\u00eancia \u00e0s altera\u00e7\u00f5es clim\u00e1ticas.<\/p>\n<h3>A magia do Pal\u00e1cio \u00e0 noite<\/h3>\n<p>A anima\u00e7\u00e3o noturna inclui ilumina\u00e7\u00e3o ambiente que evoca a luz de vela, conferindo um car\u00e1ter mais \u00edntimo ao monumento. Ao longo do percurso, elementos musicais enriquecem a experi\u00eancia sensorial e emocional do visitante.<\/p>\n","protected":false},"excerpt":{"rendered":"<ul>\n<li>Noite do Dia Mundial da \u00c1rvore, a 21 de mar\u00e7o, o Pal\u00e1cio Nacional de Sintra abre entre as 19h e as 23h (\u00faltima entrada \u00e0s 22h) para uma a\u00e7\u00e3o solid\u00e1ria.<\/li>\n<li>A iniciativa &#8220;Uma Noite pelo Futuro da Serra de Sintra&#8221; convida os visitantes a ajudar o Parque Natural de Sintra-Cascais, ap\u00f3s as tempestades de inverno terem lesionado o parque com a perda de mais de 250 mil \u00e1rvores.<\/li>\n<li>A entrada noturna \u00e9 feita pela compra de uma \u00e1rvore, no valor de 2 euros; plantas aut\u00f3ctones, fornecidas por produtores locais, ficar\u00e3o expostas na escadaria do Terreiro do Pal\u00e1cio.<\/li>\n<li>Posteriormente, as \u00e1rvores ser\u00e3o replantadas pela Parques de Sintra para regenerar a serra e aumentar a resili\u00eancia \u00e0s altera\u00e7\u00f5es clim\u00e1ticas.<\/li>\n<li>O Pal\u00e1cio ficar\u00e1 iluminado de forma evocativa, com ilumina\u00e7\u00e3o semelhante \u00e0 vela, e haver\u00e1 apontamentos musicais ao longo do percurso.<\/li>\n<\/ul>\n","protected":false},"author":2,"featured_media":411888,"comment_status":"closed","ping_status":"closed","sticky":false,"template":"","format":"standard","meta":{"footnotes":""},"categories":[1],"tags":[167,4576,3568,6694,1110,169],"class_list":["post-411879","post","type-post","status-publish","format-standard","has-post-thumbnail","hentry","category-noticias","tag-ambiente","tag-florestal","tag-natureza","tag-reflorestacao","tag-sintra","tag-turismo"],"yoast_head":"<!-- This site is optimized with the Yoast SEO plugin v27.2 - https:\/\/yoast.com\/product\/yoast-seo-wordpress\/ -->\n<title>No Dia da \u00c1rvore, apoios \u00e0 Serra de Sintra e visitas ao Pal\u00e1cio \u00e0 noite - Portal Tela Portugal<\/title>\n<meta name=\"robots\" content=\"index, follow, max-snippet:-1, max-image-preview:large, max-video-preview:-1\" \/>\n<meta property=\"og:locale\" content=\"pt_PT\" \/>\n<meta property=\"og:type\" content=\"article\" \/>\n<meta property=\"og:title\" content=\"No Dia da \u00c1rvore, apoios \u00e0 Serra de Sintra e visitas ao Pal\u00e1cio \u00e0 noite - Portal Tela Portugal\" \/>\n<meta property=\"og:description\" content=\"Noite do Dia Mundial da \u00c1rvore, a 21 de mar\u00e7o, o Pal\u00e1cio Nacional de Sintra abre entre as 19h e as 23h (\u00faltima entrada \u00e0s 22h) para uma a\u00e7\u00e3o solid\u00e1ria. A iniciativa &quot;Uma Noite pelo Futuro da Serra de Sintra&quot; convida os visitantes a ajudar o Parque Natural de Sintra-Cascais, ap\u00f3s as tempestades de inverno terem lesionado o parque com a perda de mais de 250 mil \u00e1rvores. A entrada noturna \u00e9 feita pela compra de uma \u00e1rvore, no valor de 2 euros; plantas aut\u00f3ctones, fornecidas por produtores locais, ficar\u00e3o expostas na escadaria do Terreiro do Pal\u00e1cio. Posteriormente, as \u00e1rvores ser\u00e3o replantadas pela Parques de Sintra para regenerar a serra e aumentar a resili\u00eancia \u00e0s altera\u00e7\u00f5es clim\u00e1ticas. O Pal\u00e1cio ficar\u00e1 iluminado de forma evocativa, com ilumina\u00e7\u00e3o semelhante \u00e0 vela, e haver\u00e1 apontamentos musicais ao longo do percurso.\" \/>\n<meta property=\"og:url\" content=\"https:\/\/portaltela.pt\/noticias\/2026\/03\/16\/no-dia-da-arvore-apoios-a-serra-de-sintra-e-visitas-ao-palacio-a-noite\/\" \/>\n<meta property=\"og:site_name\" content=\"Portal Tela Portugal\" \/>\n<meta property=\"article:published_time\" content=\"2026-03-16T12:00:00+00:00\" \/>\n<meta name=\"author\" content=\"Telinha\" \/>\n<meta name=\"twitter:card\" content=\"summary_large_image\" \/>\n<meta name=\"twitter:label1\" content=\"Escrito por\" \/>\n\t<meta name=\"twitter:data1\" content=\"Telinha\" \/>\n\t<meta name=\"twitter:label2\" content=\"Tempo estimado de leitura\" \/>\n\t<meta name=\"twitter:data2\" content=\"1 minuto\" \/>\n<script type=\"application\/ld+json\" class=\"yoast-schema-graph\">{\"@context\":\"https:\/\/schema.org\",\"@graph\":[{\"@type\":\"Article\",\"@id\":\"https:\/\/portaltela.pt\/noticias\/2026\/03\/16\/no-dia-da-arvore-apoios-a-serra-de-sintra-e-visitas-ao-palacio-a-noite\/#article\",\"isPartOf\":{\"@id\":\"https:\/\/portaltela.pt\/noticias\/2026\/03\/16\/no-dia-da-arvore-apoios-a-serra-de-sintra-e-visitas-ao-palacio-a-noite\/\"},\"author\":{\"name\":\"Telinha\",\"@id\":\"https:\/\/portaltela.pt\/#\/schema\/person\/c4278d4a6028830caff9ee44b42d32ed\"},\"headline\":\"No Dia da \u00c1rvore, apoios \u00e0 Serra de Sintra e visitas ao Pal\u00e1cio \u00e0 noite\",\"datePublished\":\"2026-03-16T12:00:00+00:00\",\"mainEntityOfPage\":{\"@id\":\"https:\/\/portaltela.pt\/noticias\/2026\/03\/16\/no-dia-da-arvore-apoios-a-serra-de-sintra-e-visitas-ao-palacio-a-noite\/\"},\"wordCount\":207,\"image\":{\"@id\":\"https:\/\/portaltela.pt\/noticias\/2026\/03\/16\/no-dia-da-arvore-apoios-a-serra-de-sintra-e-visitas-ao-palacio-a-noite\/#primaryimage\"},\"thumbnailUrl\":\"https:\/\/portaltela.pt\/s.01k8rhncp4jt1\/2026\/03\/image-1054.jpg\",\"keywords\":[\"ambiente\",\"florestal\",\"natureza\",\"refloresta\u00e7\u00e3o\",\"Sintra\",\"turismo\"],\"articleSection\":[\"Not\u00edcias\"],\"inLanguage\":\"pt-PT\"},{\"@type\":\"WebPage\",\"@id\":\"https:\/\/portaltela.pt\/noticias\/2026\/03\/16\/no-dia-da-arvore-apoios-a-serra-de-sintra-e-visitas-ao-palacio-a-noite\/\",\"url\":\"https:\/\/portaltela.pt\/noticias\/2026\/03\/16\/no-dia-da-arvore-apoios-a-serra-de-sintra-e-visitas-ao-palacio-a-noite\/\",\"name\":\"No Dia da \u00c1rvore, apoios \u00e0 Serra de Sintra e visitas ao Pal\u00e1cio \u00e0 noite - Portal Tela Portugal\",\"isPartOf\":{\"@id\":\"https:\/\/portaltela.pt\/#website\"},\"primaryImageOfPage\":{\"@id\":\"https:\/\/portaltela.pt\/noticias\/2026\/03\/16\/no-dia-da-arvore-apoios-a-serra-de-sintra-e-visitas-ao-palacio-a-noite\/#primaryimage\"},\"image\":{\"@id\":\"https:\/\/portaltela.pt\/noticias\/2026\/03\/16\/no-dia-da-arvore-apoios-a-serra-de-sintra-e-visitas-ao-palacio-a-noite\/#primaryimage\"},\"thumbnailUrl\":\"https:\/\/portaltela.pt\/s.01k8rhncp4jt1\/2026\/03\/image-1054.jpg\",\"datePublished\":\"2026-03-16T12:00:00+00:00\",\"author\":{\"@id\":\"https:\/\/portaltela.pt\/#\/schema\/person\/c4278d4a6028830caff9ee44b42d32ed\"},\"breadcrumb\":{\"@id\":\"https:\/\/portaltela.pt\/noticias\/2026\/03\/16\/no-dia-da-arvore-apoios-a-serra-de-sintra-e-visitas-ao-palacio-a-noite\/#breadcrumb\"},\"inLanguage\":\"pt-PT\",\"potentialAction\":[{\"@type\":\"ReadAction\",\"target\":[\"https:\/\/portaltela.pt\/noticias\/2026\/03\/16\/no-dia-da-arvore-apoios-a-serra-de-sintra-e-visitas-ao-palacio-a-noite\/\"]}]},{\"@type\":\"ImageObject\",\"inLanguage\":\"pt-PT\",\"@id\":\"https:\/\/portaltela.pt\/noticias\/2026\/03\/16\/no-dia-da-arvore-apoios-a-serra-de-sintra-e-visitas-ao-palacio-a-noite\/#primaryimage\",\"url\":\"https:\/\/portaltela.pt\/s.01k8rhncp4jt1\/2026\/03\/image-1054.jpg\",\"contentUrl\":\"https:\/\/portaltela.pt\/s.01k8rhncp4jt1\/2026\/03\/image-1054.jpg\",\"width\":796,\"height\":448,\"caption\":\"O Pal\u00e1cio com as suas ic\u00f3nicas chamin\u00e9s situa-se no cora\u00e7\u00e3o da vila de Sintra\"},{\"@type\":\"BreadcrumbList\",\"@id\":\"https:\/\/portaltela.pt\/noticias\/2026\/03\/16\/no-dia-da-arvore-apoios-a-serra-de-sintra-e-visitas-ao-palacio-a-noite\/#breadcrumb\",\"itemListElement\":[{\"@type\":\"ListItem\",\"position\":1,\"name\":\"In\u00edcio\",\"item\":\"https:\/\/portaltela.pt\/\"},{\"@type\":\"ListItem\",\"position\":2,\"name\":\"No Dia da \u00c1rvore, apoios \u00e0 Serra de Sintra e visitas ao Pal\u00e1cio \u00e0 noite\"}]},{\"@type\":\"WebSite\",\"@id\":\"https:\/\/portaltela.pt\/#website\",\"url\":\"https:\/\/portaltela.pt\/\",\"name\":\"Portal Tela Portugal\",\"description\":\"\",\"potentialAction\":[{\"@type\":\"SearchAction\",\"target\":{\"@type\":\"EntryPoint\",\"urlTemplate\":\"https:\/\/portaltela.pt\/?s={search_term_string}\"},\"query-input\":{\"@type\":\"PropertyValueSpecification\",\"valueRequired\":true,\"valueName\":\"search_term_string\"}}],\"inLanguage\":\"pt-PT\"},{\"@type\":\"Person\",\"@id\":\"https:\/\/portaltela.pt\/#\/schema\/person\/c4278d4a6028830caff9ee44b42d32ed\",\"name\":\"Telinha\",\"image\":{\"@type\":\"ImageObject\",\"inLanguage\":\"pt-PT\",\"@id\":\"https:\/\/portaltela.pt\/s.01k8rhncp4jt1\/2025\/11\/talking-bot-125x125.png\",\"url\":\"https:\/\/portaltela.pt\/s.01k8rhncp4jt1\/2025\/11\/talking-bot-125x125.png\",\"contentUrl\":\"https:\/\/portaltela.pt\/s.01k8rhncp4jt1\/2025\/11\/talking-bot-125x125.png\",\"caption\":\"Telinha\"},\"sameAs\":[\"https:\/\/portaltela.pt\/\"],\"url\":\"https:\/\/portaltela.pt\/por\/367410592786\/\"}]}<\/script>\n<!-- \/ Yoast SEO plugin. -->","yoast_head_json":{"title":"No Dia da \u00c1rvore, apoios \u00e0 Serra de Sintra e visitas ao Pal\u00e1cio \u00e0 noite - Portal Tela Portugal","robots":{"index":"index","follow":"follow","max-snippet":"max-snippet:-1","max-image-preview":"max-image-preview:large","max-video-preview":"max-video-preview:-1"},"og_locale":"pt_PT","og_type":"article","og_title":"No Dia da \u00c1rvore, apoios \u00e0 Serra de Sintra e visitas ao Pal\u00e1cio \u00e0 noite - Portal Tela Portugal","og_description":"Noite do Dia Mundial da \u00c1rvore, a 21 de mar\u00e7o, o Pal\u00e1cio Nacional de Sintra abre entre as 19h e as 23h (\u00faltima entrada \u00e0s 22h) para uma a\u00e7\u00e3o solid\u00e1ria. A iniciativa \"Uma Noite pelo Futuro da Serra de Sintra\" convida os visitantes a ajudar o Parque Natural de Sintra-Cascais, ap\u00f3s as tempestades de inverno terem lesionado o parque com a perda de mais de 250 mil \u00e1rvores. A entrada noturna \u00e9 feita pela compra de uma \u00e1rvore, no valor de 2 euros; plantas aut\u00f3ctones, fornecidas por produtores locais, ficar\u00e3o expostas na escadaria do Terreiro do Pal\u00e1cio. Posteriormente, as \u00e1rvores ser\u00e3o replantadas pela Parques de Sintra para regenerar a serra e aumentar a resili\u00eancia \u00e0s altera\u00e7\u00f5es clim\u00e1ticas. O Pal\u00e1cio ficar\u00e1 iluminado de forma evocativa, com ilumina\u00e7\u00e3o semelhante \u00e0 vela, e haver\u00e1 apontamentos musicais ao longo do percurso.","og_url":"https:\/\/portaltela.pt\/noticias\/2026\/03\/16\/no-dia-da-arvore-apoios-a-serra-de-sintra-e-visitas-ao-palacio-a-noite\/","og_site_name":"Portal Tela Portugal","article_published_time":"2026-03-16T12:00:00+00:00","author":"Telinha","twitter_card":"summary_large_image","twitter_misc":{"Escrito por":"Telinha","Tempo estimado de leitura":"1 minuto"},"schema":{"@context":"https:\/\/schema.org","@graph":[{"@type":"Article","@id":"https:\/\/portaltela.pt\/noticias\/2026\/03\/16\/no-dia-da-arvore-apoios-a-serra-de-sintra-e-visitas-ao-palacio-a-noite\/#article","isPartOf":{"@id":"https:\/\/portaltela.pt\/noticias\/2026\/03\/16\/no-dia-da-arvore-apoios-a-serra-de-sintra-e-visitas-ao-palacio-a-noite\/"},"author":{"name":"Telinha","@id":"https:\/\/portaltela.pt\/#\/schema\/person\/c4278d4a6028830caff9ee44b42d32ed"},"headline":"No Dia da \u00c1rvore, apoios \u00e0 Serra de Sintra e visitas ao Pal\u00e1cio \u00e0 noite","datePublished":"2026-03-16T12:00:00+00:00","mainEntityOfPage":{"@id":"https:\/\/portaltela.pt\/noticias\/2026\/03\/16\/no-dia-da-arvore-apoios-a-serra-de-sintra-e-visitas-ao-palacio-a-noite\/"},"wordCount":207,"image":{"@id":"https:\/\/portaltela.pt\/noticias\/2026\/03\/16\/no-dia-da-arvore-apoios-a-serra-de-sintra-e-visitas-ao-palacio-a-noite\/#primaryimage"},"thumbnailUrl":"https:\/\/portaltela.pt\/s.01k8rhncp4jt1\/2026\/03\/image-1054.jpg","keywords":["ambiente","florestal","natureza","refloresta\u00e7\u00e3o","Sintra","turismo"],"articleSection":["Not\u00edcias"],"inLanguage":"pt-PT"},{"@type":"WebPage","@id":"https:\/\/portaltela.pt\/noticias\/2026\/03\/16\/no-dia-da-arvore-apoios-a-serra-de-sintra-e-visitas-ao-palacio-a-noite\/","url":"https:\/\/portaltela.pt\/noticias\/2026\/03\/16\/no-dia-da-arvore-apoios-a-serra-de-sintra-e-visitas-ao-palacio-a-noite\/","name":"No Dia da \u00c1rvore, apoios \u00e0 Serra de Sintra e visitas ao Pal\u00e1cio \u00e0 noite - Portal Tela Portugal","isPartOf":{"@id":"https:\/\/portaltela.pt\/#website"},"primaryImageOfPage":{"@id":"https:\/\/portaltela.pt\/noticias\/2026\/03\/16\/no-dia-da-arvore-apoios-a-serra-de-sintra-e-visitas-ao-palacio-a-noite\/#primaryimage"},"image":{"@id":"https:\/\/portaltela.pt\/noticias\/2026\/03\/16\/no-dia-da-arvore-apoios-a-serra-de-sintra-e-visitas-ao-palacio-a-noite\/#primaryimage"},"thumbnailUrl":"https:\/\/portaltela.pt\/s.01k8rhncp4jt1\/2026\/03\/image-1054.jpg","datePublished":"2026-03-16T12:00:00+00:00","author":{"@id":"https:\/\/portaltela.pt\/#\/schema\/person\/c4278d4a6028830caff9ee44b42d32ed"},"breadcrumb":{"@id":"https:\/\/portaltela.pt\/noticias\/2026\/03\/16\/no-dia-da-arvore-apoios-a-serra-de-sintra-e-visitas-ao-palacio-a-noite\/#breadcrumb"},"inLanguage":"pt-PT","potentialAction":[{"@type":"ReadAction","target":["https:\/\/portaltela.pt\/noticias\/2026\/03\/16\/no-dia-da-arvore-apoios-a-serra-de-sintra-e-visitas-ao-palacio-a-noite\/"]}]},{"@type":"ImageObject","inLanguage":"pt-PT","@id":"https:\/\/portaltela.pt\/noticias\/2026\/03\/16\/no-dia-da-arvore-apoios-a-serra-de-sintra-e-visitas-ao-palacio-a-noite\/#primaryimage","url":"https:\/\/portaltela.pt\/s.01k8rhncp4jt1\/2026\/03\/image-1054.jpg","contentUrl":"https:\/\/portaltela.pt\/s.01k8rhncp4jt1\/2026\/03\/image-1054.jpg","width":796,"height":448,"caption":"O Pal\u00e1cio com as suas ic\u00f3nicas chamin\u00e9s situa-se no cora\u00e7\u00e3o da vila de Sintra"},{"@type":"BreadcrumbList","@id":"https:\/\/portaltela.pt\/noticias\/2026\/03\/16\/no-dia-da-arvore-apoios-a-serra-de-sintra-e-visitas-ao-palacio-a-noite\/#breadcrumb","itemListElement":[{"@type":"ListItem","position":1,"name":"In\u00edcio","item":"https:\/\/portaltela.pt\/"},{"@type":"ListItem","position":2,"name":"No Dia da \u00c1rvore, apoios \u00e0 Serra de Sintra e visitas ao Pal\u00e1cio \u00e0 noite"}]},{"@type":"WebSite","@id":"https:\/\/portaltela.pt\/#website","url":"https:\/\/portaltela.pt\/","name":"Portal Tela Portugal","description":"","potentialAction":[{"@type":"SearchAction","target":{"@type":"EntryPoint","urlTemplate":"https:\/\/portaltela.pt\/?s={search_term_string}"},"query-input":{"@type":"PropertyValueSpecification","valueRequired":true,"valueName":"search_term_string"}}],"inLanguage":"pt-PT"},{"@type":"Person","@id":"https:\/\/portaltela.pt\/#\/schema\/person\/c4278d4a6028830caff9ee44b42d32ed","name":"Telinha","image":{"@type":"ImageObject","inLanguage":"pt-PT","@id":"https:\/\/portaltela.pt\/s.01k8rhncp4jt1\/2025\/11\/talking-bot-125x125.png","url":"https:\/\/portaltela.pt\/s.01k8rhncp4jt1\/2025\/11\/talking-bot-125x125.png","contentUrl":"https:\/\/portaltela.pt\/s.01k8rhncp4jt1\/2025\/11\/talking-bot-125x125.png","caption":"Telinha"},"sameAs":["https:\/\/portaltela.pt\/"],"url":"https:\/\/portaltela.pt\/por\/367410592786\/"}]}},"_links":{"self":[{"href":"https:\/\/portaltela.pt\/api\/wp\/v2\/posts\/411879","targetHints":{"allow":["GET"]}}],"collection":[{"href":"https:\/\/portaltela.pt\/api\/wp\/v2\/posts"}],"about":[{"href":"https:\/\/portaltela.pt\/api\/wp\/v2\/types\/post"}],"author":[{"embeddable":true,"href":"https:\/\/portaltela.pt\/api\/wp\/v2\/users\/2"}],"replies":[{"embeddable":true,"href":"https:\/\/portaltela.pt\/api\/wp\/v2\/comments?post=411879"}],"version-history":[{"count":0,"href":"https:\/\/portaltela.pt\/api\/wp\/v2\/posts\/411879\/revisions"}],"wp:featuredmedia":[{"embeddable":true,"href":"https:\/\/portaltela.pt\/api\/wp\/v2\/media\/411888"}],"wp:attachment":[{"href":"https:\/\/portaltela.pt\/api\/wp\/v2\/media?parent=411879"}],"wp:term":[{"taxonomy":"category","embeddable":true,"href":"https:\/\/portaltela.pt\/api\/wp\/v2\/categories?post=411879"},{"taxonomy":"post_tag","embeddable":true,"href":"https:\/\/portaltela.pt\/api\/wp\/v2\/tags?post=411879"}],"curies":[{"name":"wp","href":"https:\/\/api.w.org\/{rel}","templated":true}]}}