{"id":411867,"date":"2026-03-16T09:05:00","date_gmt":"2026-03-16T12:05:00","guid":{"rendered":"https:\/\/portaltela.pt\/noticias\/2026\/03\/16\/ancelotti-escolhe-thiago-silva-para-equipa-de-sonho-do-brasil\/"},"modified":"2026-03-16T09:05:00","modified_gmt":"2026-03-16T12:05:00","slug":"ancelotti-escolhe-thiago-silva-para-equipa-de-sonho-do-brasil","status":"publish","type":"post","link":"https:\/\/portaltela.pt\/desporto\/futebol\/2026\/03\/16\/ancelotti-escolhe-thiago-silva-para-equipa-de-sonho-do-brasil\/","title":{"rendered":"Ancelotti escolhe Thiago Silva para equipa de sonho do Brasil"},"content":{"rendered":"<p>Carlo Ancelotti, treinador brasileiro, concedeu uma entrevista ao jornal espanhol Marca, onde comentou sobre o Real Madrid e revelou um novo desafio com a sele\u00e7\u00e3o canarinha. O t\u00e9cnico de 66 anos falou do passado no clube merengue, em duas passagens, ao longo de seis temporadas.<\/p>\n<p>Na conversa, Ancelotti foi desafiado a formar uma equipa 100% brasileira. O elenco imaginado por ele exp\u00f5e doze jogadores que cruzaram o seu caminho ao longo da carreira.<\/p>\n<h3>O onze dos sonhos e as escolhas<\/h3>\n<p>Entre os nomes sugeridos, est\u00e3o Dida na baliza, Cafu na direita e Marcelo na esquerda, com Thiago Silva ou Milit\u00e3o a formar dupla de centrais. No meio, Casemiro e Kak\u00e1 aparecem como refer\u00eancias, enquanto na frente surgem d\u00favidas entre Ronaldo, Rivaldo e Ronaldinho.<\/p>\n<p>Rodrygo surge como op\u00e7\u00e3o na direita, Vin\u00edcius j\u00fanior na esquerda, deixando a d\u00favida de quem ocuparia a posi\u00e7\u00e3o central no ataque. A sele\u00e7\u00e3o ideal, segundo Ancelotti, re\u00fane jogadores que j\u00e1 conviveram com ele no futebol mundial.<\/p>\n","protected":false},"excerpt":{"rendered":"<ul>\n<li>Carlo Ancelotti, selecionador brasileiro, concedeu entrevista ao jornal Marca e falou sobre o Real Madrid e o desafio com a sele\u00e7\u00e3o canarinha.<\/li>\n<li>O t\u00e9cnico, de 66 anos, foi desafiado a criar uma equipa s\u00f3 com jogadores brasileiros que cruzaram o seu caminho ao longo da carreira.<\/li>\n<li>O desenho do onze inclui Dida na baliza, Cafu na direita, Milit\u00e3o ou Thiago Silva como centrais e Marcelo na esquerda.<\/li>\n<li>No meio-campo, Ancelotti escolhe Casemiro e Kak\u00e1, com Rodrygo na direita e Vin\u00edcius pela esquerda.<\/li>\n<li>Na frente, h\u00e1 v\u00e1rias op\u00e7\u00f5es para o ataque, entre Ronaldo, Rivaldo e Ronaldinho, entre outros.<\/li>\n<\/ul>\n","protected":false},"author":2,"featured_media":411869,"comment_status":"closed","ping_status":"closed","sticky":false,"template":"","format":"standard","meta":{"footnotes":""},"categories":[21,24],"tags":[2547,7264,2454,3278,3037,2265],"class_list":["post-411867","post","type-post","status-publish","format-standard","has-post-thumbnail","hentry","category-desporto","category-futebol","tag-brasil","tag-cafu","tag-casemiro","tag-marcelo","tag-thiago-silva","tag-vinicius-junior"],"yoast_head":"<!-- This site is optimized with the Yoast SEO plugin v27.2 - https:\/\/yoast.com\/product\/yoast-seo-wordpress\/ -->\n<title>Ancelotti escolhe Thiago Silva para equipa de sonho do Brasil - Portal Tela Portugal<\/title>\n<meta name=\"robots\" content=\"index, follow, max-snippet:-1, max-image-preview:large, max-video-preview:-1\" \/>\n<meta property=\"og:locale\" content=\"pt_PT\" \/>\n<meta property=\"og:type\" content=\"article\" \/>\n<meta property=\"og:title\" content=\"Ancelotti escolhe Thiago Silva para equipa de sonho do Brasil - Portal Tela Portugal\" \/>\n<meta property=\"og:description\" content=\"Carlo Ancelotti, selecionador brasileiro, concedeu entrevista ao jornal Marca e falou sobre o Real Madrid e o desafio com a sele\u00e7\u00e3o canarinha. O t\u00e9cnico, de 66 anos, foi desafiado a criar uma equipa s\u00f3 com jogadores brasileiros que cruzaram o seu caminho ao longo da carreira. O desenho do onze inclui Dida na baliza, Cafu na direita, Milit\u00e3o ou Thiago Silva como centrais e Marcelo na esquerda. No meio-campo, Ancelotti escolhe Casemiro e Kak\u00e1, com Rodrygo na direita e Vin\u00edcius pela esquerda. Na frente, h\u00e1 v\u00e1rias op\u00e7\u00f5es para o ataque, entre Ronaldo, Rivaldo e Ronaldinho, entre outros.\" \/>\n<meta property=\"og:url\" content=\"https:\/\/portaltela.pt\/noticias\/2026\/03\/16\/ancelotti-escolhe-thiago-silva-para-equipa-de-sonho-do-brasil\/\" \/>\n<meta property=\"og:site_name\" content=\"Portal Tela Portugal\" \/>\n<meta property=\"article:published_time\" content=\"2026-03-16T12:05:00+00:00\" \/>\n<meta name=\"author\" content=\"Telinha\" \/>\n<meta name=\"twitter:card\" content=\"summary_large_image\" \/>\n<meta name=\"twitter:label1\" content=\"Escrito por\" \/>\n\t<meta name=\"twitter:data1\" content=\"Telinha\" \/>\n\t<meta name=\"twitter:label2\" content=\"Tempo estimado de leitura\" \/>\n\t<meta name=\"twitter:data2\" content=\"1 minuto\" \/>\n<script type=\"application\/ld+json\" class=\"yoast-schema-graph\">{\"@context\":\"https:\/\/schema.org\",\"@graph\":[{\"@type\":\"Article\",\"@id\":\"https:\/\/portaltela.pt\/noticias\/2026\/03\/16\/ancelotti-escolhe-thiago-silva-para-equipa-de-sonho-do-brasil\/#article\",\"isPartOf\":{\"@id\":\"https:\/\/portaltela.pt\/noticias\/2026\/03\/16\/ancelotti-escolhe-thiago-silva-para-equipa-de-sonho-do-brasil\/\"},\"author\":{\"name\":\"Telinha\",\"@id\":\"https:\/\/portaltela.pt\/#\/schema\/person\/c4278d4a6028830caff9ee44b42d32ed\"},\"headline\":\"Ancelotti escolhe Thiago Silva para equipa de sonho do Brasil\",\"datePublished\":\"2026-03-16T12:05:00+00:00\",\"mainEntityOfPage\":{\"@id\":\"https:\/\/portaltela.pt\/noticias\/2026\/03\/16\/ancelotti-escolhe-thiago-silva-para-equipa-de-sonho-do-brasil\/\"},\"wordCount\":181,\"image\":{\"@id\":\"https:\/\/portaltela.pt\/noticias\/2026\/03\/16\/ancelotti-escolhe-thiago-silva-para-equipa-de-sonho-do-brasil\/#primaryimage\"},\"thumbnailUrl\":\"https:\/\/portaltela.pt\/s.01k8rhncp4jt1\/2026\/03\/1683de71-e978-465a-a2b3-6916cc3c860f_1200x675.jpg\",\"keywords\":[\"Brasil\",\"Cafu\",\"Casemiro\",\"Marcelo\",\"Thiago Silva\",\"Vin\u00edcius J\u00fanior\"],\"articleSection\":[\"Desporto\",\"Futebol\"],\"inLanguage\":\"pt-PT\"},{\"@type\":\"WebPage\",\"@id\":\"https:\/\/portaltela.pt\/noticias\/2026\/03\/16\/ancelotti-escolhe-thiago-silva-para-equipa-de-sonho-do-brasil\/\",\"url\":\"https:\/\/portaltela.pt\/noticias\/2026\/03\/16\/ancelotti-escolhe-thiago-silva-para-equipa-de-sonho-do-brasil\/\",\"name\":\"Ancelotti escolhe Thiago Silva para equipa de sonho do Brasil - Portal Tela Portugal\",\"isPartOf\":{\"@id\":\"https:\/\/portaltela.pt\/#website\"},\"primaryImageOfPage\":{\"@id\":\"https:\/\/portaltela.pt\/noticias\/2026\/03\/16\/ancelotti-escolhe-thiago-silva-para-equipa-de-sonho-do-brasil\/#primaryimage\"},\"image\":{\"@id\":\"https:\/\/portaltela.pt\/noticias\/2026\/03\/16\/ancelotti-escolhe-thiago-silva-para-equipa-de-sonho-do-brasil\/#primaryimage\"},\"thumbnailUrl\":\"https:\/\/portaltela.pt\/s.01k8rhncp4jt1\/2026\/03\/1683de71-e978-465a-a2b3-6916cc3c860f_1200x675.jpg\",\"datePublished\":\"2026-03-16T12:05:00+00:00\",\"author\":{\"@id\":\"https:\/\/portaltela.pt\/#\/schema\/person\/c4278d4a6028830caff9ee44b42d32ed\"},\"breadcrumb\":{\"@id\":\"https:\/\/portaltela.pt\/noticias\/2026\/03\/16\/ancelotti-escolhe-thiago-silva-para-equipa-de-sonho-do-brasil\/#breadcrumb\"},\"inLanguage\":\"pt-PT\",\"potentialAction\":[{\"@type\":\"ReadAction\",\"target\":[\"https:\/\/portaltela.pt\/noticias\/2026\/03\/16\/ancelotti-escolhe-thiago-silva-para-equipa-de-sonho-do-brasil\/\"]}]},{\"@type\":\"ImageObject\",\"inLanguage\":\"pt-PT\",\"@id\":\"https:\/\/portaltela.pt\/noticias\/2026\/03\/16\/ancelotti-escolhe-thiago-silva-para-equipa-de-sonho-do-brasil\/#primaryimage\",\"url\":\"https:\/\/portaltela.pt\/s.01k8rhncp4jt1\/2026\/03\/1683de71-e978-465a-a2b3-6916cc3c860f_1200x675.jpg\",\"contentUrl\":\"https:\/\/portaltela.pt\/s.01k8rhncp4jt1\/2026\/03\/1683de71-e978-465a-a2b3-6916cc3c860f_1200x675.jpg\",\"width\":796,\"height\":448,\"caption\":\"Thiago Silva transferiu-se em janeiro para o F. C. Porto\"},{\"@type\":\"BreadcrumbList\",\"@id\":\"https:\/\/portaltela.pt\/noticias\/2026\/03\/16\/ancelotti-escolhe-thiago-silva-para-equipa-de-sonho-do-brasil\/#breadcrumb\",\"itemListElement\":[{\"@type\":\"ListItem\",\"position\":1,\"name\":\"In\u00edcio\",\"item\":\"https:\/\/portaltela.pt\/\"},{\"@type\":\"ListItem\",\"position\":2,\"name\":\"Ancelotti escolhe Thiago Silva para equipa de sonho do Brasil\"}]},{\"@type\":\"WebSite\",\"@id\":\"https:\/\/portaltela.pt\/#website\",\"url\":\"https:\/\/portaltela.pt\/\",\"name\":\"Portal Tela Portugal\",\"description\":\"\",\"potentialAction\":[{\"@type\":\"SearchAction\",\"target\":{\"@type\":\"EntryPoint\",\"urlTemplate\":\"https:\/\/portaltela.pt\/?s={search_term_string}\"},\"query-input\":{\"@type\":\"PropertyValueSpecification\",\"valueRequired\":true,\"valueName\":\"search_term_string\"}}],\"inLanguage\":\"pt-PT\"},{\"@type\":\"Person\",\"@id\":\"https:\/\/portaltela.pt\/#\/schema\/person\/c4278d4a6028830caff9ee44b42d32ed\",\"name\":\"Telinha\",\"image\":{\"@type\":\"ImageObject\",\"inLanguage\":\"pt-PT\",\"@id\":\"https:\/\/portaltela.pt\/s.01k8rhncp4jt1\/2025\/11\/talking-bot-125x125.png\",\"url\":\"https:\/\/portaltela.pt\/s.01k8rhncp4jt1\/2025\/11\/talking-bot-125x125.png\",\"contentUrl\":\"https:\/\/portaltela.pt\/s.01k8rhncp4jt1\/2025\/11\/talking-bot-125x125.png\",\"caption\":\"Telinha\"},\"sameAs\":[\"https:\/\/portaltela.pt\/\"],\"url\":\"https:\/\/portaltela.pt\/por\/367410592786\/\"}]}<\/script>\n<!-- \/ Yoast SEO plugin. -->","yoast_head_json":{"title":"Ancelotti escolhe Thiago Silva para equipa de sonho do Brasil - Portal Tela Portugal","robots":{"index":"index","follow":"follow","max-snippet":"max-snippet:-1","max-image-preview":"max-image-preview:large","max-video-preview":"max-video-preview:-1"},"og_locale":"pt_PT","og_type":"article","og_title":"Ancelotti escolhe Thiago Silva para equipa de sonho do Brasil - Portal Tela Portugal","og_description":"Carlo Ancelotti, selecionador brasileiro, concedeu entrevista ao jornal Marca e falou sobre o Real Madrid e o desafio com a sele\u00e7\u00e3o canarinha. O t\u00e9cnico, de 66 anos, foi desafiado a criar uma equipa s\u00f3 com jogadores brasileiros que cruzaram o seu caminho ao longo da carreira. O desenho do onze inclui Dida na baliza, Cafu na direita, Milit\u00e3o ou Thiago Silva como centrais e Marcelo na esquerda. No meio-campo, Ancelotti escolhe Casemiro e Kak\u00e1, com Rodrygo na direita e Vin\u00edcius pela esquerda. Na frente, h\u00e1 v\u00e1rias op\u00e7\u00f5es para o ataque, entre Ronaldo, Rivaldo e Ronaldinho, entre outros.","og_url":"https:\/\/portaltela.pt\/noticias\/2026\/03\/16\/ancelotti-escolhe-thiago-silva-para-equipa-de-sonho-do-brasil\/","og_site_name":"Portal Tela Portugal","article_published_time":"2026-03-16T12:05:00+00:00","author":"Telinha","twitter_card":"summary_large_image","twitter_misc":{"Escrito por":"Telinha","Tempo estimado de leitura":"1 minuto"},"schema":{"@context":"https:\/\/schema.org","@graph":[{"@type":"Article","@id":"https:\/\/portaltela.pt\/noticias\/2026\/03\/16\/ancelotti-escolhe-thiago-silva-para-equipa-de-sonho-do-brasil\/#article","isPartOf":{"@id":"https:\/\/portaltela.pt\/noticias\/2026\/03\/16\/ancelotti-escolhe-thiago-silva-para-equipa-de-sonho-do-brasil\/"},"author":{"name":"Telinha","@id":"https:\/\/portaltela.pt\/#\/schema\/person\/c4278d4a6028830caff9ee44b42d32ed"},"headline":"Ancelotti escolhe Thiago Silva para equipa de sonho do Brasil","datePublished":"2026-03-16T12:05:00+00:00","mainEntityOfPage":{"@id":"https:\/\/portaltela.pt\/noticias\/2026\/03\/16\/ancelotti-escolhe-thiago-silva-para-equipa-de-sonho-do-brasil\/"},"wordCount":181,"image":{"@id":"https:\/\/portaltela.pt\/noticias\/2026\/03\/16\/ancelotti-escolhe-thiago-silva-para-equipa-de-sonho-do-brasil\/#primaryimage"},"thumbnailUrl":"https:\/\/portaltela.pt\/s.01k8rhncp4jt1\/2026\/03\/1683de71-e978-465a-a2b3-6916cc3c860f_1200x675.jpg","keywords":["Brasil","Cafu","Casemiro","Marcelo","Thiago Silva","Vin\u00edcius J\u00fanior"],"articleSection":["Desporto","Futebol"],"inLanguage":"pt-PT"},{"@type":"WebPage","@id":"https:\/\/portaltela.pt\/noticias\/2026\/03\/16\/ancelotti-escolhe-thiago-silva-para-equipa-de-sonho-do-brasil\/","url":"https:\/\/portaltela.pt\/noticias\/2026\/03\/16\/ancelotti-escolhe-thiago-silva-para-equipa-de-sonho-do-brasil\/","name":"Ancelotti escolhe Thiago Silva para equipa de sonho do Brasil - Portal Tela Portugal","isPartOf":{"@id":"https:\/\/portaltela.pt\/#website"},"primaryImageOfPage":{"@id":"https:\/\/portaltela.pt\/noticias\/2026\/03\/16\/ancelotti-escolhe-thiago-silva-para-equipa-de-sonho-do-brasil\/#primaryimage"},"image":{"@id":"https:\/\/portaltela.pt\/noticias\/2026\/03\/16\/ancelotti-escolhe-thiago-silva-para-equipa-de-sonho-do-brasil\/#primaryimage"},"thumbnailUrl":"https:\/\/portaltela.pt\/s.01k8rhncp4jt1\/2026\/03\/1683de71-e978-465a-a2b3-6916cc3c860f_1200x675.jpg","datePublished":"2026-03-16T12:05:00+00:00","author":{"@id":"https:\/\/portaltela.pt\/#\/schema\/person\/c4278d4a6028830caff9ee44b42d32ed"},"breadcrumb":{"@id":"https:\/\/portaltela.pt\/noticias\/2026\/03\/16\/ancelotti-escolhe-thiago-silva-para-equipa-de-sonho-do-brasil\/#breadcrumb"},"inLanguage":"pt-PT","potentialAction":[{"@type":"ReadAction","target":["https:\/\/portaltela.pt\/noticias\/2026\/03\/16\/ancelotti-escolhe-thiago-silva-para-equipa-de-sonho-do-brasil\/"]}]},{"@type":"ImageObject","inLanguage":"pt-PT","@id":"https:\/\/portaltela.pt\/noticias\/2026\/03\/16\/ancelotti-escolhe-thiago-silva-para-equipa-de-sonho-do-brasil\/#primaryimage","url":"https:\/\/portaltela.pt\/s.01k8rhncp4jt1\/2026\/03\/1683de71-e978-465a-a2b3-6916cc3c860f_1200x675.jpg","contentUrl":"https:\/\/portaltela.pt\/s.01k8rhncp4jt1\/2026\/03\/1683de71-e978-465a-a2b3-6916cc3c860f_1200x675.jpg","width":796,"height":448,"caption":"Thiago Silva transferiu-se em janeiro para o F. C. Porto"},{"@type":"BreadcrumbList","@id":"https:\/\/portaltela.pt\/noticias\/2026\/03\/16\/ancelotti-escolhe-thiago-silva-para-equipa-de-sonho-do-brasil\/#breadcrumb","itemListElement":[{"@type":"ListItem","position":1,"name":"In\u00edcio","item":"https:\/\/portaltela.pt\/"},{"@type":"ListItem","position":2,"name":"Ancelotti escolhe Thiago Silva para equipa de sonho do Brasil"}]},{"@type":"WebSite","@id":"https:\/\/portaltela.pt\/#website","url":"https:\/\/portaltela.pt\/","name":"Portal Tela Portugal","description":"","potentialAction":[{"@type":"SearchAction","target":{"@type":"EntryPoint","urlTemplate":"https:\/\/portaltela.pt\/?s={search_term_string}"},"query-input":{"@type":"PropertyValueSpecification","valueRequired":true,"valueName":"search_term_string"}}],"inLanguage":"pt-PT"},{"@type":"Person","@id":"https:\/\/portaltela.pt\/#\/schema\/person\/c4278d4a6028830caff9ee44b42d32ed","name":"Telinha","image":{"@type":"ImageObject","inLanguage":"pt-PT","@id":"https:\/\/portaltela.pt\/s.01k8rhncp4jt1\/2025\/11\/talking-bot-125x125.png","url":"https:\/\/portaltela.pt\/s.01k8rhncp4jt1\/2025\/11\/talking-bot-125x125.png","contentUrl":"https:\/\/portaltela.pt\/s.01k8rhncp4jt1\/2025\/11\/talking-bot-125x125.png","caption":"Telinha"},"sameAs":["https:\/\/portaltela.pt\/"],"url":"https:\/\/portaltela.pt\/por\/367410592786\/"}]}},"_links":{"self":[{"href":"https:\/\/portaltela.pt\/api\/wp\/v2\/posts\/411867","targetHints":{"allow":["GET"]}}],"collection":[{"href":"https:\/\/portaltela.pt\/api\/wp\/v2\/posts"}],"about":[{"href":"https:\/\/portaltela.pt\/api\/wp\/v2\/types\/post"}],"author":[{"embeddable":true,"href":"https:\/\/portaltela.pt\/api\/wp\/v2\/users\/2"}],"replies":[{"embeddable":true,"href":"https:\/\/portaltela.pt\/api\/wp\/v2\/comments?post=411867"}],"version-history":[{"count":0,"href":"https:\/\/portaltela.pt\/api\/wp\/v2\/posts\/411867\/revisions"}],"wp:featuredmedia":[{"embeddable":true,"href":"https:\/\/portaltela.pt\/api\/wp\/v2\/media\/411869"}],"wp:attachment":[{"href":"https:\/\/portaltela.pt\/api\/wp\/v2\/media?parent=411867"}],"wp:term":[{"taxonomy":"category","embeddable":true,"href":"https:\/\/portaltela.pt\/api\/wp\/v2\/categories?post=411867"},{"taxonomy":"post_tag","embeddable":true,"href":"https:\/\/portaltela.pt\/api\/wp\/v2\/tags?post=411867"}],"curies":[{"name":"wp","href":"https:\/\/api.w.org\/{rel}","templated":true}]}}