{"id":411855,"date":"2026-03-16T08:47:00","date_gmt":"2026-03-16T11:47:00","guid":{"rendered":"https:\/\/portaltela.pt\/noticias\/2026\/03\/16\/netanyahu-ironiza-rumores-de-morte-em-video-com-frase-mortinho-por-um-cafe\/"},"modified":"2026-03-16T08:47:00","modified_gmt":"2026-03-16T11:47:00","slug":"netanyahu-ironiza-rumores-de-morte-em-video-com-frase-mortinho-por-um-cafe","status":"publish","type":"post","link":"https:\/\/portaltela.pt\/noticias\/internacional\/2026\/03\/16\/netanyahu-ironiza-rumores-de-morte-em-video-com-frase-mortinho-por-um-cafe\/","title":{"rendered":"Netanyahu ironiza rumores de morte em v\u00eddeo com frase Mortinho por um caf\u00e9"},"content":{"rendered":"<p>Benjamin Netanyahu recusou morrer<\/p>\n<p>O primeiro-ministro de Israel reagiu a boatos de que teria morrido durante o conflito no M\u00e9dio Oriente, partilhando um v\u00eddeo a beber caf\u00e9 em p\u00fablico. A publica\u00e7\u00e3o ocorreu na rede social X e visava afastar teorias de substitui\u00e7\u00e3o por IA.<\/p>\n<p>Conspira\u00e7\u00f5es e desmentidos<\/p>\n<p>Nas \u00faltimas semanas, circularam relatos de que Netanyahu teria morrido nos ataques em Teer\u00e3o e sido substitu\u00eddo por IA. As teorias foram alimentadas por mensagens de utilizadores e por figuras p\u00fablicas, incluindo Candace Owens, sem confirma\u00e7\u00e3o factual.<\/p>\n<p>V\u00eddeo que desencadeou a pol\u00e9mica<\/p>\n<p>Na sexta-feira, Netanyahu surge a falar ao p\u00fablico, em ambiente formal, sobre a guerra com o Ir\u00e3o. Um momento do v\u00eddeo gerou controv\u00e9rsia ao alegado surgimento de um sexto dedo na m\u00e3o do l\u00edder, interpreta\u00e7\u00e3o associada a deepfakes.<\/p>\n<p>Resposta do chefe de governo<\/p>\n<p>No domingo, Netanyahu publicou outro v\u00eddeo em Jerusal\u00e9m, a comprar um caf\u00e9. Afirmou estar bem de sa\u00fade, a brincar com as teorias da internet e a dizer que tem cinco dedos. O tom foi de ironia, sem romper com o estilo informativo.<\/p>\n<p>An\u00e1lise de especialistas e desmentidos<\/p>\n<p>Utilizadores recorreram \u00e0 IA da plataforma X, Grok, para classificar o conte\u00fado como deepfake. Entidades como a I24NEWS desmentiram as alega\u00e7\u00f5es de destrui\u00e7\u00e3o de Telavive, e a Reuters confirmou a localiza\u00e7\u00e3o do v\u00eddeo com base em imagens de arquivo do caf\u00e9.<\/p>\n<p>Verifica\u00e7\u00f5es de fonte e contexto<\/p>\n<p>Diversas fontes verificaram o arquivo de v\u00eddeo, incluindo imagens p\u00fablicas do caf\u00e9. A data de grava\u00e7\u00e3o foi respaldada por conte\u00fados de arquivo e publica\u00e7\u00f5es oficiais do estabelecimento, repetidas por v\u00e1rias redes sociais.<\/p>\n","protected":false},"excerpt":{"rendered":"<ul>\n<li>Surgiram teorias de conspira\u00e7\u00e3o de que o primeiro-ministro de Israel, Benjamin Netanyahu, morreu durante o conflito e foi substitu\u00eddo por IA, o que ele contestou com um v\u00eddeo a tomar caf\u00e9.<\/li>\n<li>Netanyahu publicou, na rede X, um v\u00eddeo dirigido ao povo israelita sobre a guerra com o Ir\u00e3o; f\u00e3s de teorias apontaram para um suposto sexto dedo numa das suas m\u00e3os, interpretado como ind\u00edcio de deepfake.<\/li>\n<li>Tamb\u00e9m circulou uma imagem de Netanyahu a sair dos escombros, mas foi descartada como IA; surgiram ainda alega\u00e7\u00f5es de que ele teria morrido em Teer\u00e3o, com censura alegada para evitar p\u00e2nico.<\/li>\n<li>Figuras p\u00fablicas, como Candace Owens, deram inputs que alimentaram a teoria, acusando o governo dos EUA de ocultar informa\u00e7\u00f5es sobre a situa\u00e7\u00e3o no Ir\u00e3o.<\/li>\n<li>Posteriormente, Netanyahu voltou a negar as teorias num v\u00eddeo em que aparece a comprar um caf\u00e9 em Jerusal\u00e9m, dizendo estar \u201cmortinho por um caf\u00e9\u201d e a mostrar os cinco dedos, mas a comunidade online continuou a analisar os conte\u00fados com ferramentas de IA; meios como I24NEWS e a Reuters verificaram imagens e datas, confirmando que o v\u00eddeo data de visita ao caf\u00e9.<\/li>\n<\/ul>\n","protected":false},"author":2,"featured_media":411864,"comment_status":"closed","ping_status":"closed","sticky":false,"template":"","format":"standard","meta":{"footnotes":""},"categories":[4,7127],"tags":[5655,5547,51,3708,5661,5698],"class_list":["post-411855","post","type-post","status-publish","format-standard","has-post-thumbnail","hentry","category-internacional","category-politica-internacional","tag-conspiracao","tag-informacao-internacional","tag-inteligencia-artificial","tag-israel","tag-pessoas-publicas","tag-politica-internacional"],"yoast_head":"<!-- This site is optimized with the Yoast SEO plugin v27.2 - https:\/\/yoast.com\/product\/yoast-seo-wordpress\/ -->\n<title>Netanyahu ironiza rumores de morte em v\u00eddeo com frase Mortinho por um caf\u00e9 - Portal Tela Portugal<\/title>\n<meta name=\"robots\" content=\"index, follow, max-snippet:-1, max-image-preview:large, max-video-preview:-1\" \/>\n<meta property=\"og:locale\" content=\"pt_PT\" \/>\n<meta property=\"og:type\" content=\"article\" \/>\n<meta property=\"og:title\" content=\"Netanyahu ironiza rumores de morte em v\u00eddeo com frase Mortinho por um caf\u00e9 - Portal Tela Portugal\" \/>\n<meta property=\"og:description\" content=\"Surgiram teorias de conspira\u00e7\u00e3o de que o primeiro-ministro de Israel, Benjamin Netanyahu, morreu durante o conflito e foi substitu\u00eddo por IA, o que ele contestou com um v\u00eddeo a tomar caf\u00e9. Netanyahu publicou, na rede X, um v\u00eddeo dirigido ao povo israelita sobre a guerra com o Ir\u00e3o; f\u00e3s de teorias apontaram para um suposto sexto dedo numa das suas m\u00e3os, interpretado como ind\u00edcio de deepfake. Tamb\u00e9m circulou uma imagem de Netanyahu a sair dos escombros, mas foi descartada como IA; surgiram ainda alega\u00e7\u00f5es de que ele teria morrido em Teer\u00e3o, com censura alegada para evitar p\u00e2nico. Figuras p\u00fablicas, como Candace Owens, deram inputs que alimentaram a teoria, acusando o governo dos EUA de ocultar informa\u00e7\u00f5es sobre a situa\u00e7\u00e3o no Ir\u00e3o. Posteriormente, Netanyahu voltou a negar as teorias num v\u00eddeo em que aparece a comprar um caf\u00e9 em Jerusal\u00e9m, dizendo estar \u201cmortinho por um caf\u00e9\u201d e a mostrar os cinco dedos, mas a comunidade online continuou a analisar os conte\u00fados com ferramentas de IA; meios como I24NEWS e a Reuters verificaram imagens e datas, confirmando que o v\u00eddeo data de visita ao caf\u00e9.\" \/>\n<meta property=\"og:url\" content=\"https:\/\/portaltela.pt\/noticias\/2026\/03\/16\/netanyahu-ironiza-rumores-de-morte-em-video-com-frase-mortinho-por-um-cafe\/\" \/>\n<meta property=\"og:site_name\" content=\"Portal Tela Portugal\" \/>\n<meta property=\"article:published_time\" content=\"2026-03-16T11:47:00+00:00\" \/>\n<meta name=\"author\" content=\"Telinha\" \/>\n<meta name=\"twitter:card\" content=\"summary_large_image\" \/>\n<meta name=\"twitter:label1\" content=\"Escrito por\" \/>\n\t<meta name=\"twitter:data1\" content=\"Telinha\" \/>\n\t<meta name=\"twitter:label2\" content=\"Tempo estimado de leitura\" \/>\n\t<meta name=\"twitter:data2\" content=\"1 minuto\" \/>\n<script type=\"application\/ld+json\" class=\"yoast-schema-graph\">{\"@context\":\"https:\/\/schema.org\",\"@graph\":[{\"@type\":\"Article\",\"@id\":\"https:\/\/portaltela.pt\/noticias\/2026\/03\/16\/netanyahu-ironiza-rumores-de-morte-em-video-com-frase-mortinho-por-um-cafe\/#article\",\"isPartOf\":{\"@id\":\"https:\/\/portaltela.pt\/noticias\/2026\/03\/16\/netanyahu-ironiza-rumores-de-morte-em-video-com-frase-mortinho-por-um-cafe\/\"},\"author\":{\"name\":\"Telinha\",\"@id\":\"https:\/\/portaltela.pt\/#\/schema\/person\/c4278d4a6028830caff9ee44b42d32ed\"},\"headline\":\"Netanyahu ironiza rumores de morte em v\u00eddeo com frase Mortinho por um caf\u00e9\",\"datePublished\":\"2026-03-16T11:47:00+00:00\",\"mainEntityOfPage\":{\"@id\":\"https:\/\/portaltela.pt\/noticias\/2026\/03\/16\/netanyahu-ironiza-rumores-de-morte-em-video-com-frase-mortinho-por-um-cafe\/\"},\"wordCount\":306,\"image\":{\"@id\":\"https:\/\/portaltela.pt\/noticias\/2026\/03\/16\/netanyahu-ironiza-rumores-de-morte-em-video-com-frase-mortinho-por-um-cafe\/#primaryimage\"},\"thumbnailUrl\":\"https:\/\/portaltela.pt\/s.01k8rhncp4jt1\/2026\/03\/image-1052.jpg\",\"keywords\":[\"conspira\u00e7\u00e3o\",\"informa\u00e7\u00e3o internacional\",\"intelig\u00eancia artificial\",\"Israel\",\"pessoas p\u00fablicas\",\"pol\u00edtica internacional\"],\"articleSection\":[\"Internacional\",\"Pol\u00edtica Internacional\"],\"inLanguage\":\"pt-PT\"},{\"@type\":\"WebPage\",\"@id\":\"https:\/\/portaltela.pt\/noticias\/2026\/03\/16\/netanyahu-ironiza-rumores-de-morte-em-video-com-frase-mortinho-por-um-cafe\/\",\"url\":\"https:\/\/portaltela.pt\/noticias\/2026\/03\/16\/netanyahu-ironiza-rumores-de-morte-em-video-com-frase-mortinho-por-um-cafe\/\",\"name\":\"Netanyahu ironiza rumores de morte em v\u00eddeo com frase Mortinho por um caf\u00e9 - Portal Tela Portugal\",\"isPartOf\":{\"@id\":\"https:\/\/portaltela.pt\/#website\"},\"primaryImageOfPage\":{\"@id\":\"https:\/\/portaltela.pt\/noticias\/2026\/03\/16\/netanyahu-ironiza-rumores-de-morte-em-video-com-frase-mortinho-por-um-cafe\/#primaryimage\"},\"image\":{\"@id\":\"https:\/\/portaltela.pt\/noticias\/2026\/03\/16\/netanyahu-ironiza-rumores-de-morte-em-video-com-frase-mortinho-por-um-cafe\/#primaryimage\"},\"thumbnailUrl\":\"https:\/\/portaltela.pt\/s.01k8rhncp4jt1\/2026\/03\/image-1052.jpg\",\"datePublished\":\"2026-03-16T11:47:00+00:00\",\"author\":{\"@id\":\"https:\/\/portaltela.pt\/#\/schema\/person\/c4278d4a6028830caff9ee44b42d32ed\"},\"breadcrumb\":{\"@id\":\"https:\/\/portaltela.pt\/noticias\/2026\/03\/16\/netanyahu-ironiza-rumores-de-morte-em-video-com-frase-mortinho-por-um-cafe\/#breadcrumb\"},\"inLanguage\":\"pt-PT\",\"potentialAction\":[{\"@type\":\"ReadAction\",\"target\":[\"https:\/\/portaltela.pt\/noticias\/2026\/03\/16\/netanyahu-ironiza-rumores-de-morte-em-video-com-frase-mortinho-por-um-cafe\/\"]}]},{\"@type\":\"ImageObject\",\"inLanguage\":\"pt-PT\",\"@id\":\"https:\/\/portaltela.pt\/noticias\/2026\/03\/16\/netanyahu-ironiza-rumores-de-morte-em-video-com-frase-mortinho-por-um-cafe\/#primaryimage\",\"url\":\"https:\/\/portaltela.pt\/s.01k8rhncp4jt1\/2026\/03\/image-1052.jpg\",\"contentUrl\":\"https:\/\/portaltela.pt\/s.01k8rhncp4jt1\/2026\/03\/image-1052.jpg\",\"width\":796,\"height\":448,\"caption\":\"Netanyahu partilhou v\u00eddeo no X a beber um caf\u00e9\"},{\"@type\":\"BreadcrumbList\",\"@id\":\"https:\/\/portaltela.pt\/noticias\/2026\/03\/16\/netanyahu-ironiza-rumores-de-morte-em-video-com-frase-mortinho-por-um-cafe\/#breadcrumb\",\"itemListElement\":[{\"@type\":\"ListItem\",\"position\":1,\"name\":\"In\u00edcio\",\"item\":\"https:\/\/portaltela.pt\/\"},{\"@type\":\"ListItem\",\"position\":2,\"name\":\"Netanyahu ironiza rumores de morte em v\u00eddeo com frase Mortinho por um caf\u00e9\"}]},{\"@type\":\"WebSite\",\"@id\":\"https:\/\/portaltela.pt\/#website\",\"url\":\"https:\/\/portaltela.pt\/\",\"name\":\"Portal Tela Portugal\",\"description\":\"\",\"potentialAction\":[{\"@type\":\"SearchAction\",\"target\":{\"@type\":\"EntryPoint\",\"urlTemplate\":\"https:\/\/portaltela.pt\/?s={search_term_string}\"},\"query-input\":{\"@type\":\"PropertyValueSpecification\",\"valueRequired\":true,\"valueName\":\"search_term_string\"}}],\"inLanguage\":\"pt-PT\"},{\"@type\":\"Person\",\"@id\":\"https:\/\/portaltela.pt\/#\/schema\/person\/c4278d4a6028830caff9ee44b42d32ed\",\"name\":\"Telinha\",\"image\":{\"@type\":\"ImageObject\",\"inLanguage\":\"pt-PT\",\"@id\":\"https:\/\/portaltela.pt\/s.01k8rhncp4jt1\/2025\/11\/talking-bot-125x125.png\",\"url\":\"https:\/\/portaltela.pt\/s.01k8rhncp4jt1\/2025\/11\/talking-bot-125x125.png\",\"contentUrl\":\"https:\/\/portaltela.pt\/s.01k8rhncp4jt1\/2025\/11\/talking-bot-125x125.png\",\"caption\":\"Telinha\"},\"sameAs\":[\"https:\/\/portaltela.pt\/\"],\"url\":\"https:\/\/portaltela.pt\/por\/367410592786\/\"}]}<\/script>\n<!-- \/ Yoast SEO plugin. -->","yoast_head_json":{"title":"Netanyahu ironiza rumores de morte em v\u00eddeo com frase Mortinho por um caf\u00e9 - Portal Tela Portugal","robots":{"index":"index","follow":"follow","max-snippet":"max-snippet:-1","max-image-preview":"max-image-preview:large","max-video-preview":"max-video-preview:-1"},"og_locale":"pt_PT","og_type":"article","og_title":"Netanyahu ironiza rumores de morte em v\u00eddeo com frase Mortinho por um caf\u00e9 - Portal Tela Portugal","og_description":"Surgiram teorias de conspira\u00e7\u00e3o de que o primeiro-ministro de Israel, Benjamin Netanyahu, morreu durante o conflito e foi substitu\u00eddo por IA, o que ele contestou com um v\u00eddeo a tomar caf\u00e9. Netanyahu publicou, na rede X, um v\u00eddeo dirigido ao povo israelita sobre a guerra com o Ir\u00e3o; f\u00e3s de teorias apontaram para um suposto sexto dedo numa das suas m\u00e3os, interpretado como ind\u00edcio de deepfake. Tamb\u00e9m circulou uma imagem de Netanyahu a sair dos escombros, mas foi descartada como IA; surgiram ainda alega\u00e7\u00f5es de que ele teria morrido em Teer\u00e3o, com censura alegada para evitar p\u00e2nico. Figuras p\u00fablicas, como Candace Owens, deram inputs que alimentaram a teoria, acusando o governo dos EUA de ocultar informa\u00e7\u00f5es sobre a situa\u00e7\u00e3o no Ir\u00e3o. Posteriormente, Netanyahu voltou a negar as teorias num v\u00eddeo em que aparece a comprar um caf\u00e9 em Jerusal\u00e9m, dizendo estar \u201cmortinho por um caf\u00e9\u201d e a mostrar os cinco dedos, mas a comunidade online continuou a analisar os conte\u00fados com ferramentas de IA; meios como I24NEWS e a Reuters verificaram imagens e datas, confirmando que o v\u00eddeo data de visita ao caf\u00e9.","og_url":"https:\/\/portaltela.pt\/noticias\/2026\/03\/16\/netanyahu-ironiza-rumores-de-morte-em-video-com-frase-mortinho-por-um-cafe\/","og_site_name":"Portal Tela Portugal","article_published_time":"2026-03-16T11:47:00+00:00","author":"Telinha","twitter_card":"summary_large_image","twitter_misc":{"Escrito por":"Telinha","Tempo estimado de leitura":"1 minuto"},"schema":{"@context":"https:\/\/schema.org","@graph":[{"@type":"Article","@id":"https:\/\/portaltela.pt\/noticias\/2026\/03\/16\/netanyahu-ironiza-rumores-de-morte-em-video-com-frase-mortinho-por-um-cafe\/#article","isPartOf":{"@id":"https:\/\/portaltela.pt\/noticias\/2026\/03\/16\/netanyahu-ironiza-rumores-de-morte-em-video-com-frase-mortinho-por-um-cafe\/"},"author":{"name":"Telinha","@id":"https:\/\/portaltela.pt\/#\/schema\/person\/c4278d4a6028830caff9ee44b42d32ed"},"headline":"Netanyahu ironiza rumores de morte em v\u00eddeo com frase Mortinho por um caf\u00e9","datePublished":"2026-03-16T11:47:00+00:00","mainEntityOfPage":{"@id":"https:\/\/portaltela.pt\/noticias\/2026\/03\/16\/netanyahu-ironiza-rumores-de-morte-em-video-com-frase-mortinho-por-um-cafe\/"},"wordCount":306,"image":{"@id":"https:\/\/portaltela.pt\/noticias\/2026\/03\/16\/netanyahu-ironiza-rumores-de-morte-em-video-com-frase-mortinho-por-um-cafe\/#primaryimage"},"thumbnailUrl":"https:\/\/portaltela.pt\/s.01k8rhncp4jt1\/2026\/03\/image-1052.jpg","keywords":["conspira\u00e7\u00e3o","informa\u00e7\u00e3o internacional","intelig\u00eancia artificial","Israel","pessoas p\u00fablicas","pol\u00edtica internacional"],"articleSection":["Internacional","Pol\u00edtica Internacional"],"inLanguage":"pt-PT"},{"@type":"WebPage","@id":"https:\/\/portaltela.pt\/noticias\/2026\/03\/16\/netanyahu-ironiza-rumores-de-morte-em-video-com-frase-mortinho-por-um-cafe\/","url":"https:\/\/portaltela.pt\/noticias\/2026\/03\/16\/netanyahu-ironiza-rumores-de-morte-em-video-com-frase-mortinho-por-um-cafe\/","name":"Netanyahu ironiza rumores de morte em v\u00eddeo com frase Mortinho por um caf\u00e9 - Portal Tela Portugal","isPartOf":{"@id":"https:\/\/portaltela.pt\/#website"},"primaryImageOfPage":{"@id":"https:\/\/portaltela.pt\/noticias\/2026\/03\/16\/netanyahu-ironiza-rumores-de-morte-em-video-com-frase-mortinho-por-um-cafe\/#primaryimage"},"image":{"@id":"https:\/\/portaltela.pt\/noticias\/2026\/03\/16\/netanyahu-ironiza-rumores-de-morte-em-video-com-frase-mortinho-por-um-cafe\/#primaryimage"},"thumbnailUrl":"https:\/\/portaltela.pt\/s.01k8rhncp4jt1\/2026\/03\/image-1052.jpg","datePublished":"2026-03-16T11:47:00+00:00","author":{"@id":"https:\/\/portaltela.pt\/#\/schema\/person\/c4278d4a6028830caff9ee44b42d32ed"},"breadcrumb":{"@id":"https:\/\/portaltela.pt\/noticias\/2026\/03\/16\/netanyahu-ironiza-rumores-de-morte-em-video-com-frase-mortinho-por-um-cafe\/#breadcrumb"},"inLanguage":"pt-PT","potentialAction":[{"@type":"ReadAction","target":["https:\/\/portaltela.pt\/noticias\/2026\/03\/16\/netanyahu-ironiza-rumores-de-morte-em-video-com-frase-mortinho-por-um-cafe\/"]}]},{"@type":"ImageObject","inLanguage":"pt-PT","@id":"https:\/\/portaltela.pt\/noticias\/2026\/03\/16\/netanyahu-ironiza-rumores-de-morte-em-video-com-frase-mortinho-por-um-cafe\/#primaryimage","url":"https:\/\/portaltela.pt\/s.01k8rhncp4jt1\/2026\/03\/image-1052.jpg","contentUrl":"https:\/\/portaltela.pt\/s.01k8rhncp4jt1\/2026\/03\/image-1052.jpg","width":796,"height":448,"caption":"Netanyahu partilhou v\u00eddeo no X a beber um caf\u00e9"},{"@type":"BreadcrumbList","@id":"https:\/\/portaltela.pt\/noticias\/2026\/03\/16\/netanyahu-ironiza-rumores-de-morte-em-video-com-frase-mortinho-por-um-cafe\/#breadcrumb","itemListElement":[{"@type":"ListItem","position":1,"name":"In\u00edcio","item":"https:\/\/portaltela.pt\/"},{"@type":"ListItem","position":2,"name":"Netanyahu ironiza rumores de morte em v\u00eddeo com frase Mortinho por um caf\u00e9"}]},{"@type":"WebSite","@id":"https:\/\/portaltela.pt\/#website","url":"https:\/\/portaltela.pt\/","name":"Portal Tela Portugal","description":"","potentialAction":[{"@type":"SearchAction","target":{"@type":"EntryPoint","urlTemplate":"https:\/\/portaltela.pt\/?s={search_term_string}"},"query-input":{"@type":"PropertyValueSpecification","valueRequired":true,"valueName":"search_term_string"}}],"inLanguage":"pt-PT"},{"@type":"Person","@id":"https:\/\/portaltela.pt\/#\/schema\/person\/c4278d4a6028830caff9ee44b42d32ed","name":"Telinha","image":{"@type":"ImageObject","inLanguage":"pt-PT","@id":"https:\/\/portaltela.pt\/s.01k8rhncp4jt1\/2025\/11\/talking-bot-125x125.png","url":"https:\/\/portaltela.pt\/s.01k8rhncp4jt1\/2025\/11\/talking-bot-125x125.png","contentUrl":"https:\/\/portaltela.pt\/s.01k8rhncp4jt1\/2025\/11\/talking-bot-125x125.png","caption":"Telinha"},"sameAs":["https:\/\/portaltela.pt\/"],"url":"https:\/\/portaltela.pt\/por\/367410592786\/"}]}},"_links":{"self":[{"href":"https:\/\/portaltela.pt\/api\/wp\/v2\/posts\/411855","targetHints":{"allow":["GET"]}}],"collection":[{"href":"https:\/\/portaltela.pt\/api\/wp\/v2\/posts"}],"about":[{"href":"https:\/\/portaltela.pt\/api\/wp\/v2\/types\/post"}],"author":[{"embeddable":true,"href":"https:\/\/portaltela.pt\/api\/wp\/v2\/users\/2"}],"replies":[{"embeddable":true,"href":"https:\/\/portaltela.pt\/api\/wp\/v2\/comments?post=411855"}],"version-history":[{"count":0,"href":"https:\/\/portaltela.pt\/api\/wp\/v2\/posts\/411855\/revisions"}],"wp:featuredmedia":[{"embeddable":true,"href":"https:\/\/portaltela.pt\/api\/wp\/v2\/media\/411864"}],"wp:attachment":[{"href":"https:\/\/portaltela.pt\/api\/wp\/v2\/media?parent=411855"}],"wp:term":[{"taxonomy":"category","embeddable":true,"href":"https:\/\/portaltela.pt\/api\/wp\/v2\/categories?post=411855"},{"taxonomy":"post_tag","embeddable":true,"href":"https:\/\/portaltela.pt\/api\/wp\/v2\/tags?post=411855"}],"curies":[{"name":"wp","href":"https:\/\/api.w.org\/{rel}","templated":true}]}}