{"id":411838,"date":"2026-03-16T08:31:00","date_gmt":"2026-03-16T11:31:00","guid":{"rendered":"https:\/\/portaltela.pt\/noticias\/2026\/03\/16\/oscares-paul-thomas-anderson-em-foco-surpresas-e-desilusoes\/"},"modified":"2026-03-16T08:31:00","modified_gmt":"2026-03-16T11:31:00","slug":"oscares-paul-thomas-anderson-em-foco-surpresas-e-desilusoes","status":"publish","type":"post","link":"https:\/\/portaltela.pt\/noticias\/2026\/03\/16\/oscares-paul-thomas-anderson-em-foco-surpresas-e-desilusoes\/","title":{"rendered":"\u00d3scares: Paul Thomas Anderson em foco, surpresas e desilus\u00f5es"},"content":{"rendered":"<p>Os \u00d3scares da 98.\u00aa edi\u00e7\u00e3o tiveram PTA como grande protagonista. O filme Batalha Atr\u00e1s de Batalha sagrou-se vencedor, arrecadando seis estatuetas douradas na noite de domingo, em Los Angeles. A cerim\u00f4nia premiou a obra como o grande destaque da noite, conforme an\u00e1lise de reportagem especializada.<\/p>\n<p>O que aconteceu: a produ\u00e7\u00e3o liderada por Paul Thomas Anderson dominou a lista de premiados, com seis categorias vencidas. Os galard\u00f5es consolidaram o projeto como o principal destaque do evento. A noite ficou marcada pela presen\u00e7a de v\u00e1rias surpresas e pelas leituras de desempenho distintas entre os indicados.<\/p>\n<p>Quem est\u00e1 envolvido: al\u00e9m de Paul Thomas Anderson, a equipa criativa e t\u00e9cnica da produ\u00e7\u00e3o foi reconhecida em m\u00faltiplas categorias. Pedro Henrique Miranda, jornalista da revista S\u00e1bado, acompanha o balan\u00e7o da cerim\u00f4nia e apresenta os resultados, o contexto e as rea\u00e7\u00f5es iniciais. O evento ocorreu neste domingo \u00e0 noite, no convencional cen\u00e1rio da premia\u00e7\u00e3o cinematogr\u00e1fica norte-americana, que funciona como term\u00f4metro do setor.<\/p>\n","protected":false},"excerpt":{"rendered":"<ul>\n<li>O jornalista Pedro Henrique Miranda, da revista S\u00e1bado, faz o balan\u00e7o da 98.\u00aa edi\u00e7\u00e3o dos \u00d3scares.<\/li>\n<li>A cerim\u00f3nia decorreu no domingo \u00e0 noite.<\/li>\n<li>O grande vencedor foi Batalha Atr\u00e1s de Batalha, de Paul Thomas Anderson, com seis estatuetas douradas.<\/li>\n<li>O texto destaca surpresas e desilus\u00f5es observadas na noite.<\/li>\n<li>O resumo baseia-se na cobertura do jornalista sobre os principais acontecimentos e resultados.<\/li>\n<\/ul>\n","protected":false},"author":2,"featured_media":411845,"comment_status":"closed","ping_status":"closed","sticky":false,"template":"","format":"standard","meta":{"footnotes":""},"categories":[1],"tags":[4949,112,7040,5242,6906,3430],"class_list":["post-411838","post","type-post","status-publish","format-standard","has-post-thumbnail","hentry","category-noticias","tag-batalha","tag-cinema","tag-cinema-internacional","tag-filmes","tag-los-angeles","tag-oscares"],"yoast_head":"<!-- This site is optimized with the Yoast SEO plugin v27.2 - https:\/\/yoast.com\/product\/yoast-seo-wordpress\/ -->\n<title>\u00d3scares: Paul Thomas Anderson em foco, surpresas e desilus\u00f5es - Portal Tela Portugal<\/title>\n<meta name=\"robots\" content=\"index, follow, max-snippet:-1, max-image-preview:large, max-video-preview:-1\" \/>\n<meta property=\"og:locale\" content=\"pt_PT\" \/>\n<meta property=\"og:type\" content=\"article\" \/>\n<meta property=\"og:title\" content=\"\u00d3scares: Paul Thomas Anderson em foco, surpresas e desilus\u00f5es - Portal Tela Portugal\" \/>\n<meta property=\"og:description\" content=\"O jornalista Pedro Henrique Miranda, da revista S\u00e1bado, faz o balan\u00e7o da 98.\u00aa edi\u00e7\u00e3o dos \u00d3scares. A cerim\u00f3nia decorreu no domingo \u00e0 noite. O grande vencedor foi Batalha Atr\u00e1s de Batalha, de Paul Thomas Anderson, com seis estatuetas douradas. O texto destaca surpresas e desilus\u00f5es observadas na noite. O resumo baseia-se na cobertura do jornalista sobre os principais acontecimentos e resultados.\" \/>\n<meta property=\"og:url\" content=\"https:\/\/portaltela.pt\/noticias\/2026\/03\/16\/oscares-paul-thomas-anderson-em-foco-surpresas-e-desilusoes\/\" \/>\n<meta property=\"og:site_name\" content=\"Portal Tela Portugal\" \/>\n<meta property=\"article:published_time\" content=\"2026-03-16T11:31:00+00:00\" \/>\n<meta name=\"author\" content=\"Telinha\" \/>\n<meta name=\"twitter:card\" content=\"summary_large_image\" \/>\n<meta name=\"twitter:label1\" content=\"Escrito por\" \/>\n\t<meta name=\"twitter:data1\" content=\"Telinha\" \/>\n\t<meta name=\"twitter:label2\" content=\"Tempo estimado de leitura\" \/>\n\t<meta name=\"twitter:data2\" content=\"1 minuto\" \/>\n<script type=\"application\/ld+json\" class=\"yoast-schema-graph\">{\"@context\":\"https:\/\/schema.org\",\"@graph\":[{\"@type\":\"Article\",\"@id\":\"https:\/\/portaltela.pt\/noticias\/2026\/03\/16\/oscares-paul-thomas-anderson-em-foco-surpresas-e-desilusoes\/#article\",\"isPartOf\":{\"@id\":\"https:\/\/portaltela.pt\/noticias\/2026\/03\/16\/oscares-paul-thomas-anderson-em-foco-surpresas-e-desilusoes\/\"},\"author\":{\"name\":\"Telinha\",\"@id\":\"https:\/\/portaltela.pt\/#\/schema\/person\/c4278d4a6028830caff9ee44b42d32ed\"},\"headline\":\"\u00d3scares: Paul Thomas Anderson em foco, surpresas e desilus\u00f5es\",\"datePublished\":\"2026-03-16T11:31:00+00:00\",\"mainEntityOfPage\":{\"@id\":\"https:\/\/portaltela.pt\/noticias\/2026\/03\/16\/oscares-paul-thomas-anderson-em-foco-surpresas-e-desilusoes\/\"},\"wordCount\":183,\"image\":{\"@id\":\"https:\/\/portaltela.pt\/noticias\/2026\/03\/16\/oscares-paul-thomas-anderson-em-foco-surpresas-e-desilusoes\/#primaryimage\"},\"thumbnailUrl\":\"https:\/\/portaltela.pt\/s.01k8rhncp4jt1\/2026\/03\/img_1200x721uu2026-03-16-11-24-10-2427363.jpg\",\"keywords\":[\"Batalha\",\"cinema\",\"cinema internacional\",\"filmes\",\"Los Angeles\",\"\u00d3scares\"],\"articleSection\":[\"Not\u00edcias\"],\"inLanguage\":\"pt-PT\"},{\"@type\":\"WebPage\",\"@id\":\"https:\/\/portaltela.pt\/noticias\/2026\/03\/16\/oscares-paul-thomas-anderson-em-foco-surpresas-e-desilusoes\/\",\"url\":\"https:\/\/portaltela.pt\/noticias\/2026\/03\/16\/oscares-paul-thomas-anderson-em-foco-surpresas-e-desilusoes\/\",\"name\":\"\u00d3scares: Paul Thomas Anderson em foco, surpresas e desilus\u00f5es - Portal Tela Portugal\",\"isPartOf\":{\"@id\":\"https:\/\/portaltela.pt\/#website\"},\"primaryImageOfPage\":{\"@id\":\"https:\/\/portaltela.pt\/noticias\/2026\/03\/16\/oscares-paul-thomas-anderson-em-foco-surpresas-e-desilusoes\/#primaryimage\"},\"image\":{\"@id\":\"https:\/\/portaltela.pt\/noticias\/2026\/03\/16\/oscares-paul-thomas-anderson-em-foco-surpresas-e-desilusoes\/#primaryimage\"},\"thumbnailUrl\":\"https:\/\/portaltela.pt\/s.01k8rhncp4jt1\/2026\/03\/img_1200x721uu2026-03-16-11-24-10-2427363.jpg\",\"datePublished\":\"2026-03-16T11:31:00+00:00\",\"author\":{\"@id\":\"https:\/\/portaltela.pt\/#\/schema\/person\/c4278d4a6028830caff9ee44b42d32ed\"},\"breadcrumb\":{\"@id\":\"https:\/\/portaltela.pt\/noticias\/2026\/03\/16\/oscares-paul-thomas-anderson-em-foco-surpresas-e-desilusoes\/#breadcrumb\"},\"inLanguage\":\"pt-PT\",\"potentialAction\":[{\"@type\":\"ReadAction\",\"target\":[\"https:\/\/portaltela.pt\/noticias\/2026\/03\/16\/oscares-paul-thomas-anderson-em-foco-surpresas-e-desilusoes\/\"]}]},{\"@type\":\"ImageObject\",\"inLanguage\":\"pt-PT\",\"@id\":\"https:\/\/portaltela.pt\/noticias\/2026\/03\/16\/oscares-paul-thomas-anderson-em-foco-surpresas-e-desilusoes\/#primaryimage\",\"url\":\"https:\/\/portaltela.pt\/s.01k8rhncp4jt1\/2026\/03\/img_1200x721uu2026-03-16-11-24-10-2427363.jpg\",\"contentUrl\":\"https:\/\/portaltela.pt\/s.01k8rhncp4jt1\/2026\/03\/img_1200x721uu2026-03-16-11-24-10-2427363.jpg\",\"width\":796,\"height\":448,\"caption\":\"Photo\"},{\"@type\":\"BreadcrumbList\",\"@id\":\"https:\/\/portaltela.pt\/noticias\/2026\/03\/16\/oscares-paul-thomas-anderson-em-foco-surpresas-e-desilusoes\/#breadcrumb\",\"itemListElement\":[{\"@type\":\"ListItem\",\"position\":1,\"name\":\"In\u00edcio\",\"item\":\"https:\/\/portaltela.pt\/\"},{\"@type\":\"ListItem\",\"position\":2,\"name\":\"\u00d3scares: Paul Thomas Anderson em foco, surpresas e desilus\u00f5es\"}]},{\"@type\":\"WebSite\",\"@id\":\"https:\/\/portaltela.pt\/#website\",\"url\":\"https:\/\/portaltela.pt\/\",\"name\":\"Portal Tela Portugal\",\"description\":\"\",\"potentialAction\":[{\"@type\":\"SearchAction\",\"target\":{\"@type\":\"EntryPoint\",\"urlTemplate\":\"https:\/\/portaltela.pt\/?s={search_term_string}\"},\"query-input\":{\"@type\":\"PropertyValueSpecification\",\"valueRequired\":true,\"valueName\":\"search_term_string\"}}],\"inLanguage\":\"pt-PT\"},{\"@type\":\"Person\",\"@id\":\"https:\/\/portaltela.pt\/#\/schema\/person\/c4278d4a6028830caff9ee44b42d32ed\",\"name\":\"Telinha\",\"image\":{\"@type\":\"ImageObject\",\"inLanguage\":\"pt-PT\",\"@id\":\"https:\/\/portaltela.pt\/s.01k8rhncp4jt1\/2025\/11\/talking-bot-125x125.png\",\"url\":\"https:\/\/portaltela.pt\/s.01k8rhncp4jt1\/2025\/11\/talking-bot-125x125.png\",\"contentUrl\":\"https:\/\/portaltela.pt\/s.01k8rhncp4jt1\/2025\/11\/talking-bot-125x125.png\",\"caption\":\"Telinha\"},\"sameAs\":[\"https:\/\/portaltela.pt\/\"],\"url\":\"https:\/\/portaltela.pt\/por\/367410592786\/\"}]}<\/script>\n<!-- \/ Yoast SEO plugin. -->","yoast_head_json":{"title":"\u00d3scares: Paul Thomas Anderson em foco, surpresas e desilus\u00f5es - Portal Tela Portugal","robots":{"index":"index","follow":"follow","max-snippet":"max-snippet:-1","max-image-preview":"max-image-preview:large","max-video-preview":"max-video-preview:-1"},"og_locale":"pt_PT","og_type":"article","og_title":"\u00d3scares: Paul Thomas Anderson em foco, surpresas e desilus\u00f5es - Portal Tela Portugal","og_description":"O jornalista Pedro Henrique Miranda, da revista S\u00e1bado, faz o balan\u00e7o da 98.\u00aa edi\u00e7\u00e3o dos \u00d3scares. A cerim\u00f3nia decorreu no domingo \u00e0 noite. O grande vencedor foi Batalha Atr\u00e1s de Batalha, de Paul Thomas Anderson, com seis estatuetas douradas. O texto destaca surpresas e desilus\u00f5es observadas na noite. O resumo baseia-se na cobertura do jornalista sobre os principais acontecimentos e resultados.","og_url":"https:\/\/portaltela.pt\/noticias\/2026\/03\/16\/oscares-paul-thomas-anderson-em-foco-surpresas-e-desilusoes\/","og_site_name":"Portal Tela Portugal","article_published_time":"2026-03-16T11:31:00+00:00","author":"Telinha","twitter_card":"summary_large_image","twitter_misc":{"Escrito por":"Telinha","Tempo estimado de leitura":"1 minuto"},"schema":{"@context":"https:\/\/schema.org","@graph":[{"@type":"Article","@id":"https:\/\/portaltela.pt\/noticias\/2026\/03\/16\/oscares-paul-thomas-anderson-em-foco-surpresas-e-desilusoes\/#article","isPartOf":{"@id":"https:\/\/portaltela.pt\/noticias\/2026\/03\/16\/oscares-paul-thomas-anderson-em-foco-surpresas-e-desilusoes\/"},"author":{"name":"Telinha","@id":"https:\/\/portaltela.pt\/#\/schema\/person\/c4278d4a6028830caff9ee44b42d32ed"},"headline":"\u00d3scares: Paul Thomas Anderson em foco, surpresas e desilus\u00f5es","datePublished":"2026-03-16T11:31:00+00:00","mainEntityOfPage":{"@id":"https:\/\/portaltela.pt\/noticias\/2026\/03\/16\/oscares-paul-thomas-anderson-em-foco-surpresas-e-desilusoes\/"},"wordCount":183,"image":{"@id":"https:\/\/portaltela.pt\/noticias\/2026\/03\/16\/oscares-paul-thomas-anderson-em-foco-surpresas-e-desilusoes\/#primaryimage"},"thumbnailUrl":"https:\/\/portaltela.pt\/s.01k8rhncp4jt1\/2026\/03\/img_1200x721uu2026-03-16-11-24-10-2427363.jpg","keywords":["Batalha","cinema","cinema internacional","filmes","Los Angeles","\u00d3scares"],"articleSection":["Not\u00edcias"],"inLanguage":"pt-PT"},{"@type":"WebPage","@id":"https:\/\/portaltela.pt\/noticias\/2026\/03\/16\/oscares-paul-thomas-anderson-em-foco-surpresas-e-desilusoes\/","url":"https:\/\/portaltela.pt\/noticias\/2026\/03\/16\/oscares-paul-thomas-anderson-em-foco-surpresas-e-desilusoes\/","name":"\u00d3scares: Paul Thomas Anderson em foco, surpresas e desilus\u00f5es - Portal Tela Portugal","isPartOf":{"@id":"https:\/\/portaltela.pt\/#website"},"primaryImageOfPage":{"@id":"https:\/\/portaltela.pt\/noticias\/2026\/03\/16\/oscares-paul-thomas-anderson-em-foco-surpresas-e-desilusoes\/#primaryimage"},"image":{"@id":"https:\/\/portaltela.pt\/noticias\/2026\/03\/16\/oscares-paul-thomas-anderson-em-foco-surpresas-e-desilusoes\/#primaryimage"},"thumbnailUrl":"https:\/\/portaltela.pt\/s.01k8rhncp4jt1\/2026\/03\/img_1200x721uu2026-03-16-11-24-10-2427363.jpg","datePublished":"2026-03-16T11:31:00+00:00","author":{"@id":"https:\/\/portaltela.pt\/#\/schema\/person\/c4278d4a6028830caff9ee44b42d32ed"},"breadcrumb":{"@id":"https:\/\/portaltela.pt\/noticias\/2026\/03\/16\/oscares-paul-thomas-anderson-em-foco-surpresas-e-desilusoes\/#breadcrumb"},"inLanguage":"pt-PT","potentialAction":[{"@type":"ReadAction","target":["https:\/\/portaltela.pt\/noticias\/2026\/03\/16\/oscares-paul-thomas-anderson-em-foco-surpresas-e-desilusoes\/"]}]},{"@type":"ImageObject","inLanguage":"pt-PT","@id":"https:\/\/portaltela.pt\/noticias\/2026\/03\/16\/oscares-paul-thomas-anderson-em-foco-surpresas-e-desilusoes\/#primaryimage","url":"https:\/\/portaltela.pt\/s.01k8rhncp4jt1\/2026\/03\/img_1200x721uu2026-03-16-11-24-10-2427363.jpg","contentUrl":"https:\/\/portaltela.pt\/s.01k8rhncp4jt1\/2026\/03\/img_1200x721uu2026-03-16-11-24-10-2427363.jpg","width":796,"height":448,"caption":"Photo"},{"@type":"BreadcrumbList","@id":"https:\/\/portaltela.pt\/noticias\/2026\/03\/16\/oscares-paul-thomas-anderson-em-foco-surpresas-e-desilusoes\/#breadcrumb","itemListElement":[{"@type":"ListItem","position":1,"name":"In\u00edcio","item":"https:\/\/portaltela.pt\/"},{"@type":"ListItem","position":2,"name":"\u00d3scares: Paul Thomas Anderson em foco, surpresas e desilus\u00f5es"}]},{"@type":"WebSite","@id":"https:\/\/portaltela.pt\/#website","url":"https:\/\/portaltela.pt\/","name":"Portal Tela Portugal","description":"","potentialAction":[{"@type":"SearchAction","target":{"@type":"EntryPoint","urlTemplate":"https:\/\/portaltela.pt\/?s={search_term_string}"},"query-input":{"@type":"PropertyValueSpecification","valueRequired":true,"valueName":"search_term_string"}}],"inLanguage":"pt-PT"},{"@type":"Person","@id":"https:\/\/portaltela.pt\/#\/schema\/person\/c4278d4a6028830caff9ee44b42d32ed","name":"Telinha","image":{"@type":"ImageObject","inLanguage":"pt-PT","@id":"https:\/\/portaltela.pt\/s.01k8rhncp4jt1\/2025\/11\/talking-bot-125x125.png","url":"https:\/\/portaltela.pt\/s.01k8rhncp4jt1\/2025\/11\/talking-bot-125x125.png","contentUrl":"https:\/\/portaltela.pt\/s.01k8rhncp4jt1\/2025\/11\/talking-bot-125x125.png","caption":"Telinha"},"sameAs":["https:\/\/portaltela.pt\/"],"url":"https:\/\/portaltela.pt\/por\/367410592786\/"}]}},"_links":{"self":[{"href":"https:\/\/portaltela.pt\/api\/wp\/v2\/posts\/411838","targetHints":{"allow":["GET"]}}],"collection":[{"href":"https:\/\/portaltela.pt\/api\/wp\/v2\/posts"}],"about":[{"href":"https:\/\/portaltela.pt\/api\/wp\/v2\/types\/post"}],"author":[{"embeddable":true,"href":"https:\/\/portaltela.pt\/api\/wp\/v2\/users\/2"}],"replies":[{"embeddable":true,"href":"https:\/\/portaltela.pt\/api\/wp\/v2\/comments?post=411838"}],"version-history":[{"count":0,"href":"https:\/\/portaltela.pt\/api\/wp\/v2\/posts\/411838\/revisions"}],"wp:featuredmedia":[{"embeddable":true,"href":"https:\/\/portaltela.pt\/api\/wp\/v2\/media\/411845"}],"wp:attachment":[{"href":"https:\/\/portaltela.pt\/api\/wp\/v2\/media?parent=411838"}],"wp:term":[{"taxonomy":"category","embeddable":true,"href":"https:\/\/portaltela.pt\/api\/wp\/v2\/categories?post=411838"},{"taxonomy":"post_tag","embeddable":true,"href":"https:\/\/portaltela.pt\/api\/wp\/v2\/tags?post=411838"}],"curies":[{"name":"wp","href":"https:\/\/api.w.org\/{rel}","templated":true}]}}