{"id":411833,"date":"2026-03-16T07:32:00","date_gmt":"2026-03-16T10:32:00","guid":{"rendered":"https:\/\/portaltela.pt\/noticias\/2026\/03\/16\/elena-rybakina-sobe-ao-numero-dois-do-tenis-mundial\/"},"modified":"2026-03-16T07:32:00","modified_gmt":"2026-03-16T10:32:00","slug":"elena-rybakina-sobe-ao-numero-dois-do-tenis-mundial","status":"publish","type":"post","link":"https:\/\/portaltela.pt\/desporto\/futebol\/2026\/03\/16\/elena-rybakina-sobe-ao-numero-dois-do-tenis-mundial\/","title":{"rendered":"Elena Rybakina sobe ao n\u00famero dois do t\u00e9nis mundial"},"content":{"rendered":"<p>Elena Rybakina subiu ao segundo lugar do ranking mundial de t\u00e9nis, hoje anunciado pela atualiza\u00e7\u00e3o oficial, com Aryna Sabalenka a manter a lideran\u00e7a. A jogadora cazaque ascende ap\u00f3s os resultados recentes, colocando-se imediatamente atr\u00e1s da n\u00famero 1.<\/p>\n<p>No lado masculino, Nuno Borges caiu para a 50.\u00aa posi\u00e7\u00e3o, refletindo a atualiza\u00e7\u00e3o de pontos do ranking. Henrique Rocha, por seu turno, registou uma subida de quase 40 lugares, acompanhando a movimenta\u00e7\u00e3o nacional.<\/p>\n<p>A mudan\u00e7a no top 2 feminino e no top 50 masculino resulta da reavalia\u00e7\u00e3o de pontos de competi\u00e7\u00e3o, com impactos diretos na classifica\u00e7\u00e3o global. As altera\u00e7\u00f5es entraram em vigor na edi\u00e7\u00e3o mais recente do ranking mundial.<\/p>\n","protected":false},"excerpt":{"rendered":"<ul>\n<li>Elena Rybakina ascendeu ao segundo lugar do ranking mundial de t\u00e9nis, com Aryna Sabalenka na lideran\u00e7a.<\/li>\n<li>Aryna Sabalenka mant\u00e9m a primeira posi\u00e7\u00e3o no ranking feminino.<\/li>\n<li>Nuno Borges caiu para o 50.\u00ba posto no ranking masculino.<\/li>\n<li>Henrique Rocha subiu quase quarenta posi\u00e7\u00f5es na hierarquia masculina.<\/li>\n<\/ul>\n","protected":false},"author":2,"featured_media":411843,"comment_status":"closed","ping_status":"closed","sticky":false,"template":"","format":"standard","meta":{"footnotes":""},"categories":[21,24],"tags":[4449,3866,1242,2873,6610,94],"class_list":["post-411833","post","type-post","status-publish","format-standard","has-post-thumbnail","hentry","category-desporto","category-futebol","tag-aryna-sabalenka","tag-elena-rybakina","tag-feminino","tag-nuno-borges","tag-ranking-internacional","tag-tenis"],"yoast_head":"<!-- This site is optimized with the Yoast SEO plugin v27.2 - https:\/\/yoast.com\/product\/yoast-seo-wordpress\/ -->\n<title>Elena Rybakina sobe ao n\u00famero dois do t\u00e9nis mundial - Portal Tela Portugal<\/title>\n<meta name=\"robots\" content=\"index, follow, max-snippet:-1, max-image-preview:large, max-video-preview:-1\" \/>\n<meta property=\"og:locale\" content=\"pt_PT\" \/>\n<meta property=\"og:type\" content=\"article\" \/>\n<meta property=\"og:title\" content=\"Elena Rybakina sobe ao n\u00famero dois do t\u00e9nis mundial - Portal Tela Portugal\" \/>\n<meta property=\"og:description\" content=\"Elena Rybakina ascendeu ao segundo lugar do ranking mundial de t\u00e9nis, com Aryna Sabalenka na lideran\u00e7a. Aryna Sabalenka mant\u00e9m a primeira posi\u00e7\u00e3o no ranking feminino. Nuno Borges caiu para o 50.\u00ba posto no ranking masculino. Henrique Rocha subiu quase quarenta posi\u00e7\u00f5es na hierarquia masculina.\" \/>\n<meta property=\"og:url\" content=\"https:\/\/portaltela.pt\/noticias\/2026\/03\/16\/elena-rybakina-sobe-ao-numero-dois-do-tenis-mundial\/\" \/>\n<meta property=\"og:site_name\" content=\"Portal Tela Portugal\" \/>\n<meta property=\"article:published_time\" content=\"2026-03-16T10:32:00+00:00\" \/>\n<meta name=\"author\" content=\"Telinha\" \/>\n<meta name=\"twitter:card\" content=\"summary_large_image\" \/>\n<meta name=\"twitter:label1\" content=\"Escrito por\" \/>\n\t<meta name=\"twitter:data1\" content=\"Telinha\" \/>\n\t<meta name=\"twitter:label2\" content=\"Tempo estimado de leitura\" \/>\n\t<meta name=\"twitter:data2\" content=\"1 minuto\" \/>\n<script type=\"application\/ld+json\" class=\"yoast-schema-graph\">{\"@context\":\"https:\/\/schema.org\",\"@graph\":[{\"@type\":\"Article\",\"@id\":\"https:\/\/portaltela.pt\/noticias\/2026\/03\/16\/elena-rybakina-sobe-ao-numero-dois-do-tenis-mundial\/#article\",\"isPartOf\":{\"@id\":\"https:\/\/portaltela.pt\/noticias\/2026\/03\/16\/elena-rybakina-sobe-ao-numero-dois-do-tenis-mundial\/\"},\"author\":{\"name\":\"Telinha\",\"@id\":\"https:\/\/portaltela.pt\/#\/schema\/person\/c4278d4a6028830caff9ee44b42d32ed\"},\"headline\":\"Elena Rybakina sobe ao n\u00famero dois do t\u00e9nis mundial\",\"datePublished\":\"2026-03-16T10:32:00+00:00\",\"mainEntityOfPage\":{\"@id\":\"https:\/\/portaltela.pt\/noticias\/2026\/03\/16\/elena-rybakina-sobe-ao-numero-dois-do-tenis-mundial\/\"},\"wordCount\":127,\"image\":{\"@id\":\"https:\/\/portaltela.pt\/noticias\/2026\/03\/16\/elena-rybakina-sobe-ao-numero-dois-do-tenis-mundial\/#primaryimage\"},\"thumbnailUrl\":\"https:\/\/portaltela.pt\/s.01k8rhncp4jt1\/2026\/03\/CACHE_780X1200_ANALOG_WATERMARKED_46761972_400257424012077.jpg\",\"keywords\":[\"Aryna Sabalenka\",\"Elena Rybakina\",\"feminino\",\"Nuno Borges\",\"ranking internacional\",\"t\u00eanis\"],\"articleSection\":[\"Desporto\",\"Futebol\"],\"inLanguage\":\"pt-PT\"},{\"@type\":\"WebPage\",\"@id\":\"https:\/\/portaltela.pt\/noticias\/2026\/03\/16\/elena-rybakina-sobe-ao-numero-dois-do-tenis-mundial\/\",\"url\":\"https:\/\/portaltela.pt\/noticias\/2026\/03\/16\/elena-rybakina-sobe-ao-numero-dois-do-tenis-mundial\/\",\"name\":\"Elena Rybakina sobe ao n\u00famero dois do t\u00e9nis mundial - Portal Tela Portugal\",\"isPartOf\":{\"@id\":\"https:\/\/portaltela.pt\/#website\"},\"primaryImageOfPage\":{\"@id\":\"https:\/\/portaltela.pt\/noticias\/2026\/03\/16\/elena-rybakina-sobe-ao-numero-dois-do-tenis-mundial\/#primaryimage\"},\"image\":{\"@id\":\"https:\/\/portaltela.pt\/noticias\/2026\/03\/16\/elena-rybakina-sobe-ao-numero-dois-do-tenis-mundial\/#primaryimage\"},\"thumbnailUrl\":\"https:\/\/portaltela.pt\/s.01k8rhncp4jt1\/2026\/03\/CACHE_780X1200_ANALOG_WATERMARKED_46761972_400257424012077.jpg\",\"datePublished\":\"2026-03-16T10:32:00+00:00\",\"author\":{\"@id\":\"https:\/\/portaltela.pt\/#\/schema\/person\/c4278d4a6028830caff9ee44b42d32ed\"},\"breadcrumb\":{\"@id\":\"https:\/\/portaltela.pt\/noticias\/2026\/03\/16\/elena-rybakina-sobe-ao-numero-dois-do-tenis-mundial\/#breadcrumb\"},\"inLanguage\":\"pt-PT\",\"potentialAction\":[{\"@type\":\"ReadAction\",\"target\":[\"https:\/\/portaltela.pt\/noticias\/2026\/03\/16\/elena-rybakina-sobe-ao-numero-dois-do-tenis-mundial\/\"]}]},{\"@type\":\"ImageObject\",\"inLanguage\":\"pt-PT\",\"@id\":\"https:\/\/portaltela.pt\/noticias\/2026\/03\/16\/elena-rybakina-sobe-ao-numero-dois-do-tenis-mundial\/#primaryimage\",\"url\":\"https:\/\/portaltela.pt\/s.01k8rhncp4jt1\/2026\/03\/CACHE_780X1200_ANALOG_WATERMARKED_46761972_400257424012077.jpg\",\"contentUrl\":\"https:\/\/portaltela.pt\/s.01k8rhncp4jt1\/2026\/03\/CACHE_780X1200_ANALOG_WATERMARKED_46761972_400257424012077.jpg\",\"width\":796,\"height\":448,\"caption\":\"Photo\"},{\"@type\":\"BreadcrumbList\",\"@id\":\"https:\/\/portaltela.pt\/noticias\/2026\/03\/16\/elena-rybakina-sobe-ao-numero-dois-do-tenis-mundial\/#breadcrumb\",\"itemListElement\":[{\"@type\":\"ListItem\",\"position\":1,\"name\":\"In\u00edcio\",\"item\":\"https:\/\/portaltela.pt\/\"},{\"@type\":\"ListItem\",\"position\":2,\"name\":\"Elena Rybakina sobe ao n\u00famero dois do t\u00e9nis mundial\"}]},{\"@type\":\"WebSite\",\"@id\":\"https:\/\/portaltela.pt\/#website\",\"url\":\"https:\/\/portaltela.pt\/\",\"name\":\"Portal Tela Portugal\",\"description\":\"\",\"potentialAction\":[{\"@type\":\"SearchAction\",\"target\":{\"@type\":\"EntryPoint\",\"urlTemplate\":\"https:\/\/portaltela.pt\/?s={search_term_string}\"},\"query-input\":{\"@type\":\"PropertyValueSpecification\",\"valueRequired\":true,\"valueName\":\"search_term_string\"}}],\"inLanguage\":\"pt-PT\"},{\"@type\":\"Person\",\"@id\":\"https:\/\/portaltela.pt\/#\/schema\/person\/c4278d4a6028830caff9ee44b42d32ed\",\"name\":\"Telinha\",\"image\":{\"@type\":\"ImageObject\",\"inLanguage\":\"pt-PT\",\"@id\":\"https:\/\/portaltela.pt\/s.01k8rhncp4jt1\/2025\/11\/talking-bot-125x125.png\",\"url\":\"https:\/\/portaltela.pt\/s.01k8rhncp4jt1\/2025\/11\/talking-bot-125x125.png\",\"contentUrl\":\"https:\/\/portaltela.pt\/s.01k8rhncp4jt1\/2025\/11\/talking-bot-125x125.png\",\"caption\":\"Telinha\"},\"sameAs\":[\"https:\/\/portaltela.pt\/\"],\"url\":\"https:\/\/portaltela.pt\/por\/367410592786\/\"}]}<\/script>\n<!-- \/ Yoast SEO plugin. -->","yoast_head_json":{"title":"Elena Rybakina sobe ao n\u00famero dois do t\u00e9nis mundial - Portal Tela Portugal","robots":{"index":"index","follow":"follow","max-snippet":"max-snippet:-1","max-image-preview":"max-image-preview:large","max-video-preview":"max-video-preview:-1"},"og_locale":"pt_PT","og_type":"article","og_title":"Elena Rybakina sobe ao n\u00famero dois do t\u00e9nis mundial - Portal Tela Portugal","og_description":"Elena Rybakina ascendeu ao segundo lugar do ranking mundial de t\u00e9nis, com Aryna Sabalenka na lideran\u00e7a. Aryna Sabalenka mant\u00e9m a primeira posi\u00e7\u00e3o no ranking feminino. Nuno Borges caiu para o 50.\u00ba posto no ranking masculino. Henrique Rocha subiu quase quarenta posi\u00e7\u00f5es na hierarquia masculina.","og_url":"https:\/\/portaltela.pt\/noticias\/2026\/03\/16\/elena-rybakina-sobe-ao-numero-dois-do-tenis-mundial\/","og_site_name":"Portal Tela Portugal","article_published_time":"2026-03-16T10:32:00+00:00","author":"Telinha","twitter_card":"summary_large_image","twitter_misc":{"Escrito por":"Telinha","Tempo estimado de leitura":"1 minuto"},"schema":{"@context":"https:\/\/schema.org","@graph":[{"@type":"Article","@id":"https:\/\/portaltela.pt\/noticias\/2026\/03\/16\/elena-rybakina-sobe-ao-numero-dois-do-tenis-mundial\/#article","isPartOf":{"@id":"https:\/\/portaltela.pt\/noticias\/2026\/03\/16\/elena-rybakina-sobe-ao-numero-dois-do-tenis-mundial\/"},"author":{"name":"Telinha","@id":"https:\/\/portaltela.pt\/#\/schema\/person\/c4278d4a6028830caff9ee44b42d32ed"},"headline":"Elena Rybakina sobe ao n\u00famero dois do t\u00e9nis mundial","datePublished":"2026-03-16T10:32:00+00:00","mainEntityOfPage":{"@id":"https:\/\/portaltela.pt\/noticias\/2026\/03\/16\/elena-rybakina-sobe-ao-numero-dois-do-tenis-mundial\/"},"wordCount":127,"image":{"@id":"https:\/\/portaltela.pt\/noticias\/2026\/03\/16\/elena-rybakina-sobe-ao-numero-dois-do-tenis-mundial\/#primaryimage"},"thumbnailUrl":"https:\/\/portaltela.pt\/s.01k8rhncp4jt1\/2026\/03\/CACHE_780X1200_ANALOG_WATERMARKED_46761972_400257424012077.jpg","keywords":["Aryna Sabalenka","Elena Rybakina","feminino","Nuno Borges","ranking internacional","t\u00eanis"],"articleSection":["Desporto","Futebol"],"inLanguage":"pt-PT"},{"@type":"WebPage","@id":"https:\/\/portaltela.pt\/noticias\/2026\/03\/16\/elena-rybakina-sobe-ao-numero-dois-do-tenis-mundial\/","url":"https:\/\/portaltela.pt\/noticias\/2026\/03\/16\/elena-rybakina-sobe-ao-numero-dois-do-tenis-mundial\/","name":"Elena Rybakina sobe ao n\u00famero dois do t\u00e9nis mundial - Portal Tela Portugal","isPartOf":{"@id":"https:\/\/portaltela.pt\/#website"},"primaryImageOfPage":{"@id":"https:\/\/portaltela.pt\/noticias\/2026\/03\/16\/elena-rybakina-sobe-ao-numero-dois-do-tenis-mundial\/#primaryimage"},"image":{"@id":"https:\/\/portaltela.pt\/noticias\/2026\/03\/16\/elena-rybakina-sobe-ao-numero-dois-do-tenis-mundial\/#primaryimage"},"thumbnailUrl":"https:\/\/portaltela.pt\/s.01k8rhncp4jt1\/2026\/03\/CACHE_780X1200_ANALOG_WATERMARKED_46761972_400257424012077.jpg","datePublished":"2026-03-16T10:32:00+00:00","author":{"@id":"https:\/\/portaltela.pt\/#\/schema\/person\/c4278d4a6028830caff9ee44b42d32ed"},"breadcrumb":{"@id":"https:\/\/portaltela.pt\/noticias\/2026\/03\/16\/elena-rybakina-sobe-ao-numero-dois-do-tenis-mundial\/#breadcrumb"},"inLanguage":"pt-PT","potentialAction":[{"@type":"ReadAction","target":["https:\/\/portaltela.pt\/noticias\/2026\/03\/16\/elena-rybakina-sobe-ao-numero-dois-do-tenis-mundial\/"]}]},{"@type":"ImageObject","inLanguage":"pt-PT","@id":"https:\/\/portaltela.pt\/noticias\/2026\/03\/16\/elena-rybakina-sobe-ao-numero-dois-do-tenis-mundial\/#primaryimage","url":"https:\/\/portaltela.pt\/s.01k8rhncp4jt1\/2026\/03\/CACHE_780X1200_ANALOG_WATERMARKED_46761972_400257424012077.jpg","contentUrl":"https:\/\/portaltela.pt\/s.01k8rhncp4jt1\/2026\/03\/CACHE_780X1200_ANALOG_WATERMARKED_46761972_400257424012077.jpg","width":796,"height":448,"caption":"Photo"},{"@type":"BreadcrumbList","@id":"https:\/\/portaltela.pt\/noticias\/2026\/03\/16\/elena-rybakina-sobe-ao-numero-dois-do-tenis-mundial\/#breadcrumb","itemListElement":[{"@type":"ListItem","position":1,"name":"In\u00edcio","item":"https:\/\/portaltela.pt\/"},{"@type":"ListItem","position":2,"name":"Elena Rybakina sobe ao n\u00famero dois do t\u00e9nis mundial"}]},{"@type":"WebSite","@id":"https:\/\/portaltela.pt\/#website","url":"https:\/\/portaltela.pt\/","name":"Portal Tela Portugal","description":"","potentialAction":[{"@type":"SearchAction","target":{"@type":"EntryPoint","urlTemplate":"https:\/\/portaltela.pt\/?s={search_term_string}"},"query-input":{"@type":"PropertyValueSpecification","valueRequired":true,"valueName":"search_term_string"}}],"inLanguage":"pt-PT"},{"@type":"Person","@id":"https:\/\/portaltela.pt\/#\/schema\/person\/c4278d4a6028830caff9ee44b42d32ed","name":"Telinha","image":{"@type":"ImageObject","inLanguage":"pt-PT","@id":"https:\/\/portaltela.pt\/s.01k8rhncp4jt1\/2025\/11\/talking-bot-125x125.png","url":"https:\/\/portaltela.pt\/s.01k8rhncp4jt1\/2025\/11\/talking-bot-125x125.png","contentUrl":"https:\/\/portaltela.pt\/s.01k8rhncp4jt1\/2025\/11\/talking-bot-125x125.png","caption":"Telinha"},"sameAs":["https:\/\/portaltela.pt\/"],"url":"https:\/\/portaltela.pt\/por\/367410592786\/"}]}},"_links":{"self":[{"href":"https:\/\/portaltela.pt\/api\/wp\/v2\/posts\/411833","targetHints":{"allow":["GET"]}}],"collection":[{"href":"https:\/\/portaltela.pt\/api\/wp\/v2\/posts"}],"about":[{"href":"https:\/\/portaltela.pt\/api\/wp\/v2\/types\/post"}],"author":[{"embeddable":true,"href":"https:\/\/portaltela.pt\/api\/wp\/v2\/users\/2"}],"replies":[{"embeddable":true,"href":"https:\/\/portaltela.pt\/api\/wp\/v2\/comments?post=411833"}],"version-history":[{"count":0,"href":"https:\/\/portaltela.pt\/api\/wp\/v2\/posts\/411833\/revisions"}],"wp:featuredmedia":[{"embeddable":true,"href":"https:\/\/portaltela.pt\/api\/wp\/v2\/media\/411843"}],"wp:attachment":[{"href":"https:\/\/portaltela.pt\/api\/wp\/v2\/media?parent=411833"}],"wp:term":[{"taxonomy":"category","embeddable":true,"href":"https:\/\/portaltela.pt\/api\/wp\/v2\/categories?post=411833"},{"taxonomy":"post_tag","embeddable":true,"href":"https:\/\/portaltela.pt\/api\/wp\/v2\/tags?post=411833"}],"curies":[{"name":"wp","href":"https:\/\/api.w.org\/{rel}","templated":true}]}}