{"id":411827,"date":"2026-03-16T08:31:00","date_gmt":"2026-03-16T11:31:00","guid":{"rendered":"https:\/\/portaltela.pt\/noticias\/2026\/03\/16\/guitarra-flamenca-de-yerai-cortes-acompanha-musica-de-fundo\/"},"modified":"2026-03-16T08:31:00","modified_gmt":"2026-03-16T11:31:00","slug":"guitarra-flamenca-de-yerai-cortes-acompanha-musica-de-fundo","status":"publish","type":"post","link":"https:\/\/portaltela.pt\/noticias\/2026\/03\/16\/guitarra-flamenca-de-yerai-cortes-acompanha-musica-de-fundo\/","title":{"rendered":"Guitarra flamenca de Yerai Cort\u00e9s acompanha m\u00fasica de fundo"},"content":{"rendered":"<p>A guitarra flamenca de Yerai Cort\u00e9s destacou-se num concerto de C. Tangana em Lisboa, em 2022. O espet\u00e1culo acompanhava a digress\u00e3o do \u00e1lbum El madrile\u00f1o, entre m\u00fasicos no palco que lembravam um caf\u00e9 cantante ao estilo de Almod\u00f3var.<\/p>\n<p>Yerai Cort\u00e9s, jovem guitarrista, apareceu entre Ni\u00f1o del Elche e outros artistas de refer\u00eancia. O seu momento no palco ajudou a redefinir o flamenco, em parceria com core\u00f3grafos, bailaores e uma audi\u00eancia de f\u00e3s.<\/p>\n<p>O encontro em Lisboa ocorreu numa data da digress\u00e3o, com a banda e suporte t\u00e9cnico a manterem a produ\u00e7\u00e3o em linha com o conceito do concerto. Cort\u00e9s foi progressivamente integrado ao leque de colaboradores.<\/p>\n<h3>Descri\u00e7\u00e3o do papel de Cort\u00e9s<\/h3>\n<p>O texto ressalta a participa\u00e7\u00e3o de Cort\u00e9s na celebra\u00e7\u00e3o do flamenco contempor\u00e2neo, evidenciando a fus\u00e3o de tradi\u00e7\u00e3o com novas dire\u00e7\u00f5es musicais. O foco permanece na import\u00e2ncia do guitarrista dentro do elenco presente.<\/p>\n","protected":false},"excerpt":{"rendered":"<ul>\n<li>No concerto em Lisboa, em 2022, ligado \u00e0 digress\u00e3o de El madrile\u00f1o, Yerai Cort\u00e9s destacou-se como guitarrista flamenco.<\/li>\n<li>Estava sentado ao lado de Ni\u00f1o del Elche, entre a banda de m\u00fasicos no palco.<\/li>\n<li>A atua\u00e7\u00e3o foi descrita como memor\u00e1vel, com o palco a parecer um caf\u00e9 cantante ao estilo de Almod\u00f4var.<\/li>\n<li>Yerai Cort\u00e9s acabou por juntar-se ao leque de m\u00fasicos, core\u00f3grafos e bailaores que t\u00eamressignificado o flamenco nos \u00faltimos anos.<\/li>\n<\/ul>\n","protected":false},"author":2,"featured_media":411829,"comment_status":"closed","ping_status":"closed","sticky":false,"template":"","format":"standard","meta":{"footnotes":""},"categories":[6676,1],"tags":[5627,4892,2189,981,122,1014],"class_list":["post-411827","post","type-post","status-publish","format-standard","has-post-thumbnail","hentry","category-musica","category-noticias","tag-a-guitarra","tag-conciertos","tag-espana","tag-lisboa","tag-musica","tag-portugal"],"yoast_head":"<!-- This site is optimized with the Yoast SEO plugin v27.2 - https:\/\/yoast.com\/product\/yoast-seo-wordpress\/ -->\n<title>Guitarra flamenca de Yerai Cort\u00e9s acompanha m\u00fasica de fundo - Portal Tela Portugal<\/title>\n<meta name=\"robots\" content=\"index, follow, max-snippet:-1, max-image-preview:large, max-video-preview:-1\" \/>\n<meta property=\"og:locale\" content=\"pt_PT\" \/>\n<meta property=\"og:type\" content=\"article\" \/>\n<meta property=\"og:title\" content=\"Guitarra flamenca de Yerai Cort\u00e9s acompanha m\u00fasica de fundo - Portal Tela Portugal\" \/>\n<meta property=\"og:description\" content=\"No concerto em Lisboa, em 2022, ligado \u00e0 digress\u00e3o de El madrile\u00f1o, Yerai Cort\u00e9s destacou-se como guitarrista flamenco. Estava sentado ao lado de Ni\u00f1o del Elche, entre a banda de m\u00fasicos no palco. A atua\u00e7\u00e3o foi descrita como memor\u00e1vel, com o palco a parecer um caf\u00e9 cantante ao estilo de Almod\u00f4var. Yerai Cort\u00e9s acabou por juntar-se ao leque de m\u00fasicos, core\u00f3grafos e bailaores que t\u00eamressignificado o flamenco nos \u00faltimos anos.\" \/>\n<meta property=\"og:url\" content=\"https:\/\/portaltela.pt\/noticias\/2026\/03\/16\/guitarra-flamenca-de-yerai-cortes-acompanha-musica-de-fundo\/\" \/>\n<meta property=\"og:site_name\" content=\"Portal Tela Portugal\" \/>\n<meta property=\"article:published_time\" content=\"2026-03-16T11:31:00+00:00\" \/>\n<meta name=\"author\" content=\"Telinha\" \/>\n<meta name=\"twitter:card\" content=\"summary_large_image\" \/>\n<meta name=\"twitter:label1\" content=\"Escrito por\" \/>\n\t<meta name=\"twitter:data1\" content=\"Telinha\" \/>\n\t<meta name=\"twitter:label2\" content=\"Tempo estimado de leitura\" \/>\n\t<meta name=\"twitter:data2\" content=\"1 minuto\" \/>\n<script type=\"application\/ld+json\" class=\"yoast-schema-graph\">{\"@context\":\"https:\/\/schema.org\",\"@graph\":[{\"@type\":\"Article\",\"@id\":\"https:\/\/portaltela.pt\/noticias\/2026\/03\/16\/guitarra-flamenca-de-yerai-cortes-acompanha-musica-de-fundo\/#article\",\"isPartOf\":{\"@id\":\"https:\/\/portaltela.pt\/noticias\/2026\/03\/16\/guitarra-flamenca-de-yerai-cortes-acompanha-musica-de-fundo\/\"},\"author\":{\"name\":\"Telinha\",\"@id\":\"https:\/\/portaltela.pt\/#\/schema\/person\/c4278d4a6028830caff9ee44b42d32ed\"},\"headline\":\"Guitarra flamenca de Yerai Cort\u00e9s acompanha m\u00fasica de fundo\",\"datePublished\":\"2026-03-16T11:31:00+00:00\",\"mainEntityOfPage\":{\"@id\":\"https:\/\/portaltela.pt\/noticias\/2026\/03\/16\/guitarra-flamenca-de-yerai-cortes-acompanha-musica-de-fundo\/\"},\"wordCount\":179,\"image\":{\"@id\":\"https:\/\/portaltela.pt\/noticias\/2026\/03\/16\/guitarra-flamenca-de-yerai-cortes-acompanha-musica-de-fundo\/#primaryimage\"},\"thumbnailUrl\":\"https:\/\/portaltela.pt\/s.01k8rhncp4jt1\/2026\/03\/2072859.jpg\",\"keywords\":[\"a guitarra\",\"conciertos\",\"Espa\u00f1a\",\"Lisboa\",\"m\u00fasica\",\"Portugal\"],\"articleSection\":[\"M\u00fasica\",\"Not\u00edcias\"],\"inLanguage\":\"pt-PT\"},{\"@type\":\"WebPage\",\"@id\":\"https:\/\/portaltela.pt\/noticias\/2026\/03\/16\/guitarra-flamenca-de-yerai-cortes-acompanha-musica-de-fundo\/\",\"url\":\"https:\/\/portaltela.pt\/noticias\/2026\/03\/16\/guitarra-flamenca-de-yerai-cortes-acompanha-musica-de-fundo\/\",\"name\":\"Guitarra flamenca de Yerai Cort\u00e9s acompanha m\u00fasica de fundo - Portal Tela Portugal\",\"isPartOf\":{\"@id\":\"https:\/\/portaltela.pt\/#website\"},\"primaryImageOfPage\":{\"@id\":\"https:\/\/portaltela.pt\/noticias\/2026\/03\/16\/guitarra-flamenca-de-yerai-cortes-acompanha-musica-de-fundo\/#primaryimage\"},\"image\":{\"@id\":\"https:\/\/portaltela.pt\/noticias\/2026\/03\/16\/guitarra-flamenca-de-yerai-cortes-acompanha-musica-de-fundo\/#primaryimage\"},\"thumbnailUrl\":\"https:\/\/portaltela.pt\/s.01k8rhncp4jt1\/2026\/03\/2072859.jpg\",\"datePublished\":\"2026-03-16T11:31:00+00:00\",\"author\":{\"@id\":\"https:\/\/portaltela.pt\/#\/schema\/person\/c4278d4a6028830caff9ee44b42d32ed\"},\"breadcrumb\":{\"@id\":\"https:\/\/portaltela.pt\/noticias\/2026\/03\/16\/guitarra-flamenca-de-yerai-cortes-acompanha-musica-de-fundo\/#breadcrumb\"},\"inLanguage\":\"pt-PT\",\"potentialAction\":[{\"@type\":\"ReadAction\",\"target\":[\"https:\/\/portaltela.pt\/noticias\/2026\/03\/16\/guitarra-flamenca-de-yerai-cortes-acompanha-musica-de-fundo\/\"]}]},{\"@type\":\"ImageObject\",\"inLanguage\":\"pt-PT\",\"@id\":\"https:\/\/portaltela.pt\/noticias\/2026\/03\/16\/guitarra-flamenca-de-yerai-cortes-acompanha-musica-de-fundo\/#primaryimage\",\"url\":\"https:\/\/portaltela.pt\/s.01k8rhncp4jt1\/2026\/03\/2072859.jpg\",\"contentUrl\":\"https:\/\/portaltela.pt\/s.01k8rhncp4jt1\/2026\/03\/2072859.jpg\",\"width\":796,\"height\":448,\"caption\":\"O flamenco de Yerai Cort\u00e9s vai da dor mais profunda \u00e0 alegria mais explosiva\"},{\"@type\":\"BreadcrumbList\",\"@id\":\"https:\/\/portaltela.pt\/noticias\/2026\/03\/16\/guitarra-flamenca-de-yerai-cortes-acompanha-musica-de-fundo\/#breadcrumb\",\"itemListElement\":[{\"@type\":\"ListItem\",\"position\":1,\"name\":\"In\u00edcio\",\"item\":\"https:\/\/portaltela.pt\/\"},{\"@type\":\"ListItem\",\"position\":2,\"name\":\"Guitarra flamenca de Yerai Cort\u00e9s acompanha m\u00fasica de fundo\"}]},{\"@type\":\"WebSite\",\"@id\":\"https:\/\/portaltela.pt\/#website\",\"url\":\"https:\/\/portaltela.pt\/\",\"name\":\"Portal Tela Portugal\",\"description\":\"\",\"potentialAction\":[{\"@type\":\"SearchAction\",\"target\":{\"@type\":\"EntryPoint\",\"urlTemplate\":\"https:\/\/portaltela.pt\/?s={search_term_string}\"},\"query-input\":{\"@type\":\"PropertyValueSpecification\",\"valueRequired\":true,\"valueName\":\"search_term_string\"}}],\"inLanguage\":\"pt-PT\"},{\"@type\":\"Person\",\"@id\":\"https:\/\/portaltela.pt\/#\/schema\/person\/c4278d4a6028830caff9ee44b42d32ed\",\"name\":\"Telinha\",\"image\":{\"@type\":\"ImageObject\",\"inLanguage\":\"pt-PT\",\"@id\":\"https:\/\/portaltela.pt\/s.01k8rhncp4jt1\/2025\/11\/talking-bot-125x125.png\",\"url\":\"https:\/\/portaltela.pt\/s.01k8rhncp4jt1\/2025\/11\/talking-bot-125x125.png\",\"contentUrl\":\"https:\/\/portaltela.pt\/s.01k8rhncp4jt1\/2025\/11\/talking-bot-125x125.png\",\"caption\":\"Telinha\"},\"sameAs\":[\"https:\/\/portaltela.pt\/\"],\"url\":\"https:\/\/portaltela.pt\/por\/367410592786\/\"}]}<\/script>\n<!-- \/ Yoast SEO plugin. -->","yoast_head_json":{"title":"Guitarra flamenca de Yerai Cort\u00e9s acompanha m\u00fasica de fundo - Portal Tela Portugal","robots":{"index":"index","follow":"follow","max-snippet":"max-snippet:-1","max-image-preview":"max-image-preview:large","max-video-preview":"max-video-preview:-1"},"og_locale":"pt_PT","og_type":"article","og_title":"Guitarra flamenca de Yerai Cort\u00e9s acompanha m\u00fasica de fundo - Portal Tela Portugal","og_description":"No concerto em Lisboa, em 2022, ligado \u00e0 digress\u00e3o de El madrile\u00f1o, Yerai Cort\u00e9s destacou-se como guitarrista flamenco. Estava sentado ao lado de Ni\u00f1o del Elche, entre a banda de m\u00fasicos no palco. A atua\u00e7\u00e3o foi descrita como memor\u00e1vel, com o palco a parecer um caf\u00e9 cantante ao estilo de Almod\u00f4var. Yerai Cort\u00e9s acabou por juntar-se ao leque de m\u00fasicos, core\u00f3grafos e bailaores que t\u00eamressignificado o flamenco nos \u00faltimos anos.","og_url":"https:\/\/portaltela.pt\/noticias\/2026\/03\/16\/guitarra-flamenca-de-yerai-cortes-acompanha-musica-de-fundo\/","og_site_name":"Portal Tela Portugal","article_published_time":"2026-03-16T11:31:00+00:00","author":"Telinha","twitter_card":"summary_large_image","twitter_misc":{"Escrito por":"Telinha","Tempo estimado de leitura":"1 minuto"},"schema":{"@context":"https:\/\/schema.org","@graph":[{"@type":"Article","@id":"https:\/\/portaltela.pt\/noticias\/2026\/03\/16\/guitarra-flamenca-de-yerai-cortes-acompanha-musica-de-fundo\/#article","isPartOf":{"@id":"https:\/\/portaltela.pt\/noticias\/2026\/03\/16\/guitarra-flamenca-de-yerai-cortes-acompanha-musica-de-fundo\/"},"author":{"name":"Telinha","@id":"https:\/\/portaltela.pt\/#\/schema\/person\/c4278d4a6028830caff9ee44b42d32ed"},"headline":"Guitarra flamenca de Yerai Cort\u00e9s acompanha m\u00fasica de fundo","datePublished":"2026-03-16T11:31:00+00:00","mainEntityOfPage":{"@id":"https:\/\/portaltela.pt\/noticias\/2026\/03\/16\/guitarra-flamenca-de-yerai-cortes-acompanha-musica-de-fundo\/"},"wordCount":179,"image":{"@id":"https:\/\/portaltela.pt\/noticias\/2026\/03\/16\/guitarra-flamenca-de-yerai-cortes-acompanha-musica-de-fundo\/#primaryimage"},"thumbnailUrl":"https:\/\/portaltela.pt\/s.01k8rhncp4jt1\/2026\/03\/2072859.jpg","keywords":["a guitarra","conciertos","Espa\u00f1a","Lisboa","m\u00fasica","Portugal"],"articleSection":["M\u00fasica","Not\u00edcias"],"inLanguage":"pt-PT"},{"@type":"WebPage","@id":"https:\/\/portaltela.pt\/noticias\/2026\/03\/16\/guitarra-flamenca-de-yerai-cortes-acompanha-musica-de-fundo\/","url":"https:\/\/portaltela.pt\/noticias\/2026\/03\/16\/guitarra-flamenca-de-yerai-cortes-acompanha-musica-de-fundo\/","name":"Guitarra flamenca de Yerai Cort\u00e9s acompanha m\u00fasica de fundo - Portal Tela Portugal","isPartOf":{"@id":"https:\/\/portaltela.pt\/#website"},"primaryImageOfPage":{"@id":"https:\/\/portaltela.pt\/noticias\/2026\/03\/16\/guitarra-flamenca-de-yerai-cortes-acompanha-musica-de-fundo\/#primaryimage"},"image":{"@id":"https:\/\/portaltela.pt\/noticias\/2026\/03\/16\/guitarra-flamenca-de-yerai-cortes-acompanha-musica-de-fundo\/#primaryimage"},"thumbnailUrl":"https:\/\/portaltela.pt\/s.01k8rhncp4jt1\/2026\/03\/2072859.jpg","datePublished":"2026-03-16T11:31:00+00:00","author":{"@id":"https:\/\/portaltela.pt\/#\/schema\/person\/c4278d4a6028830caff9ee44b42d32ed"},"breadcrumb":{"@id":"https:\/\/portaltela.pt\/noticias\/2026\/03\/16\/guitarra-flamenca-de-yerai-cortes-acompanha-musica-de-fundo\/#breadcrumb"},"inLanguage":"pt-PT","potentialAction":[{"@type":"ReadAction","target":["https:\/\/portaltela.pt\/noticias\/2026\/03\/16\/guitarra-flamenca-de-yerai-cortes-acompanha-musica-de-fundo\/"]}]},{"@type":"ImageObject","inLanguage":"pt-PT","@id":"https:\/\/portaltela.pt\/noticias\/2026\/03\/16\/guitarra-flamenca-de-yerai-cortes-acompanha-musica-de-fundo\/#primaryimage","url":"https:\/\/portaltela.pt\/s.01k8rhncp4jt1\/2026\/03\/2072859.jpg","contentUrl":"https:\/\/portaltela.pt\/s.01k8rhncp4jt1\/2026\/03\/2072859.jpg","width":796,"height":448,"caption":"O flamenco de Yerai Cort\u00e9s vai da dor mais profunda \u00e0 alegria mais explosiva"},{"@type":"BreadcrumbList","@id":"https:\/\/portaltela.pt\/noticias\/2026\/03\/16\/guitarra-flamenca-de-yerai-cortes-acompanha-musica-de-fundo\/#breadcrumb","itemListElement":[{"@type":"ListItem","position":1,"name":"In\u00edcio","item":"https:\/\/portaltela.pt\/"},{"@type":"ListItem","position":2,"name":"Guitarra flamenca de Yerai Cort\u00e9s acompanha m\u00fasica de fundo"}]},{"@type":"WebSite","@id":"https:\/\/portaltela.pt\/#website","url":"https:\/\/portaltela.pt\/","name":"Portal Tela Portugal","description":"","potentialAction":[{"@type":"SearchAction","target":{"@type":"EntryPoint","urlTemplate":"https:\/\/portaltela.pt\/?s={search_term_string}"},"query-input":{"@type":"PropertyValueSpecification","valueRequired":true,"valueName":"search_term_string"}}],"inLanguage":"pt-PT"},{"@type":"Person","@id":"https:\/\/portaltela.pt\/#\/schema\/person\/c4278d4a6028830caff9ee44b42d32ed","name":"Telinha","image":{"@type":"ImageObject","inLanguage":"pt-PT","@id":"https:\/\/portaltela.pt\/s.01k8rhncp4jt1\/2025\/11\/talking-bot-125x125.png","url":"https:\/\/portaltela.pt\/s.01k8rhncp4jt1\/2025\/11\/talking-bot-125x125.png","contentUrl":"https:\/\/portaltela.pt\/s.01k8rhncp4jt1\/2025\/11\/talking-bot-125x125.png","caption":"Telinha"},"sameAs":["https:\/\/portaltela.pt\/"],"url":"https:\/\/portaltela.pt\/por\/367410592786\/"}]}},"_links":{"self":[{"href":"https:\/\/portaltela.pt\/api\/wp\/v2\/posts\/411827","targetHints":{"allow":["GET"]}}],"collection":[{"href":"https:\/\/portaltela.pt\/api\/wp\/v2\/posts"}],"about":[{"href":"https:\/\/portaltela.pt\/api\/wp\/v2\/types\/post"}],"author":[{"embeddable":true,"href":"https:\/\/portaltela.pt\/api\/wp\/v2\/users\/2"}],"replies":[{"embeddable":true,"href":"https:\/\/portaltela.pt\/api\/wp\/v2\/comments?post=411827"}],"version-history":[{"count":0,"href":"https:\/\/portaltela.pt\/api\/wp\/v2\/posts\/411827\/revisions"}],"wp:featuredmedia":[{"embeddable":true,"href":"https:\/\/portaltela.pt\/api\/wp\/v2\/media\/411829"}],"wp:attachment":[{"href":"https:\/\/portaltela.pt\/api\/wp\/v2\/media?parent=411827"}],"wp:term":[{"taxonomy":"category","embeddable":true,"href":"https:\/\/portaltela.pt\/api\/wp\/v2\/categories?post=411827"},{"taxonomy":"post_tag","embeddable":true,"href":"https:\/\/portaltela.pt\/api\/wp\/v2\/tags?post=411827"}],"curies":[{"name":"wp","href":"https:\/\/api.w.org\/{rel}","templated":true}]}}