{"id":411798,"date":"2026-03-16T08:12:48","date_gmt":"2026-03-16T11:12:48","guid":{"rendered":"https:\/\/portaltela.pt\/noticias\/2026\/03\/16\/investigadores-alertam-para-contaminacao-por-metais-libertados-de-catalisadores\/"},"modified":"2026-03-16T08:12:48","modified_gmt":"2026-03-16T11:12:48","slug":"investigadores-alertam-para-contaminacao-por-metais-libertados-de-catalisadores","status":"publish","type":"post","link":"https:\/\/portaltela.pt\/noticias\/2026\/03\/16\/investigadores-alertam-para-contaminacao-por-metais-libertados-de-catalisadores\/","title":{"rendered":"Investigadores alertam para contamina\u00e7\u00e3o por metais libertados de catalisadores"},"content":{"rendered":"<p>Investigadores da Universidade de Aveiro (UA) alertam para o impacto ambiental de metais do grupo da platina libertados por catalisadores, em ecossistemas aqu\u00e1ticos. O estudo foca-se em Pt, Pd e Rh, que se libertam de catalisadores autom\u00f3veis e de processos industriais.<\/p>\n<p>Especialistas dos departamentos de Biologia e Qu\u00edmica analisaram a esp\u00e9cie Mytilus galloprovincialis exposta durante 28 dias a concentra\u00e7\u00f5es isoladas e em misturas dos metais. A platina estimulou o metabolismo energ\u00e9tico e ativou mecanismos de desintoxica\u00e7\u00e3o em baixas doses.<\/p>\n<p>O pal\u00e1dio comprometeu as reservas de energia e a efici\u00eancia metab\u00f3lica em doses elevadas, enquanto o r\u00f3dio induziu danos oxidativos significativos em lip\u00eddios e prote\u00ednas. Misturas metalicas produziram efeitos complexos e n\u00e3o lineares nos mexilh\u00f5es.<\/p>\n<h3>Efeitos de combina\u00e7\u00f5es e implica\u00e7\u00f5es<\/h3>\n<p>As combina\u00e7\u00f5es Pt com Pd ou Rh geraram respostas sin\u00e9rgicas no metabolismo e na limpeza celular, segundo a UA. A exposi\u00e7\u00e3o aos tr\u00eas metais revelou um perfil predominantemente aditivo, aponta o estudo.<\/p>\n<p>Os investigadores defendem que o trabalho refor\u00e7a a necessidade de considerar misturas de contaminantes na avalia\u00e7\u00e3o de riscos para ecossistemas costeiros, nomeadamente em \u00e1reas afetadas por tr\u00e1fego rodovi\u00e1rio e atividade industrial.<\/p>\n","protected":false},"excerpt":{"rendered":"<ul>\n<li>Investigadores da Universidade de Aveiro alertam para o impacto ambiental de metais do grupo da platina libertados por catalisadores autom\u00f3veis e processos industriais.<\/li>\n<li>O estudo utilizou o mexilh\u00e3o Mytilus galloprovincialis e exp\u00f4s os animais a 28 dias de concentra\u00e7\u00f5es isoladas de platina, pal\u00e1dio e r\u00f3dio.<\/li>\n<li>A platina, em concentra\u00e7\u00f5es baixas, estimulou o metabolismo energ\u00e9tico e ativou mecanismos de desintoxica\u00e7\u00e3o.<\/li>\n<li>O pal\u00e1dio, em doses elevadas, comprometeu as reservas de energia e a efici\u00eancia metab\u00f3lica dos mexilh\u00f5es; o r\u00f3dio provocou danos oxidativos significativos em l\u00edpidos e prote\u00ednas.<\/li>\n<li>Misturas dos tr\u00eas metais geraram respostas complexas e, em geral, aditivas, refor\u00e7ando a necessidade de considerar contamina\u00e7\u00e3o por misturas na avalia\u00e7\u00e3o de riscos para ecossistemas costeiros.<\/li>\n<\/ul>\n","protected":false},"author":2,"featured_media":411805,"comment_status":"closed","ping_status":"closed","sticky":false,"template":"","format":"standard","meta":{"footnotes":""},"categories":[1],"tags":[167,3091,5103,215,45,3750],"class_list":["post-411798","post","type-post","status-publish","format-standard","has-post-thumbnail","hentry","category-noticias","tag-ambiente","tag-animais","tag-contaminacoes","tag-investigacao","tag-meio-ambiente","tag-poluicao-ambiental"],"yoast_head":"<!-- This site is optimized with the Yoast SEO plugin v27.2 - https:\/\/yoast.com\/product\/yoast-seo-wordpress\/ -->\n<title>Investigadores alertam para contamina\u00e7\u00e3o por metais libertados de catalisadores - Portal Tela Portugal<\/title>\n<meta name=\"robots\" content=\"index, follow, max-snippet:-1, max-image-preview:large, max-video-preview:-1\" \/>\n<meta property=\"og:locale\" content=\"pt_PT\" \/>\n<meta property=\"og:type\" content=\"article\" \/>\n<meta property=\"og:title\" content=\"Investigadores alertam para contamina\u00e7\u00e3o por metais libertados de catalisadores - Portal Tela Portugal\" \/>\n<meta property=\"og:description\" content=\"Investigadores da Universidade de Aveiro alertam para o impacto ambiental de metais do grupo da platina libertados por catalisadores autom\u00f3veis e processos industriais. O estudo utilizou o mexilh\u00e3o Mytilus galloprovincialis e exp\u00f4s os animais a 28 dias de concentra\u00e7\u00f5es isoladas de platina, pal\u00e1dio e r\u00f3dio. A platina, em concentra\u00e7\u00f5es baixas, estimulou o metabolismo energ\u00e9tico e ativou mecanismos de desintoxica\u00e7\u00e3o. O pal\u00e1dio, em doses elevadas, comprometeu as reservas de energia e a efici\u00eancia metab\u00f3lica dos mexilh\u00f5es; o r\u00f3dio provocou danos oxidativos significativos em l\u00edpidos e prote\u00ednas. Misturas dos tr\u00eas metais geraram respostas complexas e, em geral, aditivas, refor\u00e7ando a necessidade de considerar contamina\u00e7\u00e3o por misturas na avalia\u00e7\u00e3o de riscos para ecossistemas costeiros.\" \/>\n<meta property=\"og:url\" content=\"https:\/\/portaltela.pt\/noticias\/2026\/03\/16\/investigadores-alertam-para-contaminacao-por-metais-libertados-de-catalisadores\/\" \/>\n<meta property=\"og:site_name\" content=\"Portal Tela Portugal\" \/>\n<meta property=\"article:published_time\" content=\"2026-03-16T11:12:48+00:00\" \/>\n<meta name=\"author\" content=\"Telinha\" \/>\n<meta name=\"twitter:card\" content=\"summary_large_image\" \/>\n<meta name=\"twitter:label1\" content=\"Escrito por\" \/>\n\t<meta name=\"twitter:data1\" content=\"Telinha\" \/>\n\t<meta name=\"twitter:label2\" content=\"Tempo estimado de leitura\" \/>\n\t<meta name=\"twitter:data2\" content=\"1 minuto\" \/>\n<script type=\"application\/ld+json\" class=\"yoast-schema-graph\">{\"@context\":\"https:\/\/schema.org\",\"@graph\":[{\"@type\":\"Article\",\"@id\":\"https:\/\/portaltela.pt\/noticias\/2026\/03\/16\/investigadores-alertam-para-contaminacao-por-metais-libertados-de-catalisadores\/#article\",\"isPartOf\":{\"@id\":\"https:\/\/portaltela.pt\/noticias\/2026\/03\/16\/investigadores-alertam-para-contaminacao-por-metais-libertados-de-catalisadores\/\"},\"author\":{\"name\":\"Telinha\",\"@id\":\"https:\/\/portaltela.pt\/#\/schema\/person\/c4278d4a6028830caff9ee44b42d32ed\"},\"headline\":\"Investigadores alertam para contamina\u00e7\u00e3o por metais libertados de catalisadores\",\"datePublished\":\"2026-03-16T11:12:48+00:00\",\"mainEntityOfPage\":{\"@id\":\"https:\/\/portaltela.pt\/noticias\/2026\/03\/16\/investigadores-alertam-para-contaminacao-por-metais-libertados-de-catalisadores\/\"},\"wordCount\":216,\"image\":{\"@id\":\"https:\/\/portaltela.pt\/noticias\/2026\/03\/16\/investigadores-alertam-para-contaminacao-por-metais-libertados-de-catalisadores\/#primaryimage\"},\"thumbnailUrl\":\"https:\/\/portaltela.pt\/s.01k8rhncp4jt1\/2026\/03\/img_1500x1000uu2023-06-28-21-26-46-1382844.jpg\",\"keywords\":[\"ambiente\",\"animais\",\"contamina\u00e7\u00f5es\",\"investiga\u00e7\u00e3o\",\"meio-ambiente\",\"polui\u00e7\u00e3o ambiental\"],\"articleSection\":[\"Not\u00edcias\"],\"inLanguage\":\"pt-PT\"},{\"@type\":\"WebPage\",\"@id\":\"https:\/\/portaltela.pt\/noticias\/2026\/03\/16\/investigadores-alertam-para-contaminacao-por-metais-libertados-de-catalisadores\/\",\"url\":\"https:\/\/portaltela.pt\/noticias\/2026\/03\/16\/investigadores-alertam-para-contaminacao-por-metais-libertados-de-catalisadores\/\",\"name\":\"Investigadores alertam para contamina\u00e7\u00e3o por metais libertados de catalisadores - Portal Tela Portugal\",\"isPartOf\":{\"@id\":\"https:\/\/portaltela.pt\/#website\"},\"primaryImageOfPage\":{\"@id\":\"https:\/\/portaltela.pt\/noticias\/2026\/03\/16\/investigadores-alertam-para-contaminacao-por-metais-libertados-de-catalisadores\/#primaryimage\"},\"image\":{\"@id\":\"https:\/\/portaltela.pt\/noticias\/2026\/03\/16\/investigadores-alertam-para-contaminacao-por-metais-libertados-de-catalisadores\/#primaryimage\"},\"thumbnailUrl\":\"https:\/\/portaltela.pt\/s.01k8rhncp4jt1\/2026\/03\/img_1500x1000uu2023-06-28-21-26-46-1382844.jpg\",\"datePublished\":\"2026-03-16T11:12:48+00:00\",\"author\":{\"@id\":\"https:\/\/portaltela.pt\/#\/schema\/person\/c4278d4a6028830caff9ee44b42d32ed\"},\"breadcrumb\":{\"@id\":\"https:\/\/portaltela.pt\/noticias\/2026\/03\/16\/investigadores-alertam-para-contaminacao-por-metais-libertados-de-catalisadores\/#breadcrumb\"},\"inLanguage\":\"pt-PT\",\"potentialAction\":[{\"@type\":\"ReadAction\",\"target\":[\"https:\/\/portaltela.pt\/noticias\/2026\/03\/16\/investigadores-alertam-para-contaminacao-por-metais-libertados-de-catalisadores\/\"]}]},{\"@type\":\"ImageObject\",\"inLanguage\":\"pt-PT\",\"@id\":\"https:\/\/portaltela.pt\/noticias\/2026\/03\/16\/investigadores-alertam-para-contaminacao-por-metais-libertados-de-catalisadores\/#primaryimage\",\"url\":\"https:\/\/portaltela.pt\/s.01k8rhncp4jt1\/2026\/03\/img_1500x1000uu2023-06-28-21-26-46-1382844.jpg\",\"contentUrl\":\"https:\/\/portaltela.pt\/s.01k8rhncp4jt1\/2026\/03\/img_1500x1000uu2023-06-28-21-26-46-1382844.jpg\",\"width\":796,\"height\":448,\"caption\":\"Catalisadores\"},{\"@type\":\"BreadcrumbList\",\"@id\":\"https:\/\/portaltela.pt\/noticias\/2026\/03\/16\/investigadores-alertam-para-contaminacao-por-metais-libertados-de-catalisadores\/#breadcrumb\",\"itemListElement\":[{\"@type\":\"ListItem\",\"position\":1,\"name\":\"In\u00edcio\",\"item\":\"https:\/\/portaltela.pt\/\"},{\"@type\":\"ListItem\",\"position\":2,\"name\":\"Investigadores alertam para contamina\u00e7\u00e3o por metais libertados de catalisadores\"}]},{\"@type\":\"WebSite\",\"@id\":\"https:\/\/portaltela.pt\/#website\",\"url\":\"https:\/\/portaltela.pt\/\",\"name\":\"Portal Tela Portugal\",\"description\":\"\",\"potentialAction\":[{\"@type\":\"SearchAction\",\"target\":{\"@type\":\"EntryPoint\",\"urlTemplate\":\"https:\/\/portaltela.pt\/?s={search_term_string}\"},\"query-input\":{\"@type\":\"PropertyValueSpecification\",\"valueRequired\":true,\"valueName\":\"search_term_string\"}}],\"inLanguage\":\"pt-PT\"},{\"@type\":\"Person\",\"@id\":\"https:\/\/portaltela.pt\/#\/schema\/person\/c4278d4a6028830caff9ee44b42d32ed\",\"name\":\"Telinha\",\"image\":{\"@type\":\"ImageObject\",\"inLanguage\":\"pt-PT\",\"@id\":\"https:\/\/portaltela.pt\/s.01k8rhncp4jt1\/2025\/11\/talking-bot-125x125.png\",\"url\":\"https:\/\/portaltela.pt\/s.01k8rhncp4jt1\/2025\/11\/talking-bot-125x125.png\",\"contentUrl\":\"https:\/\/portaltela.pt\/s.01k8rhncp4jt1\/2025\/11\/talking-bot-125x125.png\",\"caption\":\"Telinha\"},\"sameAs\":[\"https:\/\/portaltela.pt\/\"],\"url\":\"https:\/\/portaltela.pt\/por\/367410592786\/\"}]}<\/script>\n<!-- \/ Yoast SEO plugin. -->","yoast_head_json":{"title":"Investigadores alertam para contamina\u00e7\u00e3o por metais libertados de catalisadores - Portal Tela Portugal","robots":{"index":"index","follow":"follow","max-snippet":"max-snippet:-1","max-image-preview":"max-image-preview:large","max-video-preview":"max-video-preview:-1"},"og_locale":"pt_PT","og_type":"article","og_title":"Investigadores alertam para contamina\u00e7\u00e3o por metais libertados de catalisadores - Portal Tela Portugal","og_description":"Investigadores da Universidade de Aveiro alertam para o impacto ambiental de metais do grupo da platina libertados por catalisadores autom\u00f3veis e processos industriais. O estudo utilizou o mexilh\u00e3o Mytilus galloprovincialis e exp\u00f4s os animais a 28 dias de concentra\u00e7\u00f5es isoladas de platina, pal\u00e1dio e r\u00f3dio. A platina, em concentra\u00e7\u00f5es baixas, estimulou o metabolismo energ\u00e9tico e ativou mecanismos de desintoxica\u00e7\u00e3o. O pal\u00e1dio, em doses elevadas, comprometeu as reservas de energia e a efici\u00eancia metab\u00f3lica dos mexilh\u00f5es; o r\u00f3dio provocou danos oxidativos significativos em l\u00edpidos e prote\u00ednas. Misturas dos tr\u00eas metais geraram respostas complexas e, em geral, aditivas, refor\u00e7ando a necessidade de considerar contamina\u00e7\u00e3o por misturas na avalia\u00e7\u00e3o de riscos para ecossistemas costeiros.","og_url":"https:\/\/portaltela.pt\/noticias\/2026\/03\/16\/investigadores-alertam-para-contaminacao-por-metais-libertados-de-catalisadores\/","og_site_name":"Portal Tela Portugal","article_published_time":"2026-03-16T11:12:48+00:00","author":"Telinha","twitter_card":"summary_large_image","twitter_misc":{"Escrito por":"Telinha","Tempo estimado de leitura":"1 minuto"},"schema":{"@context":"https:\/\/schema.org","@graph":[{"@type":"Article","@id":"https:\/\/portaltela.pt\/noticias\/2026\/03\/16\/investigadores-alertam-para-contaminacao-por-metais-libertados-de-catalisadores\/#article","isPartOf":{"@id":"https:\/\/portaltela.pt\/noticias\/2026\/03\/16\/investigadores-alertam-para-contaminacao-por-metais-libertados-de-catalisadores\/"},"author":{"name":"Telinha","@id":"https:\/\/portaltela.pt\/#\/schema\/person\/c4278d4a6028830caff9ee44b42d32ed"},"headline":"Investigadores alertam para contamina\u00e7\u00e3o por metais libertados de catalisadores","datePublished":"2026-03-16T11:12:48+00:00","mainEntityOfPage":{"@id":"https:\/\/portaltela.pt\/noticias\/2026\/03\/16\/investigadores-alertam-para-contaminacao-por-metais-libertados-de-catalisadores\/"},"wordCount":216,"image":{"@id":"https:\/\/portaltela.pt\/noticias\/2026\/03\/16\/investigadores-alertam-para-contaminacao-por-metais-libertados-de-catalisadores\/#primaryimage"},"thumbnailUrl":"https:\/\/portaltela.pt\/s.01k8rhncp4jt1\/2026\/03\/img_1500x1000uu2023-06-28-21-26-46-1382844.jpg","keywords":["ambiente","animais","contamina\u00e7\u00f5es","investiga\u00e7\u00e3o","meio-ambiente","polui\u00e7\u00e3o ambiental"],"articleSection":["Not\u00edcias"],"inLanguage":"pt-PT"},{"@type":"WebPage","@id":"https:\/\/portaltela.pt\/noticias\/2026\/03\/16\/investigadores-alertam-para-contaminacao-por-metais-libertados-de-catalisadores\/","url":"https:\/\/portaltela.pt\/noticias\/2026\/03\/16\/investigadores-alertam-para-contaminacao-por-metais-libertados-de-catalisadores\/","name":"Investigadores alertam para contamina\u00e7\u00e3o por metais libertados de catalisadores - Portal Tela Portugal","isPartOf":{"@id":"https:\/\/portaltela.pt\/#website"},"primaryImageOfPage":{"@id":"https:\/\/portaltela.pt\/noticias\/2026\/03\/16\/investigadores-alertam-para-contaminacao-por-metais-libertados-de-catalisadores\/#primaryimage"},"image":{"@id":"https:\/\/portaltela.pt\/noticias\/2026\/03\/16\/investigadores-alertam-para-contaminacao-por-metais-libertados-de-catalisadores\/#primaryimage"},"thumbnailUrl":"https:\/\/portaltela.pt\/s.01k8rhncp4jt1\/2026\/03\/img_1500x1000uu2023-06-28-21-26-46-1382844.jpg","datePublished":"2026-03-16T11:12:48+00:00","author":{"@id":"https:\/\/portaltela.pt\/#\/schema\/person\/c4278d4a6028830caff9ee44b42d32ed"},"breadcrumb":{"@id":"https:\/\/portaltela.pt\/noticias\/2026\/03\/16\/investigadores-alertam-para-contaminacao-por-metais-libertados-de-catalisadores\/#breadcrumb"},"inLanguage":"pt-PT","potentialAction":[{"@type":"ReadAction","target":["https:\/\/portaltela.pt\/noticias\/2026\/03\/16\/investigadores-alertam-para-contaminacao-por-metais-libertados-de-catalisadores\/"]}]},{"@type":"ImageObject","inLanguage":"pt-PT","@id":"https:\/\/portaltela.pt\/noticias\/2026\/03\/16\/investigadores-alertam-para-contaminacao-por-metais-libertados-de-catalisadores\/#primaryimage","url":"https:\/\/portaltela.pt\/s.01k8rhncp4jt1\/2026\/03\/img_1500x1000uu2023-06-28-21-26-46-1382844.jpg","contentUrl":"https:\/\/portaltela.pt\/s.01k8rhncp4jt1\/2026\/03\/img_1500x1000uu2023-06-28-21-26-46-1382844.jpg","width":796,"height":448,"caption":"Catalisadores"},{"@type":"BreadcrumbList","@id":"https:\/\/portaltela.pt\/noticias\/2026\/03\/16\/investigadores-alertam-para-contaminacao-por-metais-libertados-de-catalisadores\/#breadcrumb","itemListElement":[{"@type":"ListItem","position":1,"name":"In\u00edcio","item":"https:\/\/portaltela.pt\/"},{"@type":"ListItem","position":2,"name":"Investigadores alertam para contamina\u00e7\u00e3o por metais libertados de catalisadores"}]},{"@type":"WebSite","@id":"https:\/\/portaltela.pt\/#website","url":"https:\/\/portaltela.pt\/","name":"Portal Tela Portugal","description":"","potentialAction":[{"@type":"SearchAction","target":{"@type":"EntryPoint","urlTemplate":"https:\/\/portaltela.pt\/?s={search_term_string}"},"query-input":{"@type":"PropertyValueSpecification","valueRequired":true,"valueName":"search_term_string"}}],"inLanguage":"pt-PT"},{"@type":"Person","@id":"https:\/\/portaltela.pt\/#\/schema\/person\/c4278d4a6028830caff9ee44b42d32ed","name":"Telinha","image":{"@type":"ImageObject","inLanguage":"pt-PT","@id":"https:\/\/portaltela.pt\/s.01k8rhncp4jt1\/2025\/11\/talking-bot-125x125.png","url":"https:\/\/portaltela.pt\/s.01k8rhncp4jt1\/2025\/11\/talking-bot-125x125.png","contentUrl":"https:\/\/portaltela.pt\/s.01k8rhncp4jt1\/2025\/11\/talking-bot-125x125.png","caption":"Telinha"},"sameAs":["https:\/\/portaltela.pt\/"],"url":"https:\/\/portaltela.pt\/por\/367410592786\/"}]}},"_links":{"self":[{"href":"https:\/\/portaltela.pt\/api\/wp\/v2\/posts\/411798","targetHints":{"allow":["GET"]}}],"collection":[{"href":"https:\/\/portaltela.pt\/api\/wp\/v2\/posts"}],"about":[{"href":"https:\/\/portaltela.pt\/api\/wp\/v2\/types\/post"}],"author":[{"embeddable":true,"href":"https:\/\/portaltela.pt\/api\/wp\/v2\/users\/2"}],"replies":[{"embeddable":true,"href":"https:\/\/portaltela.pt\/api\/wp\/v2\/comments?post=411798"}],"version-history":[{"count":0,"href":"https:\/\/portaltela.pt\/api\/wp\/v2\/posts\/411798\/revisions"}],"wp:featuredmedia":[{"embeddable":true,"href":"https:\/\/portaltela.pt\/api\/wp\/v2\/media\/411805"}],"wp:attachment":[{"href":"https:\/\/portaltela.pt\/api\/wp\/v2\/media?parent=411798"}],"wp:term":[{"taxonomy":"category","embeddable":true,"href":"https:\/\/portaltela.pt\/api\/wp\/v2\/categories?post=411798"},{"taxonomy":"post_tag","embeddable":true,"href":"https:\/\/portaltela.pt\/api\/wp\/v2\/tags?post=411798"}],"curies":[{"name":"wp","href":"https:\/\/api.w.org\/{rel}","templated":true}]}}