{"id":411779,"date":"2026-03-16T07:57:57","date_gmt":"2026-03-16T10:57:57","guid":{"rendered":"https:\/\/portaltela.pt\/noticias\/2026\/03\/16\/paul-thomas-anderson-agradece-ao-elenco-ao-conquistar-oscar-de-melhor-filme\/"},"modified":"2026-03-16T07:57:57","modified_gmt":"2026-03-16T10:57:57","slug":"paul-thomas-anderson-agradece-ao-elenco-ao-conquistar-oscar-de-melhor-filme","status":"publish","type":"post","link":"https:\/\/portaltela.pt\/noticias\/2026\/03\/16\/paul-thomas-anderson-agradece-ao-elenco-ao-conquistar-oscar-de-melhor-filme\/","title":{"rendered":"Paul Thomas Anderson agradece ao elenco ao conquistar \u00d3scar de Melhor Filme"},"content":{"rendered":"<p>Paul Thomas Anderson foi o grande vencedor da 98.\u00aa edi\u00e7\u00e3o dos \u00d3scares, realizado em Los Angeles, na sequ\u00eancia da cerim\u00f3nia de entrega de pr\u00e9mios. O cineasta arrecadou o \u00d3scar de Melhor Filme e de Melhor Realiza\u00e7\u00e3o pelo filme Batalha Atr\u00e1s de Batalha, que tamb\u00e9m conquistou seis estatuetas no total.<\/p>\n<p>A longa-metragem destacou-se ao vencer seis categorias, incluindo as de Melhor Filme e Melhor Realiza\u00e7\u00e3o, consolidando-se como o principal vencedor da noite. A produ\u00e7\u00e3o recebeu reconhecimento pela dire\u00e7\u00e3o, pela narrativa e pela qualidade global.<\/p>\n<p>Vencedores e desdobramentos<\/p>\n<p>Anderson agradeceu ao elenco pelo papel central na cria\u00e7\u00e3o da obra, sublinhando que os int\u00e9rpretes s\u00e3o o cora\u00e7\u00e3o do filme. O momento refor\u00e7a o peso do elenco na performance premiada e na rece\u00e7\u00e3o cr\u00edtica da pel\u00edcula.<\/p>\n<p>Imagem associada \u00e0 not\u00edcia acompanha a cobertura da cerim\u00f3nia, que destaca a aposta criativa da equipa criativa envolvida na produ\u00e7\u00e3o. A informa\u00e7\u00e3o \u00e9 apresentada com base nos dados oficiais da organiza\u00e7\u00e3o dos \u00d3scares e na cobertura de ag\u00eancias de imprensa.<\/p>\n","protected":false},"excerpt":{"rendered":"<ul>\n<li>O realizador Paul Thomas Anderson foi o grande vencedor da 98.\u00aa edi\u00e7\u00e3o dos \u00d3scares.<\/li>\n<li>O filme \u201cBatalha Atr\u00e1s de Batalha\u201d conquistou seis estatuetas douradas.<\/li>\n<li>Entre os galard\u00f5es est\u00e3o Melhor Filme e Melhor Realiza\u00e7\u00e3o.<\/li>\n<li>Anderson agradeceu ao elenco com a frase: \u201cVoc\u00eas s\u00e3o o cora\u00e7\u00e3o deste filme\u201d.<\/li>\n<li>A vit\u00f3ria destaca o reconhecimento da obra na cerim\u00f3nia.<\/li>\n<\/ul>\n","protected":false},"author":2,"featured_media":411782,"comment_status":"closed","ping_status":"closed","sticky":false,"template":"","format":"standard","meta":{"footnotes":""},"categories":[1],"tags":[112,2403,5242,3430,5752,7208],"class_list":["post-411779","post","type-post","status-publish","format-standard","has-post-thumbnail","hentry","category-noticias","tag-cinema","tag-elenco","tag-filmes","tag-oscares","tag-premiacoes","tag-realizacao"],"yoast_head":"<!-- This site is optimized with the Yoast SEO plugin v27.2 - https:\/\/yoast.com\/product\/yoast-seo-wordpress\/ -->\n<title>Paul Thomas Anderson agradece ao elenco ao conquistar \u00d3scar de Melhor Filme - Portal Tela Portugal<\/title>\n<meta name=\"robots\" content=\"index, follow, max-snippet:-1, max-image-preview:large, max-video-preview:-1\" \/>\n<meta property=\"og:locale\" content=\"pt_PT\" \/>\n<meta property=\"og:type\" content=\"article\" \/>\n<meta property=\"og:title\" content=\"Paul Thomas Anderson agradece ao elenco ao conquistar \u00d3scar de Melhor Filme - Portal Tela Portugal\" \/>\n<meta property=\"og:description\" content=\"O realizador Paul Thomas Anderson foi o grande vencedor da 98.\u00aa edi\u00e7\u00e3o dos \u00d3scares. O filme \u201cBatalha Atr\u00e1s de Batalha\u201d conquistou seis estatuetas douradas. Entre os galard\u00f5es est\u00e3o Melhor Filme e Melhor Realiza\u00e7\u00e3o. Anderson agradeceu ao elenco com a frase: \u201cVoc\u00eas s\u00e3o o cora\u00e7\u00e3o deste filme\u201d. A vit\u00f3ria destaca o reconhecimento da obra na cerim\u00f3nia.\" \/>\n<meta property=\"og:url\" content=\"https:\/\/portaltela.pt\/noticias\/2026\/03\/16\/paul-thomas-anderson-agradece-ao-elenco-ao-conquistar-oscar-de-melhor-filme\/\" \/>\n<meta property=\"og:site_name\" content=\"Portal Tela Portugal\" \/>\n<meta property=\"article:published_time\" content=\"2026-03-16T10:57:57+00:00\" \/>\n<meta name=\"author\" content=\"Telinha\" \/>\n<meta name=\"twitter:card\" content=\"summary_large_image\" \/>\n<meta name=\"twitter:label1\" content=\"Escrito por\" \/>\n\t<meta name=\"twitter:data1\" content=\"Telinha\" \/>\n\t<meta name=\"twitter:label2\" content=\"Tempo estimado de leitura\" \/>\n\t<meta name=\"twitter:data2\" content=\"1 minuto\" \/>\n<script type=\"application\/ld+json\" class=\"yoast-schema-graph\">{\"@context\":\"https:\/\/schema.org\",\"@graph\":[{\"@type\":\"Article\",\"@id\":\"https:\/\/portaltela.pt\/noticias\/2026\/03\/16\/paul-thomas-anderson-agradece-ao-elenco-ao-conquistar-oscar-de-melhor-filme\/#article\",\"isPartOf\":{\"@id\":\"https:\/\/portaltela.pt\/noticias\/2026\/03\/16\/paul-thomas-anderson-agradece-ao-elenco-ao-conquistar-oscar-de-melhor-filme\/\"},\"author\":{\"name\":\"Telinha\",\"@id\":\"https:\/\/portaltela.pt\/#\/schema\/person\/c4278d4a6028830caff9ee44b42d32ed\"},\"headline\":\"Paul Thomas Anderson agradece ao elenco ao conquistar \u00d3scar de Melhor Filme\",\"datePublished\":\"2026-03-16T10:57:57+00:00\",\"mainEntityOfPage\":{\"@id\":\"https:\/\/portaltela.pt\/noticias\/2026\/03\/16\/paul-thomas-anderson-agradece-ao-elenco-ao-conquistar-oscar-de-melhor-filme\/\"},\"wordCount\":195,\"image\":{\"@id\":\"https:\/\/portaltela.pt\/noticias\/2026\/03\/16\/paul-thomas-anderson-agradece-ao-elenco-ao-conquistar-oscar-de-melhor-filme\/#primaryimage\"},\"thumbnailUrl\":\"https:\/\/portaltela.pt\/s.01k8rhncp4jt1\/2026\/03\/img_1280x722uu2026-03-16-10-56-13-2272687.jpg\",\"keywords\":[\"cinema\",\"Elenco\",\"filmes\",\"\u00d3scares\",\"premia\u00e7\u00f5es\",\"Realiza\u00e7\u00e3o\"],\"articleSection\":[\"Not\u00edcias\"],\"inLanguage\":\"pt-PT\"},{\"@type\":\"WebPage\",\"@id\":\"https:\/\/portaltela.pt\/noticias\/2026\/03\/16\/paul-thomas-anderson-agradece-ao-elenco-ao-conquistar-oscar-de-melhor-filme\/\",\"url\":\"https:\/\/portaltela.pt\/noticias\/2026\/03\/16\/paul-thomas-anderson-agradece-ao-elenco-ao-conquistar-oscar-de-melhor-filme\/\",\"name\":\"Paul Thomas Anderson agradece ao elenco ao conquistar \u00d3scar de Melhor Filme - Portal Tela Portugal\",\"isPartOf\":{\"@id\":\"https:\/\/portaltela.pt\/#website\"},\"primaryImageOfPage\":{\"@id\":\"https:\/\/portaltela.pt\/noticias\/2026\/03\/16\/paul-thomas-anderson-agradece-ao-elenco-ao-conquistar-oscar-de-melhor-filme\/#primaryimage\"},\"image\":{\"@id\":\"https:\/\/portaltela.pt\/noticias\/2026\/03\/16\/paul-thomas-anderson-agradece-ao-elenco-ao-conquistar-oscar-de-melhor-filme\/#primaryimage\"},\"thumbnailUrl\":\"https:\/\/portaltela.pt\/s.01k8rhncp4jt1\/2026\/03\/img_1280x722uu2026-03-16-10-56-13-2272687.jpg\",\"datePublished\":\"2026-03-16T10:57:57+00:00\",\"author\":{\"@id\":\"https:\/\/portaltela.pt\/#\/schema\/person\/c4278d4a6028830caff9ee44b42d32ed\"},\"breadcrumb\":{\"@id\":\"https:\/\/portaltela.pt\/noticias\/2026\/03\/16\/paul-thomas-anderson-agradece-ao-elenco-ao-conquistar-oscar-de-melhor-filme\/#breadcrumb\"},\"inLanguage\":\"pt-PT\",\"potentialAction\":[{\"@type\":\"ReadAction\",\"target\":[\"https:\/\/portaltela.pt\/noticias\/2026\/03\/16\/paul-thomas-anderson-agradece-ao-elenco-ao-conquistar-oscar-de-melhor-filme\/\"]}]},{\"@type\":\"ImageObject\",\"inLanguage\":\"pt-PT\",\"@id\":\"https:\/\/portaltela.pt\/noticias\/2026\/03\/16\/paul-thomas-anderson-agradece-ao-elenco-ao-conquistar-oscar-de-melhor-filme\/#primaryimage\",\"url\":\"https:\/\/portaltela.pt\/s.01k8rhncp4jt1\/2026\/03\/img_1280x722uu2026-03-16-10-56-13-2272687.jpg\",\"contentUrl\":\"https:\/\/portaltela.pt\/s.01k8rhncp4jt1\/2026\/03\/img_1280x722uu2026-03-16-10-56-13-2272687.jpg\",\"width\":796,\"height\":448,\"caption\":\"Imagem relacionada ao artigo\"},{\"@type\":\"BreadcrumbList\",\"@id\":\"https:\/\/portaltela.pt\/noticias\/2026\/03\/16\/paul-thomas-anderson-agradece-ao-elenco-ao-conquistar-oscar-de-melhor-filme\/#breadcrumb\",\"itemListElement\":[{\"@type\":\"ListItem\",\"position\":1,\"name\":\"In\u00edcio\",\"item\":\"https:\/\/portaltela.pt\/\"},{\"@type\":\"ListItem\",\"position\":2,\"name\":\"Paul Thomas Anderson agradece ao elenco ao conquistar \u00d3scar de Melhor Filme\"}]},{\"@type\":\"WebSite\",\"@id\":\"https:\/\/portaltela.pt\/#website\",\"url\":\"https:\/\/portaltela.pt\/\",\"name\":\"Portal Tela Portugal\",\"description\":\"\",\"potentialAction\":[{\"@type\":\"SearchAction\",\"target\":{\"@type\":\"EntryPoint\",\"urlTemplate\":\"https:\/\/portaltela.pt\/?s={search_term_string}\"},\"query-input\":{\"@type\":\"PropertyValueSpecification\",\"valueRequired\":true,\"valueName\":\"search_term_string\"}}],\"inLanguage\":\"pt-PT\"},{\"@type\":\"Person\",\"@id\":\"https:\/\/portaltela.pt\/#\/schema\/person\/c4278d4a6028830caff9ee44b42d32ed\",\"name\":\"Telinha\",\"image\":{\"@type\":\"ImageObject\",\"inLanguage\":\"pt-PT\",\"@id\":\"https:\/\/portaltela.pt\/s.01k8rhncp4jt1\/2025\/11\/talking-bot-125x125.png\",\"url\":\"https:\/\/portaltela.pt\/s.01k8rhncp4jt1\/2025\/11\/talking-bot-125x125.png\",\"contentUrl\":\"https:\/\/portaltela.pt\/s.01k8rhncp4jt1\/2025\/11\/talking-bot-125x125.png\",\"caption\":\"Telinha\"},\"sameAs\":[\"https:\/\/portaltela.pt\/\"],\"url\":\"https:\/\/portaltela.pt\/por\/367410592786\/\"}]}<\/script>\n<!-- \/ Yoast SEO plugin. -->","yoast_head_json":{"title":"Paul Thomas Anderson agradece ao elenco ao conquistar \u00d3scar de Melhor Filme - Portal Tela Portugal","robots":{"index":"index","follow":"follow","max-snippet":"max-snippet:-1","max-image-preview":"max-image-preview:large","max-video-preview":"max-video-preview:-1"},"og_locale":"pt_PT","og_type":"article","og_title":"Paul Thomas Anderson agradece ao elenco ao conquistar \u00d3scar de Melhor Filme - Portal Tela Portugal","og_description":"O realizador Paul Thomas Anderson foi o grande vencedor da 98.\u00aa edi\u00e7\u00e3o dos \u00d3scares. O filme \u201cBatalha Atr\u00e1s de Batalha\u201d conquistou seis estatuetas douradas. Entre os galard\u00f5es est\u00e3o Melhor Filme e Melhor Realiza\u00e7\u00e3o. Anderson agradeceu ao elenco com a frase: \u201cVoc\u00eas s\u00e3o o cora\u00e7\u00e3o deste filme\u201d. A vit\u00f3ria destaca o reconhecimento da obra na cerim\u00f3nia.","og_url":"https:\/\/portaltela.pt\/noticias\/2026\/03\/16\/paul-thomas-anderson-agradece-ao-elenco-ao-conquistar-oscar-de-melhor-filme\/","og_site_name":"Portal Tela Portugal","article_published_time":"2026-03-16T10:57:57+00:00","author":"Telinha","twitter_card":"summary_large_image","twitter_misc":{"Escrito por":"Telinha","Tempo estimado de leitura":"1 minuto"},"schema":{"@context":"https:\/\/schema.org","@graph":[{"@type":"Article","@id":"https:\/\/portaltela.pt\/noticias\/2026\/03\/16\/paul-thomas-anderson-agradece-ao-elenco-ao-conquistar-oscar-de-melhor-filme\/#article","isPartOf":{"@id":"https:\/\/portaltela.pt\/noticias\/2026\/03\/16\/paul-thomas-anderson-agradece-ao-elenco-ao-conquistar-oscar-de-melhor-filme\/"},"author":{"name":"Telinha","@id":"https:\/\/portaltela.pt\/#\/schema\/person\/c4278d4a6028830caff9ee44b42d32ed"},"headline":"Paul Thomas Anderson agradece ao elenco ao conquistar \u00d3scar de Melhor Filme","datePublished":"2026-03-16T10:57:57+00:00","mainEntityOfPage":{"@id":"https:\/\/portaltela.pt\/noticias\/2026\/03\/16\/paul-thomas-anderson-agradece-ao-elenco-ao-conquistar-oscar-de-melhor-filme\/"},"wordCount":195,"image":{"@id":"https:\/\/portaltela.pt\/noticias\/2026\/03\/16\/paul-thomas-anderson-agradece-ao-elenco-ao-conquistar-oscar-de-melhor-filme\/#primaryimage"},"thumbnailUrl":"https:\/\/portaltela.pt\/s.01k8rhncp4jt1\/2026\/03\/img_1280x722uu2026-03-16-10-56-13-2272687.jpg","keywords":["cinema","Elenco","filmes","\u00d3scares","premia\u00e7\u00f5es","Realiza\u00e7\u00e3o"],"articleSection":["Not\u00edcias"],"inLanguage":"pt-PT"},{"@type":"WebPage","@id":"https:\/\/portaltela.pt\/noticias\/2026\/03\/16\/paul-thomas-anderson-agradece-ao-elenco-ao-conquistar-oscar-de-melhor-filme\/","url":"https:\/\/portaltela.pt\/noticias\/2026\/03\/16\/paul-thomas-anderson-agradece-ao-elenco-ao-conquistar-oscar-de-melhor-filme\/","name":"Paul Thomas Anderson agradece ao elenco ao conquistar \u00d3scar de Melhor Filme - Portal Tela Portugal","isPartOf":{"@id":"https:\/\/portaltela.pt\/#website"},"primaryImageOfPage":{"@id":"https:\/\/portaltela.pt\/noticias\/2026\/03\/16\/paul-thomas-anderson-agradece-ao-elenco-ao-conquistar-oscar-de-melhor-filme\/#primaryimage"},"image":{"@id":"https:\/\/portaltela.pt\/noticias\/2026\/03\/16\/paul-thomas-anderson-agradece-ao-elenco-ao-conquistar-oscar-de-melhor-filme\/#primaryimage"},"thumbnailUrl":"https:\/\/portaltela.pt\/s.01k8rhncp4jt1\/2026\/03\/img_1280x722uu2026-03-16-10-56-13-2272687.jpg","datePublished":"2026-03-16T10:57:57+00:00","author":{"@id":"https:\/\/portaltela.pt\/#\/schema\/person\/c4278d4a6028830caff9ee44b42d32ed"},"breadcrumb":{"@id":"https:\/\/portaltela.pt\/noticias\/2026\/03\/16\/paul-thomas-anderson-agradece-ao-elenco-ao-conquistar-oscar-de-melhor-filme\/#breadcrumb"},"inLanguage":"pt-PT","potentialAction":[{"@type":"ReadAction","target":["https:\/\/portaltela.pt\/noticias\/2026\/03\/16\/paul-thomas-anderson-agradece-ao-elenco-ao-conquistar-oscar-de-melhor-filme\/"]}]},{"@type":"ImageObject","inLanguage":"pt-PT","@id":"https:\/\/portaltela.pt\/noticias\/2026\/03\/16\/paul-thomas-anderson-agradece-ao-elenco-ao-conquistar-oscar-de-melhor-filme\/#primaryimage","url":"https:\/\/portaltela.pt\/s.01k8rhncp4jt1\/2026\/03\/img_1280x722uu2026-03-16-10-56-13-2272687.jpg","contentUrl":"https:\/\/portaltela.pt\/s.01k8rhncp4jt1\/2026\/03\/img_1280x722uu2026-03-16-10-56-13-2272687.jpg","width":796,"height":448,"caption":"Imagem relacionada ao artigo"},{"@type":"BreadcrumbList","@id":"https:\/\/portaltela.pt\/noticias\/2026\/03\/16\/paul-thomas-anderson-agradece-ao-elenco-ao-conquistar-oscar-de-melhor-filme\/#breadcrumb","itemListElement":[{"@type":"ListItem","position":1,"name":"In\u00edcio","item":"https:\/\/portaltela.pt\/"},{"@type":"ListItem","position":2,"name":"Paul Thomas Anderson agradece ao elenco ao conquistar \u00d3scar de Melhor Filme"}]},{"@type":"WebSite","@id":"https:\/\/portaltela.pt\/#website","url":"https:\/\/portaltela.pt\/","name":"Portal Tela Portugal","description":"","potentialAction":[{"@type":"SearchAction","target":{"@type":"EntryPoint","urlTemplate":"https:\/\/portaltela.pt\/?s={search_term_string}"},"query-input":{"@type":"PropertyValueSpecification","valueRequired":true,"valueName":"search_term_string"}}],"inLanguage":"pt-PT"},{"@type":"Person","@id":"https:\/\/portaltela.pt\/#\/schema\/person\/c4278d4a6028830caff9ee44b42d32ed","name":"Telinha","image":{"@type":"ImageObject","inLanguage":"pt-PT","@id":"https:\/\/portaltela.pt\/s.01k8rhncp4jt1\/2025\/11\/talking-bot-125x125.png","url":"https:\/\/portaltela.pt\/s.01k8rhncp4jt1\/2025\/11\/talking-bot-125x125.png","contentUrl":"https:\/\/portaltela.pt\/s.01k8rhncp4jt1\/2025\/11\/talking-bot-125x125.png","caption":"Telinha"},"sameAs":["https:\/\/portaltela.pt\/"],"url":"https:\/\/portaltela.pt\/por\/367410592786\/"}]}},"_links":{"self":[{"href":"https:\/\/portaltela.pt\/api\/wp\/v2\/posts\/411779","targetHints":{"allow":["GET"]}}],"collection":[{"href":"https:\/\/portaltela.pt\/api\/wp\/v2\/posts"}],"about":[{"href":"https:\/\/portaltela.pt\/api\/wp\/v2\/types\/post"}],"author":[{"embeddable":true,"href":"https:\/\/portaltela.pt\/api\/wp\/v2\/users\/2"}],"replies":[{"embeddable":true,"href":"https:\/\/portaltela.pt\/api\/wp\/v2\/comments?post=411779"}],"version-history":[{"count":0,"href":"https:\/\/portaltela.pt\/api\/wp\/v2\/posts\/411779\/revisions"}],"wp:featuredmedia":[{"embeddable":true,"href":"https:\/\/portaltela.pt\/api\/wp\/v2\/media\/411782"}],"wp:attachment":[{"href":"https:\/\/portaltela.pt\/api\/wp\/v2\/media?parent=411779"}],"wp:term":[{"taxonomy":"category","embeddable":true,"href":"https:\/\/portaltela.pt\/api\/wp\/v2\/categories?post=411779"},{"taxonomy":"post_tag","embeddable":true,"href":"https:\/\/portaltela.pt\/api\/wp\/v2\/tags?post=411779"}],"curies":[{"name":"wp","href":"https:\/\/api.w.org\/{rel}","templated":true}]}}