{"id":411722,"date":"2026-03-14T09:59:00","date_gmt":"2026-03-14T12:59:00","guid":{"rendered":"https:\/\/portaltela.pt\/noticias\/2026\/03\/14\/passeio-junto-ao-rio-inaugura-o-trilho-dos-acudes-em-albergaria-a-velha\/"},"modified":"2026-03-14T09:59:00","modified_gmt":"2026-03-14T12:59:00","slug":"passeio-junto-ao-rio-inaugura-o-trilho-dos-acudes-em-albergaria-a-velha","status":"publish","type":"post","link":"https:\/\/portaltela.pt\/noticias\/2026\/03\/14\/passeio-junto-ao-rio-inaugura-o-trilho-dos-acudes-em-albergaria-a-velha\/","title":{"rendered":"Passeio junto ao rio inaugura o Trilho dos A\u00e7udes em Albergaria-a-Velha"},"content":{"rendered":"<p>Passear junto ao rio faz parte do novo Trilho dos A\u00e7udes, em Albergaria-a-Velha, um percurso pedestre para explorar moinhos, a\u00e7udes, rios e bosques da aldeia Telhadela. O tra\u00e7ado pretende valorizar o patrim\u00f3nio natural e cultural local.<\/p>\n<p>O trilho foi desenvolvido pela associa\u00e7\u00e3o Donaldeia, criada para promover Telhadela, com o objetivo de orientar os visitantes pelo territ\u00f3rio. O projeto surgiu da necessidade de evitar que os visitantes se percam ao seguir apenas trechos do tra\u00e7ado existente.<\/p>\n<p>Ao longo do percurso h\u00e1 a partilha de elementos de patrim\u00f3nio e paisagem da aldeia, com o apoio t\u00e9cnico da comunidade. A C\u00e2mara Municipal de Albergaria-a-Velha foi contactada para homologa\u00e7\u00e3o e sinaliza\u00e7\u00e3o do trilho, com o intuito de facilitar a circula\u00e7\u00e3o.<\/p>\n","protected":false},"excerpt":{"rendered":"<ul>\n<li>O Trilho dos A\u00e7udes, em Albergaria-a-Velha, agrega moinhos, a\u00e7udes, rios, ribeiros, bosque, campos agr\u00edcolas e o n\u00facleo de Telhadela.<\/li>\n<li>Foi desenhado pela associa\u00e7\u00e3o Donaldeia, para mostrar o patrim\u00f3nio natural e cultural do lugar e atrair visitantes.<\/li>\n<li>A ideia surgiu para evitar que quem percorre o trilho se perdesse ou passasse apenas por uma parte da aldeia.<\/li>\n<li>O projeto contou com o apoio da comunidade local e da C\u00e2mara Municipal para homologa\u00e7\u00e3o e instala\u00e7\u00e3o de sinal\u00e9tica.<\/li>\n<li>A presidente da associa\u00e7\u00e3o, Delmira Gomes, afirma que a cria\u00e7\u00e3o do trilho era uma necessidade da aldeia.<\/li>\n<\/ul>\n","protected":false},"author":2,"featured_media":411725,"comment_status":"closed","ping_status":"closed","sticky":false,"template":"","format":"standard","meta":{"footnotes":""},"categories":[1],"tags":[2980,5640,3568,814,1175,4388],"class_list":["post-411722","post","type-post","status-publish","format-standard","has-post-thumbnail","hentry","category-noticias","tag-albergaria-a-velha","tag-aldeias","tag-natureza","tag-patrimonio","tag-patrimonio-cultural","tag-percurso-pedestres"],"yoast_head":"<!-- This site is optimized with the Yoast SEO plugin v27.2 - https:\/\/yoast.com\/product\/yoast-seo-wordpress\/ -->\n<title>Passeio junto ao rio inaugura o Trilho dos A\u00e7udes em Albergaria-a-Velha - Portal Tela Portugal<\/title>\n<meta name=\"robots\" content=\"index, follow, max-snippet:-1, max-image-preview:large, max-video-preview:-1\" \/>\n<meta property=\"og:locale\" content=\"pt_PT\" \/>\n<meta property=\"og:type\" content=\"article\" \/>\n<meta property=\"og:title\" content=\"Passeio junto ao rio inaugura o Trilho dos A\u00e7udes em Albergaria-a-Velha - Portal Tela Portugal\" \/>\n<meta property=\"og:description\" content=\"O Trilho dos A\u00e7udes, em Albergaria-a-Velha, agrega moinhos, a\u00e7udes, rios, ribeiros, bosque, campos agr\u00edcolas e o n\u00facleo de Telhadela. Foi desenhado pela associa\u00e7\u00e3o Donaldeia, para mostrar o patrim\u00f3nio natural e cultural do lugar e atrair visitantes. A ideia surgiu para evitar que quem percorre o trilho se perdesse ou passasse apenas por uma parte da aldeia. O projeto contou com o apoio da comunidade local e da C\u00e2mara Municipal para homologa\u00e7\u00e3o e instala\u00e7\u00e3o de sinal\u00e9tica. A presidente da associa\u00e7\u00e3o, Delmira Gomes, afirma que a cria\u00e7\u00e3o do trilho era uma necessidade da aldeia.\" \/>\n<meta property=\"og:url\" content=\"https:\/\/portaltela.pt\/noticias\/2026\/03\/14\/passeio-junto-ao-rio-inaugura-o-trilho-dos-acudes-em-albergaria-a-velha\/\" \/>\n<meta property=\"og:site_name\" content=\"Portal Tela Portugal\" \/>\n<meta property=\"article:published_time\" content=\"2026-03-14T12:59:00+00:00\" \/>\n<meta name=\"author\" content=\"Telinha\" \/>\n<meta name=\"twitter:card\" content=\"summary_large_image\" \/>\n<meta name=\"twitter:label1\" content=\"Escrito por\" \/>\n\t<meta name=\"twitter:data1\" content=\"Telinha\" \/>\n\t<meta name=\"twitter:label2\" content=\"Tempo estimado de leitura\" \/>\n\t<meta name=\"twitter:data2\" content=\"1 minuto\" \/>\n<script type=\"application\/ld+json\" class=\"yoast-schema-graph\">{\"@context\":\"https:\/\/schema.org\",\"@graph\":[{\"@type\":\"Article\",\"@id\":\"https:\/\/portaltela.pt\/noticias\/2026\/03\/14\/passeio-junto-ao-rio-inaugura-o-trilho-dos-acudes-em-albergaria-a-velha\/#article\",\"isPartOf\":{\"@id\":\"https:\/\/portaltela.pt\/noticias\/2026\/03\/14\/passeio-junto-ao-rio-inaugura-o-trilho-dos-acudes-em-albergaria-a-velha\/\"},\"author\":{\"name\":\"Telinha\",\"@id\":\"https:\/\/portaltela.pt\/#\/schema\/person\/c4278d4a6028830caff9ee44b42d32ed\"},\"headline\":\"Passeio junto ao rio inaugura o Trilho dos A\u00e7udes em Albergaria-a-Velha\",\"datePublished\":\"2026-03-14T12:59:00+00:00\",\"mainEntityOfPage\":{\"@id\":\"https:\/\/portaltela.pt\/noticias\/2026\/03\/14\/passeio-junto-ao-rio-inaugura-o-trilho-dos-acudes-em-albergaria-a-velha\/\"},\"wordCount\":141,\"image\":{\"@id\":\"https:\/\/portaltela.pt\/noticias\/2026\/03\/14\/passeio-junto-ao-rio-inaugura-o-trilho-dos-acudes-em-albergaria-a-velha\/#primaryimage\"},\"thumbnailUrl\":\"https:\/\/portaltela.pt\/s.01k8rhncp4jt1\/2026\/03\/image-67.webp\",\"keywords\":[\"Albergaria-a-Velha\",\"aldeias\",\"natureza\",\"patrim\u00f3nio\",\"Patrim\u00f3nio Cultural\",\"percurso pedestres\"],\"articleSection\":[\"Not\u00edcias\"],\"inLanguage\":\"pt-PT\"},{\"@type\":\"WebPage\",\"@id\":\"https:\/\/portaltela.pt\/noticias\/2026\/03\/14\/passeio-junto-ao-rio-inaugura-o-trilho-dos-acudes-em-albergaria-a-velha\/\",\"url\":\"https:\/\/portaltela.pt\/noticias\/2026\/03\/14\/passeio-junto-ao-rio-inaugura-o-trilho-dos-acudes-em-albergaria-a-velha\/\",\"name\":\"Passeio junto ao rio inaugura o Trilho dos A\u00e7udes em Albergaria-a-Velha - Portal Tela Portugal\",\"isPartOf\":{\"@id\":\"https:\/\/portaltela.pt\/#website\"},\"primaryImageOfPage\":{\"@id\":\"https:\/\/portaltela.pt\/noticias\/2026\/03\/14\/passeio-junto-ao-rio-inaugura-o-trilho-dos-acudes-em-albergaria-a-velha\/#primaryimage\"},\"image\":{\"@id\":\"https:\/\/portaltela.pt\/noticias\/2026\/03\/14\/passeio-junto-ao-rio-inaugura-o-trilho-dos-acudes-em-albergaria-a-velha\/#primaryimage\"},\"thumbnailUrl\":\"https:\/\/portaltela.pt\/s.01k8rhncp4jt1\/2026\/03\/image-67.webp\",\"datePublished\":\"2026-03-14T12:59:00+00:00\",\"author\":{\"@id\":\"https:\/\/portaltela.pt\/#\/schema\/person\/c4278d4a6028830caff9ee44b42d32ed\"},\"breadcrumb\":{\"@id\":\"https:\/\/portaltela.pt\/noticias\/2026\/03\/14\/passeio-junto-ao-rio-inaugura-o-trilho-dos-acudes-em-albergaria-a-velha\/#breadcrumb\"},\"inLanguage\":\"pt-PT\",\"potentialAction\":[{\"@type\":\"ReadAction\",\"target\":[\"https:\/\/portaltela.pt\/noticias\/2026\/03\/14\/passeio-junto-ao-rio-inaugura-o-trilho-dos-acudes-em-albergaria-a-velha\/\"]}]},{\"@type\":\"ImageObject\",\"inLanguage\":\"pt-PT\",\"@id\":\"https:\/\/portaltela.pt\/noticias\/2026\/03\/14\/passeio-junto-ao-rio-inaugura-o-trilho-dos-acudes-em-albergaria-a-velha\/#primaryimage\",\"url\":\"https:\/\/portaltela.pt\/s.01k8rhncp4jt1\/2026\/03\/image-67.webp\",\"contentUrl\":\"https:\/\/portaltela.pt\/s.01k8rhncp4jt1\/2026\/03\/image-67.webp\",\"width\":1200,\"height\":800,\"caption\":\"Trilho dos A\u00e7udes\"},{\"@type\":\"BreadcrumbList\",\"@id\":\"https:\/\/portaltela.pt\/noticias\/2026\/03\/14\/passeio-junto-ao-rio-inaugura-o-trilho-dos-acudes-em-albergaria-a-velha\/#breadcrumb\",\"itemListElement\":[{\"@type\":\"ListItem\",\"position\":1,\"name\":\"In\u00edcio\",\"item\":\"https:\/\/portaltela.pt\/\"},{\"@type\":\"ListItem\",\"position\":2,\"name\":\"Passeio junto ao rio inaugura o Trilho dos A\u00e7udes em Albergaria-a-Velha\"}]},{\"@type\":\"WebSite\",\"@id\":\"https:\/\/portaltela.pt\/#website\",\"url\":\"https:\/\/portaltela.pt\/\",\"name\":\"Portal Tela Portugal\",\"description\":\"\",\"potentialAction\":[{\"@type\":\"SearchAction\",\"target\":{\"@type\":\"EntryPoint\",\"urlTemplate\":\"https:\/\/portaltela.pt\/?s={search_term_string}\"},\"query-input\":{\"@type\":\"PropertyValueSpecification\",\"valueRequired\":true,\"valueName\":\"search_term_string\"}}],\"inLanguage\":\"pt-PT\"},{\"@type\":\"Person\",\"@id\":\"https:\/\/portaltela.pt\/#\/schema\/person\/c4278d4a6028830caff9ee44b42d32ed\",\"name\":\"Telinha\",\"image\":{\"@type\":\"ImageObject\",\"inLanguage\":\"pt-PT\",\"@id\":\"https:\/\/portaltela.pt\/s.01k8rhncp4jt1\/2025\/11\/talking-bot-125x125.png\",\"url\":\"https:\/\/portaltela.pt\/s.01k8rhncp4jt1\/2025\/11\/talking-bot-125x125.png\",\"contentUrl\":\"https:\/\/portaltela.pt\/s.01k8rhncp4jt1\/2025\/11\/talking-bot-125x125.png\",\"caption\":\"Telinha\"},\"sameAs\":[\"https:\/\/portaltela.pt\/\"],\"url\":\"https:\/\/portaltela.pt\/por\/367410592786\/\"}]}<\/script>\n<!-- \/ Yoast SEO plugin. -->","yoast_head_json":{"title":"Passeio junto ao rio inaugura o Trilho dos A\u00e7udes em Albergaria-a-Velha - Portal Tela Portugal","robots":{"index":"index","follow":"follow","max-snippet":"max-snippet:-1","max-image-preview":"max-image-preview:large","max-video-preview":"max-video-preview:-1"},"og_locale":"pt_PT","og_type":"article","og_title":"Passeio junto ao rio inaugura o Trilho dos A\u00e7udes em Albergaria-a-Velha - Portal Tela Portugal","og_description":"O Trilho dos A\u00e7udes, em Albergaria-a-Velha, agrega moinhos, a\u00e7udes, rios, ribeiros, bosque, campos agr\u00edcolas e o n\u00facleo de Telhadela. Foi desenhado pela associa\u00e7\u00e3o Donaldeia, para mostrar o patrim\u00f3nio natural e cultural do lugar e atrair visitantes. A ideia surgiu para evitar que quem percorre o trilho se perdesse ou passasse apenas por uma parte da aldeia. O projeto contou com o apoio da comunidade local e da C\u00e2mara Municipal para homologa\u00e7\u00e3o e instala\u00e7\u00e3o de sinal\u00e9tica. A presidente da associa\u00e7\u00e3o, Delmira Gomes, afirma que a cria\u00e7\u00e3o do trilho era uma necessidade da aldeia.","og_url":"https:\/\/portaltela.pt\/noticias\/2026\/03\/14\/passeio-junto-ao-rio-inaugura-o-trilho-dos-acudes-em-albergaria-a-velha\/","og_site_name":"Portal Tela Portugal","article_published_time":"2026-03-14T12:59:00+00:00","author":"Telinha","twitter_card":"summary_large_image","twitter_misc":{"Escrito por":"Telinha","Tempo estimado de leitura":"1 minuto"},"schema":{"@context":"https:\/\/schema.org","@graph":[{"@type":"Article","@id":"https:\/\/portaltela.pt\/noticias\/2026\/03\/14\/passeio-junto-ao-rio-inaugura-o-trilho-dos-acudes-em-albergaria-a-velha\/#article","isPartOf":{"@id":"https:\/\/portaltela.pt\/noticias\/2026\/03\/14\/passeio-junto-ao-rio-inaugura-o-trilho-dos-acudes-em-albergaria-a-velha\/"},"author":{"name":"Telinha","@id":"https:\/\/portaltela.pt\/#\/schema\/person\/c4278d4a6028830caff9ee44b42d32ed"},"headline":"Passeio junto ao rio inaugura o Trilho dos A\u00e7udes em Albergaria-a-Velha","datePublished":"2026-03-14T12:59:00+00:00","mainEntityOfPage":{"@id":"https:\/\/portaltela.pt\/noticias\/2026\/03\/14\/passeio-junto-ao-rio-inaugura-o-trilho-dos-acudes-em-albergaria-a-velha\/"},"wordCount":141,"image":{"@id":"https:\/\/portaltela.pt\/noticias\/2026\/03\/14\/passeio-junto-ao-rio-inaugura-o-trilho-dos-acudes-em-albergaria-a-velha\/#primaryimage"},"thumbnailUrl":"https:\/\/portaltela.pt\/s.01k8rhncp4jt1\/2026\/03\/image-67.webp","keywords":["Albergaria-a-Velha","aldeias","natureza","patrim\u00f3nio","Patrim\u00f3nio Cultural","percurso pedestres"],"articleSection":["Not\u00edcias"],"inLanguage":"pt-PT"},{"@type":"WebPage","@id":"https:\/\/portaltela.pt\/noticias\/2026\/03\/14\/passeio-junto-ao-rio-inaugura-o-trilho-dos-acudes-em-albergaria-a-velha\/","url":"https:\/\/portaltela.pt\/noticias\/2026\/03\/14\/passeio-junto-ao-rio-inaugura-o-trilho-dos-acudes-em-albergaria-a-velha\/","name":"Passeio junto ao rio inaugura o Trilho dos A\u00e7udes em Albergaria-a-Velha - Portal Tela Portugal","isPartOf":{"@id":"https:\/\/portaltela.pt\/#website"},"primaryImageOfPage":{"@id":"https:\/\/portaltela.pt\/noticias\/2026\/03\/14\/passeio-junto-ao-rio-inaugura-o-trilho-dos-acudes-em-albergaria-a-velha\/#primaryimage"},"image":{"@id":"https:\/\/portaltela.pt\/noticias\/2026\/03\/14\/passeio-junto-ao-rio-inaugura-o-trilho-dos-acudes-em-albergaria-a-velha\/#primaryimage"},"thumbnailUrl":"https:\/\/portaltela.pt\/s.01k8rhncp4jt1\/2026\/03\/image-67.webp","datePublished":"2026-03-14T12:59:00+00:00","author":{"@id":"https:\/\/portaltela.pt\/#\/schema\/person\/c4278d4a6028830caff9ee44b42d32ed"},"breadcrumb":{"@id":"https:\/\/portaltela.pt\/noticias\/2026\/03\/14\/passeio-junto-ao-rio-inaugura-o-trilho-dos-acudes-em-albergaria-a-velha\/#breadcrumb"},"inLanguage":"pt-PT","potentialAction":[{"@type":"ReadAction","target":["https:\/\/portaltela.pt\/noticias\/2026\/03\/14\/passeio-junto-ao-rio-inaugura-o-trilho-dos-acudes-em-albergaria-a-velha\/"]}]},{"@type":"ImageObject","inLanguage":"pt-PT","@id":"https:\/\/portaltela.pt\/noticias\/2026\/03\/14\/passeio-junto-ao-rio-inaugura-o-trilho-dos-acudes-em-albergaria-a-velha\/#primaryimage","url":"https:\/\/portaltela.pt\/s.01k8rhncp4jt1\/2026\/03\/image-67.webp","contentUrl":"https:\/\/portaltela.pt\/s.01k8rhncp4jt1\/2026\/03\/image-67.webp","width":1200,"height":800,"caption":"Trilho dos A\u00e7udes"},{"@type":"BreadcrumbList","@id":"https:\/\/portaltela.pt\/noticias\/2026\/03\/14\/passeio-junto-ao-rio-inaugura-o-trilho-dos-acudes-em-albergaria-a-velha\/#breadcrumb","itemListElement":[{"@type":"ListItem","position":1,"name":"In\u00edcio","item":"https:\/\/portaltela.pt\/"},{"@type":"ListItem","position":2,"name":"Passeio junto ao rio inaugura o Trilho dos A\u00e7udes em Albergaria-a-Velha"}]},{"@type":"WebSite","@id":"https:\/\/portaltela.pt\/#website","url":"https:\/\/portaltela.pt\/","name":"Portal Tela Portugal","description":"","potentialAction":[{"@type":"SearchAction","target":{"@type":"EntryPoint","urlTemplate":"https:\/\/portaltela.pt\/?s={search_term_string}"},"query-input":{"@type":"PropertyValueSpecification","valueRequired":true,"valueName":"search_term_string"}}],"inLanguage":"pt-PT"},{"@type":"Person","@id":"https:\/\/portaltela.pt\/#\/schema\/person\/c4278d4a6028830caff9ee44b42d32ed","name":"Telinha","image":{"@type":"ImageObject","inLanguage":"pt-PT","@id":"https:\/\/portaltela.pt\/s.01k8rhncp4jt1\/2025\/11\/talking-bot-125x125.png","url":"https:\/\/portaltela.pt\/s.01k8rhncp4jt1\/2025\/11\/talking-bot-125x125.png","contentUrl":"https:\/\/portaltela.pt\/s.01k8rhncp4jt1\/2025\/11\/talking-bot-125x125.png","caption":"Telinha"},"sameAs":["https:\/\/portaltela.pt\/"],"url":"https:\/\/portaltela.pt\/por\/367410592786\/"}]}},"_links":{"self":[{"href":"https:\/\/portaltela.pt\/api\/wp\/v2\/posts\/411722","targetHints":{"allow":["GET"]}}],"collection":[{"href":"https:\/\/portaltela.pt\/api\/wp\/v2\/posts"}],"about":[{"href":"https:\/\/portaltela.pt\/api\/wp\/v2\/types\/post"}],"author":[{"embeddable":true,"href":"https:\/\/portaltela.pt\/api\/wp\/v2\/users\/2"}],"replies":[{"embeddable":true,"href":"https:\/\/portaltela.pt\/api\/wp\/v2\/comments?post=411722"}],"version-history":[{"count":0,"href":"https:\/\/portaltela.pt\/api\/wp\/v2\/posts\/411722\/revisions"}],"wp:featuredmedia":[{"embeddable":true,"href":"https:\/\/portaltela.pt\/api\/wp\/v2\/media\/411725"}],"wp:attachment":[{"href":"https:\/\/portaltela.pt\/api\/wp\/v2\/media?parent=411722"}],"wp:term":[{"taxonomy":"category","embeddable":true,"href":"https:\/\/portaltela.pt\/api\/wp\/v2\/categories?post=411722"},{"taxonomy":"post_tag","embeddable":true,"href":"https:\/\/portaltela.pt\/api\/wp\/v2\/tags?post=411722"}],"curies":[{"name":"wp","href":"https:\/\/api.w.org\/{rel}","templated":true}]}}