{"id":411695,"date":"2026-03-16T06:44:53","date_gmt":"2026-03-16T09:44:53","guid":{"rendered":"https:\/\/portaltela.pt\/noticias\/2026\/03\/16\/embarcacao-de-pesca-naufraga-na-povoa-de-varzim\/"},"modified":"2026-03-16T06:44:53","modified_gmt":"2026-03-16T09:44:53","slug":"embarcacao-de-pesca-naufraga-na-povoa-de-varzim","status":"publish","type":"post","link":"https:\/\/portaltela.pt\/noticias\/2026\/03\/16\/embarcacao-de-pesca-naufraga-na-povoa-de-varzim\/","title":{"rendered":"Embarca\u00e7\u00e3o de pesca naufraga na P\u00f3voa de Varzim"},"content":{"rendered":"<p>Uma embarca\u00e7\u00e3o de pesca naufragou na P\u00f3voa do Varzim, na segunda-feira. O resgate confirmou que oito pescadores foram salvos com vida e est\u00e3o a ser transportados para terra para avalia\u00e7\u00e3o pelo corpo de bombeiros.<\/p>\n<p>A opera\u00e7\u00e3o est\u00e1 a ser coordenada pela Pol\u00edcia Mar\u00edtima, que indica que n\u00e3o houve registo de feridos graves at\u00e9 ao momento. As causas do naufr\u00e1gio ainda n\u00e3o s\u00e3o conhecidas.<\/p>\n<p>Os oito pescadores permanecem sob avalia\u00e7\u00e3o m\u00e9dica no terreno, enquanto as autoridades recolhem informa\u00e7\u00f5es para apurar as circunst\u00e2ncias do incidente. N\u00e3o foram avan\u00e7ados dados sobre a embarca\u00e7\u00e3o ou a tripula\u00e7\u00e3o adicional.<\/p>\n","protected":false},"excerpt":{"rendered":"<ul>\n<li>Embarca\u00e7\u00e3o de pesca naufragou na P\u00f3voa do Varzim esta segunda-feira.<\/li>\n<li>Foram resgatados oito pescadores, todos com vida.<\/li>\n<li>Os oito est\u00e3o a ser transportados para terra e avaliados pelo corpo de bombeiros.<\/li>\n<li>A Pol\u00edcia Mar\u00edtima est\u00e1 a acompanhar a opera\u00e7\u00e3o.<\/li>\n<\/ul>\n","protected":false},"author":2,"featured_media":411699,"comment_status":"closed","ping_status":"closed","sticky":false,"template":"","format":"standard","meta":{"footnotes":""},"categories":[1],"tags":[971,4298,6154,5093,2804,5974],"class_list":["post-411695","post","type-post","status-publish","format-standard","has-post-thumbnail","hentry","category-noticias","tag-bombeiros","tag-marinha","tag-naufragio","tag-pesca","tag-pescadores","tag-salvamento-maritimo"],"yoast_head":"<!-- This site is optimized with the Yoast SEO plugin v27.2 - https:\/\/yoast.com\/product\/yoast-seo-wordpress\/ -->\n<title>Embarca\u00e7\u00e3o de pesca naufraga na P\u00f3voa de Varzim - Portal Tela Portugal<\/title>\n<meta name=\"robots\" content=\"index, follow, max-snippet:-1, max-image-preview:large, max-video-preview:-1\" \/>\n<meta property=\"og:locale\" content=\"pt_PT\" \/>\n<meta property=\"og:type\" content=\"article\" \/>\n<meta property=\"og:title\" content=\"Embarca\u00e7\u00e3o de pesca naufraga na P\u00f3voa de Varzim - Portal Tela Portugal\" \/>\n<meta property=\"og:description\" content=\"Embarca\u00e7\u00e3o de pesca naufragou na P\u00f3voa do Varzim esta segunda-feira. Foram resgatados oito pescadores, todos com vida. Os oito est\u00e3o a ser transportados para terra e avaliados pelo corpo de bombeiros. A Pol\u00edcia Mar\u00edtima est\u00e1 a acompanhar a opera\u00e7\u00e3o.\" \/>\n<meta property=\"og:url\" content=\"https:\/\/portaltela.pt\/noticias\/2026\/03\/16\/embarcacao-de-pesca-naufraga-na-povoa-de-varzim\/\" \/>\n<meta property=\"og:site_name\" content=\"Portal Tela Portugal\" \/>\n<meta property=\"article:published_time\" content=\"2026-03-16T09:44:53+00:00\" \/>\n<meta name=\"author\" content=\"Telinha\" \/>\n<meta name=\"twitter:card\" content=\"summary_large_image\" \/>\n<meta name=\"twitter:label1\" content=\"Escrito por\" \/>\n\t<meta name=\"twitter:data1\" content=\"Telinha\" \/>\n\t<meta name=\"twitter:label2\" content=\"Tempo estimado de leitura\" \/>\n\t<meta name=\"twitter:data2\" content=\"1 minuto\" \/>\n<script type=\"application\/ld+json\" class=\"yoast-schema-graph\">{\"@context\":\"https:\/\/schema.org\",\"@graph\":[{\"@type\":\"Article\",\"@id\":\"https:\/\/portaltela.pt\/noticias\/2026\/03\/16\/embarcacao-de-pesca-naufraga-na-povoa-de-varzim\/#article\",\"isPartOf\":{\"@id\":\"https:\/\/portaltela.pt\/noticias\/2026\/03\/16\/embarcacao-de-pesca-naufraga-na-povoa-de-varzim\/\"},\"author\":{\"name\":\"Telinha\",\"@id\":\"https:\/\/portaltela.pt\/#\/schema\/person\/c4278d4a6028830caff9ee44b42d32ed\"},\"headline\":\"Embarca\u00e7\u00e3o de pesca naufraga na P\u00f3voa de Varzim\",\"datePublished\":\"2026-03-16T09:44:53+00:00\",\"mainEntityOfPage\":{\"@id\":\"https:\/\/portaltela.pt\/noticias\/2026\/03\/16\/embarcacao-de-pesca-naufraga-na-povoa-de-varzim\/\"},\"wordCount\":123,\"image\":{\"@id\":\"https:\/\/portaltela.pt\/noticias\/2026\/03\/16\/embarcacao-de-pesca-naufraga-na-povoa-de-varzim\/#primaryimage\"},\"thumbnailUrl\":\"https:\/\/portaltela.pt\/s.01k8rhncp4jt1\/2026\/03\/img_1500x1000uu2024-01-11-20-53-56-1538188.jpg\",\"keywords\":[\"bombeiros\",\"Marinha\",\"naufr\u00e1gio\",\"pesca\",\"Pescadores\",\"Salvamento Mar\u00edtimo\"],\"articleSection\":[\"Not\u00edcias\"],\"inLanguage\":\"pt-PT\"},{\"@type\":\"WebPage\",\"@id\":\"https:\/\/portaltela.pt\/noticias\/2026\/03\/16\/embarcacao-de-pesca-naufraga-na-povoa-de-varzim\/\",\"url\":\"https:\/\/portaltela.pt\/noticias\/2026\/03\/16\/embarcacao-de-pesca-naufraga-na-povoa-de-varzim\/\",\"name\":\"Embarca\u00e7\u00e3o de pesca naufraga na P\u00f3voa de Varzim - Portal Tela Portugal\",\"isPartOf\":{\"@id\":\"https:\/\/portaltela.pt\/#website\"},\"primaryImageOfPage\":{\"@id\":\"https:\/\/portaltela.pt\/noticias\/2026\/03\/16\/embarcacao-de-pesca-naufraga-na-povoa-de-varzim\/#primaryimage\"},\"image\":{\"@id\":\"https:\/\/portaltela.pt\/noticias\/2026\/03\/16\/embarcacao-de-pesca-naufraga-na-povoa-de-varzim\/#primaryimage\"},\"thumbnailUrl\":\"https:\/\/portaltela.pt\/s.01k8rhncp4jt1\/2026\/03\/img_1500x1000uu2024-01-11-20-53-56-1538188.jpg\",\"datePublished\":\"2026-03-16T09:44:53+00:00\",\"author\":{\"@id\":\"https:\/\/portaltela.pt\/#\/schema\/person\/c4278d4a6028830caff9ee44b42d32ed\"},\"breadcrumb\":{\"@id\":\"https:\/\/portaltela.pt\/noticias\/2026\/03\/16\/embarcacao-de-pesca-naufraga-na-povoa-de-varzim\/#breadcrumb\"},\"inLanguage\":\"pt-PT\",\"potentialAction\":[{\"@type\":\"ReadAction\",\"target\":[\"https:\/\/portaltela.pt\/noticias\/2026\/03\/16\/embarcacao-de-pesca-naufraga-na-povoa-de-varzim\/\"]}]},{\"@type\":\"ImageObject\",\"inLanguage\":\"pt-PT\",\"@id\":\"https:\/\/portaltela.pt\/noticias\/2026\/03\/16\/embarcacao-de-pesca-naufraga-na-povoa-de-varzim\/#primaryimage\",\"url\":\"https:\/\/portaltela.pt\/s.01k8rhncp4jt1\/2026\/03\/img_1500x1000uu2024-01-11-20-53-56-1538188.jpg\",\"contentUrl\":\"https:\/\/portaltela.pt\/s.01k8rhncp4jt1\/2026\/03\/img_1500x1000uu2024-01-11-20-53-56-1538188.jpg\",\"width\":796,\"height\":448,\"caption\":\"Pol\u00edcia Mar\u00edtima\"},{\"@type\":\"BreadcrumbList\",\"@id\":\"https:\/\/portaltela.pt\/noticias\/2026\/03\/16\/embarcacao-de-pesca-naufraga-na-povoa-de-varzim\/#breadcrumb\",\"itemListElement\":[{\"@type\":\"ListItem\",\"position\":1,\"name\":\"In\u00edcio\",\"item\":\"https:\/\/portaltela.pt\/\"},{\"@type\":\"ListItem\",\"position\":2,\"name\":\"Embarca\u00e7\u00e3o de pesca naufraga na P\u00f3voa de Varzim\"}]},{\"@type\":\"WebSite\",\"@id\":\"https:\/\/portaltela.pt\/#website\",\"url\":\"https:\/\/portaltela.pt\/\",\"name\":\"Portal Tela Portugal\",\"description\":\"\",\"potentialAction\":[{\"@type\":\"SearchAction\",\"target\":{\"@type\":\"EntryPoint\",\"urlTemplate\":\"https:\/\/portaltela.pt\/?s={search_term_string}\"},\"query-input\":{\"@type\":\"PropertyValueSpecification\",\"valueRequired\":true,\"valueName\":\"search_term_string\"}}],\"inLanguage\":\"pt-PT\"},{\"@type\":\"Person\",\"@id\":\"https:\/\/portaltela.pt\/#\/schema\/person\/c4278d4a6028830caff9ee44b42d32ed\",\"name\":\"Telinha\",\"image\":{\"@type\":\"ImageObject\",\"inLanguage\":\"pt-PT\",\"@id\":\"https:\/\/portaltela.pt\/s.01k8rhncp4jt1\/2025\/11\/talking-bot-125x125.png\",\"url\":\"https:\/\/portaltela.pt\/s.01k8rhncp4jt1\/2025\/11\/talking-bot-125x125.png\",\"contentUrl\":\"https:\/\/portaltela.pt\/s.01k8rhncp4jt1\/2025\/11\/talking-bot-125x125.png\",\"caption\":\"Telinha\"},\"sameAs\":[\"https:\/\/portaltela.pt\/\"],\"url\":\"https:\/\/portaltela.pt\/por\/367410592786\/\"}]}<\/script>\n<!-- \/ Yoast SEO plugin. -->","yoast_head_json":{"title":"Embarca\u00e7\u00e3o de pesca naufraga na P\u00f3voa de Varzim - Portal Tela Portugal","robots":{"index":"index","follow":"follow","max-snippet":"max-snippet:-1","max-image-preview":"max-image-preview:large","max-video-preview":"max-video-preview:-1"},"og_locale":"pt_PT","og_type":"article","og_title":"Embarca\u00e7\u00e3o de pesca naufraga na P\u00f3voa de Varzim - Portal Tela Portugal","og_description":"Embarca\u00e7\u00e3o de pesca naufragou na P\u00f3voa do Varzim esta segunda-feira. Foram resgatados oito pescadores, todos com vida. Os oito est\u00e3o a ser transportados para terra e avaliados pelo corpo de bombeiros. A Pol\u00edcia Mar\u00edtima est\u00e1 a acompanhar a opera\u00e7\u00e3o.","og_url":"https:\/\/portaltela.pt\/noticias\/2026\/03\/16\/embarcacao-de-pesca-naufraga-na-povoa-de-varzim\/","og_site_name":"Portal Tela Portugal","article_published_time":"2026-03-16T09:44:53+00:00","author":"Telinha","twitter_card":"summary_large_image","twitter_misc":{"Escrito por":"Telinha","Tempo estimado de leitura":"1 minuto"},"schema":{"@context":"https:\/\/schema.org","@graph":[{"@type":"Article","@id":"https:\/\/portaltela.pt\/noticias\/2026\/03\/16\/embarcacao-de-pesca-naufraga-na-povoa-de-varzim\/#article","isPartOf":{"@id":"https:\/\/portaltela.pt\/noticias\/2026\/03\/16\/embarcacao-de-pesca-naufraga-na-povoa-de-varzim\/"},"author":{"name":"Telinha","@id":"https:\/\/portaltela.pt\/#\/schema\/person\/c4278d4a6028830caff9ee44b42d32ed"},"headline":"Embarca\u00e7\u00e3o de pesca naufraga na P\u00f3voa de Varzim","datePublished":"2026-03-16T09:44:53+00:00","mainEntityOfPage":{"@id":"https:\/\/portaltela.pt\/noticias\/2026\/03\/16\/embarcacao-de-pesca-naufraga-na-povoa-de-varzim\/"},"wordCount":123,"image":{"@id":"https:\/\/portaltela.pt\/noticias\/2026\/03\/16\/embarcacao-de-pesca-naufraga-na-povoa-de-varzim\/#primaryimage"},"thumbnailUrl":"https:\/\/portaltela.pt\/s.01k8rhncp4jt1\/2026\/03\/img_1500x1000uu2024-01-11-20-53-56-1538188.jpg","keywords":["bombeiros","Marinha","naufr\u00e1gio","pesca","Pescadores","Salvamento Mar\u00edtimo"],"articleSection":["Not\u00edcias"],"inLanguage":"pt-PT"},{"@type":"WebPage","@id":"https:\/\/portaltela.pt\/noticias\/2026\/03\/16\/embarcacao-de-pesca-naufraga-na-povoa-de-varzim\/","url":"https:\/\/portaltela.pt\/noticias\/2026\/03\/16\/embarcacao-de-pesca-naufraga-na-povoa-de-varzim\/","name":"Embarca\u00e7\u00e3o de pesca naufraga na P\u00f3voa de Varzim - Portal Tela Portugal","isPartOf":{"@id":"https:\/\/portaltela.pt\/#website"},"primaryImageOfPage":{"@id":"https:\/\/portaltela.pt\/noticias\/2026\/03\/16\/embarcacao-de-pesca-naufraga-na-povoa-de-varzim\/#primaryimage"},"image":{"@id":"https:\/\/portaltela.pt\/noticias\/2026\/03\/16\/embarcacao-de-pesca-naufraga-na-povoa-de-varzim\/#primaryimage"},"thumbnailUrl":"https:\/\/portaltela.pt\/s.01k8rhncp4jt1\/2026\/03\/img_1500x1000uu2024-01-11-20-53-56-1538188.jpg","datePublished":"2026-03-16T09:44:53+00:00","author":{"@id":"https:\/\/portaltela.pt\/#\/schema\/person\/c4278d4a6028830caff9ee44b42d32ed"},"breadcrumb":{"@id":"https:\/\/portaltela.pt\/noticias\/2026\/03\/16\/embarcacao-de-pesca-naufraga-na-povoa-de-varzim\/#breadcrumb"},"inLanguage":"pt-PT","potentialAction":[{"@type":"ReadAction","target":["https:\/\/portaltela.pt\/noticias\/2026\/03\/16\/embarcacao-de-pesca-naufraga-na-povoa-de-varzim\/"]}]},{"@type":"ImageObject","inLanguage":"pt-PT","@id":"https:\/\/portaltela.pt\/noticias\/2026\/03\/16\/embarcacao-de-pesca-naufraga-na-povoa-de-varzim\/#primaryimage","url":"https:\/\/portaltela.pt\/s.01k8rhncp4jt1\/2026\/03\/img_1500x1000uu2024-01-11-20-53-56-1538188.jpg","contentUrl":"https:\/\/portaltela.pt\/s.01k8rhncp4jt1\/2026\/03\/img_1500x1000uu2024-01-11-20-53-56-1538188.jpg","width":796,"height":448,"caption":"Pol\u00edcia Mar\u00edtima"},{"@type":"BreadcrumbList","@id":"https:\/\/portaltela.pt\/noticias\/2026\/03\/16\/embarcacao-de-pesca-naufraga-na-povoa-de-varzim\/#breadcrumb","itemListElement":[{"@type":"ListItem","position":1,"name":"In\u00edcio","item":"https:\/\/portaltela.pt\/"},{"@type":"ListItem","position":2,"name":"Embarca\u00e7\u00e3o de pesca naufraga na P\u00f3voa de Varzim"}]},{"@type":"WebSite","@id":"https:\/\/portaltela.pt\/#website","url":"https:\/\/portaltela.pt\/","name":"Portal Tela Portugal","description":"","potentialAction":[{"@type":"SearchAction","target":{"@type":"EntryPoint","urlTemplate":"https:\/\/portaltela.pt\/?s={search_term_string}"},"query-input":{"@type":"PropertyValueSpecification","valueRequired":true,"valueName":"search_term_string"}}],"inLanguage":"pt-PT"},{"@type":"Person","@id":"https:\/\/portaltela.pt\/#\/schema\/person\/c4278d4a6028830caff9ee44b42d32ed","name":"Telinha","image":{"@type":"ImageObject","inLanguage":"pt-PT","@id":"https:\/\/portaltela.pt\/s.01k8rhncp4jt1\/2025\/11\/talking-bot-125x125.png","url":"https:\/\/portaltela.pt\/s.01k8rhncp4jt1\/2025\/11\/talking-bot-125x125.png","contentUrl":"https:\/\/portaltela.pt\/s.01k8rhncp4jt1\/2025\/11\/talking-bot-125x125.png","caption":"Telinha"},"sameAs":["https:\/\/portaltela.pt\/"],"url":"https:\/\/portaltela.pt\/por\/367410592786\/"}]}},"_links":{"self":[{"href":"https:\/\/portaltela.pt\/api\/wp\/v2\/posts\/411695","targetHints":{"allow":["GET"]}}],"collection":[{"href":"https:\/\/portaltela.pt\/api\/wp\/v2\/posts"}],"about":[{"href":"https:\/\/portaltela.pt\/api\/wp\/v2\/types\/post"}],"author":[{"embeddable":true,"href":"https:\/\/portaltela.pt\/api\/wp\/v2\/users\/2"}],"replies":[{"embeddable":true,"href":"https:\/\/portaltela.pt\/api\/wp\/v2\/comments?post=411695"}],"version-history":[{"count":0,"href":"https:\/\/portaltela.pt\/api\/wp\/v2\/posts\/411695\/revisions"}],"wp:featuredmedia":[{"embeddable":true,"href":"https:\/\/portaltela.pt\/api\/wp\/v2\/media\/411699"}],"wp:attachment":[{"href":"https:\/\/portaltela.pt\/api\/wp\/v2\/media?parent=411695"}],"wp:term":[{"taxonomy":"category","embeddable":true,"href":"https:\/\/portaltela.pt\/api\/wp\/v2\/categories?post=411695"},{"taxonomy":"post_tag","embeddable":true,"href":"https:\/\/portaltela.pt\/api\/wp\/v2\/tags?post=411695"}],"curies":[{"name":"wp","href":"https:\/\/api.w.org\/{rel}","templated":true}]}}