{"id":411652,"date":"2026-03-16T05:50:00","date_gmt":"2026-03-16T08:50:00","guid":{"rendered":"https:\/\/portaltela.pt\/noticias\/2026\/03\/16\/pelo-menos-10-mortos-num-incendio-em-uci-de-hospital-na-india\/"},"modified":"2026-03-16T05:50:00","modified_gmt":"2026-03-16T08:50:00","slug":"pelo-menos-10-mortos-num-incendio-em-uci-de-hospital-na-india","status":"publish","type":"post","link":"https:\/\/portaltela.pt\/noticias\/2026\/03\/16\/pelo-menos-10-mortos-num-incendio-em-uci-de-hospital-na-india\/","title":{"rendered":"Pelo menos 10 mortos num inc\u00eandio em UCI de hospital na \u00cdndia"},"content":{"rendered":"<p>Pelo menos 10 pessoas morreram num inc\u00eandio que deflagrou no servi\u00e7o de cuidados intensivos de um hospital no estado de Odisha, leste da \u00cdndia. O incidente ocorreu no hospital SCB, na cidade de Cuttack, por volta das 2h30 locais.<\/p>\n<p>Segundo as autoridades, 11 profissionais de sa\u00fade ficaram feridos durante o fogo. V\u00e1rias equipas de bombeiros foram mobilizadas para controlo das chamas e para resgatar pacientes nos cuidados intensivos.<\/p>\n<p>O governador de Odisha, Mohan Charan Majhi, informou que 23 doentes foram transferidos para outros centros hospitalares. Tamb\u00e9m referiu indemniza\u00e7\u00f5es \u00e0s fam\u00edlias dos mortos e feridos e confirmou a abertura de uma investiga\u00e7\u00e3o.<\/p>\n<p>Majhi disse ter falado por telefone com o primeiro-ministro Narendra Modi sobre a situa\u00e7\u00e3o, conforme a emissora NDTV. A origem do inc\u00eandio ainda n\u00e3o foi apurada pelas autoridades locais.<\/p>\n","protected":false},"excerpt":{"rendered":"<ul>\n<li>Pelo menos dez pessoas morreram e onze profissionais de sa\u00fade ficaram feridos num inc\u00eandio no servi\u00e7o de cuidados intensivos do hospital SCB, em Cuttack, no estado de Odisha.<\/li>\n<li>O inc\u00eandio teve in\u00edcio por volta das duas e meia locais, ainda sem causas conhecidas.<\/li>\n<li>V\u00e1rias equipas de bombeiros foram mobilizadas para extinguir as chamas e resgatar pacientes.<\/li>\n<li>O governador de Odisha, Mohan Charan Majhi, anunciou a transfer\u00eancia de 23 doentes para outros centros hospitalares, indemniza\u00e7\u00f5es \u00e0s fam\u00edlias e a abertura de uma investiga\u00e7\u00e3o.<\/li>\n<li>Majhi afirmou ter falado por telefone com o primeiro-ministro Narendra Modi para abordar a situa\u00e7\u00e3o.<\/li>\n<\/ul>\n","protected":false},"author":2,"featured_media":411658,"comment_status":"closed","ping_status":"closed","sticky":false,"template":"","format":"standard","meta":{"footnotes":""},"categories":[1],"tags":[3140,3449,633,1438,5470,6429],"class_list":["post-411652","post","type-post","status-publish","format-standard","has-post-thumbnail","hentry","category-noticias","tag-cuidados-intensivos","tag-feridos","tag-hospital","tag-incendio","tag-india","tag-mortes"],"yoast_head":"<!-- This site is optimized with the Yoast SEO plugin v27.2 - https:\/\/yoast.com\/product\/yoast-seo-wordpress\/ -->\n<title>Pelo menos 10 mortos num inc\u00eandio em UCI de hospital na \u00cdndia - Portal Tela Portugal<\/title>\n<meta name=\"robots\" content=\"index, follow, max-snippet:-1, max-image-preview:large, max-video-preview:-1\" \/>\n<meta property=\"og:locale\" content=\"pt_PT\" \/>\n<meta property=\"og:type\" content=\"article\" \/>\n<meta property=\"og:title\" content=\"Pelo menos 10 mortos num inc\u00eandio em UCI de hospital na \u00cdndia - Portal Tela Portugal\" \/>\n<meta property=\"og:description\" content=\"Pelo menos dez pessoas morreram e onze profissionais de sa\u00fade ficaram feridos num inc\u00eandio no servi\u00e7o de cuidados intensivos do hospital SCB, em Cuttack, no estado de Odisha. O inc\u00eandio teve in\u00edcio por volta das duas e meia locais, ainda sem causas conhecidas. V\u00e1rias equipas de bombeiros foram mobilizadas para extinguir as chamas e resgatar pacientes. O governador de Odisha, Mohan Charan Majhi, anunciou a transfer\u00eancia de 23 doentes para outros centros hospitalares, indemniza\u00e7\u00f5es \u00e0s fam\u00edlias e a abertura de uma investiga\u00e7\u00e3o. Majhi afirmou ter falado por telefone com o primeiro-ministro Narendra Modi para abordar a situa\u00e7\u00e3o.\" \/>\n<meta property=\"og:url\" content=\"https:\/\/portaltela.pt\/noticias\/2026\/03\/16\/pelo-menos-10-mortos-num-incendio-em-uci-de-hospital-na-india\/\" \/>\n<meta property=\"og:site_name\" content=\"Portal Tela Portugal\" \/>\n<meta property=\"article:published_time\" content=\"2026-03-16T08:50:00+00:00\" \/>\n<meta name=\"author\" content=\"Telinha\" \/>\n<meta name=\"twitter:card\" content=\"summary_large_image\" \/>\n<meta name=\"twitter:label1\" content=\"Escrito por\" \/>\n\t<meta name=\"twitter:data1\" content=\"Telinha\" \/>\n\t<meta name=\"twitter:label2\" content=\"Tempo estimado de leitura\" \/>\n\t<meta name=\"twitter:data2\" content=\"1 minuto\" \/>\n<script type=\"application\/ld+json\" class=\"yoast-schema-graph\">{\"@context\":\"https:\/\/schema.org\",\"@graph\":[{\"@type\":\"Article\",\"@id\":\"https:\/\/portaltela.pt\/noticias\/2026\/03\/16\/pelo-menos-10-mortos-num-incendio-em-uci-de-hospital-na-india\/#article\",\"isPartOf\":{\"@id\":\"https:\/\/portaltela.pt\/noticias\/2026\/03\/16\/pelo-menos-10-mortos-num-incendio-em-uci-de-hospital-na-india\/\"},\"author\":{\"name\":\"Telinha\",\"@id\":\"https:\/\/portaltela.pt\/#\/schema\/person\/c4278d4a6028830caff9ee44b42d32ed\"},\"headline\":\"Pelo menos 10 mortos num inc\u00eandio em UCI de hospital na \u00cdndia\",\"datePublished\":\"2026-03-16T08:50:00+00:00\",\"mainEntityOfPage\":{\"@id\":\"https:\/\/portaltela.pt\/noticias\/2026\/03\/16\/pelo-menos-10-mortos-num-incendio-em-uci-de-hospital-na-india\/\"},\"wordCount\":150,\"image\":{\"@id\":\"https:\/\/portaltela.pt\/noticias\/2026\/03\/16\/pelo-menos-10-mortos-num-incendio-em-uci-de-hospital-na-india\/#primaryimage\"},\"thumbnailUrl\":\"https:\/\/portaltela.pt\/s.01k8rhncp4jt1\/2026\/03\/image-1038.jpg\",\"keywords\":[\"cuidados intensivos\",\"feridos\",\"hospital\",\"inc\u00eandio\",\"\u00cdndia\",\"mortes\"],\"articleSection\":[\"Not\u00edcias\"],\"inLanguage\":\"pt-PT\"},{\"@type\":\"WebPage\",\"@id\":\"https:\/\/portaltela.pt\/noticias\/2026\/03\/16\/pelo-menos-10-mortos-num-incendio-em-uci-de-hospital-na-india\/\",\"url\":\"https:\/\/portaltela.pt\/noticias\/2026\/03\/16\/pelo-menos-10-mortos-num-incendio-em-uci-de-hospital-na-india\/\",\"name\":\"Pelo menos 10 mortos num inc\u00eandio em UCI de hospital na \u00cdndia - Portal Tela Portugal\",\"isPartOf\":{\"@id\":\"https:\/\/portaltela.pt\/#website\"},\"primaryImageOfPage\":{\"@id\":\"https:\/\/portaltela.pt\/noticias\/2026\/03\/16\/pelo-menos-10-mortos-num-incendio-em-uci-de-hospital-na-india\/#primaryimage\"},\"image\":{\"@id\":\"https:\/\/portaltela.pt\/noticias\/2026\/03\/16\/pelo-menos-10-mortos-num-incendio-em-uci-de-hospital-na-india\/#primaryimage\"},\"thumbnailUrl\":\"https:\/\/portaltela.pt\/s.01k8rhncp4jt1\/2026\/03\/image-1038.jpg\",\"datePublished\":\"2026-03-16T08:50:00+00:00\",\"author\":{\"@id\":\"https:\/\/portaltela.pt\/#\/schema\/person\/c4278d4a6028830caff9ee44b42d32ed\"},\"breadcrumb\":{\"@id\":\"https:\/\/portaltela.pt\/noticias\/2026\/03\/16\/pelo-menos-10-mortos-num-incendio-em-uci-de-hospital-na-india\/#breadcrumb\"},\"inLanguage\":\"pt-PT\",\"potentialAction\":[{\"@type\":\"ReadAction\",\"target\":[\"https:\/\/portaltela.pt\/noticias\/2026\/03\/16\/pelo-menos-10-mortos-num-incendio-em-uci-de-hospital-na-india\/\"]}]},{\"@type\":\"ImageObject\",\"inLanguage\":\"pt-PT\",\"@id\":\"https:\/\/portaltela.pt\/noticias\/2026\/03\/16\/pelo-menos-10-mortos-num-incendio-em-uci-de-hospital-na-india\/#primaryimage\",\"url\":\"https:\/\/portaltela.pt\/s.01k8rhncp4jt1\/2026\/03\/image-1038.jpg\",\"contentUrl\":\"https:\/\/portaltela.pt\/s.01k8rhncp4jt1\/2026\/03\/image-1038.jpg\",\"width\":796,\"height\":448,\"caption\":\"Imagem de contexto do artigo Pelo menos 10 pessoas morrem em inc\u00eandio nos cuidados intensivos de hospital indiano\"},{\"@type\":\"BreadcrumbList\",\"@id\":\"https:\/\/portaltela.pt\/noticias\/2026\/03\/16\/pelo-menos-10-mortos-num-incendio-em-uci-de-hospital-na-india\/#breadcrumb\",\"itemListElement\":[{\"@type\":\"ListItem\",\"position\":1,\"name\":\"In\u00edcio\",\"item\":\"https:\/\/portaltela.pt\/\"},{\"@type\":\"ListItem\",\"position\":2,\"name\":\"Pelo menos 10 mortos num inc\u00eandio em UCI de hospital na \u00cdndia\"}]},{\"@type\":\"WebSite\",\"@id\":\"https:\/\/portaltela.pt\/#website\",\"url\":\"https:\/\/portaltela.pt\/\",\"name\":\"Portal Tela Portugal\",\"description\":\"\",\"potentialAction\":[{\"@type\":\"SearchAction\",\"target\":{\"@type\":\"EntryPoint\",\"urlTemplate\":\"https:\/\/portaltela.pt\/?s={search_term_string}\"},\"query-input\":{\"@type\":\"PropertyValueSpecification\",\"valueRequired\":true,\"valueName\":\"search_term_string\"}}],\"inLanguage\":\"pt-PT\"},{\"@type\":\"Person\",\"@id\":\"https:\/\/portaltela.pt\/#\/schema\/person\/c4278d4a6028830caff9ee44b42d32ed\",\"name\":\"Telinha\",\"image\":{\"@type\":\"ImageObject\",\"inLanguage\":\"pt-PT\",\"@id\":\"https:\/\/portaltela.pt\/s.01k8rhncp4jt1\/2025\/11\/talking-bot-125x125.png\",\"url\":\"https:\/\/portaltela.pt\/s.01k8rhncp4jt1\/2025\/11\/talking-bot-125x125.png\",\"contentUrl\":\"https:\/\/portaltela.pt\/s.01k8rhncp4jt1\/2025\/11\/talking-bot-125x125.png\",\"caption\":\"Telinha\"},\"sameAs\":[\"https:\/\/portaltela.pt\/\"],\"url\":\"https:\/\/portaltela.pt\/por\/367410592786\/\"}]}<\/script>\n<!-- \/ Yoast SEO plugin. -->","yoast_head_json":{"title":"Pelo menos 10 mortos num inc\u00eandio em UCI de hospital na \u00cdndia - Portal Tela Portugal","robots":{"index":"index","follow":"follow","max-snippet":"max-snippet:-1","max-image-preview":"max-image-preview:large","max-video-preview":"max-video-preview:-1"},"og_locale":"pt_PT","og_type":"article","og_title":"Pelo menos 10 mortos num inc\u00eandio em UCI de hospital na \u00cdndia - Portal Tela Portugal","og_description":"Pelo menos dez pessoas morreram e onze profissionais de sa\u00fade ficaram feridos num inc\u00eandio no servi\u00e7o de cuidados intensivos do hospital SCB, em Cuttack, no estado de Odisha. O inc\u00eandio teve in\u00edcio por volta das duas e meia locais, ainda sem causas conhecidas. V\u00e1rias equipas de bombeiros foram mobilizadas para extinguir as chamas e resgatar pacientes. O governador de Odisha, Mohan Charan Majhi, anunciou a transfer\u00eancia de 23 doentes para outros centros hospitalares, indemniza\u00e7\u00f5es \u00e0s fam\u00edlias e a abertura de uma investiga\u00e7\u00e3o. Majhi afirmou ter falado por telefone com o primeiro-ministro Narendra Modi para abordar a situa\u00e7\u00e3o.","og_url":"https:\/\/portaltela.pt\/noticias\/2026\/03\/16\/pelo-menos-10-mortos-num-incendio-em-uci-de-hospital-na-india\/","og_site_name":"Portal Tela Portugal","article_published_time":"2026-03-16T08:50:00+00:00","author":"Telinha","twitter_card":"summary_large_image","twitter_misc":{"Escrito por":"Telinha","Tempo estimado de leitura":"1 minuto"},"schema":{"@context":"https:\/\/schema.org","@graph":[{"@type":"Article","@id":"https:\/\/portaltela.pt\/noticias\/2026\/03\/16\/pelo-menos-10-mortos-num-incendio-em-uci-de-hospital-na-india\/#article","isPartOf":{"@id":"https:\/\/portaltela.pt\/noticias\/2026\/03\/16\/pelo-menos-10-mortos-num-incendio-em-uci-de-hospital-na-india\/"},"author":{"name":"Telinha","@id":"https:\/\/portaltela.pt\/#\/schema\/person\/c4278d4a6028830caff9ee44b42d32ed"},"headline":"Pelo menos 10 mortos num inc\u00eandio em UCI de hospital na \u00cdndia","datePublished":"2026-03-16T08:50:00+00:00","mainEntityOfPage":{"@id":"https:\/\/portaltela.pt\/noticias\/2026\/03\/16\/pelo-menos-10-mortos-num-incendio-em-uci-de-hospital-na-india\/"},"wordCount":150,"image":{"@id":"https:\/\/portaltela.pt\/noticias\/2026\/03\/16\/pelo-menos-10-mortos-num-incendio-em-uci-de-hospital-na-india\/#primaryimage"},"thumbnailUrl":"https:\/\/portaltela.pt\/s.01k8rhncp4jt1\/2026\/03\/image-1038.jpg","keywords":["cuidados intensivos","feridos","hospital","inc\u00eandio","\u00cdndia","mortes"],"articleSection":["Not\u00edcias"],"inLanguage":"pt-PT"},{"@type":"WebPage","@id":"https:\/\/portaltela.pt\/noticias\/2026\/03\/16\/pelo-menos-10-mortos-num-incendio-em-uci-de-hospital-na-india\/","url":"https:\/\/portaltela.pt\/noticias\/2026\/03\/16\/pelo-menos-10-mortos-num-incendio-em-uci-de-hospital-na-india\/","name":"Pelo menos 10 mortos num inc\u00eandio em UCI de hospital na \u00cdndia - Portal Tela Portugal","isPartOf":{"@id":"https:\/\/portaltela.pt\/#website"},"primaryImageOfPage":{"@id":"https:\/\/portaltela.pt\/noticias\/2026\/03\/16\/pelo-menos-10-mortos-num-incendio-em-uci-de-hospital-na-india\/#primaryimage"},"image":{"@id":"https:\/\/portaltela.pt\/noticias\/2026\/03\/16\/pelo-menos-10-mortos-num-incendio-em-uci-de-hospital-na-india\/#primaryimage"},"thumbnailUrl":"https:\/\/portaltela.pt\/s.01k8rhncp4jt1\/2026\/03\/image-1038.jpg","datePublished":"2026-03-16T08:50:00+00:00","author":{"@id":"https:\/\/portaltela.pt\/#\/schema\/person\/c4278d4a6028830caff9ee44b42d32ed"},"breadcrumb":{"@id":"https:\/\/portaltela.pt\/noticias\/2026\/03\/16\/pelo-menos-10-mortos-num-incendio-em-uci-de-hospital-na-india\/#breadcrumb"},"inLanguage":"pt-PT","potentialAction":[{"@type":"ReadAction","target":["https:\/\/portaltela.pt\/noticias\/2026\/03\/16\/pelo-menos-10-mortos-num-incendio-em-uci-de-hospital-na-india\/"]}]},{"@type":"ImageObject","inLanguage":"pt-PT","@id":"https:\/\/portaltela.pt\/noticias\/2026\/03\/16\/pelo-menos-10-mortos-num-incendio-em-uci-de-hospital-na-india\/#primaryimage","url":"https:\/\/portaltela.pt\/s.01k8rhncp4jt1\/2026\/03\/image-1038.jpg","contentUrl":"https:\/\/portaltela.pt\/s.01k8rhncp4jt1\/2026\/03\/image-1038.jpg","width":796,"height":448,"caption":"Imagem de contexto do artigo Pelo menos 10 pessoas morrem em inc\u00eandio nos cuidados intensivos de hospital indiano"},{"@type":"BreadcrumbList","@id":"https:\/\/portaltela.pt\/noticias\/2026\/03\/16\/pelo-menos-10-mortos-num-incendio-em-uci-de-hospital-na-india\/#breadcrumb","itemListElement":[{"@type":"ListItem","position":1,"name":"In\u00edcio","item":"https:\/\/portaltela.pt\/"},{"@type":"ListItem","position":2,"name":"Pelo menos 10 mortos num inc\u00eandio em UCI de hospital na \u00cdndia"}]},{"@type":"WebSite","@id":"https:\/\/portaltela.pt\/#website","url":"https:\/\/portaltela.pt\/","name":"Portal Tela Portugal","description":"","potentialAction":[{"@type":"SearchAction","target":{"@type":"EntryPoint","urlTemplate":"https:\/\/portaltela.pt\/?s={search_term_string}"},"query-input":{"@type":"PropertyValueSpecification","valueRequired":true,"valueName":"search_term_string"}}],"inLanguage":"pt-PT"},{"@type":"Person","@id":"https:\/\/portaltela.pt\/#\/schema\/person\/c4278d4a6028830caff9ee44b42d32ed","name":"Telinha","image":{"@type":"ImageObject","inLanguage":"pt-PT","@id":"https:\/\/portaltela.pt\/s.01k8rhncp4jt1\/2025\/11\/talking-bot-125x125.png","url":"https:\/\/portaltela.pt\/s.01k8rhncp4jt1\/2025\/11\/talking-bot-125x125.png","contentUrl":"https:\/\/portaltela.pt\/s.01k8rhncp4jt1\/2025\/11\/talking-bot-125x125.png","caption":"Telinha"},"sameAs":["https:\/\/portaltela.pt\/"],"url":"https:\/\/portaltela.pt\/por\/367410592786\/"}]}},"_links":{"self":[{"href":"https:\/\/portaltela.pt\/api\/wp\/v2\/posts\/411652","targetHints":{"allow":["GET"]}}],"collection":[{"href":"https:\/\/portaltela.pt\/api\/wp\/v2\/posts"}],"about":[{"href":"https:\/\/portaltela.pt\/api\/wp\/v2\/types\/post"}],"author":[{"embeddable":true,"href":"https:\/\/portaltela.pt\/api\/wp\/v2\/users\/2"}],"replies":[{"embeddable":true,"href":"https:\/\/portaltela.pt\/api\/wp\/v2\/comments?post=411652"}],"version-history":[{"count":0,"href":"https:\/\/portaltela.pt\/api\/wp\/v2\/posts\/411652\/revisions"}],"wp:featuredmedia":[{"embeddable":true,"href":"https:\/\/portaltela.pt\/api\/wp\/v2\/media\/411658"}],"wp:attachment":[{"href":"https:\/\/portaltela.pt\/api\/wp\/v2\/media?parent=411652"}],"wp:term":[{"taxonomy":"category","embeddable":true,"href":"https:\/\/portaltela.pt\/api\/wp\/v2\/categories?post=411652"},{"taxonomy":"post_tag","embeddable":true,"href":"https:\/\/portaltela.pt\/api\/wp\/v2\/tags?post=411652"}],"curies":[{"name":"wp","href":"https:\/\/api.w.org\/{rel}","templated":true}]}}