{"id":411641,"date":"2026-03-16T05:41:00","date_gmt":"2026-03-16T08:41:00","guid":{"rendered":"https:\/\/portaltela.pt\/noticias\/2026\/03\/16\/bolor-e-vida-dizem-marta-cortesao-e-neil-degrasse-tyson\/"},"modified":"2026-03-16T05:41:00","modified_gmt":"2026-03-16T08:41:00","slug":"bolor-e-vida-dizem-marta-cortesao-e-neil-degrasse-tyson","status":"publish","type":"post","link":"https:\/\/portaltela.pt\/noticias\/2026\/03\/16\/bolor-e-vida-dizem-marta-cortesao-e-neil-degrasse-tyson\/","title":{"rendered":"Bolor \u00e9 vida, dizem Marta Cortes\u00e3o e Neil deGrasse Tyson"},"content":{"rendered":"<p>O programa de Neil deGrasse Tyson ganhou destaque ao mencionar uma cientista portuguesa, Marta Cortes\u00e3o, no in\u00edcio de 2024. A refer\u00eancia ocorreu no final de janeiro, quando o conhecido astrophysicista citou o trabalho da investigadora sobre a vida, com foco em fungos e origens da vida.<\/p>\n<p>Marta Cortes\u00e3o tem 32 anos e \u00e9 astrobi\u00f3loga na Universidade do Porto. A pesquisadora portuguesa estuda as condi\u00e7\u00f5es que podem ter permitido o surgimento da vida, com especial aten\u00e7\u00e3o aos fungos e aos seus potenciais pap\u00e9is em ambientes pr\u00e9 biol\u00f3gicos.<\/p>\n<p>Ap\u00f3s a men\u00e7\u00e3o, o epis\u00f3dio ganhou repercuss\u00e3o nas redes e na imprensa internacional. A pr\u00f3pria Marta relata que o assunto se tornou assunto de conversa r\u00e1pida entre colegas e familiares, com a primeira nota vindo de uma liga\u00e7\u00e3o da m\u00e3e.<\/p>\n<h3>Reconhecimento internacional<\/h3>\n<p>A refer\u00eancia feita por Tyson trouxe visibilidade ao trabalho da cientista portuguesa, com cobertura medi\u00e1tica em torno do tema da origem da vida e da biologia de fungos. A pesquisadora continua a desenvolver pesquisa na Universidade do Porto, mantendo o foco em astrobi\u00f3tica e em cen\u00e1rios de vida fora da Terra.<\/p>\n","protected":false},"excerpt":{"rendered":"<ul>\n<li>No final de janeiro, Neil deGrasse Tyson citou Marta Cortes\u00e3o, astrobi\u00f3loga portuguesa da Universidade do Porto.<\/li>\n<li>Cortes\u00e3o, 32 anos, ficou conhecida pela investiga\u00e7\u00e3o que relaciona fungos \u00e0s origens da vida.<\/li>\n<li>O destaque gerou forte repercuss\u00e3o na imprensa e nas redes sociais.<\/li>\n<li>A investigadora contou que, no dia seguinte, a fam\u00edlia a contactou ap\u00f3s tomar conhecimento da men\u00e7\u00e3o.<\/li>\n<li>O trabalho foca-se na curiosidade sobre o espa\u00e7o e as origens da vida atrav\u00e9s de fungos.<\/li>\n<\/ul>\n","protected":false},"author":2,"featured_media":411646,"comment_status":"closed","ping_status":"closed","sticky":false,"template":"","format":"standard","meta":{"footnotes":""},"categories":[1],"tags":[7254,7186,1992,45,982],"class_list":["post-411641","post","type-post","status-publish","format-standard","has-post-thumbnail","hentry","category-noticias","tag-a-astrobiologia","tag-astronomia","tag-ciencia","tag-meio-ambiente","tag-porto"],"yoast_head":"<!-- This site is optimized with the Yoast SEO plugin v27.2 - https:\/\/yoast.com\/product\/yoast-seo-wordpress\/ -->\n<title>Bolor \u00e9 vida, dizem Marta Cortes\u00e3o e Neil deGrasse Tyson - Portal Tela Portugal<\/title>\n<meta name=\"robots\" content=\"index, follow, max-snippet:-1, max-image-preview:large, max-video-preview:-1\" \/>\n<meta property=\"og:locale\" content=\"pt_PT\" \/>\n<meta property=\"og:type\" content=\"article\" \/>\n<meta property=\"og:title\" content=\"Bolor \u00e9 vida, dizem Marta Cortes\u00e3o e Neil deGrasse Tyson - Portal Tela Portugal\" \/>\n<meta property=\"og:description\" content=\"No final de janeiro, Neil deGrasse Tyson citou Marta Cortes\u00e3o, astrobi\u00f3loga portuguesa da Universidade do Porto. Cortes\u00e3o, 32 anos, ficou conhecida pela investiga\u00e7\u00e3o que relaciona fungos \u00e0s origens da vida. O destaque gerou forte repercuss\u00e3o na imprensa e nas redes sociais. A investigadora contou que, no dia seguinte, a fam\u00edlia a contactou ap\u00f3s tomar conhecimento da men\u00e7\u00e3o. O trabalho foca-se na curiosidade sobre o espa\u00e7o e as origens da vida atrav\u00e9s de fungos.\" \/>\n<meta property=\"og:url\" content=\"https:\/\/portaltela.pt\/noticias\/2026\/03\/16\/bolor-e-vida-dizem-marta-cortesao-e-neil-degrasse-tyson\/\" \/>\n<meta property=\"og:site_name\" content=\"Portal Tela Portugal\" \/>\n<meta property=\"article:published_time\" content=\"2026-03-16T08:41:00+00:00\" \/>\n<meta name=\"author\" content=\"Telinha\" \/>\n<meta name=\"twitter:card\" content=\"summary_large_image\" \/>\n<meta name=\"twitter:label1\" content=\"Escrito por\" \/>\n\t<meta name=\"twitter:data1\" content=\"Telinha\" \/>\n\t<meta name=\"twitter:label2\" content=\"Tempo estimado de leitura\" \/>\n\t<meta name=\"twitter:data2\" content=\"1 minuto\" \/>\n<script type=\"application\/ld+json\" class=\"yoast-schema-graph\">{\"@context\":\"https:\/\/schema.org\",\"@graph\":[{\"@type\":\"Article\",\"@id\":\"https:\/\/portaltela.pt\/noticias\/2026\/03\/16\/bolor-e-vida-dizem-marta-cortesao-e-neil-degrasse-tyson\/#article\",\"isPartOf\":{\"@id\":\"https:\/\/portaltela.pt\/noticias\/2026\/03\/16\/bolor-e-vida-dizem-marta-cortesao-e-neil-degrasse-tyson\/\"},\"author\":{\"name\":\"Telinha\",\"@id\":\"https:\/\/portaltela.pt\/#\/schema\/person\/c4278d4a6028830caff9ee44b42d32ed\"},\"headline\":\"Bolor \u00e9 vida, dizem Marta Cortes\u00e3o e Neil deGrasse Tyson\",\"datePublished\":\"2026-03-16T08:41:00+00:00\",\"mainEntityOfPage\":{\"@id\":\"https:\/\/portaltela.pt\/noticias\/2026\/03\/16\/bolor-e-vida-dizem-marta-cortesao-e-neil-degrasse-tyson\/\"},\"wordCount\":207,\"image\":{\"@id\":\"https:\/\/portaltela.pt\/noticias\/2026\/03\/16\/bolor-e-vida-dizem-marta-cortesao-e-neil-degrasse-tyson\/#primaryimage\"},\"thumbnailUrl\":\"https:\/\/portaltela.pt\/s.01k8rhncp4jt1\/2026\/03\/2073786.jpg\",\"keywords\":[\"a astrobiologia\",\"astronomia\",\"ci\u00eancia\",\"meio-ambiente\",\"Porto\"],\"articleSection\":[\"Not\u00edcias\"],\"inLanguage\":\"pt-PT\"},{\"@type\":\"WebPage\",\"@id\":\"https:\/\/portaltela.pt\/noticias\/2026\/03\/16\/bolor-e-vida-dizem-marta-cortesao-e-neil-degrasse-tyson\/\",\"url\":\"https:\/\/portaltela.pt\/noticias\/2026\/03\/16\/bolor-e-vida-dizem-marta-cortesao-e-neil-degrasse-tyson\/\",\"name\":\"Bolor \u00e9 vida, dizem Marta Cortes\u00e3o e Neil deGrasse Tyson - Portal Tela Portugal\",\"isPartOf\":{\"@id\":\"https:\/\/portaltela.pt\/#website\"},\"primaryImageOfPage\":{\"@id\":\"https:\/\/portaltela.pt\/noticias\/2026\/03\/16\/bolor-e-vida-dizem-marta-cortesao-e-neil-degrasse-tyson\/#primaryimage\"},\"image\":{\"@id\":\"https:\/\/portaltela.pt\/noticias\/2026\/03\/16\/bolor-e-vida-dizem-marta-cortesao-e-neil-degrasse-tyson\/#primaryimage\"},\"thumbnailUrl\":\"https:\/\/portaltela.pt\/s.01k8rhncp4jt1\/2026\/03\/2073786.jpg\",\"datePublished\":\"2026-03-16T08:41:00+00:00\",\"author\":{\"@id\":\"https:\/\/portaltela.pt\/#\/schema\/person\/c4278d4a6028830caff9ee44b42d32ed\"},\"breadcrumb\":{\"@id\":\"https:\/\/portaltela.pt\/noticias\/2026\/03\/16\/bolor-e-vida-dizem-marta-cortesao-e-neil-degrasse-tyson\/#breadcrumb\"},\"inLanguage\":\"pt-PT\",\"potentialAction\":[{\"@type\":\"ReadAction\",\"target\":[\"https:\/\/portaltela.pt\/noticias\/2026\/03\/16\/bolor-e-vida-dizem-marta-cortesao-e-neil-degrasse-tyson\/\"]}]},{\"@type\":\"ImageObject\",\"inLanguage\":\"pt-PT\",\"@id\":\"https:\/\/portaltela.pt\/noticias\/2026\/03\/16\/bolor-e-vida-dizem-marta-cortesao-e-neil-degrasse-tyson\/#primaryimage\",\"url\":\"https:\/\/portaltela.pt\/s.01k8rhncp4jt1\/2026\/03\/2073786.jpg\",\"contentUrl\":\"https:\/\/portaltela.pt\/s.01k8rhncp4jt1\/2026\/03\/2073786.jpg\",\"width\":796,\"height\":448,\"caption\":\"Marta Cortes\u00e3o \u00e9 investigadora no Instituto de Astrof\u00edsica e Ci\u00eancias do Espa\u00e7o\"},{\"@type\":\"BreadcrumbList\",\"@id\":\"https:\/\/portaltela.pt\/noticias\/2026\/03\/16\/bolor-e-vida-dizem-marta-cortesao-e-neil-degrasse-tyson\/#breadcrumb\",\"itemListElement\":[{\"@type\":\"ListItem\",\"position\":1,\"name\":\"In\u00edcio\",\"item\":\"https:\/\/portaltela.pt\/\"},{\"@type\":\"ListItem\",\"position\":2,\"name\":\"Bolor \u00e9 vida, dizem Marta Cortes\u00e3o e Neil deGrasse Tyson\"}]},{\"@type\":\"WebSite\",\"@id\":\"https:\/\/portaltela.pt\/#website\",\"url\":\"https:\/\/portaltela.pt\/\",\"name\":\"Portal Tela Portugal\",\"description\":\"\",\"potentialAction\":[{\"@type\":\"SearchAction\",\"target\":{\"@type\":\"EntryPoint\",\"urlTemplate\":\"https:\/\/portaltela.pt\/?s={search_term_string}\"},\"query-input\":{\"@type\":\"PropertyValueSpecification\",\"valueRequired\":true,\"valueName\":\"search_term_string\"}}],\"inLanguage\":\"pt-PT\"},{\"@type\":\"Person\",\"@id\":\"https:\/\/portaltela.pt\/#\/schema\/person\/c4278d4a6028830caff9ee44b42d32ed\",\"name\":\"Telinha\",\"image\":{\"@type\":\"ImageObject\",\"inLanguage\":\"pt-PT\",\"@id\":\"https:\/\/portaltela.pt\/s.01k8rhncp4jt1\/2025\/11\/talking-bot-125x125.png\",\"url\":\"https:\/\/portaltela.pt\/s.01k8rhncp4jt1\/2025\/11\/talking-bot-125x125.png\",\"contentUrl\":\"https:\/\/portaltela.pt\/s.01k8rhncp4jt1\/2025\/11\/talking-bot-125x125.png\",\"caption\":\"Telinha\"},\"sameAs\":[\"https:\/\/portaltela.pt\/\"],\"url\":\"https:\/\/portaltela.pt\/por\/367410592786\/\"}]}<\/script>\n<!-- \/ Yoast SEO plugin. -->","yoast_head_json":{"title":"Bolor \u00e9 vida, dizem Marta Cortes\u00e3o e Neil deGrasse Tyson - Portal Tela Portugal","robots":{"index":"index","follow":"follow","max-snippet":"max-snippet:-1","max-image-preview":"max-image-preview:large","max-video-preview":"max-video-preview:-1"},"og_locale":"pt_PT","og_type":"article","og_title":"Bolor \u00e9 vida, dizem Marta Cortes\u00e3o e Neil deGrasse Tyson - Portal Tela Portugal","og_description":"No final de janeiro, Neil deGrasse Tyson citou Marta Cortes\u00e3o, astrobi\u00f3loga portuguesa da Universidade do Porto. Cortes\u00e3o, 32 anos, ficou conhecida pela investiga\u00e7\u00e3o que relaciona fungos \u00e0s origens da vida. O destaque gerou forte repercuss\u00e3o na imprensa e nas redes sociais. A investigadora contou que, no dia seguinte, a fam\u00edlia a contactou ap\u00f3s tomar conhecimento da men\u00e7\u00e3o. O trabalho foca-se na curiosidade sobre o espa\u00e7o e as origens da vida atrav\u00e9s de fungos.","og_url":"https:\/\/portaltela.pt\/noticias\/2026\/03\/16\/bolor-e-vida-dizem-marta-cortesao-e-neil-degrasse-tyson\/","og_site_name":"Portal Tela Portugal","article_published_time":"2026-03-16T08:41:00+00:00","author":"Telinha","twitter_card":"summary_large_image","twitter_misc":{"Escrito por":"Telinha","Tempo estimado de leitura":"1 minuto"},"schema":{"@context":"https:\/\/schema.org","@graph":[{"@type":"Article","@id":"https:\/\/portaltela.pt\/noticias\/2026\/03\/16\/bolor-e-vida-dizem-marta-cortesao-e-neil-degrasse-tyson\/#article","isPartOf":{"@id":"https:\/\/portaltela.pt\/noticias\/2026\/03\/16\/bolor-e-vida-dizem-marta-cortesao-e-neil-degrasse-tyson\/"},"author":{"name":"Telinha","@id":"https:\/\/portaltela.pt\/#\/schema\/person\/c4278d4a6028830caff9ee44b42d32ed"},"headline":"Bolor \u00e9 vida, dizem Marta Cortes\u00e3o e Neil deGrasse Tyson","datePublished":"2026-03-16T08:41:00+00:00","mainEntityOfPage":{"@id":"https:\/\/portaltela.pt\/noticias\/2026\/03\/16\/bolor-e-vida-dizem-marta-cortesao-e-neil-degrasse-tyson\/"},"wordCount":207,"image":{"@id":"https:\/\/portaltela.pt\/noticias\/2026\/03\/16\/bolor-e-vida-dizem-marta-cortesao-e-neil-degrasse-tyson\/#primaryimage"},"thumbnailUrl":"https:\/\/portaltela.pt\/s.01k8rhncp4jt1\/2026\/03\/2073786.jpg","keywords":["a astrobiologia","astronomia","ci\u00eancia","meio-ambiente","Porto"],"articleSection":["Not\u00edcias"],"inLanguage":"pt-PT"},{"@type":"WebPage","@id":"https:\/\/portaltela.pt\/noticias\/2026\/03\/16\/bolor-e-vida-dizem-marta-cortesao-e-neil-degrasse-tyson\/","url":"https:\/\/portaltela.pt\/noticias\/2026\/03\/16\/bolor-e-vida-dizem-marta-cortesao-e-neil-degrasse-tyson\/","name":"Bolor \u00e9 vida, dizem Marta Cortes\u00e3o e Neil deGrasse Tyson - Portal Tela Portugal","isPartOf":{"@id":"https:\/\/portaltela.pt\/#website"},"primaryImageOfPage":{"@id":"https:\/\/portaltela.pt\/noticias\/2026\/03\/16\/bolor-e-vida-dizem-marta-cortesao-e-neil-degrasse-tyson\/#primaryimage"},"image":{"@id":"https:\/\/portaltela.pt\/noticias\/2026\/03\/16\/bolor-e-vida-dizem-marta-cortesao-e-neil-degrasse-tyson\/#primaryimage"},"thumbnailUrl":"https:\/\/portaltela.pt\/s.01k8rhncp4jt1\/2026\/03\/2073786.jpg","datePublished":"2026-03-16T08:41:00+00:00","author":{"@id":"https:\/\/portaltela.pt\/#\/schema\/person\/c4278d4a6028830caff9ee44b42d32ed"},"breadcrumb":{"@id":"https:\/\/portaltela.pt\/noticias\/2026\/03\/16\/bolor-e-vida-dizem-marta-cortesao-e-neil-degrasse-tyson\/#breadcrumb"},"inLanguage":"pt-PT","potentialAction":[{"@type":"ReadAction","target":["https:\/\/portaltela.pt\/noticias\/2026\/03\/16\/bolor-e-vida-dizem-marta-cortesao-e-neil-degrasse-tyson\/"]}]},{"@type":"ImageObject","inLanguage":"pt-PT","@id":"https:\/\/portaltela.pt\/noticias\/2026\/03\/16\/bolor-e-vida-dizem-marta-cortesao-e-neil-degrasse-tyson\/#primaryimage","url":"https:\/\/portaltela.pt\/s.01k8rhncp4jt1\/2026\/03\/2073786.jpg","contentUrl":"https:\/\/portaltela.pt\/s.01k8rhncp4jt1\/2026\/03\/2073786.jpg","width":796,"height":448,"caption":"Marta Cortes\u00e3o \u00e9 investigadora no Instituto de Astrof\u00edsica e Ci\u00eancias do Espa\u00e7o"},{"@type":"BreadcrumbList","@id":"https:\/\/portaltela.pt\/noticias\/2026\/03\/16\/bolor-e-vida-dizem-marta-cortesao-e-neil-degrasse-tyson\/#breadcrumb","itemListElement":[{"@type":"ListItem","position":1,"name":"In\u00edcio","item":"https:\/\/portaltela.pt\/"},{"@type":"ListItem","position":2,"name":"Bolor \u00e9 vida, dizem Marta Cortes\u00e3o e Neil deGrasse Tyson"}]},{"@type":"WebSite","@id":"https:\/\/portaltela.pt\/#website","url":"https:\/\/portaltela.pt\/","name":"Portal Tela Portugal","description":"","potentialAction":[{"@type":"SearchAction","target":{"@type":"EntryPoint","urlTemplate":"https:\/\/portaltela.pt\/?s={search_term_string}"},"query-input":{"@type":"PropertyValueSpecification","valueRequired":true,"valueName":"search_term_string"}}],"inLanguage":"pt-PT"},{"@type":"Person","@id":"https:\/\/portaltela.pt\/#\/schema\/person\/c4278d4a6028830caff9ee44b42d32ed","name":"Telinha","image":{"@type":"ImageObject","inLanguage":"pt-PT","@id":"https:\/\/portaltela.pt\/s.01k8rhncp4jt1\/2025\/11\/talking-bot-125x125.png","url":"https:\/\/portaltela.pt\/s.01k8rhncp4jt1\/2025\/11\/talking-bot-125x125.png","contentUrl":"https:\/\/portaltela.pt\/s.01k8rhncp4jt1\/2025\/11\/talking-bot-125x125.png","caption":"Telinha"},"sameAs":["https:\/\/portaltela.pt\/"],"url":"https:\/\/portaltela.pt\/por\/367410592786\/"}]}},"_links":{"self":[{"href":"https:\/\/portaltela.pt\/api\/wp\/v2\/posts\/411641","targetHints":{"allow":["GET"]}}],"collection":[{"href":"https:\/\/portaltela.pt\/api\/wp\/v2\/posts"}],"about":[{"href":"https:\/\/portaltela.pt\/api\/wp\/v2\/types\/post"}],"author":[{"embeddable":true,"href":"https:\/\/portaltela.pt\/api\/wp\/v2\/users\/2"}],"replies":[{"embeddable":true,"href":"https:\/\/portaltela.pt\/api\/wp\/v2\/comments?post=411641"}],"version-history":[{"count":0,"href":"https:\/\/portaltela.pt\/api\/wp\/v2\/posts\/411641\/revisions"}],"wp:featuredmedia":[{"embeddable":true,"href":"https:\/\/portaltela.pt\/api\/wp\/v2\/media\/411646"}],"wp:attachment":[{"href":"https:\/\/portaltela.pt\/api\/wp\/v2\/media?parent=411641"}],"wp:term":[{"taxonomy":"category","embeddable":true,"href":"https:\/\/portaltela.pt\/api\/wp\/v2\/categories?post=411641"},{"taxonomy":"post_tag","embeddable":true,"href":"https:\/\/portaltela.pt\/api\/wp\/v2\/tags?post=411641"}],"curies":[{"name":"wp","href":"https:\/\/api.w.org\/{rel}","templated":true}]}}