{"id":411625,"date":"2026-03-16T05:38:18","date_gmt":"2026-03-16T08:38:18","guid":{"rendered":"https:\/\/portaltela.pt\/noticias\/2026\/03\/16\/audios-racistas-e-misoginos-enviados-por-estudantes-chocam-universidade-de-coimbra\/"},"modified":"2026-03-16T05:38:18","modified_gmt":"2026-03-16T08:38:18","slug":"audios-racistas-e-misoginos-enviados-por-estudantes-chocam-universidade-de-coimbra","status":"publish","type":"post","link":"https:\/\/portaltela.pt\/noticias\/2026\/03\/16\/audios-racistas-e-misoginos-enviados-por-estudantes-chocam-universidade-de-coimbra\/","title":{"rendered":"\u00c1udios racistas e mis\u00f3ginos enviados por estudantes chocam Universidade de Coimbra"},"content":{"rendered":"<p>A Universidade de Coimbra iniciou dilig\u00eancias para apurar factos e envolvidos ap\u00f3s a circula\u00e7\u00e3o de \u00e1udios com conte\u00fado racista e mis\u00f3gino enviados por estudantes para um grupo de WhatsApp da institui\u00e7\u00e3o. O objetivo \u00e9 esclarecer o que aconteceu e quem esteve envolvido.<\/p>\n<p>O epis\u00f3dio envolve estudantes da universidade, cuja identidade n\u00e3o \u00e9 ativa nem divulgada pela institui\u00e7\u00e3o. N\u00e3o houve confirma\u00e7\u00e3o de datas espec\u00edficas, apenas a implementa\u00e7\u00e3o do processo interno de averigua\u00e7\u00e3o.<\/p>\n<p>As dilig\u00eancias visam confirmar autoria, circunst\u00e2ncias de envio e eventual viola\u00e7\u00e3o de normas institucionais. A hip\u00f3tese de expuls\u00e3o dos estudantes pode depender do resultado da avalia\u00e7\u00e3o disciplinar interna.<\/p>\n<p>A universidade n\u00e3o comunicou prazos para o desfecho do processo. O caso gera discuss\u00e3o interna sobre conduta adequada e respeito pelos valores da comunidade acad\u00e9mica.<\/p>\n","protected":false},"excerpt":{"rendered":"<ul>\n<li>A Universidade de Coimbra iniciou dilig\u00eancias para apurar factos e os envolvidos no epis\u00f3dio.<\/li>\n<li>O caso envolve \u00e1udios racistas e mis\u00f3ginos enviados por estudantes para um grupo de WhatsApp.<\/li>\n<li>A investiga\u00e7\u00e3o \u00e9 interna e visa identificar respons\u00e1veis.<\/li>\n<li>O epis\u00f3dio pode levar \u00e0 expuls\u00e3o dos estudantes caso se verifiquem infra\u00e7\u00f5es disciplinares.<\/li>\n<li>A universidade est\u00e1 a acompanhar o caso e a tomar medidas cab\u00edveis.<\/li>\n<\/ul>\n","protected":false},"author":2,"featured_media":411632,"comment_status":"closed","ping_status":"closed","sticky":false,"template":"","format":"standard","meta":{"footnotes":""},"categories":[1],"tags":[1070,7011,1695,6032,58,4114],"class_list":["post-411625","post","type-post","status-publish","format-standard","has-post-thumbnail","hentry","category-noticias","tag-coimbra","tag-direitos-das-mulheres","tag-discriminacao","tag-racismo","tag-universidades","tag-violencia-de-genero-desafios-na-atualidade"],"yoast_head":"<!-- This site is optimized with the Yoast SEO plugin v27.2 - https:\/\/yoast.com\/product\/yoast-seo-wordpress\/ -->\n<title>\u00c1udios racistas e mis\u00f3ginos enviados por estudantes chocam Universidade de Coimbra - Portal Tela Portugal<\/title>\n<meta name=\"robots\" content=\"index, follow, max-snippet:-1, max-image-preview:large, max-video-preview:-1\" \/>\n<meta property=\"og:locale\" content=\"pt_PT\" \/>\n<meta property=\"og:type\" content=\"article\" \/>\n<meta property=\"og:title\" content=\"\u00c1udios racistas e mis\u00f3ginos enviados por estudantes chocam Universidade de Coimbra - Portal Tela Portugal\" \/>\n<meta property=\"og:description\" content=\"A Universidade de Coimbra iniciou dilig\u00eancias para apurar factos e os envolvidos no epis\u00f3dio. O caso envolve \u00e1udios racistas e mis\u00f3ginos enviados por estudantes para um grupo de WhatsApp. A investiga\u00e7\u00e3o \u00e9 interna e visa identificar respons\u00e1veis. O epis\u00f3dio pode levar \u00e0 expuls\u00e3o dos estudantes caso se verifiquem infra\u00e7\u00f5es disciplinares. A universidade est\u00e1 a acompanhar o caso e a tomar medidas cab\u00edveis.\" \/>\n<meta property=\"og:url\" content=\"https:\/\/portaltela.pt\/noticias\/2026\/03\/16\/audios-racistas-e-misoginos-enviados-por-estudantes-chocam-universidade-de-coimbra\/\" \/>\n<meta property=\"og:site_name\" content=\"Portal Tela Portugal\" \/>\n<meta property=\"article:published_time\" content=\"2026-03-16T08:38:18+00:00\" \/>\n<meta name=\"author\" content=\"Telinha\" \/>\n<meta name=\"twitter:card\" content=\"summary_large_image\" \/>\n<meta name=\"twitter:label1\" content=\"Escrito por\" \/>\n\t<meta name=\"twitter:data1\" content=\"Telinha\" \/>\n\t<meta name=\"twitter:label2\" content=\"Tempo estimado de leitura\" \/>\n\t<meta name=\"twitter:data2\" content=\"1 minuto\" \/>\n<script type=\"application\/ld+json\" class=\"yoast-schema-graph\">{\"@context\":\"https:\/\/schema.org\",\"@graph\":[{\"@type\":\"Article\",\"@id\":\"https:\/\/portaltela.pt\/noticias\/2026\/03\/16\/audios-racistas-e-misoginos-enviados-por-estudantes-chocam-universidade-de-coimbra\/#article\",\"isPartOf\":{\"@id\":\"https:\/\/portaltela.pt\/noticias\/2026\/03\/16\/audios-racistas-e-misoginos-enviados-por-estudantes-chocam-universidade-de-coimbra\/\"},\"author\":{\"name\":\"Telinha\",\"@id\":\"https:\/\/portaltela.pt\/#\/schema\/person\/c4278d4a6028830caff9ee44b42d32ed\"},\"headline\":\"\u00c1udios racistas e mis\u00f3ginos enviados por estudantes chocam Universidade de Coimbra\",\"datePublished\":\"2026-03-16T08:38:18+00:00\",\"mainEntityOfPage\":{\"@id\":\"https:\/\/portaltela.pt\/noticias\/2026\/03\/16\/audios-racistas-e-misoginos-enviados-por-estudantes-chocam-universidade-de-coimbra\/\"},\"wordCount\":157,\"image\":{\"@id\":\"https:\/\/portaltela.pt\/noticias\/2026\/03\/16\/audios-racistas-e-misoginos-enviados-por-estudantes-chocam-universidade-de-coimbra\/#primaryimage\"},\"thumbnailUrl\":\"https:\/\/portaltela.pt\/s.01k8rhncp4jt1\/2026\/03\/img_1280x722uu2026-03-15-23-36-47-2272649.jpg\",\"keywords\":[\"Coimbra\",\"direitos das mulheres\",\"discrimina\u00e7\u00e3o\",\"racismo\",\"universidades\",\"viol\u00eancia de g\u00e9nero \u2013 Desafios na Atualidade\"],\"articleSection\":[\"Not\u00edcias\"],\"inLanguage\":\"pt-PT\"},{\"@type\":\"WebPage\",\"@id\":\"https:\/\/portaltela.pt\/noticias\/2026\/03\/16\/audios-racistas-e-misoginos-enviados-por-estudantes-chocam-universidade-de-coimbra\/\",\"url\":\"https:\/\/portaltela.pt\/noticias\/2026\/03\/16\/audios-racistas-e-misoginos-enviados-por-estudantes-chocam-universidade-de-coimbra\/\",\"name\":\"\u00c1udios racistas e mis\u00f3ginos enviados por estudantes chocam Universidade de Coimbra - Portal Tela Portugal\",\"isPartOf\":{\"@id\":\"https:\/\/portaltela.pt\/#website\"},\"primaryImageOfPage\":{\"@id\":\"https:\/\/portaltela.pt\/noticias\/2026\/03\/16\/audios-racistas-e-misoginos-enviados-por-estudantes-chocam-universidade-de-coimbra\/#primaryimage\"},\"image\":{\"@id\":\"https:\/\/portaltela.pt\/noticias\/2026\/03\/16\/audios-racistas-e-misoginos-enviados-por-estudantes-chocam-universidade-de-coimbra\/#primaryimage\"},\"thumbnailUrl\":\"https:\/\/portaltela.pt\/s.01k8rhncp4jt1\/2026\/03\/img_1280x722uu2026-03-15-23-36-47-2272649.jpg\",\"datePublished\":\"2026-03-16T08:38:18+00:00\",\"author\":{\"@id\":\"https:\/\/portaltela.pt\/#\/schema\/person\/c4278d4a6028830caff9ee44b42d32ed\"},\"breadcrumb\":{\"@id\":\"https:\/\/portaltela.pt\/noticias\/2026\/03\/16\/audios-racistas-e-misoginos-enviados-por-estudantes-chocam-universidade-de-coimbra\/#breadcrumb\"},\"inLanguage\":\"pt-PT\",\"potentialAction\":[{\"@type\":\"ReadAction\",\"target\":[\"https:\/\/portaltela.pt\/noticias\/2026\/03\/16\/audios-racistas-e-misoginos-enviados-por-estudantes-chocam-universidade-de-coimbra\/\"]}]},{\"@type\":\"ImageObject\",\"inLanguage\":\"pt-PT\",\"@id\":\"https:\/\/portaltela.pt\/noticias\/2026\/03\/16\/audios-racistas-e-misoginos-enviados-por-estudantes-chocam-universidade-de-coimbra\/#primaryimage\",\"url\":\"https:\/\/portaltela.pt\/s.01k8rhncp4jt1\/2026\/03\/img_1280x722uu2026-03-15-23-36-47-2272649.jpg\",\"contentUrl\":\"https:\/\/portaltela.pt\/s.01k8rhncp4jt1\/2026\/03\/img_1280x722uu2026-03-15-23-36-47-2272649.jpg\",\"width\":796,\"height\":448,\"caption\":\"Photo\"},{\"@type\":\"BreadcrumbList\",\"@id\":\"https:\/\/portaltela.pt\/noticias\/2026\/03\/16\/audios-racistas-e-misoginos-enviados-por-estudantes-chocam-universidade-de-coimbra\/#breadcrumb\",\"itemListElement\":[{\"@type\":\"ListItem\",\"position\":1,\"name\":\"In\u00edcio\",\"item\":\"https:\/\/portaltela.pt\/\"},{\"@type\":\"ListItem\",\"position\":2,\"name\":\"\u00c1udios racistas e mis\u00f3ginos enviados por estudantes chocam Universidade de Coimbra\"}]},{\"@type\":\"WebSite\",\"@id\":\"https:\/\/portaltela.pt\/#website\",\"url\":\"https:\/\/portaltela.pt\/\",\"name\":\"Portal Tela Portugal\",\"description\":\"\",\"potentialAction\":[{\"@type\":\"SearchAction\",\"target\":{\"@type\":\"EntryPoint\",\"urlTemplate\":\"https:\/\/portaltela.pt\/?s={search_term_string}\"},\"query-input\":{\"@type\":\"PropertyValueSpecification\",\"valueRequired\":true,\"valueName\":\"search_term_string\"}}],\"inLanguage\":\"pt-PT\"},{\"@type\":\"Person\",\"@id\":\"https:\/\/portaltela.pt\/#\/schema\/person\/c4278d4a6028830caff9ee44b42d32ed\",\"name\":\"Telinha\",\"image\":{\"@type\":\"ImageObject\",\"inLanguage\":\"pt-PT\",\"@id\":\"https:\/\/portaltela.pt\/s.01k8rhncp4jt1\/2025\/11\/talking-bot-125x125.png\",\"url\":\"https:\/\/portaltela.pt\/s.01k8rhncp4jt1\/2025\/11\/talking-bot-125x125.png\",\"contentUrl\":\"https:\/\/portaltela.pt\/s.01k8rhncp4jt1\/2025\/11\/talking-bot-125x125.png\",\"caption\":\"Telinha\"},\"sameAs\":[\"https:\/\/portaltela.pt\/\"],\"url\":\"https:\/\/portaltela.pt\/por\/367410592786\/\"}]}<\/script>\n<!-- \/ Yoast SEO plugin. -->","yoast_head_json":{"title":"\u00c1udios racistas e mis\u00f3ginos enviados por estudantes chocam Universidade de Coimbra - Portal Tela Portugal","robots":{"index":"index","follow":"follow","max-snippet":"max-snippet:-1","max-image-preview":"max-image-preview:large","max-video-preview":"max-video-preview:-1"},"og_locale":"pt_PT","og_type":"article","og_title":"\u00c1udios racistas e mis\u00f3ginos enviados por estudantes chocam Universidade de Coimbra - Portal Tela Portugal","og_description":"A Universidade de Coimbra iniciou dilig\u00eancias para apurar factos e os envolvidos no epis\u00f3dio. O caso envolve \u00e1udios racistas e mis\u00f3ginos enviados por estudantes para um grupo de WhatsApp. A investiga\u00e7\u00e3o \u00e9 interna e visa identificar respons\u00e1veis. O epis\u00f3dio pode levar \u00e0 expuls\u00e3o dos estudantes caso se verifiquem infra\u00e7\u00f5es disciplinares. A universidade est\u00e1 a acompanhar o caso e a tomar medidas cab\u00edveis.","og_url":"https:\/\/portaltela.pt\/noticias\/2026\/03\/16\/audios-racistas-e-misoginos-enviados-por-estudantes-chocam-universidade-de-coimbra\/","og_site_name":"Portal Tela Portugal","article_published_time":"2026-03-16T08:38:18+00:00","author":"Telinha","twitter_card":"summary_large_image","twitter_misc":{"Escrito por":"Telinha","Tempo estimado de leitura":"1 minuto"},"schema":{"@context":"https:\/\/schema.org","@graph":[{"@type":"Article","@id":"https:\/\/portaltela.pt\/noticias\/2026\/03\/16\/audios-racistas-e-misoginos-enviados-por-estudantes-chocam-universidade-de-coimbra\/#article","isPartOf":{"@id":"https:\/\/portaltela.pt\/noticias\/2026\/03\/16\/audios-racistas-e-misoginos-enviados-por-estudantes-chocam-universidade-de-coimbra\/"},"author":{"name":"Telinha","@id":"https:\/\/portaltela.pt\/#\/schema\/person\/c4278d4a6028830caff9ee44b42d32ed"},"headline":"\u00c1udios racistas e mis\u00f3ginos enviados por estudantes chocam Universidade de Coimbra","datePublished":"2026-03-16T08:38:18+00:00","mainEntityOfPage":{"@id":"https:\/\/portaltela.pt\/noticias\/2026\/03\/16\/audios-racistas-e-misoginos-enviados-por-estudantes-chocam-universidade-de-coimbra\/"},"wordCount":157,"image":{"@id":"https:\/\/portaltela.pt\/noticias\/2026\/03\/16\/audios-racistas-e-misoginos-enviados-por-estudantes-chocam-universidade-de-coimbra\/#primaryimage"},"thumbnailUrl":"https:\/\/portaltela.pt\/s.01k8rhncp4jt1\/2026\/03\/img_1280x722uu2026-03-15-23-36-47-2272649.jpg","keywords":["Coimbra","direitos das mulheres","discrimina\u00e7\u00e3o","racismo","universidades","viol\u00eancia de g\u00e9nero \u2013 Desafios na Atualidade"],"articleSection":["Not\u00edcias"],"inLanguage":"pt-PT"},{"@type":"WebPage","@id":"https:\/\/portaltela.pt\/noticias\/2026\/03\/16\/audios-racistas-e-misoginos-enviados-por-estudantes-chocam-universidade-de-coimbra\/","url":"https:\/\/portaltela.pt\/noticias\/2026\/03\/16\/audios-racistas-e-misoginos-enviados-por-estudantes-chocam-universidade-de-coimbra\/","name":"\u00c1udios racistas e mis\u00f3ginos enviados por estudantes chocam Universidade de Coimbra - Portal Tela Portugal","isPartOf":{"@id":"https:\/\/portaltela.pt\/#website"},"primaryImageOfPage":{"@id":"https:\/\/portaltela.pt\/noticias\/2026\/03\/16\/audios-racistas-e-misoginos-enviados-por-estudantes-chocam-universidade-de-coimbra\/#primaryimage"},"image":{"@id":"https:\/\/portaltela.pt\/noticias\/2026\/03\/16\/audios-racistas-e-misoginos-enviados-por-estudantes-chocam-universidade-de-coimbra\/#primaryimage"},"thumbnailUrl":"https:\/\/portaltela.pt\/s.01k8rhncp4jt1\/2026\/03\/img_1280x722uu2026-03-15-23-36-47-2272649.jpg","datePublished":"2026-03-16T08:38:18+00:00","author":{"@id":"https:\/\/portaltela.pt\/#\/schema\/person\/c4278d4a6028830caff9ee44b42d32ed"},"breadcrumb":{"@id":"https:\/\/portaltela.pt\/noticias\/2026\/03\/16\/audios-racistas-e-misoginos-enviados-por-estudantes-chocam-universidade-de-coimbra\/#breadcrumb"},"inLanguage":"pt-PT","potentialAction":[{"@type":"ReadAction","target":["https:\/\/portaltela.pt\/noticias\/2026\/03\/16\/audios-racistas-e-misoginos-enviados-por-estudantes-chocam-universidade-de-coimbra\/"]}]},{"@type":"ImageObject","inLanguage":"pt-PT","@id":"https:\/\/portaltela.pt\/noticias\/2026\/03\/16\/audios-racistas-e-misoginos-enviados-por-estudantes-chocam-universidade-de-coimbra\/#primaryimage","url":"https:\/\/portaltela.pt\/s.01k8rhncp4jt1\/2026\/03\/img_1280x722uu2026-03-15-23-36-47-2272649.jpg","contentUrl":"https:\/\/portaltela.pt\/s.01k8rhncp4jt1\/2026\/03\/img_1280x722uu2026-03-15-23-36-47-2272649.jpg","width":796,"height":448,"caption":"Photo"},{"@type":"BreadcrumbList","@id":"https:\/\/portaltela.pt\/noticias\/2026\/03\/16\/audios-racistas-e-misoginos-enviados-por-estudantes-chocam-universidade-de-coimbra\/#breadcrumb","itemListElement":[{"@type":"ListItem","position":1,"name":"In\u00edcio","item":"https:\/\/portaltela.pt\/"},{"@type":"ListItem","position":2,"name":"\u00c1udios racistas e mis\u00f3ginos enviados por estudantes chocam Universidade de Coimbra"}]},{"@type":"WebSite","@id":"https:\/\/portaltela.pt\/#website","url":"https:\/\/portaltela.pt\/","name":"Portal Tela Portugal","description":"","potentialAction":[{"@type":"SearchAction","target":{"@type":"EntryPoint","urlTemplate":"https:\/\/portaltela.pt\/?s={search_term_string}"},"query-input":{"@type":"PropertyValueSpecification","valueRequired":true,"valueName":"search_term_string"}}],"inLanguage":"pt-PT"},{"@type":"Person","@id":"https:\/\/portaltela.pt\/#\/schema\/person\/c4278d4a6028830caff9ee44b42d32ed","name":"Telinha","image":{"@type":"ImageObject","inLanguage":"pt-PT","@id":"https:\/\/portaltela.pt\/s.01k8rhncp4jt1\/2025\/11\/talking-bot-125x125.png","url":"https:\/\/portaltela.pt\/s.01k8rhncp4jt1\/2025\/11\/talking-bot-125x125.png","contentUrl":"https:\/\/portaltela.pt\/s.01k8rhncp4jt1\/2025\/11\/talking-bot-125x125.png","caption":"Telinha"},"sameAs":["https:\/\/portaltela.pt\/"],"url":"https:\/\/portaltela.pt\/por\/367410592786\/"}]}},"_links":{"self":[{"href":"https:\/\/portaltela.pt\/api\/wp\/v2\/posts\/411625","targetHints":{"allow":["GET"]}}],"collection":[{"href":"https:\/\/portaltela.pt\/api\/wp\/v2\/posts"}],"about":[{"href":"https:\/\/portaltela.pt\/api\/wp\/v2\/types\/post"}],"author":[{"embeddable":true,"href":"https:\/\/portaltela.pt\/api\/wp\/v2\/users\/2"}],"replies":[{"embeddable":true,"href":"https:\/\/portaltela.pt\/api\/wp\/v2\/comments?post=411625"}],"version-history":[{"count":0,"href":"https:\/\/portaltela.pt\/api\/wp\/v2\/posts\/411625\/revisions"}],"wp:featuredmedia":[{"embeddable":true,"href":"https:\/\/portaltela.pt\/api\/wp\/v2\/media\/411632"}],"wp:attachment":[{"href":"https:\/\/portaltela.pt\/api\/wp\/v2\/media?parent=411625"}],"wp:term":[{"taxonomy":"category","embeddable":true,"href":"https:\/\/portaltela.pt\/api\/wp\/v2\/categories?post=411625"},{"taxonomy":"post_tag","embeddable":true,"href":"https:\/\/portaltela.pt\/api\/wp\/v2\/tags?post=411625"}],"curies":[{"name":"wp","href":"https:\/\/api.w.org\/{rel}","templated":true}]}}