{"id":411606,"date":"2026-03-16T05:18:00","date_gmt":"2026-03-16T08:18:00","guid":{"rendered":"https:\/\/portaltela.pt\/noticias\/2026\/03\/16\/os-limites-da-atuacao-policial-na-procura-da-justica\/"},"modified":"2026-03-16T05:18:00","modified_gmt":"2026-03-16T08:18:00","slug":"os-limites-da-atuacao-policial-na-procura-da-justica","status":"publish","type":"post","link":"https:\/\/portaltela.pt\/noticias\/2026\/03\/16\/os-limites-da-atuacao-policial-na-procura-da-justica\/","title":{"rendered":"Os limites da atua\u00e7\u00e3o policial na procura da justi\u00e7a"},"content":{"rendered":"<p>Na Netflix, a miniss\u00e9rie n\u00f3rdica A agente acompanha a sequ\u00eancia da morte de um agente infiltrado junto de um gangue de droga. Tea, policial rec\u00e9m-formada, \u00e9 chamada para o substituir e aspirar a um lugar na ag\u00eancia.<\/p>\n<p>Para isso, Tea aproxima-se de Ashley, namorada de Miran, chefe do tr\u00e1fico, cuja rela\u00e7\u00e3o com a mulher \u00e9 marcada por uma sensa\u00e7\u00e3o de desprezo por parte do grupo. Um v\u00ednculo dif\u00edcil come\u00e7a a surgir entre as duas.<\/p>\n<p>O enredo coloca Tea numa posi\u00e7\u00e3o delicada: cumprir o trabalho, atender \u00e0s expectativas dos superiores e manter a solidariedade com Ashley. O chefe Folke, por vezes protetor, questiona as a\u00e7\u00f5es da jovem.<\/p>\n<p>A agente revela um equil\u00edbrio prec\u00e1rio entre motiva\u00e7\u00e3o profissional e dilemas \u00e9ticos, explorando at\u00e9 onde a pol\u00edcia est\u00e1 disposta a ir para alcan\u00e7ar objetivos. Sofia, filha de Ashley, \u00e9 envolvida sob press\u00e3o.<\/p>\n<p>A produ\u00e7\u00e3o, com atmosfera sombria e ritmo contido, questiona os limites das t\u00e9cnicas policiais. O desfecho \u00e9 inesperado, com a estreia de uma segunda temporada anunciada.<\/p>\n<h3>Enredo e protagonistas<\/h3>\n<p>A miniss\u00e9rie apresenta Clara Dessau no papel de Tea, Lara Ly Melic Skovgaard como Sofia e Afshin Firouzi como Miran, com Nicolas Bro a interpretar Folke. O tom \u00e9 o habitual do cinema n\u00f3rdico, de tens\u00f5es discretas e di\u00e1logos contidos.<\/p>\n","protected":false},"excerpt":{"rendered":"<ul>\n<li>A agente \u00e9 uma miniss\u00e9rie n\u00f3rdica de seis epis\u00f3dios, com tom dram\u00e1tico, ambiente sombrio e ritmo lento na Netflix.<\/li>\n<li>Tea, jovem policial rec\u00e9m-formada, substitui uma agente morta e tenta aproximar-se de Ashley, namorada de Miran, respons\u00e1vel pelo tr\u00e1fico.<\/li>\n<li>Tea enfrenta o machismo do chefe Folke e equilibra motiva\u00e7\u00f5es profissionais, ordens superiores e solidariedade para com o alvo.<\/li>\n<li>O enredo coloca em causa at\u00e9 que ponto a pol\u00edcia deve ir, incluindo o uso da filha de Ashley, Sofia, pelos servi\u00e7os sociais para obter colabora\u00e7\u00e3o.<\/li>\n<li>Desfecho inesperado e an\u00fancio da segunda temporada.<\/li>\n<\/ul>\n","protected":false},"author":2,"featured_media":411613,"comment_status":"closed","ping_status":"closed","sticky":false,"template":"","format":"standard","meta":{"footnotes":""},"categories":[1],"tags":[147,217,2927,2921,3418,1802],"class_list":["post-411606","post","type-post","status-publish","format-standard","has-post-thumbnail","hentry","category-noticias","tag-crime","tag-investigacao-criminal","tag-minisserie","tag-netflix","tag-policia-de-seguranca-publica","tag-policia-judiciaria"],"yoast_head":"<!-- This site is optimized with the Yoast SEO plugin v27.2 - https:\/\/yoast.com\/product\/yoast-seo-wordpress\/ -->\n<title>Os limites da atua\u00e7\u00e3o policial na procura da justi\u00e7a - Portal Tela Portugal<\/title>\n<meta name=\"robots\" content=\"index, follow, max-snippet:-1, max-image-preview:large, max-video-preview:-1\" \/>\n<meta property=\"og:locale\" content=\"pt_PT\" \/>\n<meta property=\"og:type\" content=\"article\" \/>\n<meta property=\"og:title\" content=\"Os limites da atua\u00e7\u00e3o policial na procura da justi\u00e7a - Portal Tela Portugal\" \/>\n<meta property=\"og:description\" content=\"A agente \u00e9 uma miniss\u00e9rie n\u00f3rdica de seis epis\u00f3dios, com tom dram\u00e1tico, ambiente sombrio e ritmo lento na Netflix. Tea, jovem policial rec\u00e9m-formada, substitui uma agente morta e tenta aproximar-se de Ashley, namorada de Miran, respons\u00e1vel pelo tr\u00e1fico. Tea enfrenta o machismo do chefe Folke e equilibra motiva\u00e7\u00f5es profissionais, ordens superiores e solidariedade para com o alvo. O enredo coloca em causa at\u00e9 que ponto a pol\u00edcia deve ir, incluindo o uso da filha de Ashley, Sofia, pelos servi\u00e7os sociais para obter colabora\u00e7\u00e3o. Desfecho inesperado e an\u00fancio da segunda temporada.\" \/>\n<meta property=\"og:url\" content=\"https:\/\/portaltela.pt\/noticias\/2026\/03\/16\/os-limites-da-atuacao-policial-na-procura-da-justica\/\" \/>\n<meta property=\"og:site_name\" content=\"Portal Tela Portugal\" \/>\n<meta property=\"article:published_time\" content=\"2026-03-16T08:18:00+00:00\" \/>\n<meta name=\"author\" content=\"Telinha\" \/>\n<meta name=\"twitter:card\" content=\"summary_large_image\" \/>\n<meta name=\"twitter:label1\" content=\"Escrito por\" \/>\n\t<meta name=\"twitter:data1\" content=\"Telinha\" \/>\n\t<meta name=\"twitter:label2\" content=\"Tempo estimado de leitura\" \/>\n\t<meta name=\"twitter:data2\" content=\"1 minuto\" \/>\n<script type=\"application\/ld+json\" class=\"yoast-schema-graph\">{\"@context\":\"https:\/\/schema.org\",\"@graph\":[{\"@type\":\"Article\",\"@id\":\"https:\/\/portaltela.pt\/noticias\/2026\/03\/16\/os-limites-da-atuacao-policial-na-procura-da-justica\/#article\",\"isPartOf\":{\"@id\":\"https:\/\/portaltela.pt\/noticias\/2026\/03\/16\/os-limites-da-atuacao-policial-na-procura-da-justica\/\"},\"author\":{\"name\":\"Telinha\",\"@id\":\"https:\/\/portaltela.pt\/#\/schema\/person\/c4278d4a6028830caff9ee44b42d32ed\"},\"headline\":\"Os limites da atua\u00e7\u00e3o policial na procura da justi\u00e7a\",\"datePublished\":\"2026-03-16T08:18:00+00:00\",\"mainEntityOfPage\":{\"@id\":\"https:\/\/portaltela.pt\/noticias\/2026\/03\/16\/os-limites-da-atuacao-policial-na-procura-da-justica\/\"},\"wordCount\":238,\"image\":{\"@id\":\"https:\/\/portaltela.pt\/noticias\/2026\/03\/16\/os-limites-da-atuacao-policial-na-procura-da-justica\/#primaryimage\"},\"thumbnailUrl\":\"https:\/\/portaltela.pt\/s.01k8rhncp4jt1\/2026\/03\/image-1033.jpg\",\"keywords\":[\"crime\",\"investiga\u00e7\u00e3o criminal\",\"miniss\u00e9rie\",\"Netflix\",\"Pol\u00edcia de Seguran\u00e7a P\u00fablica\",\"Pol\u00edcia Judici\u00e1ria\"],\"articleSection\":[\"Not\u00edcias\"],\"inLanguage\":\"pt-PT\"},{\"@type\":\"WebPage\",\"@id\":\"https:\/\/portaltela.pt\/noticias\/2026\/03\/16\/os-limites-da-atuacao-policial-na-procura-da-justica\/\",\"url\":\"https:\/\/portaltela.pt\/noticias\/2026\/03\/16\/os-limites-da-atuacao-policial-na-procura-da-justica\/\",\"name\":\"Os limites da atua\u00e7\u00e3o policial na procura da justi\u00e7a - Portal Tela Portugal\",\"isPartOf\":{\"@id\":\"https:\/\/portaltela.pt\/#website\"},\"primaryImageOfPage\":{\"@id\":\"https:\/\/portaltela.pt\/noticias\/2026\/03\/16\/os-limites-da-atuacao-policial-na-procura-da-justica\/#primaryimage\"},\"image\":{\"@id\":\"https:\/\/portaltela.pt\/noticias\/2026\/03\/16\/os-limites-da-atuacao-policial-na-procura-da-justica\/#primaryimage\"},\"thumbnailUrl\":\"https:\/\/portaltela.pt\/s.01k8rhncp4jt1\/2026\/03\/image-1033.jpg\",\"datePublished\":\"2026-03-16T08:18:00+00:00\",\"author\":{\"@id\":\"https:\/\/portaltela.pt\/#\/schema\/person\/c4278d4a6028830caff9ee44b42d32ed\"},\"breadcrumb\":{\"@id\":\"https:\/\/portaltela.pt\/noticias\/2026\/03\/16\/os-limites-da-atuacao-policial-na-procura-da-justica\/#breadcrumb\"},\"inLanguage\":\"pt-PT\",\"potentialAction\":[{\"@type\":\"ReadAction\",\"target\":[\"https:\/\/portaltela.pt\/noticias\/2026\/03\/16\/os-limites-da-atuacao-policial-na-procura-da-justica\/\"]}]},{\"@type\":\"ImageObject\",\"inLanguage\":\"pt-PT\",\"@id\":\"https:\/\/portaltela.pt\/noticias\/2026\/03\/16\/os-limites-da-atuacao-policial-na-procura-da-justica\/#primaryimage\",\"url\":\"https:\/\/portaltela.pt\/s.01k8rhncp4jt1\/2026\/03\/image-1033.jpg\",\"contentUrl\":\"https:\/\/portaltela.pt\/s.01k8rhncp4jt1\/2026\/03\/image-1033.jpg\",\"width\":796,\"height\":448,\"caption\":\"Atriz dinamarquesa Clara Dessau interpreta uma jovem pol\u00edcia ambiciosa na miniss\u00e9rie de seis epis\u00f3dios \\\"A agente\\\"\"},{\"@type\":\"BreadcrumbList\",\"@id\":\"https:\/\/portaltela.pt\/noticias\/2026\/03\/16\/os-limites-da-atuacao-policial-na-procura-da-justica\/#breadcrumb\",\"itemListElement\":[{\"@type\":\"ListItem\",\"position\":1,\"name\":\"In\u00edcio\",\"item\":\"https:\/\/portaltela.pt\/\"},{\"@type\":\"ListItem\",\"position\":2,\"name\":\"Os limites da atua\u00e7\u00e3o policial na procura da justi\u00e7a\"}]},{\"@type\":\"WebSite\",\"@id\":\"https:\/\/portaltela.pt\/#website\",\"url\":\"https:\/\/portaltela.pt\/\",\"name\":\"Portal Tela Portugal\",\"description\":\"\",\"potentialAction\":[{\"@type\":\"SearchAction\",\"target\":{\"@type\":\"EntryPoint\",\"urlTemplate\":\"https:\/\/portaltela.pt\/?s={search_term_string}\"},\"query-input\":{\"@type\":\"PropertyValueSpecification\",\"valueRequired\":true,\"valueName\":\"search_term_string\"}}],\"inLanguage\":\"pt-PT\"},{\"@type\":\"Person\",\"@id\":\"https:\/\/portaltela.pt\/#\/schema\/person\/c4278d4a6028830caff9ee44b42d32ed\",\"name\":\"Telinha\",\"image\":{\"@type\":\"ImageObject\",\"inLanguage\":\"pt-PT\",\"@id\":\"https:\/\/portaltela.pt\/s.01k8rhncp4jt1\/2025\/11\/talking-bot-125x125.png\",\"url\":\"https:\/\/portaltela.pt\/s.01k8rhncp4jt1\/2025\/11\/talking-bot-125x125.png\",\"contentUrl\":\"https:\/\/portaltela.pt\/s.01k8rhncp4jt1\/2025\/11\/talking-bot-125x125.png\",\"caption\":\"Telinha\"},\"sameAs\":[\"https:\/\/portaltela.pt\/\"],\"url\":\"https:\/\/portaltela.pt\/por\/367410592786\/\"}]}<\/script>\n<!-- \/ Yoast SEO plugin. -->","yoast_head_json":{"title":"Os limites da atua\u00e7\u00e3o policial na procura da justi\u00e7a - Portal Tela Portugal","robots":{"index":"index","follow":"follow","max-snippet":"max-snippet:-1","max-image-preview":"max-image-preview:large","max-video-preview":"max-video-preview:-1"},"og_locale":"pt_PT","og_type":"article","og_title":"Os limites da atua\u00e7\u00e3o policial na procura da justi\u00e7a - Portal Tela Portugal","og_description":"A agente \u00e9 uma miniss\u00e9rie n\u00f3rdica de seis epis\u00f3dios, com tom dram\u00e1tico, ambiente sombrio e ritmo lento na Netflix. Tea, jovem policial rec\u00e9m-formada, substitui uma agente morta e tenta aproximar-se de Ashley, namorada de Miran, respons\u00e1vel pelo tr\u00e1fico. Tea enfrenta o machismo do chefe Folke e equilibra motiva\u00e7\u00f5es profissionais, ordens superiores e solidariedade para com o alvo. O enredo coloca em causa at\u00e9 que ponto a pol\u00edcia deve ir, incluindo o uso da filha de Ashley, Sofia, pelos servi\u00e7os sociais para obter colabora\u00e7\u00e3o. Desfecho inesperado e an\u00fancio da segunda temporada.","og_url":"https:\/\/portaltela.pt\/noticias\/2026\/03\/16\/os-limites-da-atuacao-policial-na-procura-da-justica\/","og_site_name":"Portal Tela Portugal","article_published_time":"2026-03-16T08:18:00+00:00","author":"Telinha","twitter_card":"summary_large_image","twitter_misc":{"Escrito por":"Telinha","Tempo estimado de leitura":"1 minuto"},"schema":{"@context":"https:\/\/schema.org","@graph":[{"@type":"Article","@id":"https:\/\/portaltela.pt\/noticias\/2026\/03\/16\/os-limites-da-atuacao-policial-na-procura-da-justica\/#article","isPartOf":{"@id":"https:\/\/portaltela.pt\/noticias\/2026\/03\/16\/os-limites-da-atuacao-policial-na-procura-da-justica\/"},"author":{"name":"Telinha","@id":"https:\/\/portaltela.pt\/#\/schema\/person\/c4278d4a6028830caff9ee44b42d32ed"},"headline":"Os limites da atua\u00e7\u00e3o policial na procura da justi\u00e7a","datePublished":"2026-03-16T08:18:00+00:00","mainEntityOfPage":{"@id":"https:\/\/portaltela.pt\/noticias\/2026\/03\/16\/os-limites-da-atuacao-policial-na-procura-da-justica\/"},"wordCount":238,"image":{"@id":"https:\/\/portaltela.pt\/noticias\/2026\/03\/16\/os-limites-da-atuacao-policial-na-procura-da-justica\/#primaryimage"},"thumbnailUrl":"https:\/\/portaltela.pt\/s.01k8rhncp4jt1\/2026\/03\/image-1033.jpg","keywords":["crime","investiga\u00e7\u00e3o criminal","miniss\u00e9rie","Netflix","Pol\u00edcia de Seguran\u00e7a P\u00fablica","Pol\u00edcia Judici\u00e1ria"],"articleSection":["Not\u00edcias"],"inLanguage":"pt-PT"},{"@type":"WebPage","@id":"https:\/\/portaltela.pt\/noticias\/2026\/03\/16\/os-limites-da-atuacao-policial-na-procura-da-justica\/","url":"https:\/\/portaltela.pt\/noticias\/2026\/03\/16\/os-limites-da-atuacao-policial-na-procura-da-justica\/","name":"Os limites da atua\u00e7\u00e3o policial na procura da justi\u00e7a - Portal Tela Portugal","isPartOf":{"@id":"https:\/\/portaltela.pt\/#website"},"primaryImageOfPage":{"@id":"https:\/\/portaltela.pt\/noticias\/2026\/03\/16\/os-limites-da-atuacao-policial-na-procura-da-justica\/#primaryimage"},"image":{"@id":"https:\/\/portaltela.pt\/noticias\/2026\/03\/16\/os-limites-da-atuacao-policial-na-procura-da-justica\/#primaryimage"},"thumbnailUrl":"https:\/\/portaltela.pt\/s.01k8rhncp4jt1\/2026\/03\/image-1033.jpg","datePublished":"2026-03-16T08:18:00+00:00","author":{"@id":"https:\/\/portaltela.pt\/#\/schema\/person\/c4278d4a6028830caff9ee44b42d32ed"},"breadcrumb":{"@id":"https:\/\/portaltela.pt\/noticias\/2026\/03\/16\/os-limites-da-atuacao-policial-na-procura-da-justica\/#breadcrumb"},"inLanguage":"pt-PT","potentialAction":[{"@type":"ReadAction","target":["https:\/\/portaltela.pt\/noticias\/2026\/03\/16\/os-limites-da-atuacao-policial-na-procura-da-justica\/"]}]},{"@type":"ImageObject","inLanguage":"pt-PT","@id":"https:\/\/portaltela.pt\/noticias\/2026\/03\/16\/os-limites-da-atuacao-policial-na-procura-da-justica\/#primaryimage","url":"https:\/\/portaltela.pt\/s.01k8rhncp4jt1\/2026\/03\/image-1033.jpg","contentUrl":"https:\/\/portaltela.pt\/s.01k8rhncp4jt1\/2026\/03\/image-1033.jpg","width":796,"height":448,"caption":"Atriz dinamarquesa Clara Dessau interpreta uma jovem pol\u00edcia ambiciosa na miniss\u00e9rie de seis epis\u00f3dios \"A agente\""},{"@type":"BreadcrumbList","@id":"https:\/\/portaltela.pt\/noticias\/2026\/03\/16\/os-limites-da-atuacao-policial-na-procura-da-justica\/#breadcrumb","itemListElement":[{"@type":"ListItem","position":1,"name":"In\u00edcio","item":"https:\/\/portaltela.pt\/"},{"@type":"ListItem","position":2,"name":"Os limites da atua\u00e7\u00e3o policial na procura da justi\u00e7a"}]},{"@type":"WebSite","@id":"https:\/\/portaltela.pt\/#website","url":"https:\/\/portaltela.pt\/","name":"Portal Tela Portugal","description":"","potentialAction":[{"@type":"SearchAction","target":{"@type":"EntryPoint","urlTemplate":"https:\/\/portaltela.pt\/?s={search_term_string}"},"query-input":{"@type":"PropertyValueSpecification","valueRequired":true,"valueName":"search_term_string"}}],"inLanguage":"pt-PT"},{"@type":"Person","@id":"https:\/\/portaltela.pt\/#\/schema\/person\/c4278d4a6028830caff9ee44b42d32ed","name":"Telinha","image":{"@type":"ImageObject","inLanguage":"pt-PT","@id":"https:\/\/portaltela.pt\/s.01k8rhncp4jt1\/2025\/11\/talking-bot-125x125.png","url":"https:\/\/portaltela.pt\/s.01k8rhncp4jt1\/2025\/11\/talking-bot-125x125.png","contentUrl":"https:\/\/portaltela.pt\/s.01k8rhncp4jt1\/2025\/11\/talking-bot-125x125.png","caption":"Telinha"},"sameAs":["https:\/\/portaltela.pt\/"],"url":"https:\/\/portaltela.pt\/por\/367410592786\/"}]}},"_links":{"self":[{"href":"https:\/\/portaltela.pt\/api\/wp\/v2\/posts\/411606","targetHints":{"allow":["GET"]}}],"collection":[{"href":"https:\/\/portaltela.pt\/api\/wp\/v2\/posts"}],"about":[{"href":"https:\/\/portaltela.pt\/api\/wp\/v2\/types\/post"}],"author":[{"embeddable":true,"href":"https:\/\/portaltela.pt\/api\/wp\/v2\/users\/2"}],"replies":[{"embeddable":true,"href":"https:\/\/portaltela.pt\/api\/wp\/v2\/comments?post=411606"}],"version-history":[{"count":0,"href":"https:\/\/portaltela.pt\/api\/wp\/v2\/posts\/411606\/revisions"}],"wp:featuredmedia":[{"embeddable":true,"href":"https:\/\/portaltela.pt\/api\/wp\/v2\/media\/411613"}],"wp:attachment":[{"href":"https:\/\/portaltela.pt\/api\/wp\/v2\/media?parent=411606"}],"wp:term":[{"taxonomy":"category","embeddable":true,"href":"https:\/\/portaltela.pt\/api\/wp\/v2\/categories?post=411606"},{"taxonomy":"post_tag","embeddable":true,"href":"https:\/\/portaltela.pt\/api\/wp\/v2\/tags?post=411606"}],"curies":[{"name":"wp","href":"https:\/\/api.w.org\/{rel}","templated":true}]}}