{"id":411557,"date":"2026-03-16T04:25:00","date_gmt":"2026-03-16T07:25:00","guid":{"rendered":"https:\/\/portaltela.pt\/noticias\/2026\/03\/16\/testamento-vital-de-manuela-esta-vigente-ha-14-anos\/"},"modified":"2026-03-16T04:25:00","modified_gmt":"2026-03-16T07:25:00","slug":"testamento-vital-de-manuela-esta-vigente-ha-14-anos","status":"publish","type":"post","link":"https:\/\/portaltela.pt\/saude\/2026\/03\/16\/testamento-vital-de-manuela-esta-vigente-ha-14-anos\/","title":{"rendered":"Testamento vital de Manuela est\u00e1 vigente h\u00e1 14 anos"},"content":{"rendered":"<p>Manuela Lamas, m\u00e9dica de medicina geral reformada com 73 anos e residente em Vila Real, foi uma das primeiras pessoas em Portugal a assinar um testamento vital. O documento entrou em vigor em 2014 e, desde ent\u00e3o, foi renovado tr\u00eas vezes.<\/p>\n<p>O tema do fim de vida acompanhava-a ao longo da carreira e da vida pessoal. A mulher afirmou ao Jornal de Not\u00edcias que temia a possibilidade de estar num hospital, dependente de terceiros, num estado que considerava indigno.<\/p>\n<p>Ao ficar dispon\u00edvel o preenchimento de um testamento vital, Manuela Lamas decidiu formalizar o que defendia h\u00e1 anos: terminar os dias da forma que entendia, sem a imposi\u00e7\u00e3o de interven\u00e7\u00f5es por parte de terceiros que n\u00e3o pudessem interferir.<\/p>\n","protected":false},"excerpt":{"rendered":"<ul>\n<li>Manuela Lamas, de 73 anos, \u00e9 m\u00e9dica de medicina geral reformada e vive em vila real.<\/li>\n<li>Foi uma das primeiras pessoas em portugal a assinar um testamento vital, em 2014, quando entrou em vigor.<\/li>\n<li>O documento foi renovado por tr\u00eas vezes desde ent\u00e3o.<\/li>\n<li>Revela que o fim de vida a assusta pela possibilidade de estar num hospital dependente dos outros, em estado vegetativo.<\/li>\n<li>Ao preencher o testamento vital, quis evitar a imposi\u00e7\u00e3o de terceiros e ter controlo sobre o final da vida.<\/li>\n<\/ul>\n","protected":false},"author":2,"featured_media":411559,"comment_status":"closed","ping_status":"closed","sticky":false,"template":"","format":"standard","meta":{"footnotes":""},"categories":[1,6745],"tags":[911,6373,40,1014,172,1665],"class_list":["post-411557","post","type-post","status-publish","format-standard","has-post-thumbnail","hentry","category-noticias","category-saude","tag-cuidados-paliativos","tag-direitos","tag-pessoas","tag-portugal","tag-saude","tag-vila-real"],"yoast_head":"<!-- This site is optimized with the Yoast SEO plugin v27.2 - https:\/\/yoast.com\/product\/yoast-seo-wordpress\/ -->\n<title>Testamento vital de Manuela est\u00e1 vigente h\u00e1 14 anos - Portal Tela Portugal<\/title>\n<meta name=\"robots\" content=\"index, follow, max-snippet:-1, max-image-preview:large, max-video-preview:-1\" \/>\n<meta property=\"og:locale\" content=\"pt_PT\" \/>\n<meta property=\"og:type\" content=\"article\" \/>\n<meta property=\"og:title\" content=\"Testamento vital de Manuela est\u00e1 vigente h\u00e1 14 anos - Portal Tela Portugal\" \/>\n<meta property=\"og:description\" content=\"Manuela Lamas, de 73 anos, \u00e9 m\u00e9dica de medicina geral reformada e vive em vila real. Foi uma das primeiras pessoas em portugal a assinar um testamento vital, em 2014, quando entrou em vigor. O documento foi renovado por tr\u00eas vezes desde ent\u00e3o. Revela que o fim de vida a assusta pela possibilidade de estar num hospital dependente dos outros, em estado vegetativo. Ao preencher o testamento vital, quis evitar a imposi\u00e7\u00e3o de terceiros e ter controlo sobre o final da vida.\" \/>\n<meta property=\"og:url\" content=\"https:\/\/portaltela.pt\/noticias\/2026\/03\/16\/testamento-vital-de-manuela-esta-vigente-ha-14-anos\/\" \/>\n<meta property=\"og:site_name\" content=\"Portal Tela Portugal\" \/>\n<meta property=\"article:published_time\" content=\"2026-03-16T07:25:00+00:00\" \/>\n<meta name=\"author\" content=\"Telinha\" \/>\n<meta name=\"twitter:card\" content=\"summary_large_image\" \/>\n<meta name=\"twitter:label1\" content=\"Escrito por\" \/>\n\t<meta name=\"twitter:data1\" content=\"Telinha\" \/>\n\t<meta name=\"twitter:label2\" content=\"Tempo estimado de leitura\" \/>\n\t<meta name=\"twitter:data2\" content=\"1 minuto\" \/>\n<script type=\"application\/ld+json\" class=\"yoast-schema-graph\">{\"@context\":\"https:\/\/schema.org\",\"@graph\":[{\"@type\":\"Article\",\"@id\":\"https:\/\/portaltela.pt\/noticias\/2026\/03\/16\/testamento-vital-de-manuela-esta-vigente-ha-14-anos\/#article\",\"isPartOf\":{\"@id\":\"https:\/\/portaltela.pt\/noticias\/2026\/03\/16\/testamento-vital-de-manuela-esta-vigente-ha-14-anos\/\"},\"author\":{\"name\":\"Telinha\",\"@id\":\"https:\/\/portaltela.pt\/#\/schema\/person\/c4278d4a6028830caff9ee44b42d32ed\"},\"headline\":\"Testamento vital de Manuela est\u00e1 vigente h\u00e1 14 anos\",\"datePublished\":\"2026-03-16T07:25:00+00:00\",\"mainEntityOfPage\":{\"@id\":\"https:\/\/portaltela.pt\/noticias\/2026\/03\/16\/testamento-vital-de-manuela-esta-vigente-ha-14-anos\/\"},\"wordCount\":131,\"image\":{\"@id\":\"https:\/\/portaltela.pt\/noticias\/2026\/03\/16\/testamento-vital-de-manuela-esta-vigente-ha-14-anos\/#primaryimage\"},\"thumbnailUrl\":\"https:\/\/portaltela.pt\/s.01k8rhncp4jt1\/2026\/03\/image-1029.jpg\",\"keywords\":[\"cuidados paliativos\",\"direitos\",\"pessoas\",\"Portugal\",\"sa\u00fade\",\"Vila Real\"],\"articleSection\":[\"Not\u00edcias\",\"Sa\u00fade\"],\"inLanguage\":\"pt-PT\"},{\"@type\":\"WebPage\",\"@id\":\"https:\/\/portaltela.pt\/noticias\/2026\/03\/16\/testamento-vital-de-manuela-esta-vigente-ha-14-anos\/\",\"url\":\"https:\/\/portaltela.pt\/noticias\/2026\/03\/16\/testamento-vital-de-manuela-esta-vigente-ha-14-anos\/\",\"name\":\"Testamento vital de Manuela est\u00e1 vigente h\u00e1 14 anos - Portal Tela Portugal\",\"isPartOf\":{\"@id\":\"https:\/\/portaltela.pt\/#website\"},\"primaryImageOfPage\":{\"@id\":\"https:\/\/portaltela.pt\/noticias\/2026\/03\/16\/testamento-vital-de-manuela-esta-vigente-ha-14-anos\/#primaryimage\"},\"image\":{\"@id\":\"https:\/\/portaltela.pt\/noticias\/2026\/03\/16\/testamento-vital-de-manuela-esta-vigente-ha-14-anos\/#primaryimage\"},\"thumbnailUrl\":\"https:\/\/portaltela.pt\/s.01k8rhncp4jt1\/2026\/03\/image-1029.jpg\",\"datePublished\":\"2026-03-16T07:25:00+00:00\",\"author\":{\"@id\":\"https:\/\/portaltela.pt\/#\/schema\/person\/c4278d4a6028830caff9ee44b42d32ed\"},\"breadcrumb\":{\"@id\":\"https:\/\/portaltela.pt\/noticias\/2026\/03\/16\/testamento-vital-de-manuela-esta-vigente-ha-14-anos\/#breadcrumb\"},\"inLanguage\":\"pt-PT\",\"potentialAction\":[{\"@type\":\"ReadAction\",\"target\":[\"https:\/\/portaltela.pt\/noticias\/2026\/03\/16\/testamento-vital-de-manuela-esta-vigente-ha-14-anos\/\"]}]},{\"@type\":\"ImageObject\",\"inLanguage\":\"pt-PT\",\"@id\":\"https:\/\/portaltela.pt\/noticias\/2026\/03\/16\/testamento-vital-de-manuela-esta-vigente-ha-14-anos\/#primaryimage\",\"url\":\"https:\/\/portaltela.pt\/s.01k8rhncp4jt1\/2026\/03\/image-1029.jpg\",\"contentUrl\":\"https:\/\/portaltela.pt\/s.01k8rhncp4jt1\/2026\/03\/image-1029.jpg\",\"width\":796,\"height\":448,\"caption\":\"Manuela Lamas foi m\u00e9dica em Vila Real e cedo decidiu como quer ser tratada em caso de sofrimento\"},{\"@type\":\"BreadcrumbList\",\"@id\":\"https:\/\/portaltela.pt\/noticias\/2026\/03\/16\/testamento-vital-de-manuela-esta-vigente-ha-14-anos\/#breadcrumb\",\"itemListElement\":[{\"@type\":\"ListItem\",\"position\":1,\"name\":\"In\u00edcio\",\"item\":\"https:\/\/portaltela.pt\/\"},{\"@type\":\"ListItem\",\"position\":2,\"name\":\"Testamento vital de Manuela est\u00e1 vigente h\u00e1 14 anos\"}]},{\"@type\":\"WebSite\",\"@id\":\"https:\/\/portaltela.pt\/#website\",\"url\":\"https:\/\/portaltela.pt\/\",\"name\":\"Portal Tela Portugal\",\"description\":\"\",\"potentialAction\":[{\"@type\":\"SearchAction\",\"target\":{\"@type\":\"EntryPoint\",\"urlTemplate\":\"https:\/\/portaltela.pt\/?s={search_term_string}\"},\"query-input\":{\"@type\":\"PropertyValueSpecification\",\"valueRequired\":true,\"valueName\":\"search_term_string\"}}],\"inLanguage\":\"pt-PT\"},{\"@type\":\"Person\",\"@id\":\"https:\/\/portaltela.pt\/#\/schema\/person\/c4278d4a6028830caff9ee44b42d32ed\",\"name\":\"Telinha\",\"image\":{\"@type\":\"ImageObject\",\"inLanguage\":\"pt-PT\",\"@id\":\"https:\/\/portaltela.pt\/s.01k8rhncp4jt1\/2025\/11\/talking-bot-125x125.png\",\"url\":\"https:\/\/portaltela.pt\/s.01k8rhncp4jt1\/2025\/11\/talking-bot-125x125.png\",\"contentUrl\":\"https:\/\/portaltela.pt\/s.01k8rhncp4jt1\/2025\/11\/talking-bot-125x125.png\",\"caption\":\"Telinha\"},\"sameAs\":[\"https:\/\/portaltela.pt\/\"],\"url\":\"https:\/\/portaltela.pt\/por\/367410592786\/\"}]}<\/script>\n<!-- \/ Yoast SEO plugin. -->","yoast_head_json":{"title":"Testamento vital de Manuela est\u00e1 vigente h\u00e1 14 anos - Portal Tela Portugal","robots":{"index":"index","follow":"follow","max-snippet":"max-snippet:-1","max-image-preview":"max-image-preview:large","max-video-preview":"max-video-preview:-1"},"og_locale":"pt_PT","og_type":"article","og_title":"Testamento vital de Manuela est\u00e1 vigente h\u00e1 14 anos - Portal Tela Portugal","og_description":"Manuela Lamas, de 73 anos, \u00e9 m\u00e9dica de medicina geral reformada e vive em vila real. Foi uma das primeiras pessoas em portugal a assinar um testamento vital, em 2014, quando entrou em vigor. O documento foi renovado por tr\u00eas vezes desde ent\u00e3o. Revela que o fim de vida a assusta pela possibilidade de estar num hospital dependente dos outros, em estado vegetativo. Ao preencher o testamento vital, quis evitar a imposi\u00e7\u00e3o de terceiros e ter controlo sobre o final da vida.","og_url":"https:\/\/portaltela.pt\/noticias\/2026\/03\/16\/testamento-vital-de-manuela-esta-vigente-ha-14-anos\/","og_site_name":"Portal Tela Portugal","article_published_time":"2026-03-16T07:25:00+00:00","author":"Telinha","twitter_card":"summary_large_image","twitter_misc":{"Escrito por":"Telinha","Tempo estimado de leitura":"1 minuto"},"schema":{"@context":"https:\/\/schema.org","@graph":[{"@type":"Article","@id":"https:\/\/portaltela.pt\/noticias\/2026\/03\/16\/testamento-vital-de-manuela-esta-vigente-ha-14-anos\/#article","isPartOf":{"@id":"https:\/\/portaltela.pt\/noticias\/2026\/03\/16\/testamento-vital-de-manuela-esta-vigente-ha-14-anos\/"},"author":{"name":"Telinha","@id":"https:\/\/portaltela.pt\/#\/schema\/person\/c4278d4a6028830caff9ee44b42d32ed"},"headline":"Testamento vital de Manuela est\u00e1 vigente h\u00e1 14 anos","datePublished":"2026-03-16T07:25:00+00:00","mainEntityOfPage":{"@id":"https:\/\/portaltela.pt\/noticias\/2026\/03\/16\/testamento-vital-de-manuela-esta-vigente-ha-14-anos\/"},"wordCount":131,"image":{"@id":"https:\/\/portaltela.pt\/noticias\/2026\/03\/16\/testamento-vital-de-manuela-esta-vigente-ha-14-anos\/#primaryimage"},"thumbnailUrl":"https:\/\/portaltela.pt\/s.01k8rhncp4jt1\/2026\/03\/image-1029.jpg","keywords":["cuidados paliativos","direitos","pessoas","Portugal","sa\u00fade","Vila Real"],"articleSection":["Not\u00edcias","Sa\u00fade"],"inLanguage":"pt-PT"},{"@type":"WebPage","@id":"https:\/\/portaltela.pt\/noticias\/2026\/03\/16\/testamento-vital-de-manuela-esta-vigente-ha-14-anos\/","url":"https:\/\/portaltela.pt\/noticias\/2026\/03\/16\/testamento-vital-de-manuela-esta-vigente-ha-14-anos\/","name":"Testamento vital de Manuela est\u00e1 vigente h\u00e1 14 anos - Portal Tela Portugal","isPartOf":{"@id":"https:\/\/portaltela.pt\/#website"},"primaryImageOfPage":{"@id":"https:\/\/portaltela.pt\/noticias\/2026\/03\/16\/testamento-vital-de-manuela-esta-vigente-ha-14-anos\/#primaryimage"},"image":{"@id":"https:\/\/portaltela.pt\/noticias\/2026\/03\/16\/testamento-vital-de-manuela-esta-vigente-ha-14-anos\/#primaryimage"},"thumbnailUrl":"https:\/\/portaltela.pt\/s.01k8rhncp4jt1\/2026\/03\/image-1029.jpg","datePublished":"2026-03-16T07:25:00+00:00","author":{"@id":"https:\/\/portaltela.pt\/#\/schema\/person\/c4278d4a6028830caff9ee44b42d32ed"},"breadcrumb":{"@id":"https:\/\/portaltela.pt\/noticias\/2026\/03\/16\/testamento-vital-de-manuela-esta-vigente-ha-14-anos\/#breadcrumb"},"inLanguage":"pt-PT","potentialAction":[{"@type":"ReadAction","target":["https:\/\/portaltela.pt\/noticias\/2026\/03\/16\/testamento-vital-de-manuela-esta-vigente-ha-14-anos\/"]}]},{"@type":"ImageObject","inLanguage":"pt-PT","@id":"https:\/\/portaltela.pt\/noticias\/2026\/03\/16\/testamento-vital-de-manuela-esta-vigente-ha-14-anos\/#primaryimage","url":"https:\/\/portaltela.pt\/s.01k8rhncp4jt1\/2026\/03\/image-1029.jpg","contentUrl":"https:\/\/portaltela.pt\/s.01k8rhncp4jt1\/2026\/03\/image-1029.jpg","width":796,"height":448,"caption":"Manuela Lamas foi m\u00e9dica em Vila Real e cedo decidiu como quer ser tratada em caso de sofrimento"},{"@type":"BreadcrumbList","@id":"https:\/\/portaltela.pt\/noticias\/2026\/03\/16\/testamento-vital-de-manuela-esta-vigente-ha-14-anos\/#breadcrumb","itemListElement":[{"@type":"ListItem","position":1,"name":"In\u00edcio","item":"https:\/\/portaltela.pt\/"},{"@type":"ListItem","position":2,"name":"Testamento vital de Manuela est\u00e1 vigente h\u00e1 14 anos"}]},{"@type":"WebSite","@id":"https:\/\/portaltela.pt\/#website","url":"https:\/\/portaltela.pt\/","name":"Portal Tela Portugal","description":"","potentialAction":[{"@type":"SearchAction","target":{"@type":"EntryPoint","urlTemplate":"https:\/\/portaltela.pt\/?s={search_term_string}"},"query-input":{"@type":"PropertyValueSpecification","valueRequired":true,"valueName":"search_term_string"}}],"inLanguage":"pt-PT"},{"@type":"Person","@id":"https:\/\/portaltela.pt\/#\/schema\/person\/c4278d4a6028830caff9ee44b42d32ed","name":"Telinha","image":{"@type":"ImageObject","inLanguage":"pt-PT","@id":"https:\/\/portaltela.pt\/s.01k8rhncp4jt1\/2025\/11\/talking-bot-125x125.png","url":"https:\/\/portaltela.pt\/s.01k8rhncp4jt1\/2025\/11\/talking-bot-125x125.png","contentUrl":"https:\/\/portaltela.pt\/s.01k8rhncp4jt1\/2025\/11\/talking-bot-125x125.png","caption":"Telinha"},"sameAs":["https:\/\/portaltela.pt\/"],"url":"https:\/\/portaltela.pt\/por\/367410592786\/"}]}},"_links":{"self":[{"href":"https:\/\/portaltela.pt\/api\/wp\/v2\/posts\/411557","targetHints":{"allow":["GET"]}}],"collection":[{"href":"https:\/\/portaltela.pt\/api\/wp\/v2\/posts"}],"about":[{"href":"https:\/\/portaltela.pt\/api\/wp\/v2\/types\/post"}],"author":[{"embeddable":true,"href":"https:\/\/portaltela.pt\/api\/wp\/v2\/users\/2"}],"replies":[{"embeddable":true,"href":"https:\/\/portaltela.pt\/api\/wp\/v2\/comments?post=411557"}],"version-history":[{"count":0,"href":"https:\/\/portaltela.pt\/api\/wp\/v2\/posts\/411557\/revisions"}],"wp:featuredmedia":[{"embeddable":true,"href":"https:\/\/portaltela.pt\/api\/wp\/v2\/media\/411559"}],"wp:attachment":[{"href":"https:\/\/portaltela.pt\/api\/wp\/v2\/media?parent=411557"}],"wp:term":[{"taxonomy":"category","embeddable":true,"href":"https:\/\/portaltela.pt\/api\/wp\/v2\/categories?post=411557"},{"taxonomy":"post_tag","embeddable":true,"href":"https:\/\/portaltela.pt\/api\/wp\/v2\/tags?post=411557"}],"curies":[{"name":"wp","href":"https:\/\/api.w.org\/{rel}","templated":true}]}}